{"id":109882,"date":"2025-12-06T20:21:21","date_gmt":"2025-12-06T20:21:21","guid":{"rendered":"https:\/\/www.africa-press.net\/cotedivoire\/politique\/lancement-de-la-chaire-unesco-a-bouake-sur-leducation"},"modified":"2025-12-06T20:24:49","modified_gmt":"2025-12-06T20:24:49","slug":"lancement-de-la-chaire-unesco-a-bouake-sur-leducation","status":"publish","type":"post","link":"https:\/\/www.africa-press.net\/cotedivoire\/toutes-les-actualites\/lancement-de-la-chaire-unesco-a-bouake-sur-leducation","title":{"rendered":"Lancement de la Chaire UNESCO \u00e0 Bouak\u00e9 sur l&rsquo;\u00c9ducation"},"content":{"rendered":"<p><span style=\"color: #ff6600\"><strong>Africa-Press &#8211; C\u00f4te d&rsquo;Ivoire. <\/strong><\/span>Ce jeudi 04 de\u0301cembre 2025, l\u2019amphithe\u0301a\u0302tre C de l\u2019Universite\u0301 Alassane Ouattara (UAO) de Bouake\u0301, a vibre\u0301 au rythme du lancement officiel de la Chaire UNESCO sur l\u2019E\u0301ducation et l\u2019Inte\u0301gration Africaine, couple\u0301 a\u0300 la ce\u0301re\u0301monie de remise de diplo\u0302mes de la premie\u0300re promotion du Master en E\u0301ducation. Cre\u0301e\u0301e en juin 2025 au sein de l\u2019UAO, cette Chaire incarne une ambition forte: relever les de\u0301fis de l\u2019inte\u0301gration africaine par l\u2019e\u0301ducation, renforcer les liens entre les pays du continent et promouvoir un de\u0301veloppement solidaire a\u0300 travers des projets innovants de formation, de recherche et d\u2019actions socie\u0301tales.<\/p>\n<p>Le Professeur Anzoumana Ouattara, titulaire de la Chaire, a affirme\u0301 que \u00ab La Chaire est un espace acade\u0301mique, mais aussi un lieu d\u2019ouverture sur les besoins de la socie\u0301te\u0301 ivoirienne, des autres pays africains, et du continent dans son ensemble.\u00bb Dans son intervention, il a de\u0301cline\u0301 trois axes prioritaires.<\/p>\n<p>Le premier est la recherche, qui prend en compte a\u0300 la fois l\u2019histoire et le pre\u0301sent, avec la cre\u0301ation d\u2019un centre intitule\u0301 Se\u0301curite\u0301, Territoire et Population, destine\u0301 a\u0300 renforcer l\u2019action publique. Le deuxie\u0300me est la formation, a\u0300 travers la relance du Master E\u0301ducation et Inte\u0301gration Africaine, destine\u0301 a\u0300 former des cadres spe\u0301cialise\u0301s. Le troisie\u0300me axe concerne le de\u0301veloppement de formations certifiantes, pour doter les acteurs de la socie\u0301te\u0301 civile et du monde associatif de compe\u0301tences concre\u0300tes adapte\u0301es aux re\u0301alite\u0301s actuelles.<\/p>\n<p>Le Professeur Kouakou Koffi, Pre\u0301sident de l\u2019Universite\u0301 Alassane Ouattara, a salue\u0301 l\u2019initiative. \u00ab Les Chaires sont de ve\u0301ritables opportunite\u0301s pour aborder des the\u0301matiques essentielles hors du cadre acade\u0301mique traditionnel. Elles permettent d\u2019ouvrir notre universite\u0301 au monde re\u0301el et de re\u0301pondre aux pre\u0301occupations des populations ivoiriennes et africaines&#8230;\u00bb s&rsquo;est-il re\u0301joui.<\/p>\n<p>Prenant la parole en tant que confe\u0301rencier, le Professeur John IGUE\u0301, ge\u0301ographe a\u0300 la retraite, a insiste\u0301 sur l\u2019urgence de renforcer la solidarite\u0301 africaine, et de revenir aux fondamentaux pour ba\u0302tir une Afrique unie et souveraine. A\u0300 travers cette Chaire, l\u2019UAO s\u2019engage a\u0300 structurer un espace acade\u0301mique dynamique, ancre\u0301 dans les re\u0301alite\u0301s du continent et aligne\u0301 sur les valeurs et objectifs de l\u2019UNESCO, en faveur d\u2019une inte\u0301gration africaine efficace et durable.<\/p>\n<p><strong>Pour plus d&rsquo;informations et d&rsquo;analyses sur la <span style=\"color: #ff6600\">C\u00f4te d&rsquo;Ivoire<\/span>, suivez <span style=\"color: #ff6600\">Africa-Press<\/span><\/strong><\/p>\n","protected":false},"excerpt":{"rendered":"<p>Africa-Press &#8211; C\u00f4te d&rsquo;Ivoire. Ce jeudi 04 de\u0301cembre 2025, l\u2019amphithe\u0301a\u0302tre C de l\u2019Universite\u0301 Alassane Ouattara (UAO) de Bouake\u0301, a vibre\u0301 au rythme du lancement officiel de la Chaire UNESCO sur l\u2019E\u0301ducation et l\u2019Inte\u0301gration Africaine, couple\u0301 a\u0300 la ce\u0301re\u0301monie de remise de diplo\u0302mes de la premie\u0300re promotion du Master en E\u0301ducation. Cre\u0301e\u0301e en juin 2025 au [&hellip;]<\/p>\n","protected":false},"author":82,"featured_media":109880,"comment_status":"open","ping_status":"closed","sticky":false,"template":"","format":"standard","meta":{"footnotes":""},"categories":[21,10],"tags":[19735,366,4335,29,19736,1485,1993],"class_list":["post-109882","post","type-post","status-publish","format-standard","has-post-thumbnail","hentry","category-communaute","category-toutes-les-actualites","tag-anzoumana-ouattara","tag-bouake","tag-chaire","tag-cote-divoire","tag-john-igue","tag-uao","tag-unesco"],"yoast_head":"<!-- This site is optimized with the Yoast SEO Premium plugin v26.1 (Yoast SEO v27.0) - https:\/\/yoast.com\/product\/yoast-seo-premium-wordpress\/ -->\n<title>Lancement de la Chaire UNESCO \u00e0 Bouak\u00e9 sur l&#039;\u00c9ducation - C\u00f4te d&#039;Ivoire<\/title>\n<meta name=\"description\" content=\"Ce jeudi 04 de\u0301cembre 2025, l\u2019amphithe\u0301a\u0302tre C de l\u2019Universite\u0301 Alassane Ouattara (UAO) de Bouake\u0301, a vibre\u0301 au rythme d ...\" \/>\n<meta name=\"robots\" content=\"index, follow, max-snippet:-1, max-image-preview:large, max-video-preview:-1\" \/>\n<link rel=\"canonical\" href=\"https:\/\/www.africa-press.net\/cotedivoire\/toutes-les-actualites\/lancement-de-la-chaire-unesco-a-bouake-sur-leducation\" \/>\n<meta property=\"og:locale\" content=\"fr_FR\" \/>\n<meta property=\"og:type\" content=\"article\" \/>\n<meta property=\"og:title\" content=\"Lancement de la Chaire UNESCO \u00e0 Bouak\u00e9 sur l&#039;\u00c9ducation\" \/>\n<meta property=\"og:description\" content=\"Ce jeudi 04 de\u0301cembre 2025, l\u2019amphithe\u0301a\u0302tre C de l\u2019Universite\u0301 Alassane Ouattara (UAO) de Bouake\u0301, a vibre\u0301 au rythme d ...\" \/>\n<meta property=\"og:url\" content=\"https:\/\/www.africa-press.net\/cotedivoire\/toutes-les-actualites\/lancement-de-la-chaire-unesco-a-bouake-sur-leducation\" \/>\n<meta property=\"og:site_name\" content=\"C\u00f4te d&#039;Ivoire\" \/>\n<meta property=\"article:published_time\" content=\"2025-12-06T20:21:21+00:00\" \/>\n<meta property=\"article:modified_time\" content=\"2025-12-06T20:24:49+00:00\" \/>\n<meta property=\"og:image\" content=\"https:\/\/static.africa-press.net\/cote\/sites\/43\/2025\/12\/sm_1765040046.874814.jpg\" \/>\n\t<meta property=\"og:image:width\" content=\"720\" \/>\n\t<meta property=\"og:image:height\" content=\"480\" \/>\n\t<meta property=\"og:image:type\" content=\"image\/jpeg\" \/>\n<meta name=\"author\" content=\"cfeditorfr\" \/>\n<meta name=\"twitter:card\" content=\"summary_large_image\" \/>\n<meta name=\"twitter:label1\" content=\"\u00c9crit par\" \/>\n\t<meta name=\"twitter:data1\" content=\"cfeditorfr\" \/>\n\t<meta name=\"twitter:label2\" content=\"Dur\u00e9e de lecture estim\u00e9e\" \/>\n\t<meta name=\"twitter:data2\" content=\"3 minutes\" \/>\n<script type=\"application\/ld+json\" class=\"yoast-schema-graph\">{\"@context\":\"https:\/\/schema.org\",\"@graph\":[{\"@type\":\"Article\",\"@id\":\"https:\/\/www.africa-press.net\/cotedivoire\/toutes-les-actualites\/lancement-de-la-chaire-unesco-a-bouake-sur-leducation#article\",\"isPartOf\":{\"@id\":\"https:\/\/www.africa-press.net\/cotedivoire\/toutes-les-actualites\/lancement-de-la-chaire-unesco-a-bouake-sur-leducation\"},\"author\":{\"name\":\"cfeditorfr\",\"@id\":\"https:\/\/www.africa-press.net\/cotedivoire\/#\/schema\/person\/2b1cf3cd81a31e3cd26889ca66d677f1\"},\"headline\":\"Lancement de la Chaire UNESCO \u00e0 Bouak\u00e9 sur l&rsquo;\u00c9ducation\",\"datePublished\":\"2025-12-06T20:21:21+00:00\",\"dateModified\":\"2025-12-06T20:24:49+00:00\",\"mainEntityOfPage\":{\"@id\":\"https:\/\/www.africa-press.net\/cotedivoire\/toutes-les-actualites\/lancement-de-la-chaire-unesco-a-bouake-sur-leducation\"},\"wordCount\":440,\"commentCount\":0,\"image\":{\"@id\":\"https:\/\/www.africa-press.net\/cotedivoire\/toutes-les-actualites\/lancement-de-la-chaire-unesco-a-bouake-sur-leducation#primaryimage\"},\"thumbnailUrl\":\"https:\/\/static.africa-press.net\/cote\/sites\/43\/2025\/12\/sm_1765040046.874814.jpg\",\"keywords\":[\"Anzoumana Ouattara\",\"Bouak\u00e9\",\"Chaire\",\"C\u00d4TE D'IVOIRE\",\"John IGU\u00c9\",\"UAO\",\"UNESCO\"],\"articleSection\":[\"Communaut\u00e9\",\"Toutes les actualit\u00e9s\"],\"inLanguage\":\"fr-FR\",\"potentialAction\":[{\"@type\":\"CommentAction\",\"name\":\"Comment\",\"target\":[\"https:\/\/www.africa-press.net\/cotedivoire\/toutes-les-actualites\/lancement-de-la-chaire-unesco-a-bouake-sur-leducation#respond\"]}]},{\"@type\":\"WebPage\",\"@id\":\"https:\/\/www.africa-press.net\/cotedivoire\/toutes-les-actualites\/lancement-de-la-chaire-unesco-a-bouake-sur-leducation\",\"url\":\"https:\/\/www.africa-press.net\/cotedivoire\/toutes-les-actualites\/lancement-de-la-chaire-unesco-a-bouake-sur-leducation\",\"name\":\"Lancement de la Chaire UNESCO \u00e0 Bouak\u00e9 sur l'\u00c9ducation - C\u00f4te d&#039;Ivoire\",\"isPartOf\":{\"@id\":\"https:\/\/www.africa-press.net\/cotedivoire\/#website\"},\"primaryImageOfPage\":{\"@id\":\"https:\/\/www.africa-press.net\/cotedivoire\/toutes-les-actualites\/lancement-de-la-chaire-unesco-a-bouake-sur-leducation#primaryimage\"},\"image\":{\"@id\":\"https:\/\/www.africa-press.net\/cotedivoire\/toutes-les-actualites\/lancement-de-la-chaire-unesco-a-bouake-sur-leducation#primaryimage\"},\"thumbnailUrl\":\"https:\/\/static.africa-press.net\/cote\/sites\/43\/2025\/12\/sm_1765040046.874814.jpg\",\"datePublished\":\"2025-12-06T20:21:21+00:00\",\"dateModified\":\"2025-12-06T20:24:49+00:00\",\"author\":{\"@id\":\"https:\/\/www.africa-press.net\/cotedivoire\/#\/schema\/person\/2b1cf3cd81a31e3cd26889ca66d677f1\"},\"description\":\"Ce jeudi 04 de\u0301cembre 2025, l\u2019amphithe\u0301a\u0302tre C de l\u2019Universite\u0301 Alassane Ouattara (UAO) de Bouake\u0301, a vibre\u0301 au rythme d ...\",\"breadcrumb\":{\"@id\":\"https:\/\/www.africa-press.net\/cotedivoire\/toutes-les-actualites\/lancement-de-la-chaire-unesco-a-bouake-sur-leducation#breadcrumb\"},\"inLanguage\":\"fr-FR\",\"potentialAction\":[{\"@type\":\"ReadAction\",\"target\":[\"https:\/\/www.africa-press.net\/cotedivoire\/toutes-les-actualites\/lancement-de-la-chaire-unesco-a-bouake-sur-leducation\"]}]},{\"@type\":\"ImageObject\",\"inLanguage\":\"fr-FR\",\"@id\":\"https:\/\/www.africa-press.net\/cotedivoire\/toutes-les-actualites\/lancement-de-la-chaire-unesco-a-bouake-sur-leducation#primaryimage\",\"url\":\"https:\/\/static.africa-press.net\/cote\/sites\/43\/2025\/12\/sm_1765040046.874814.jpg\",\"contentUrl\":\"https:\/\/static.africa-press.net\/cote\/sites\/43\/2025\/12\/sm_1765040046.874814.jpg\",\"width\":720,\"height\":480,\"caption\":\"Lancement de la Chaire UNESCO \u00e0 Bouak\u00e9 sur l'\u00c9ducation\"},{\"@type\":\"BreadcrumbList\",\"@id\":\"https:\/\/www.africa-press.net\/cotedivoire\/toutes-les-actualites\/lancement-de-la-chaire-unesco-a-bouake-sur-leducation#breadcrumb\",\"itemListElement\":[{\"@type\":\"ListItem\",\"position\":1,\"name\":\"Accueil\",\"item\":\"https:\/\/www.africa-press.net\/cotedivoire\/\"},{\"@type\":\"ListItem\",\"position\":2,\"name\":\"Lancement de la Chaire UNESCO \u00e0 Bouak\u00e9 sur l&#8217;\u00c9ducation\"}]},{\"@type\":\"WebSite\",\"@id\":\"https:\/\/www.africa-press.net\/cotedivoire\/#website\",\"url\":\"https:\/\/www.africa-press.net\/cotedivoire\/\",\"name\":\"C\u00f4te d&#039;Ivoire\",\"description\":\"Just another Africa News Agency Sites site\",\"potentialAction\":[{\"@type\":\"SearchAction\",\"target\":{\"@type\":\"EntryPoint\",\"urlTemplate\":\"https:\/\/www.africa-press.net\/cotedivoire\/?s={search_term_string}\"},\"query-input\":{\"@type\":\"PropertyValueSpecification\",\"valueRequired\":true,\"valueName\":\"search_term_string\"}}],\"inLanguage\":\"fr-FR\"},{\"@type\":\"Person\",\"@id\":\"https:\/\/www.africa-press.net\/cotedivoire\/#\/schema\/person\/2b1cf3cd81a31e3cd26889ca66d677f1\",\"name\":\"cfeditorfr\"}]}<\/script>\n<!-- \/ Yoast SEO Premium plugin. -->","yoast_head_json":{"title":"Lancement de la Chaire UNESCO \u00e0 Bouak\u00e9 sur l'\u00c9ducation - C\u00f4te d&#039;Ivoire","description":"Ce jeudi 04 de\u0301cembre 2025, l\u2019amphithe\u0301a\u0302tre C de l\u2019Universite\u0301 Alassane Ouattara (UAO) de Bouake\u0301, a vibre\u0301 au rythme d ...","robots":{"index":"index","follow":"follow","max-snippet":"max-snippet:-1","max-image-preview":"max-image-preview:large","max-video-preview":"max-video-preview:-1"},"canonical":"https:\/\/www.africa-press.net\/cotedivoire\/toutes-les-actualites\/lancement-de-la-chaire-unesco-a-bouake-sur-leducation","og_locale":"fr_FR","og_type":"article","og_title":"Lancement de la Chaire UNESCO \u00e0 Bouak\u00e9 sur l'\u00c9ducation","og_description":"Ce jeudi 04 de\u0301cembre 2025, l\u2019amphithe\u0301a\u0302tre C de l\u2019Universite\u0301 Alassane Ouattara (UAO) de Bouake\u0301, a vibre\u0301 au rythme d ...","og_url":"https:\/\/www.africa-press.net\/cotedivoire\/toutes-les-actualites\/lancement-de-la-chaire-unesco-a-bouake-sur-leducation","og_site_name":"C\u00f4te d&#039;Ivoire","article_published_time":"2025-12-06T20:21:21+00:00","article_modified_time":"2025-12-06T20:24:49+00:00","og_image":[{"width":720,"height":480,"url":"https:\/\/static.africa-press.net\/cote\/sites\/43\/2025\/12\/sm_1765040046.874814.jpg","type":"image\/jpeg"}],"author":"cfeditorfr","twitter_card":"summary_large_image","twitter_misc":{"\u00c9crit par":"cfeditorfr","Dur\u00e9e de lecture estim\u00e9e":"3 minutes"},"schema":{"@context":"https:\/\/schema.org","@graph":[{"@type":"Article","@id":"https:\/\/www.africa-press.net\/cotedivoire\/toutes-les-actualites\/lancement-de-la-chaire-unesco-a-bouake-sur-leducation#article","isPartOf":{"@id":"https:\/\/www.africa-press.net\/cotedivoire\/toutes-les-actualites\/lancement-de-la-chaire-unesco-a-bouake-sur-leducation"},"author":{"name":"cfeditorfr","@id":"https:\/\/www.africa-press.net\/cotedivoire\/#\/schema\/person\/2b1cf3cd81a31e3cd26889ca66d677f1"},"headline":"Lancement de la Chaire UNESCO \u00e0 Bouak\u00e9 sur l&rsquo;\u00c9ducation","datePublished":"2025-12-06T20:21:21+00:00","dateModified":"2025-12-06T20:24:49+00:00","mainEntityOfPage":{"@id":"https:\/\/www.africa-press.net\/cotedivoire\/toutes-les-actualites\/lancement-de-la-chaire-unesco-a-bouake-sur-leducation"},"wordCount":440,"commentCount":0,"image":{"@id":"https:\/\/www.africa-press.net\/cotedivoire\/toutes-les-actualites\/lancement-de-la-chaire-unesco-a-bouake-sur-leducation#primaryimage"},"thumbnailUrl":"https:\/\/static.africa-press.net\/cote\/sites\/43\/2025\/12\/sm_1765040046.874814.jpg","keywords":["Anzoumana Ouattara","Bouak\u00e9","Chaire","C\u00d4TE D'IVOIRE","John IGU\u00c9","UAO","UNESCO"],"articleSection":["Communaut\u00e9","Toutes les actualit\u00e9s"],"inLanguage":"fr-FR","potentialAction":[{"@type":"CommentAction","name":"Comment","target":["https:\/\/www.africa-press.net\/cotedivoire\/toutes-les-actualites\/lancement-de-la-chaire-unesco-a-bouake-sur-leducation#respond"]}]},{"@type":"WebPage","@id":"https:\/\/www.africa-press.net\/cotedivoire\/toutes-les-actualites\/lancement-de-la-chaire-unesco-a-bouake-sur-leducation","url":"https:\/\/www.africa-press.net\/cotedivoire\/toutes-les-actualites\/lancement-de-la-chaire-unesco-a-bouake-sur-leducation","name":"Lancement de la Chaire UNESCO \u00e0 Bouak\u00e9 sur l'\u00c9ducation - C\u00f4te d&#039;Ivoire","isPartOf":{"@id":"https:\/\/www.africa-press.net\/cotedivoire\/#website"},"primaryImageOfPage":{"@id":"https:\/\/www.africa-press.net\/cotedivoire\/toutes-les-actualites\/lancement-de-la-chaire-unesco-a-bouake-sur-leducation#primaryimage"},"image":{"@id":"https:\/\/www.africa-press.net\/cotedivoire\/toutes-les-actualites\/lancement-de-la-chaire-unesco-a-bouake-sur-leducation#primaryimage"},"thumbnailUrl":"https:\/\/static.africa-press.net\/cote\/sites\/43\/2025\/12\/sm_1765040046.874814.jpg","datePublished":"2025-12-06T20:21:21+00:00","dateModified":"2025-12-06T20:24:49+00:00","author":{"@id":"https:\/\/www.africa-press.net\/cotedivoire\/#\/schema\/person\/2b1cf3cd81a31e3cd26889ca66d677f1"},"description":"Ce jeudi 04 de\u0301cembre 2025, l\u2019amphithe\u0301a\u0302tre C de l\u2019Universite\u0301 Alassane Ouattara (UAO) de Bouake\u0301, a vibre\u0301 au rythme d ...","breadcrumb":{"@id":"https:\/\/www.africa-press.net\/cotedivoire\/toutes-les-actualites\/lancement-de-la-chaire-unesco-a-bouake-sur-leducation#breadcrumb"},"inLanguage":"fr-FR","potentialAction":[{"@type":"ReadAction","target":["https:\/\/www.africa-press.net\/cotedivoire\/toutes-les-actualites\/lancement-de-la-chaire-unesco-a-bouake-sur-leducation"]}]},{"@type":"ImageObject","inLanguage":"fr-FR","@id":"https:\/\/www.africa-press.net\/cotedivoire\/toutes-les-actualites\/lancement-de-la-chaire-unesco-a-bouake-sur-leducation#primaryimage","url":"https:\/\/static.africa-press.net\/cote\/sites\/43\/2025\/12\/sm_1765040046.874814.jpg","contentUrl":"https:\/\/static.africa-press.net\/cote\/sites\/43\/2025\/12\/sm_1765040046.874814.jpg","width":720,"height":480,"caption":"Lancement de la Chaire UNESCO \u00e0 Bouak\u00e9 sur l'\u00c9ducation"},{"@type":"BreadcrumbList","@id":"https:\/\/www.africa-press.net\/cotedivoire\/toutes-les-actualites\/lancement-de-la-chaire-unesco-a-bouake-sur-leducation#breadcrumb","itemListElement":[{"@type":"ListItem","position":1,"name":"Accueil","item":"https:\/\/www.africa-press.net\/cotedivoire\/"},{"@type":"ListItem","position":2,"name":"Lancement de la Chaire UNESCO \u00e0 Bouak\u00e9 sur l&#8217;\u00c9ducation"}]},{"@type":"WebSite","@id":"https:\/\/www.africa-press.net\/cotedivoire\/#website","url":"https:\/\/www.africa-press.net\/cotedivoire\/","name":"C\u00f4te d&#039;Ivoire","description":"Just another Africa News Agency Sites site","potentialAction":[{"@type":"SearchAction","target":{"@type":"EntryPoint","urlTemplate":"https:\/\/www.africa-press.net\/cotedivoire\/?s={search_term_string}"},"query-input":{"@type":"PropertyValueSpecification","valueRequired":true,"valueName":"search_term_string"}}],"inLanguage":"fr-FR"},{"@type":"Person","@id":"https:\/\/www.africa-press.net\/cotedivoire\/#\/schema\/person\/2b1cf3cd81a31e3cd26889ca66d677f1","name":"cfeditorfr"}]}},"_links":{"self":[{"href":"https:\/\/www.africa-press.net\/cotedivoire\/wp-json\/wp\/v2\/posts\/109882","targetHints":{"allow":["GET"]}}],"collection":[{"href":"https:\/\/www.africa-press.net\/cotedivoire\/wp-json\/wp\/v2\/posts"}],"about":[{"href":"https:\/\/www.africa-press.net\/cotedivoire\/wp-json\/wp\/v2\/types\/post"}],"author":[{"embeddable":true,"href":"https:\/\/www.africa-press.net\/cotedivoire\/wp-json\/wp\/v2\/users\/82"}],"replies":[{"embeddable":true,"href":"https:\/\/www.africa-press.net\/cotedivoire\/wp-json\/wp\/v2\/comments?post=109882"}],"version-history":[{"count":0,"href":"https:\/\/www.africa-press.net\/cotedivoire\/wp-json\/wp\/v2\/posts\/109882\/revisions"}],"wp:featuredmedia":[{"embeddable":true,"href":"https:\/\/www.africa-press.net\/cotedivoire\/wp-json\/wp\/v2\/media\/109880"}],"wp:attachment":[{"href":"https:\/\/www.africa-press.net\/cotedivoire\/wp-json\/wp\/v2\/media?parent=109882"}],"wp:term":[{"taxonomy":"category","embeddable":true,"href":"https:\/\/www.africa-press.net\/cotedivoire\/wp-json\/wp\/v2\/categories?post=109882"},{"taxonomy":"post_tag","embeddable":true,"href":"https:\/\/www.africa-press.net\/cotedivoire\/wp-json\/wp\/v2\/tags?post=109882"}],"curies":[{"name":"wp","href":"https:\/\/api.w.org\/{rel}","templated":true}]}}