{"id":109891,"date":"2025-12-07T13:05:42","date_gmt":"2025-12-07T13:05:42","guid":{"rendered":"https:\/\/www.africa-press.net\/cotedivoire\/politique\/dimbokro-rejoint-le-reseau-mondial-des-villes-apprenantes"},"modified":"2025-12-07T14:10:20","modified_gmt":"2025-12-07T14:10:20","slug":"dimbokro-rejoint-le-reseau-mondial-des-villes-apprenantes","status":"publish","type":"post","link":"https:\/\/www.africa-press.net\/cotedivoire\/politique\/dimbokro-rejoint-le-reseau-mondial-des-villes-apprenantes","title":{"rendered":"Dimbokro Rejoint le R\u00e9seau Mondial des Villes Apprenantes"},"content":{"rendered":"<p><span style=\"color: #ff6600\"><strong>Africa-Press &#8211; C\u00f4te d&rsquo;Ivoire. <\/strong><\/span>Sous l\u2019impulsion du Maire Adama Coulibaly, la commune de Dimbokro vient d\u2019inte\u0301grer le prestigieux Re\u0301seau mondial des villes apprenantes de l\u2019UNESCO, une distinction qui consacre des anne\u0301es d\u2019efforts constants en faveur d\u2019un de\u0301veloppement harmonieux, inclusif et durable, a-t-on appris aupre\u0300s des services de la Mairie.<\/p>\n<p>L\u2019annonce officielle a e\u0301te\u0301 faite le jeudi 4 de\u0301cembre 2025 par l\u2019Organisation des Nations Unies pour l\u2019E\u0301ducation, la Science et la Culture, depuis son sie\u0300ge a\u0300 Paris, informe-t-on.<\/p>\n<p>Selon l\u2019UNESCO, une ville apprenante est une cite\u0301 qui mobilise efficacement l\u2019ensemble de ses ressources humaines, institutionnelles et communautaires afin de promouvoir une culture d\u2019apprentissage tout au long de la vie, au be\u0301ne\u0301fice de tous ses habitants, sans aucune distinction.<\/p>\n<p>Cette reconnaissance honorifique vient couronner les actions de transformation engage\u0301es sous l\u2019impulsion du Ministre Adama Coulibaly, Maire de Dimbokro, et de son conseil municipal.<\/p>\n<p>Depuis 2023, leur leadership visionnaire a permis de faire e\u0301merger des avance\u0301es majeures dans des domaines essentiels tels que l\u2019e\u0301ducation, la sante\u0301, la culture, la formation, l\u2019agriculture, l\u2019environnement, le sport et bien d\u2019autres secteurs strate\u0301giques du de\u0301veloppement local.<\/p>\n<p>L\u2019inte\u0301gration de Dimbokro au Re\u0301seau mondial des villes apprenantes constitue de\u0301sormais un levier de\u0301terminant pour son essor durable. Elle ouvre la voie au renforcement des capacite\u0301s des populations, a\u0300 la cre\u0301ation de nouvelles opportunite\u0301s e\u0301conomiques, a\u0300 la consolidation de l\u2019emploi local et a\u0300 l\u2019ame\u0301lioration continue du cadre ainsi que de la qualite\u0301 de vie.<\/p>\n<p>Dimbokro rejoint ainsi Bouake\u0301, Gagnoa et Boundiali, portant a\u0300 quatre le nombre de villes ivoiriennes membres de ce re\u0301seau mondial. Pour une premie\u0300re candidature, Dimbokro re\u0301alise un ve\u0301ritable exploit: un coup d\u2019essai transforme\u0301 en coup de mai\u0302tre.<\/p>\n<p>Le Ministre Adama Coulibaly a par ailleurs exprime\u0301 sa profonde gratitude a\u0300 Ramata Bakayoko-Ly, Ambassadeur, De\u0301le\u0301gue\u0301e permanente de la Co\u0302te d\u2019Ivoire aupre\u0300s de l\u2019UNESCO, ainsi qu\u2019a\u0300 l\u2019ensemble des e\u0301quipes et partenaires qui ont \u0153uvre\u0301 a\u0300 l\u2019obtention de cette prestigieuse distinction.<\/p>\n<p><strong>Pour plus d&rsquo;informations et d&rsquo;analyses sur la <span style=\"color: #ff6600\">C\u00f4te d&rsquo;Ivoire<\/span>, suivez <span style=\"color: #ff6600\">Africa-Press<\/span><\/strong><\/p>\n","protected":false},"excerpt":{"rendered":"<p>Africa-Press &#8211; C\u00f4te d&rsquo;Ivoire. Sous l\u2019impulsion du Maire Adama Coulibaly, la commune de Dimbokro vient d\u2019inte\u0301grer le prestigieux Re\u0301seau mondial des villes apprenantes de l\u2019UNESCO, une distinction qui consacre des anne\u0301es d\u2019efforts constants en faveur d\u2019un de\u0301veloppement harmonieux, inclusif et durable, a-t-on appris aupre\u0300s des services de la Mairie. L\u2019annonce officielle a e\u0301te\u0301 faite le [&hellip;]<\/p>\n","protected":false},"author":82,"featured_media":109890,"comment_status":"open","ping_status":"closed","sticky":false,"template":"","format":"standard","meta":{"footnotes":""},"categories":[2,20,10],"tags":[1182,19737,3431,29,460,1993,19738],"class_list":["post-109891","post","type-post","status-publish","format-standard","has-post-thumbnail","hentry","category-politique","category-top-nouvelles","category-toutes-les-actualites","tag-adama-coulibaly","tag-apprenantes","tag-commune","tag-cote-divoire","tag-dimbokro","tag-unesco","tag-villes"],"yoast_head":"<!-- This site is optimized with the Yoast SEO Premium plugin v26.1 (Yoast SEO v27.0) - https:\/\/yoast.com\/product\/yoast-seo-premium-wordpress\/ -->\n<title>Dimbokro Rejoint le R\u00e9seau Mondial des Villes Apprenantes - C\u00f4te d&#039;Ivoire<\/title>\n<meta name=\"description\" content=\"Sous l\u2019impulsion du Maire Adama Coulibaly, la commune de Dimbokro vient d\u2019inte\u0301grer le prestigieux Re\u0301seau mondial des v ...\" \/>\n<meta name=\"robots\" content=\"index, follow, max-snippet:-1, max-image-preview:large, max-video-preview:-1\" \/>\n<link rel=\"canonical\" href=\"https:\/\/www.africa-press.net\/cotedivoire\/politique\/dimbokro-rejoint-le-reseau-mondial-des-villes-apprenantes\" \/>\n<meta property=\"og:locale\" content=\"fr_FR\" \/>\n<meta property=\"og:type\" content=\"article\" \/>\n<meta property=\"og:title\" content=\"Dimbokro Rejoint le R\u00e9seau Mondial des Villes Apprenantes\" \/>\n<meta property=\"og:description\" content=\"Sous l\u2019impulsion du Maire Adama Coulibaly, la commune de Dimbokro vient d\u2019inte\u0301grer le prestigieux Re\u0301seau mondial des v ...\" \/>\n<meta property=\"og:url\" content=\"https:\/\/www.africa-press.net\/cotedivoire\/politique\/dimbokro-rejoint-le-reseau-mondial-des-villes-apprenantes\" \/>\n<meta property=\"og:site_name\" content=\"C\u00f4te d&#039;Ivoire\" \/>\n<meta property=\"article:published_time\" content=\"2025-12-07T13:05:42+00:00\" \/>\n<meta property=\"article:modified_time\" content=\"2025-12-07T14:10:20+00:00\" \/>\n<meta property=\"og:image\" content=\"https:\/\/static.africa-press.net\/cote\/sites\/43\/2025\/12\/sm_1765103960.933274.jpg\" \/>\n\t<meta property=\"og:image:width\" content=\"720\" \/>\n\t<meta property=\"og:image:height\" content=\"384\" \/>\n\t<meta property=\"og:image:type\" content=\"image\/jpeg\" \/>\n<meta name=\"author\" content=\"cfeditorfr\" \/>\n<meta name=\"twitter:card\" content=\"summary_large_image\" \/>\n<meta name=\"twitter:label1\" content=\"\u00c9crit par\" \/>\n\t<meta name=\"twitter:data1\" content=\"cfeditorfr\" \/>\n\t<meta name=\"twitter:label2\" content=\"Dur\u00e9e de lecture estim\u00e9e\" \/>\n\t<meta name=\"twitter:data2\" content=\"2 minutes\" \/>\n<script type=\"application\/ld+json\" class=\"yoast-schema-graph\">{\"@context\":\"https:\/\/schema.org\",\"@graph\":[{\"@type\":\"Article\",\"@id\":\"https:\/\/www.africa-press.net\/cotedivoire\/politique\/dimbokro-rejoint-le-reseau-mondial-des-villes-apprenantes#article\",\"isPartOf\":{\"@id\":\"https:\/\/www.africa-press.net\/cotedivoire\/politique\/dimbokro-rejoint-le-reseau-mondial-des-villes-apprenantes\"},\"author\":{\"name\":\"cfeditorfr\",\"@id\":\"https:\/\/www.africa-press.net\/cotedivoire\/#\/schema\/person\/2b1cf3cd81a31e3cd26889ca66d677f1\"},\"headline\":\"Dimbokro Rejoint le R\u00e9seau Mondial des Villes Apprenantes\",\"datePublished\":\"2025-12-07T13:05:42+00:00\",\"dateModified\":\"2025-12-07T14:10:20+00:00\",\"mainEntityOfPage\":{\"@id\":\"https:\/\/www.africa-press.net\/cotedivoire\/politique\/dimbokro-rejoint-le-reseau-mondial-des-villes-apprenantes\"},\"wordCount\":395,\"commentCount\":0,\"image\":{\"@id\":\"https:\/\/www.africa-press.net\/cotedivoire\/politique\/dimbokro-rejoint-le-reseau-mondial-des-villes-apprenantes#primaryimage\"},\"thumbnailUrl\":\"https:\/\/static.africa-press.net\/cote\/sites\/43\/2025\/12\/sm_1765103960.933274.jpg\",\"keywords\":[\"Adama Coulibaly\",\"apprenantes\",\"commune\",\"C\u00d4TE D'IVOIRE\",\"Dimbokro\",\"UNESCO\",\"villes\"],\"articleSection\":[\"Politique\",\"Top Nouvelles\",\"Toutes les actualit\u00e9s\"],\"inLanguage\":\"fr-FR\",\"potentialAction\":[{\"@type\":\"CommentAction\",\"name\":\"Comment\",\"target\":[\"https:\/\/www.africa-press.net\/cotedivoire\/politique\/dimbokro-rejoint-le-reseau-mondial-des-villes-apprenantes#respond\"]}]},{\"@type\":\"WebPage\",\"@id\":\"https:\/\/www.africa-press.net\/cotedivoire\/politique\/dimbokro-rejoint-le-reseau-mondial-des-villes-apprenantes\",\"url\":\"https:\/\/www.africa-press.net\/cotedivoire\/politique\/dimbokro-rejoint-le-reseau-mondial-des-villes-apprenantes\",\"name\":\"Dimbokro Rejoint le R\u00e9seau Mondial des Villes Apprenantes - C\u00f4te d&#039;Ivoire\",\"isPartOf\":{\"@id\":\"https:\/\/www.africa-press.net\/cotedivoire\/#website\"},\"primaryImageOfPage\":{\"@id\":\"https:\/\/www.africa-press.net\/cotedivoire\/politique\/dimbokro-rejoint-le-reseau-mondial-des-villes-apprenantes#primaryimage\"},\"image\":{\"@id\":\"https:\/\/www.africa-press.net\/cotedivoire\/politique\/dimbokro-rejoint-le-reseau-mondial-des-villes-apprenantes#primaryimage\"},\"thumbnailUrl\":\"https:\/\/static.africa-press.net\/cote\/sites\/43\/2025\/12\/sm_1765103960.933274.jpg\",\"datePublished\":\"2025-12-07T13:05:42+00:00\",\"dateModified\":\"2025-12-07T14:10:20+00:00\",\"author\":{\"@id\":\"https:\/\/www.africa-press.net\/cotedivoire\/#\/schema\/person\/2b1cf3cd81a31e3cd26889ca66d677f1\"},\"description\":\"Sous l\u2019impulsion du Maire Adama Coulibaly, la commune de Dimbokro vient d\u2019inte\u0301grer le prestigieux Re\u0301seau mondial des v ...\",\"breadcrumb\":{\"@id\":\"https:\/\/www.africa-press.net\/cotedivoire\/politique\/dimbokro-rejoint-le-reseau-mondial-des-villes-apprenantes#breadcrumb\"},\"inLanguage\":\"fr-FR\",\"potentialAction\":[{\"@type\":\"ReadAction\",\"target\":[\"https:\/\/www.africa-press.net\/cotedivoire\/politique\/dimbokro-rejoint-le-reseau-mondial-des-villes-apprenantes\"]}]},{\"@type\":\"ImageObject\",\"inLanguage\":\"fr-FR\",\"@id\":\"https:\/\/www.africa-press.net\/cotedivoire\/politique\/dimbokro-rejoint-le-reseau-mondial-des-villes-apprenantes#primaryimage\",\"url\":\"https:\/\/static.africa-press.net\/cote\/sites\/43\/2025\/12\/sm_1765103960.933274.jpg\",\"contentUrl\":\"https:\/\/static.africa-press.net\/cote\/sites\/43\/2025\/12\/sm_1765103960.933274.jpg\",\"width\":720,\"height\":384,\"caption\":\"Dimbokro Rejoint le R\u00e9seau Mondial des Villes Apprenantes\"},{\"@type\":\"BreadcrumbList\",\"@id\":\"https:\/\/www.africa-press.net\/cotedivoire\/politique\/dimbokro-rejoint-le-reseau-mondial-des-villes-apprenantes#breadcrumb\",\"itemListElement\":[{\"@type\":\"ListItem\",\"position\":1,\"name\":\"Accueil\",\"item\":\"https:\/\/www.africa-press.net\/cotedivoire\/\"},{\"@type\":\"ListItem\",\"position\":2,\"name\":\"Dimbokro Rejoint le R\u00e9seau Mondial des Villes Apprenantes\"}]},{\"@type\":\"WebSite\",\"@id\":\"https:\/\/www.africa-press.net\/cotedivoire\/#website\",\"url\":\"https:\/\/www.africa-press.net\/cotedivoire\/\",\"name\":\"C\u00f4te d&#039;Ivoire\",\"description\":\"Just another Africa News Agency Sites site\",\"potentialAction\":[{\"@type\":\"SearchAction\",\"target\":{\"@type\":\"EntryPoint\",\"urlTemplate\":\"https:\/\/www.africa-press.net\/cotedivoire\/?s={search_term_string}\"},\"query-input\":{\"@type\":\"PropertyValueSpecification\",\"valueRequired\":true,\"valueName\":\"search_term_string\"}}],\"inLanguage\":\"fr-FR\"},{\"@type\":\"Person\",\"@id\":\"https:\/\/www.africa-press.net\/cotedivoire\/#\/schema\/person\/2b1cf3cd81a31e3cd26889ca66d677f1\",\"name\":\"cfeditorfr\"}]}<\/script>\n<!-- \/ Yoast SEO Premium plugin. -->","yoast_head_json":{"title":"Dimbokro Rejoint le R\u00e9seau Mondial des Villes Apprenantes - C\u00f4te d&#039;Ivoire","description":"Sous l\u2019impulsion du Maire Adama Coulibaly, la commune de Dimbokro vient d\u2019inte\u0301grer le prestigieux Re\u0301seau mondial des v ...","robots":{"index":"index","follow":"follow","max-snippet":"max-snippet:-1","max-image-preview":"max-image-preview:large","max-video-preview":"max-video-preview:-1"},"canonical":"https:\/\/www.africa-press.net\/cotedivoire\/politique\/dimbokro-rejoint-le-reseau-mondial-des-villes-apprenantes","og_locale":"fr_FR","og_type":"article","og_title":"Dimbokro Rejoint le R\u00e9seau Mondial des Villes Apprenantes","og_description":"Sous l\u2019impulsion du Maire Adama Coulibaly, la commune de Dimbokro vient d\u2019inte\u0301grer le prestigieux Re\u0301seau mondial des v ...","og_url":"https:\/\/www.africa-press.net\/cotedivoire\/politique\/dimbokro-rejoint-le-reseau-mondial-des-villes-apprenantes","og_site_name":"C\u00f4te d&#039;Ivoire","article_published_time":"2025-12-07T13:05:42+00:00","article_modified_time":"2025-12-07T14:10:20+00:00","og_image":[{"width":720,"height":384,"url":"https:\/\/static.africa-press.net\/cote\/sites\/43\/2025\/12\/sm_1765103960.933274.jpg","type":"image\/jpeg"}],"author":"cfeditorfr","twitter_card":"summary_large_image","twitter_misc":{"\u00c9crit par":"cfeditorfr","Dur\u00e9e de lecture estim\u00e9e":"2 minutes"},"schema":{"@context":"https:\/\/schema.org","@graph":[{"@type":"Article","@id":"https:\/\/www.africa-press.net\/cotedivoire\/politique\/dimbokro-rejoint-le-reseau-mondial-des-villes-apprenantes#article","isPartOf":{"@id":"https:\/\/www.africa-press.net\/cotedivoire\/politique\/dimbokro-rejoint-le-reseau-mondial-des-villes-apprenantes"},"author":{"name":"cfeditorfr","@id":"https:\/\/www.africa-press.net\/cotedivoire\/#\/schema\/person\/2b1cf3cd81a31e3cd26889ca66d677f1"},"headline":"Dimbokro Rejoint le R\u00e9seau Mondial des Villes Apprenantes","datePublished":"2025-12-07T13:05:42+00:00","dateModified":"2025-12-07T14:10:20+00:00","mainEntityOfPage":{"@id":"https:\/\/www.africa-press.net\/cotedivoire\/politique\/dimbokro-rejoint-le-reseau-mondial-des-villes-apprenantes"},"wordCount":395,"commentCount":0,"image":{"@id":"https:\/\/www.africa-press.net\/cotedivoire\/politique\/dimbokro-rejoint-le-reseau-mondial-des-villes-apprenantes#primaryimage"},"thumbnailUrl":"https:\/\/static.africa-press.net\/cote\/sites\/43\/2025\/12\/sm_1765103960.933274.jpg","keywords":["Adama Coulibaly","apprenantes","commune","C\u00d4TE D'IVOIRE","Dimbokro","UNESCO","villes"],"articleSection":["Politique","Top Nouvelles","Toutes les actualit\u00e9s"],"inLanguage":"fr-FR","potentialAction":[{"@type":"CommentAction","name":"Comment","target":["https:\/\/www.africa-press.net\/cotedivoire\/politique\/dimbokro-rejoint-le-reseau-mondial-des-villes-apprenantes#respond"]}]},{"@type":"WebPage","@id":"https:\/\/www.africa-press.net\/cotedivoire\/politique\/dimbokro-rejoint-le-reseau-mondial-des-villes-apprenantes","url":"https:\/\/www.africa-press.net\/cotedivoire\/politique\/dimbokro-rejoint-le-reseau-mondial-des-villes-apprenantes","name":"Dimbokro Rejoint le R\u00e9seau Mondial des Villes Apprenantes - C\u00f4te d&#039;Ivoire","isPartOf":{"@id":"https:\/\/www.africa-press.net\/cotedivoire\/#website"},"primaryImageOfPage":{"@id":"https:\/\/www.africa-press.net\/cotedivoire\/politique\/dimbokro-rejoint-le-reseau-mondial-des-villes-apprenantes#primaryimage"},"image":{"@id":"https:\/\/www.africa-press.net\/cotedivoire\/politique\/dimbokro-rejoint-le-reseau-mondial-des-villes-apprenantes#primaryimage"},"thumbnailUrl":"https:\/\/static.africa-press.net\/cote\/sites\/43\/2025\/12\/sm_1765103960.933274.jpg","datePublished":"2025-12-07T13:05:42+00:00","dateModified":"2025-12-07T14:10:20+00:00","author":{"@id":"https:\/\/www.africa-press.net\/cotedivoire\/#\/schema\/person\/2b1cf3cd81a31e3cd26889ca66d677f1"},"description":"Sous l\u2019impulsion du Maire Adama Coulibaly, la commune de Dimbokro vient d\u2019inte\u0301grer le prestigieux Re\u0301seau mondial des v ...","breadcrumb":{"@id":"https:\/\/www.africa-press.net\/cotedivoire\/politique\/dimbokro-rejoint-le-reseau-mondial-des-villes-apprenantes#breadcrumb"},"inLanguage":"fr-FR","potentialAction":[{"@type":"ReadAction","target":["https:\/\/www.africa-press.net\/cotedivoire\/politique\/dimbokro-rejoint-le-reseau-mondial-des-villes-apprenantes"]}]},{"@type":"ImageObject","inLanguage":"fr-FR","@id":"https:\/\/www.africa-press.net\/cotedivoire\/politique\/dimbokro-rejoint-le-reseau-mondial-des-villes-apprenantes#primaryimage","url":"https:\/\/static.africa-press.net\/cote\/sites\/43\/2025\/12\/sm_1765103960.933274.jpg","contentUrl":"https:\/\/static.africa-press.net\/cote\/sites\/43\/2025\/12\/sm_1765103960.933274.jpg","width":720,"height":384,"caption":"Dimbokro Rejoint le R\u00e9seau Mondial des Villes Apprenantes"},{"@type":"BreadcrumbList","@id":"https:\/\/www.africa-press.net\/cotedivoire\/politique\/dimbokro-rejoint-le-reseau-mondial-des-villes-apprenantes#breadcrumb","itemListElement":[{"@type":"ListItem","position":1,"name":"Accueil","item":"https:\/\/www.africa-press.net\/cotedivoire\/"},{"@type":"ListItem","position":2,"name":"Dimbokro Rejoint le R\u00e9seau Mondial des Villes Apprenantes"}]},{"@type":"WebSite","@id":"https:\/\/www.africa-press.net\/cotedivoire\/#website","url":"https:\/\/www.africa-press.net\/cotedivoire\/","name":"C\u00f4te d&#039;Ivoire","description":"Just another Africa News Agency Sites site","potentialAction":[{"@type":"SearchAction","target":{"@type":"EntryPoint","urlTemplate":"https:\/\/www.africa-press.net\/cotedivoire\/?s={search_term_string}"},"query-input":{"@type":"PropertyValueSpecification","valueRequired":true,"valueName":"search_term_string"}}],"inLanguage":"fr-FR"},{"@type":"Person","@id":"https:\/\/www.africa-press.net\/cotedivoire\/#\/schema\/person\/2b1cf3cd81a31e3cd26889ca66d677f1","name":"cfeditorfr"}]}},"_links":{"self":[{"href":"https:\/\/www.africa-press.net\/cotedivoire\/wp-json\/wp\/v2\/posts\/109891","targetHints":{"allow":["GET"]}}],"collection":[{"href":"https:\/\/www.africa-press.net\/cotedivoire\/wp-json\/wp\/v2\/posts"}],"about":[{"href":"https:\/\/www.africa-press.net\/cotedivoire\/wp-json\/wp\/v2\/types\/post"}],"author":[{"embeddable":true,"href":"https:\/\/www.africa-press.net\/cotedivoire\/wp-json\/wp\/v2\/users\/82"}],"replies":[{"embeddable":true,"href":"https:\/\/www.africa-press.net\/cotedivoire\/wp-json\/wp\/v2\/comments?post=109891"}],"version-history":[{"count":0,"href":"https:\/\/www.africa-press.net\/cotedivoire\/wp-json\/wp\/v2\/posts\/109891\/revisions"}],"wp:featuredmedia":[{"embeddable":true,"href":"https:\/\/www.africa-press.net\/cotedivoire\/wp-json\/wp\/v2\/media\/109890"}],"wp:attachment":[{"href":"https:\/\/www.africa-press.net\/cotedivoire\/wp-json\/wp\/v2\/media?parent=109891"}],"wp:term":[{"taxonomy":"category","embeddable":true,"href":"https:\/\/www.africa-press.net\/cotedivoire\/wp-json\/wp\/v2\/categories?post=109891"},{"taxonomy":"post_tag","embeddable":true,"href":"https:\/\/www.africa-press.net\/cotedivoire\/wp-json\/wp\/v2\/tags?post=109891"}],"curies":[{"name":"wp","href":"https:\/\/api.w.org\/{rel}","templated":true}]}}