{"id":109909,"date":"2025-12-07T13:05:39","date_gmt":"2025-12-07T13:05:39","guid":{"rendered":"https:\/\/www.africa-press.net\/cotedivoire\/politique\/reunion-de-sensibilisation-des-candidats-a-abidjan"},"modified":"2025-12-07T14:12:04","modified_gmt":"2025-12-07T14:12:04","slug":"reunion-de-sensibilisation-des-candidats-a-abidjan","status":"publish","type":"post","link":"https:\/\/www.africa-press.net\/cotedivoire\/politique\/reunion-de-sensibilisation-des-candidats-a-abidjan","title":{"rendered":"R\u00e9union de sensibilisation des candidats \u00e0 Abidjan"},"content":{"rendered":"<p><span style=\"color: #ff6600\"><strong>Africa-Press &#8211; C\u00f4te d&rsquo;Ivoire. <\/strong><\/span>A\u0300 trois semaines des e\u0301lections le\u0301gislatives pre\u0301vues le samedi 27 de\u0301cembre 2025, le Procureur de la Re\u0301publique pre\u0300s le Tribunal de Premie\u0300re Instance d\u2019Abidjan annonce une importante rencontre avec les candidats en lice dans plusieurs communes du district d\u2019Abidjan. L\u2019objectif: garantir un climat apaise\u0301, se\u0301curise\u0301 et conforme aux re\u0300gles de l\u2019ordre public pendant tout le processus e\u0301lectoral.<\/p>\n<p>Selon un communique\u0301 officiel date\u0301 du 5 de\u0301cembre 2025, cette re\u0301union de sensibilisation et d\u2019information se tiendra le mercredi 10 de\u0301cembre 2025 a\u0300 10 heures, a\u0300 l\u2019ho\u0302tel Novotel Marcory, situe\u0301 en face du centre commercial Cap Sud.<\/p>\n<p>Sont invite\u0301s a\u0300 cette rencontre les candidats des communes suivantes:<\/p>\n<p>Adjame\u0301, Atte\u0301coube\u0301, Cocody, Koumassi, Marcory, Plateau, Port-Boue\u0308t et Treichville.<\/p>\n<p>Le Procureur de la Re\u0301publique insiste sur l\u2019importance de cette se\u0301ance de travail, qui portera notamment sur le respect strict des lois e\u0301lectorales, les mesures de pre\u0301vention contre les violences, la responsabilite\u0301 pe\u0301nale des candidats et de leurs e\u0301quipes, les dispositions prises pour garantir la se\u0301curite\u0301 du scrutin et la sensibilisation a\u0300 un de\u0301roulement pacifique des campagnes.<\/p>\n<p>Le communique\u0301 souligne que la pre\u0301sence de tous les candidats ou de leurs repre\u0301sentants du\u0302ment mandate\u0301s est \u00ab vivement souhaite\u0301e\u00bb, compte tenu de la porte\u0301e de l\u2019ordre du jour.<\/p>\n<p>Cette de\u0301marche s\u2019inscrit dans la volonte\u0301 des autorite\u0301s judiciaires de pre\u0301venir tout incident susceptible de perturber les le\u0301gislatives. Le Parquet entend rappeler le ro\u0302le de\u0301terminant de chaque acteur politique dans la pre\u0301servation de la paix, de la discipline et de la stabilite\u0301 de\u0301mocratique.<\/p>\n<p>Cette initiative intervient dans un contexte ou\u0300 les autorite\u0301s ivoiriennes multiplient les actions en faveur d\u2019un processus e\u0301lectoral transparent et se\u0301curise\u0301. En rassemblant les candidats autour des enjeux juridiques et se\u0301curitaires, le Procureur veut garantir un scrutin serein et exemplaire.<\/p>\n<p><strong>Pour plus d&rsquo;informations et d&rsquo;analyses sur la <span style=\"color: #ff6600\">C\u00f4te d&rsquo;Ivoire<\/span>, suivez <span style=\"color: #ff6600\">Africa-Press<\/span><\/strong><\/p>\n","protected":false},"excerpt":{"rendered":"<p>Africa-Press &#8211; C\u00f4te d&rsquo;Ivoire. A\u0300 trois semaines des e\u0301lections le\u0301gislatives pre\u0301vues le samedi 27 de\u0301cembre 2025, le Procureur de la Re\u0301publique pre\u0300s le Tribunal de Premie\u0300re Instance d\u2019Abidjan annonce une importante rencontre avec les candidats en lice dans plusieurs communes du district d\u2019Abidjan. L\u2019objectif: garantir un climat apaise\u0301, se\u0301curise\u0301 et conforme aux re\u0300gles de l\u2019ordre [&hellip;]<\/p>\n","protected":false},"author":82,"featured_media":109907,"comment_status":"open","ping_status":"closed","sticky":false,"template":"","format":"standard","meta":{"footnotes":""},"categories":[2,10],"tags":[30,29,19358,55,6517,19744,949,303],"class_list":["post-109909","post","type-post","status-publish","format-standard","has-post-thumbnail","hentry","category-politique","category-toutes-les-actualites","tag-abidjan","tag-cote-divoire","tag-elections2025","tag-justice","tag-legislatives","tag-paix-electorale","tag-procureur","tag-securite"],"yoast_head":"<!-- This site is optimized with the Yoast SEO Premium plugin v26.1 (Yoast SEO v27.0) - https:\/\/yoast.com\/product\/yoast-seo-premium-wordpress\/ -->\n<title>R\u00e9union de sensibilisation des candidats \u00e0 Abidjan - C\u00f4te d&#039;Ivoire<\/title>\n<meta name=\"description\" content=\"A\u0300 trois semaines des e\u0301lections le\u0301gislatives pre\u0301vues le samedi 27 de\u0301cembre 2025, le Procureur de la Re\u0301publique pre\u0300 ...\" \/>\n<meta name=\"robots\" content=\"index, follow, max-snippet:-1, max-image-preview:large, max-video-preview:-1\" \/>\n<link rel=\"canonical\" href=\"https:\/\/www.africa-press.net\/cotedivoire\/politique\/reunion-de-sensibilisation-des-candidats-a-abidjan\" \/>\n<meta property=\"og:locale\" content=\"fr_FR\" \/>\n<meta property=\"og:type\" content=\"article\" \/>\n<meta property=\"og:title\" content=\"R\u00e9union de sensibilisation des candidats \u00e0 Abidjan\" \/>\n<meta property=\"og:description\" content=\"A\u0300 trois semaines des e\u0301lections le\u0301gislatives pre\u0301vues le samedi 27 de\u0301cembre 2025, le Procureur de la Re\u0301publique pre\u0300 ...\" \/>\n<meta property=\"og:url\" content=\"https:\/\/www.africa-press.net\/cotedivoire\/politique\/reunion-de-sensibilisation-des-candidats-a-abidjan\" \/>\n<meta property=\"og:site_name\" content=\"C\u00f4te d&#039;Ivoire\" \/>\n<meta property=\"article:published_time\" content=\"2025-12-07T13:05:39+00:00\" \/>\n<meta property=\"article:modified_time\" content=\"2025-12-07T14:12:04+00:00\" \/>\n<meta property=\"og:image\" content=\"https:\/\/static.africa-press.net\/cote\/sites\/43\/2025\/12\/sm_1765104052.183521.jpg\" \/>\n\t<meta property=\"og:image:width\" content=\"720\" \/>\n\t<meta property=\"og:image:height\" content=\"495\" \/>\n\t<meta property=\"og:image:type\" content=\"image\/jpeg\" \/>\n<meta name=\"author\" content=\"cfeditorfr\" \/>\n<meta name=\"twitter:card\" content=\"summary_large_image\" \/>\n<meta name=\"twitter:label1\" content=\"\u00c9crit par\" \/>\n\t<meta name=\"twitter:data1\" content=\"cfeditorfr\" \/>\n\t<meta name=\"twitter:label2\" content=\"Dur\u00e9e de lecture estim\u00e9e\" \/>\n\t<meta name=\"twitter:data2\" content=\"2 minutes\" \/>\n<script type=\"application\/ld+json\" class=\"yoast-schema-graph\">{\"@context\":\"https:\/\/schema.org\",\"@graph\":[{\"@type\":\"Article\",\"@id\":\"https:\/\/www.africa-press.net\/cotedivoire\/politique\/reunion-de-sensibilisation-des-candidats-a-abidjan#article\",\"isPartOf\":{\"@id\":\"https:\/\/www.africa-press.net\/cotedivoire\/politique\/reunion-de-sensibilisation-des-candidats-a-abidjan\"},\"author\":{\"name\":\"cfeditorfr\",\"@id\":\"https:\/\/www.africa-press.net\/cotedivoire\/#\/schema\/person\/2b1cf3cd81a31e3cd26889ca66d677f1\"},\"headline\":\"R\u00e9union de sensibilisation des candidats \u00e0 Abidjan\",\"datePublished\":\"2025-12-07T13:05:39+00:00\",\"dateModified\":\"2025-12-07T14:12:04+00:00\",\"mainEntityOfPage\":{\"@id\":\"https:\/\/www.africa-press.net\/cotedivoire\/politique\/reunion-de-sensibilisation-des-candidats-a-abidjan\"},\"wordCount\":355,\"commentCount\":0,\"image\":{\"@id\":\"https:\/\/www.africa-press.net\/cotedivoire\/politique\/reunion-de-sensibilisation-des-candidats-a-abidjan#primaryimage\"},\"thumbnailUrl\":\"https:\/\/static.africa-press.net\/cote\/sites\/43\/2025\/12\/sm_1765104052.183521.jpg\",\"keywords\":[\"Abidjan\",\"C\u00d4TE D'IVOIRE\",\"\u00e9lections2025\",\"Justice\",\"L\u00e9gislatives\",\"Paix \u00e9lectorale\",\"Procureur\",\"SECURITE\"],\"articleSection\":[\"Politique\",\"Toutes les actualit\u00e9s\"],\"inLanguage\":\"fr-FR\",\"potentialAction\":[{\"@type\":\"CommentAction\",\"name\":\"Comment\",\"target\":[\"https:\/\/www.africa-press.net\/cotedivoire\/politique\/reunion-de-sensibilisation-des-candidats-a-abidjan#respond\"]}]},{\"@type\":\"WebPage\",\"@id\":\"https:\/\/www.africa-press.net\/cotedivoire\/politique\/reunion-de-sensibilisation-des-candidats-a-abidjan\",\"url\":\"https:\/\/www.africa-press.net\/cotedivoire\/politique\/reunion-de-sensibilisation-des-candidats-a-abidjan\",\"name\":\"R\u00e9union de sensibilisation des candidats \u00e0 Abidjan - C\u00f4te d&#039;Ivoire\",\"isPartOf\":{\"@id\":\"https:\/\/www.africa-press.net\/cotedivoire\/#website\"},\"primaryImageOfPage\":{\"@id\":\"https:\/\/www.africa-press.net\/cotedivoire\/politique\/reunion-de-sensibilisation-des-candidats-a-abidjan#primaryimage\"},\"image\":{\"@id\":\"https:\/\/www.africa-press.net\/cotedivoire\/politique\/reunion-de-sensibilisation-des-candidats-a-abidjan#primaryimage\"},\"thumbnailUrl\":\"https:\/\/static.africa-press.net\/cote\/sites\/43\/2025\/12\/sm_1765104052.183521.jpg\",\"datePublished\":\"2025-12-07T13:05:39+00:00\",\"dateModified\":\"2025-12-07T14:12:04+00:00\",\"author\":{\"@id\":\"https:\/\/www.africa-press.net\/cotedivoire\/#\/schema\/person\/2b1cf3cd81a31e3cd26889ca66d677f1\"},\"description\":\"A\u0300 trois semaines des e\u0301lections le\u0301gislatives pre\u0301vues le samedi 27 de\u0301cembre 2025, le Procureur de la Re\u0301publique pre\u0300 ...\",\"breadcrumb\":{\"@id\":\"https:\/\/www.africa-press.net\/cotedivoire\/politique\/reunion-de-sensibilisation-des-candidats-a-abidjan#breadcrumb\"},\"inLanguage\":\"fr-FR\",\"potentialAction\":[{\"@type\":\"ReadAction\",\"target\":[\"https:\/\/www.africa-press.net\/cotedivoire\/politique\/reunion-de-sensibilisation-des-candidats-a-abidjan\"]}]},{\"@type\":\"ImageObject\",\"inLanguage\":\"fr-FR\",\"@id\":\"https:\/\/www.africa-press.net\/cotedivoire\/politique\/reunion-de-sensibilisation-des-candidats-a-abidjan#primaryimage\",\"url\":\"https:\/\/static.africa-press.net\/cote\/sites\/43\/2025\/12\/sm_1765104052.183521.jpg\",\"contentUrl\":\"https:\/\/static.africa-press.net\/cote\/sites\/43\/2025\/12\/sm_1765104052.183521.jpg\",\"width\":720,\"height\":495,\"caption\":\"R\u00e9union de sensibilisation des candidats \u00e0 Abidjan\"},{\"@type\":\"BreadcrumbList\",\"@id\":\"https:\/\/www.africa-press.net\/cotedivoire\/politique\/reunion-de-sensibilisation-des-candidats-a-abidjan#breadcrumb\",\"itemListElement\":[{\"@type\":\"ListItem\",\"position\":1,\"name\":\"Accueil\",\"item\":\"https:\/\/www.africa-press.net\/cotedivoire\/\"},{\"@type\":\"ListItem\",\"position\":2,\"name\":\"R\u00e9union de sensibilisation des candidats \u00e0 Abidjan\"}]},{\"@type\":\"WebSite\",\"@id\":\"https:\/\/www.africa-press.net\/cotedivoire\/#website\",\"url\":\"https:\/\/www.africa-press.net\/cotedivoire\/\",\"name\":\"C\u00f4te d&#039;Ivoire\",\"description\":\"Just another Africa News Agency Sites site\",\"potentialAction\":[{\"@type\":\"SearchAction\",\"target\":{\"@type\":\"EntryPoint\",\"urlTemplate\":\"https:\/\/www.africa-press.net\/cotedivoire\/?s={search_term_string}\"},\"query-input\":{\"@type\":\"PropertyValueSpecification\",\"valueRequired\":true,\"valueName\":\"search_term_string\"}}],\"inLanguage\":\"fr-FR\"},{\"@type\":\"Person\",\"@id\":\"https:\/\/www.africa-press.net\/cotedivoire\/#\/schema\/person\/2b1cf3cd81a31e3cd26889ca66d677f1\",\"name\":\"cfeditorfr\"}]}<\/script>\n<!-- \/ Yoast SEO Premium plugin. -->","yoast_head_json":{"title":"R\u00e9union de sensibilisation des candidats \u00e0 Abidjan - C\u00f4te d&#039;Ivoire","description":"A\u0300 trois semaines des e\u0301lections le\u0301gislatives pre\u0301vues le samedi 27 de\u0301cembre 2025, le Procureur de la Re\u0301publique pre\u0300 ...","robots":{"index":"index","follow":"follow","max-snippet":"max-snippet:-1","max-image-preview":"max-image-preview:large","max-video-preview":"max-video-preview:-1"},"canonical":"https:\/\/www.africa-press.net\/cotedivoire\/politique\/reunion-de-sensibilisation-des-candidats-a-abidjan","og_locale":"fr_FR","og_type":"article","og_title":"R\u00e9union de sensibilisation des candidats \u00e0 Abidjan","og_description":"A\u0300 trois semaines des e\u0301lections le\u0301gislatives pre\u0301vues le samedi 27 de\u0301cembre 2025, le Procureur de la Re\u0301publique pre\u0300 ...","og_url":"https:\/\/www.africa-press.net\/cotedivoire\/politique\/reunion-de-sensibilisation-des-candidats-a-abidjan","og_site_name":"C\u00f4te d&#039;Ivoire","article_published_time":"2025-12-07T13:05:39+00:00","article_modified_time":"2025-12-07T14:12:04+00:00","og_image":[{"width":720,"height":495,"url":"https:\/\/static.africa-press.net\/cote\/sites\/43\/2025\/12\/sm_1765104052.183521.jpg","type":"image\/jpeg"}],"author":"cfeditorfr","twitter_card":"summary_large_image","twitter_misc":{"\u00c9crit par":"cfeditorfr","Dur\u00e9e de lecture estim\u00e9e":"2 minutes"},"schema":{"@context":"https:\/\/schema.org","@graph":[{"@type":"Article","@id":"https:\/\/www.africa-press.net\/cotedivoire\/politique\/reunion-de-sensibilisation-des-candidats-a-abidjan#article","isPartOf":{"@id":"https:\/\/www.africa-press.net\/cotedivoire\/politique\/reunion-de-sensibilisation-des-candidats-a-abidjan"},"author":{"name":"cfeditorfr","@id":"https:\/\/www.africa-press.net\/cotedivoire\/#\/schema\/person\/2b1cf3cd81a31e3cd26889ca66d677f1"},"headline":"R\u00e9union de sensibilisation des candidats \u00e0 Abidjan","datePublished":"2025-12-07T13:05:39+00:00","dateModified":"2025-12-07T14:12:04+00:00","mainEntityOfPage":{"@id":"https:\/\/www.africa-press.net\/cotedivoire\/politique\/reunion-de-sensibilisation-des-candidats-a-abidjan"},"wordCount":355,"commentCount":0,"image":{"@id":"https:\/\/www.africa-press.net\/cotedivoire\/politique\/reunion-de-sensibilisation-des-candidats-a-abidjan#primaryimage"},"thumbnailUrl":"https:\/\/static.africa-press.net\/cote\/sites\/43\/2025\/12\/sm_1765104052.183521.jpg","keywords":["Abidjan","C\u00d4TE D'IVOIRE","\u00e9lections2025","Justice","L\u00e9gislatives","Paix \u00e9lectorale","Procureur","SECURITE"],"articleSection":["Politique","Toutes les actualit\u00e9s"],"inLanguage":"fr-FR","potentialAction":[{"@type":"CommentAction","name":"Comment","target":["https:\/\/www.africa-press.net\/cotedivoire\/politique\/reunion-de-sensibilisation-des-candidats-a-abidjan#respond"]}]},{"@type":"WebPage","@id":"https:\/\/www.africa-press.net\/cotedivoire\/politique\/reunion-de-sensibilisation-des-candidats-a-abidjan","url":"https:\/\/www.africa-press.net\/cotedivoire\/politique\/reunion-de-sensibilisation-des-candidats-a-abidjan","name":"R\u00e9union de sensibilisation des candidats \u00e0 Abidjan - C\u00f4te d&#039;Ivoire","isPartOf":{"@id":"https:\/\/www.africa-press.net\/cotedivoire\/#website"},"primaryImageOfPage":{"@id":"https:\/\/www.africa-press.net\/cotedivoire\/politique\/reunion-de-sensibilisation-des-candidats-a-abidjan#primaryimage"},"image":{"@id":"https:\/\/www.africa-press.net\/cotedivoire\/politique\/reunion-de-sensibilisation-des-candidats-a-abidjan#primaryimage"},"thumbnailUrl":"https:\/\/static.africa-press.net\/cote\/sites\/43\/2025\/12\/sm_1765104052.183521.jpg","datePublished":"2025-12-07T13:05:39+00:00","dateModified":"2025-12-07T14:12:04+00:00","author":{"@id":"https:\/\/www.africa-press.net\/cotedivoire\/#\/schema\/person\/2b1cf3cd81a31e3cd26889ca66d677f1"},"description":"A\u0300 trois semaines des e\u0301lections le\u0301gislatives pre\u0301vues le samedi 27 de\u0301cembre 2025, le Procureur de la Re\u0301publique pre\u0300 ...","breadcrumb":{"@id":"https:\/\/www.africa-press.net\/cotedivoire\/politique\/reunion-de-sensibilisation-des-candidats-a-abidjan#breadcrumb"},"inLanguage":"fr-FR","potentialAction":[{"@type":"ReadAction","target":["https:\/\/www.africa-press.net\/cotedivoire\/politique\/reunion-de-sensibilisation-des-candidats-a-abidjan"]}]},{"@type":"ImageObject","inLanguage":"fr-FR","@id":"https:\/\/www.africa-press.net\/cotedivoire\/politique\/reunion-de-sensibilisation-des-candidats-a-abidjan#primaryimage","url":"https:\/\/static.africa-press.net\/cote\/sites\/43\/2025\/12\/sm_1765104052.183521.jpg","contentUrl":"https:\/\/static.africa-press.net\/cote\/sites\/43\/2025\/12\/sm_1765104052.183521.jpg","width":720,"height":495,"caption":"R\u00e9union de sensibilisation des candidats \u00e0 Abidjan"},{"@type":"BreadcrumbList","@id":"https:\/\/www.africa-press.net\/cotedivoire\/politique\/reunion-de-sensibilisation-des-candidats-a-abidjan#breadcrumb","itemListElement":[{"@type":"ListItem","position":1,"name":"Accueil","item":"https:\/\/www.africa-press.net\/cotedivoire\/"},{"@type":"ListItem","position":2,"name":"R\u00e9union de sensibilisation des candidats \u00e0 Abidjan"}]},{"@type":"WebSite","@id":"https:\/\/www.africa-press.net\/cotedivoire\/#website","url":"https:\/\/www.africa-press.net\/cotedivoire\/","name":"C\u00f4te d&#039;Ivoire","description":"Just another Africa News Agency Sites site","potentialAction":[{"@type":"SearchAction","target":{"@type":"EntryPoint","urlTemplate":"https:\/\/www.africa-press.net\/cotedivoire\/?s={search_term_string}"},"query-input":{"@type":"PropertyValueSpecification","valueRequired":true,"valueName":"search_term_string"}}],"inLanguage":"fr-FR"},{"@type":"Person","@id":"https:\/\/www.africa-press.net\/cotedivoire\/#\/schema\/person\/2b1cf3cd81a31e3cd26889ca66d677f1","name":"cfeditorfr"}]}},"_links":{"self":[{"href":"https:\/\/www.africa-press.net\/cotedivoire\/wp-json\/wp\/v2\/posts\/109909","targetHints":{"allow":["GET"]}}],"collection":[{"href":"https:\/\/www.africa-press.net\/cotedivoire\/wp-json\/wp\/v2\/posts"}],"about":[{"href":"https:\/\/www.africa-press.net\/cotedivoire\/wp-json\/wp\/v2\/types\/post"}],"author":[{"embeddable":true,"href":"https:\/\/www.africa-press.net\/cotedivoire\/wp-json\/wp\/v2\/users\/82"}],"replies":[{"embeddable":true,"href":"https:\/\/www.africa-press.net\/cotedivoire\/wp-json\/wp\/v2\/comments?post=109909"}],"version-history":[{"count":0,"href":"https:\/\/www.africa-press.net\/cotedivoire\/wp-json\/wp\/v2\/posts\/109909\/revisions"}],"wp:featuredmedia":[{"embeddable":true,"href":"https:\/\/www.africa-press.net\/cotedivoire\/wp-json\/wp\/v2\/media\/109907"}],"wp:attachment":[{"href":"https:\/\/www.africa-press.net\/cotedivoire\/wp-json\/wp\/v2\/media?parent=109909"}],"wp:term":[{"taxonomy":"category","embeddable":true,"href":"https:\/\/www.africa-press.net\/cotedivoire\/wp-json\/wp\/v2\/categories?post=109909"},{"taxonomy":"post_tag","embeddable":true,"href":"https:\/\/www.africa-press.net\/cotedivoire\/wp-json\/wp\/v2\/tags?post=109909"}],"curies":[{"name":"wp","href":"https:\/\/api.w.org\/{rel}","templated":true}]}}