{"id":109944,"date":"2025-12-08T18:42:38","date_gmt":"2025-12-08T18:42:38","guid":{"rendered":"https:\/\/www.africa-press.net\/cotedivoire\/politique\/ouegnin-plaide-pour-lever-linterdiction-des-motos"},"modified":"2025-12-09T14:12:27","modified_gmt":"2025-12-09T14:12:27","slug":"ouegnin-plaide-pour-lever-linterdiction-des-motos","status":"publish","type":"post","link":"https:\/\/www.africa-press.net\/cotedivoire\/politique\/ouegnin-plaide-pour-lever-linterdiction-des-motos","title":{"rendered":"Ou\u00e9gnin Plaide Pour Lever L&rsquo;Interdiction Des Motos"},"content":{"rendered":"<p><span style=\"color: #ff6600\"><strong>Africa-Press &#8211; C\u00f4te d&rsquo;Ivoire. <\/strong><\/span>Le de\u0301pute\u0301 Georges-Armand Oue\u0301gnin a re\u0301agi avec fermete\u0301 et empathie a\u0300 la de\u0301cision du District d\u2019Abidjan d\u2019interdire la circulation des motos et tricycles sur plusieurs grands axes de la capitale e\u0301conomique. Une mesure qui, depuis son annonce, suscite une inquie\u0301tude croissante au sein des familles, des jeunes travailleurs et de nombreuses entreprises de\u0301pendant du secteur de la livraison.<\/p>\n<p>L\u2019e\u0301lu affirme recevoir quotidiennement des messages de de\u0301tresse: des me\u0300res redoutant la perte de revenus familiaux, des jeunes risquant de perdre leur emploi, des livreurs ayant contracte\u0301 des cre\u0301dits pour acque\u0301rir leur moto, mais aussi des entrepreneurs incertains de pouvoir maintenir leur activite\u0301. Face a\u0300 ces pre\u0301occupations, il assure se tenir du co\u0302te\u0301 des populations affecte\u0301es.<\/p>\n<p>Pour le de\u0301pute\u0301, l\u2019impact humain de cette de\u0301cision ne peut e\u0302tre occulte\u0301. Derrie\u0300re chaque moto, rappelle-t-il, se cache une histoire de courage: un jeune qui refuse la facilite\u0301, un pe\u0300re qui assure la survie de sa famille, une me\u0300re qui finance la scolarite\u0301 de ses enfants, un e\u0301tudiant qui paie ses e\u0301tudes, un entrepreneur qui fait vivre une petite structure locale.<\/p>\n<p>Selon lui, interdire soudainement cette activite\u0301 revient a\u0300 priver des milliers de jeunes d\u2019un des rares moyens d\u2019autonomie e\u0301conomique, tout en fragilisant un secteur devenu essentiel dans l\u2019e\u0301conomie moderne, notamment pour les commerces, les restaurants et les me\u0301nages.<\/p>\n<p>S\u2019il reconnai\u0302t la ne\u0301cessite\u0301 d\u2019ame\u0301liorer la se\u0301curite\u0301 routie\u0300re et de lutter contre les comportements dangereux, Georges-Armand Oue\u0301gnin estime que cela ne doit pas se faire au prix de l\u2019exclusion sociale. A\u0300 ses yeux, on ne peut re\u0301soudre un proble\u0300me en supprimant purement et simplement l\u2019activite\u0301 de ceux qui travaillent honne\u0302tement, tout comme on ne ba\u0302tit pas la paix sociale en cre\u0301ant davantage de pre\u0301carite\u0301. Il plaide pluto\u0302t pour une organisation intelligente et durable du secteur.<\/p>\n<p>L\u2019e\u0301lu propose ainsi plusieurs pistes, parmi lesquelles un encadrement professionnel structure\u0301 de la livraison, la cre\u0301ation d\u2019une carte professionnelle et d\u2019un registre des motos, l\u2019adoption de gilets d\u2019identification, des formations obligatoires a\u0300 la se\u0301curite\u0301 routie\u0300re finance\u0301es conjointement par l\u2019E\u0301tat et les plateformes, ainsi qu\u2019un syste\u0300me de sensibilisation et de sanctions cible\u0301es.<\/p>\n<p>Il appelle e\u0301galement a\u0300 l\u2019ouverture d\u2019un cadre de dialogue entre le District, les entreprises de livraison et les repre\u0301sentants des livreurs, ainsi qu\u2019a\u0300 la mise en place de programmes d\u2019accompagnement pour les jeunes, incluant microcre\u0301dits, appui a\u0300 l\u2019acquisition d\u2019engins conformes ou e\u0301lectriques, et garanties d\u2019emploi.<\/p>\n<p>Soulignant que sa responsabilite\u0301 premie\u0300re est de de\u0301fendre les populations, et en particulier les plus vulne\u0301rables, le de\u0301pute\u0301 affirme refuser que des milliers de jeunes travailleurs soient sacrifie\u0301s dans le silence ou que l\u2019un des secteurs les plus dynamiques du pays soit de\u0301stabilise\u0301 du jour au lendemain. Il appelle, en conse\u0301quence, a\u0300 une re\u0301vision urgente, voire a\u0300 une suspension de la mesure, afin d\u2019inte\u0301grer les re\u0301alite\u0301s e\u0301conomiques, sociales et humaines des communes et de la jeunesse ivoirienne.<\/p>\n<p>Georges-Armand Oue\u0301gnin conclut en invitant a\u0300 construire une Co\u0302te d\u2019Ivoire qui prote\u0300ge sans punir, une socie\u0301te\u0301 qui re\u0301gule sans exclure, et qui avance en veillant a\u0300 ce que personne ne soit laisse\u0301 de co\u0302te\u0301. Il re\u0301affirme son engagement aupre\u0300s des jeunes, des familles, des livreurs et des entreprises pour que toute de\u0301cision publique soit prise avec justice, humanite\u0301 et e\u0301quilibre.<\/p>\n<p><strong>Pour plus d&rsquo;informations et d&rsquo;analyses sur la <span style=\"color: #ff6600\">C\u00f4te d&rsquo;Ivoire<\/span>, suivez <span style=\"color: #ff6600\">Africa-Press<\/span><\/strong><\/p>\n","protected":false},"excerpt":{"rendered":"<p>Africa-Press &#8211; C\u00f4te d&rsquo;Ivoire. Le de\u0301pute\u0301 Georges-Armand Oue\u0301gnin a re\u0301agi avec fermete\u0301 et empathie a\u0300 la de\u0301cision du District d\u2019Abidjan d\u2019interdire la circulation des motos et tricycles sur plusieurs grands axes de la capitale e\u0301conomique. Une mesure qui, depuis son annonce, suscite une inquie\u0301tude croissante au sein des familles, des jeunes travailleurs et de nombreuses [&hellip;]<\/p>\n","protected":false},"author":82,"featured_media":109943,"comment_status":"open","ping_status":"closed","sticky":false,"template":"","format":"standard","meta":{"footnotes":""},"categories":[2,10],"tags":[30,29,1599,2364,19754,1019,656,1119,1148],"class_list":["post-109944","post","type-post","status-publish","format-standard","has-post-thumbnail","hentry","category-politique","category-toutes-les-actualites","tag-abidjan","tag-cote-divoire","tag-depute","tag-emploi","tag-etude","tag-famille","tag-moto","tag-ouegnin","tag-tricycle"],"yoast_head":"<!-- This site is optimized with the Yoast SEO Premium plugin v26.1 (Yoast SEO v27.0) - https:\/\/yoast.com\/product\/yoast-seo-premium-wordpress\/ -->\n<title>Ou\u00e9gnin Plaide Pour Lever L&#039;Interdiction Des Motos - C\u00f4te d&#039;Ivoire<\/title>\n<meta name=\"description\" content=\"Le de\u0301pute\u0301 Georges-Armand Oue\u0301gnin a re\u0301agi avec fermete\u0301 et empathie a\u0300 la de\u0301cision du District d\u2019Abidjan d\u2019interdire ...\" \/>\n<meta name=\"robots\" content=\"index, follow, max-snippet:-1, max-image-preview:large, max-video-preview:-1\" \/>\n<link rel=\"canonical\" href=\"https:\/\/www.africa-press.net\/cotedivoire\/politique\/ouegnin-plaide-pour-lever-linterdiction-des-motos\" \/>\n<meta property=\"og:locale\" content=\"fr_FR\" \/>\n<meta property=\"og:type\" content=\"article\" \/>\n<meta property=\"og:title\" content=\"Ou\u00e9gnin Plaide Pour Lever L&#039;Interdiction Des Motos\" \/>\n<meta property=\"og:description\" content=\"Le de\u0301pute\u0301 Georges-Armand Oue\u0301gnin a re\u0301agi avec fermete\u0301 et empathie a\u0300 la de\u0301cision du District d\u2019Abidjan d\u2019interdire ...\" \/>\n<meta property=\"og:url\" content=\"https:\/\/www.africa-press.net\/cotedivoire\/politique\/ouegnin-plaide-pour-lever-linterdiction-des-motos\" \/>\n<meta property=\"og:site_name\" content=\"C\u00f4te d&#039;Ivoire\" \/>\n<meta property=\"article:published_time\" content=\"2025-12-08T18:42:38+00:00\" \/>\n<meta property=\"article:modified_time\" content=\"2025-12-09T14:12:27+00:00\" \/>\n<meta property=\"og:image\" content=\"https:\/\/static.africa-press.net\/cote\/sites\/43\/2025\/12\/sm_1765207819.126981.jpg\" \/>\n\t<meta property=\"og:image:width\" content=\"720\" \/>\n\t<meta property=\"og:image:height\" content=\"480\" \/>\n\t<meta property=\"og:image:type\" content=\"image\/jpeg\" \/>\n<meta name=\"author\" content=\"cfeditorfr\" \/>\n<meta name=\"twitter:card\" content=\"summary_large_image\" \/>\n<meta name=\"twitter:label1\" content=\"\u00c9crit par\" \/>\n\t<meta name=\"twitter:data1\" content=\"cfeditorfr\" \/>\n\t<meta name=\"twitter:label2\" content=\"Dur\u00e9e de lecture estim\u00e9e\" \/>\n\t<meta name=\"twitter:data2\" content=\"3 minutes\" \/>\n<script type=\"application\/ld+json\" class=\"yoast-schema-graph\">{\"@context\":\"https:\/\/schema.org\",\"@graph\":[{\"@type\":\"Article\",\"@id\":\"https:\/\/www.africa-press.net\/cotedivoire\/politique\/ouegnin-plaide-pour-lever-linterdiction-des-motos#article\",\"isPartOf\":{\"@id\":\"https:\/\/www.africa-press.net\/cotedivoire\/politique\/ouegnin-plaide-pour-lever-linterdiction-des-motos\"},\"author\":{\"name\":\"cfeditorfr\",\"@id\":\"https:\/\/www.africa-press.net\/cotedivoire\/#\/schema\/person\/2b1cf3cd81a31e3cd26889ca66d677f1\"},\"headline\":\"Ou\u00e9gnin Plaide Pour Lever L&rsquo;Interdiction Des Motos\",\"datePublished\":\"2025-12-08T18:42:38+00:00\",\"dateModified\":\"2025-12-09T14:12:27+00:00\",\"mainEntityOfPage\":{\"@id\":\"https:\/\/www.africa-press.net\/cotedivoire\/politique\/ouegnin-plaide-pour-lever-linterdiction-des-motos\"},\"wordCount\":652,\"commentCount\":0,\"image\":{\"@id\":\"https:\/\/www.africa-press.net\/cotedivoire\/politique\/ouegnin-plaide-pour-lever-linterdiction-des-motos#primaryimage\"},\"thumbnailUrl\":\"https:\/\/static.africa-press.net\/cote\/sites\/43\/2025\/12\/sm_1765207819.126981.jpg\",\"keywords\":[\"Abidjan\",\"C\u00d4TE D'IVOIRE\",\"d\u00e9put\u00e9\",\"emploi\",\"\u00e9tude\",\"famille\",\"moto\",\"Ou\u00e9gnin\",\"tricycle\"],\"articleSection\":[\"Politique\",\"Toutes les actualit\u00e9s\"],\"inLanguage\":\"fr-FR\",\"potentialAction\":[{\"@type\":\"CommentAction\",\"name\":\"Comment\",\"target\":[\"https:\/\/www.africa-press.net\/cotedivoire\/politique\/ouegnin-plaide-pour-lever-linterdiction-des-motos#respond\"]}]},{\"@type\":\"WebPage\",\"@id\":\"https:\/\/www.africa-press.net\/cotedivoire\/politique\/ouegnin-plaide-pour-lever-linterdiction-des-motos\",\"url\":\"https:\/\/www.africa-press.net\/cotedivoire\/politique\/ouegnin-plaide-pour-lever-linterdiction-des-motos\",\"name\":\"Ou\u00e9gnin Plaide Pour Lever L'Interdiction Des Motos - C\u00f4te d&#039;Ivoire\",\"isPartOf\":{\"@id\":\"https:\/\/www.africa-press.net\/cotedivoire\/#website\"},\"primaryImageOfPage\":{\"@id\":\"https:\/\/www.africa-press.net\/cotedivoire\/politique\/ouegnin-plaide-pour-lever-linterdiction-des-motos#primaryimage\"},\"image\":{\"@id\":\"https:\/\/www.africa-press.net\/cotedivoire\/politique\/ouegnin-plaide-pour-lever-linterdiction-des-motos#primaryimage\"},\"thumbnailUrl\":\"https:\/\/static.africa-press.net\/cote\/sites\/43\/2025\/12\/sm_1765207819.126981.jpg\",\"datePublished\":\"2025-12-08T18:42:38+00:00\",\"dateModified\":\"2025-12-09T14:12:27+00:00\",\"author\":{\"@id\":\"https:\/\/www.africa-press.net\/cotedivoire\/#\/schema\/person\/2b1cf3cd81a31e3cd26889ca66d677f1\"},\"description\":\"Le de\u0301pute\u0301 Georges-Armand Oue\u0301gnin a re\u0301agi avec fermete\u0301 et empathie a\u0300 la de\u0301cision du District d\u2019Abidjan d\u2019interdire ...\",\"breadcrumb\":{\"@id\":\"https:\/\/www.africa-press.net\/cotedivoire\/politique\/ouegnin-plaide-pour-lever-linterdiction-des-motos#breadcrumb\"},\"inLanguage\":\"fr-FR\",\"potentialAction\":[{\"@type\":\"ReadAction\",\"target\":[\"https:\/\/www.africa-press.net\/cotedivoire\/politique\/ouegnin-plaide-pour-lever-linterdiction-des-motos\"]}]},{\"@type\":\"ImageObject\",\"inLanguage\":\"fr-FR\",\"@id\":\"https:\/\/www.africa-press.net\/cotedivoire\/politique\/ouegnin-plaide-pour-lever-linterdiction-des-motos#primaryimage\",\"url\":\"https:\/\/static.africa-press.net\/cote\/sites\/43\/2025\/12\/sm_1765207819.126981.jpg\",\"contentUrl\":\"https:\/\/static.africa-press.net\/cote\/sites\/43\/2025\/12\/sm_1765207819.126981.jpg\",\"width\":720,\"height\":480,\"caption\":\"Ou\u00e9gnin Plaide Pour Lever L'Interdiction Des Motos\"},{\"@type\":\"BreadcrumbList\",\"@id\":\"https:\/\/www.africa-press.net\/cotedivoire\/politique\/ouegnin-plaide-pour-lever-linterdiction-des-motos#breadcrumb\",\"itemListElement\":[{\"@type\":\"ListItem\",\"position\":1,\"name\":\"Accueil\",\"item\":\"https:\/\/www.africa-press.net\/cotedivoire\/\"},{\"@type\":\"ListItem\",\"position\":2,\"name\":\"Ou\u00e9gnin Plaide Pour Lever L&#8217;Interdiction Des Motos\"}]},{\"@type\":\"WebSite\",\"@id\":\"https:\/\/www.africa-press.net\/cotedivoire\/#website\",\"url\":\"https:\/\/www.africa-press.net\/cotedivoire\/\",\"name\":\"C\u00f4te d&#039;Ivoire\",\"description\":\"Just another Africa News Agency Sites site\",\"potentialAction\":[{\"@type\":\"SearchAction\",\"target\":{\"@type\":\"EntryPoint\",\"urlTemplate\":\"https:\/\/www.africa-press.net\/cotedivoire\/?s={search_term_string}\"},\"query-input\":{\"@type\":\"PropertyValueSpecification\",\"valueRequired\":true,\"valueName\":\"search_term_string\"}}],\"inLanguage\":\"fr-FR\"},{\"@type\":\"Person\",\"@id\":\"https:\/\/www.africa-press.net\/cotedivoire\/#\/schema\/person\/2b1cf3cd81a31e3cd26889ca66d677f1\",\"name\":\"cfeditorfr\"}]}<\/script>\n<!-- \/ Yoast SEO Premium plugin. -->","yoast_head_json":{"title":"Ou\u00e9gnin Plaide Pour Lever L'Interdiction Des Motos - C\u00f4te d&#039;Ivoire","description":"Le de\u0301pute\u0301 Georges-Armand Oue\u0301gnin a re\u0301agi avec fermete\u0301 et empathie a\u0300 la de\u0301cision du District d\u2019Abidjan d\u2019interdire ...","robots":{"index":"index","follow":"follow","max-snippet":"max-snippet:-1","max-image-preview":"max-image-preview:large","max-video-preview":"max-video-preview:-1"},"canonical":"https:\/\/www.africa-press.net\/cotedivoire\/politique\/ouegnin-plaide-pour-lever-linterdiction-des-motos","og_locale":"fr_FR","og_type":"article","og_title":"Ou\u00e9gnin Plaide Pour Lever L'Interdiction Des Motos","og_description":"Le de\u0301pute\u0301 Georges-Armand Oue\u0301gnin a re\u0301agi avec fermete\u0301 et empathie a\u0300 la de\u0301cision du District d\u2019Abidjan d\u2019interdire ...","og_url":"https:\/\/www.africa-press.net\/cotedivoire\/politique\/ouegnin-plaide-pour-lever-linterdiction-des-motos","og_site_name":"C\u00f4te d&#039;Ivoire","article_published_time":"2025-12-08T18:42:38+00:00","article_modified_time":"2025-12-09T14:12:27+00:00","og_image":[{"width":720,"height":480,"url":"https:\/\/static.africa-press.net\/cote\/sites\/43\/2025\/12\/sm_1765207819.126981.jpg","type":"image\/jpeg"}],"author":"cfeditorfr","twitter_card":"summary_large_image","twitter_misc":{"\u00c9crit par":"cfeditorfr","Dur\u00e9e de lecture estim\u00e9e":"3 minutes"},"schema":{"@context":"https:\/\/schema.org","@graph":[{"@type":"Article","@id":"https:\/\/www.africa-press.net\/cotedivoire\/politique\/ouegnin-plaide-pour-lever-linterdiction-des-motos#article","isPartOf":{"@id":"https:\/\/www.africa-press.net\/cotedivoire\/politique\/ouegnin-plaide-pour-lever-linterdiction-des-motos"},"author":{"name":"cfeditorfr","@id":"https:\/\/www.africa-press.net\/cotedivoire\/#\/schema\/person\/2b1cf3cd81a31e3cd26889ca66d677f1"},"headline":"Ou\u00e9gnin Plaide Pour Lever L&rsquo;Interdiction Des Motos","datePublished":"2025-12-08T18:42:38+00:00","dateModified":"2025-12-09T14:12:27+00:00","mainEntityOfPage":{"@id":"https:\/\/www.africa-press.net\/cotedivoire\/politique\/ouegnin-plaide-pour-lever-linterdiction-des-motos"},"wordCount":652,"commentCount":0,"image":{"@id":"https:\/\/www.africa-press.net\/cotedivoire\/politique\/ouegnin-plaide-pour-lever-linterdiction-des-motos#primaryimage"},"thumbnailUrl":"https:\/\/static.africa-press.net\/cote\/sites\/43\/2025\/12\/sm_1765207819.126981.jpg","keywords":["Abidjan","C\u00d4TE D'IVOIRE","d\u00e9put\u00e9","emploi","\u00e9tude","famille","moto","Ou\u00e9gnin","tricycle"],"articleSection":["Politique","Toutes les actualit\u00e9s"],"inLanguage":"fr-FR","potentialAction":[{"@type":"CommentAction","name":"Comment","target":["https:\/\/www.africa-press.net\/cotedivoire\/politique\/ouegnin-plaide-pour-lever-linterdiction-des-motos#respond"]}]},{"@type":"WebPage","@id":"https:\/\/www.africa-press.net\/cotedivoire\/politique\/ouegnin-plaide-pour-lever-linterdiction-des-motos","url":"https:\/\/www.africa-press.net\/cotedivoire\/politique\/ouegnin-plaide-pour-lever-linterdiction-des-motos","name":"Ou\u00e9gnin Plaide Pour Lever L'Interdiction Des Motos - C\u00f4te d&#039;Ivoire","isPartOf":{"@id":"https:\/\/www.africa-press.net\/cotedivoire\/#website"},"primaryImageOfPage":{"@id":"https:\/\/www.africa-press.net\/cotedivoire\/politique\/ouegnin-plaide-pour-lever-linterdiction-des-motos#primaryimage"},"image":{"@id":"https:\/\/www.africa-press.net\/cotedivoire\/politique\/ouegnin-plaide-pour-lever-linterdiction-des-motos#primaryimage"},"thumbnailUrl":"https:\/\/static.africa-press.net\/cote\/sites\/43\/2025\/12\/sm_1765207819.126981.jpg","datePublished":"2025-12-08T18:42:38+00:00","dateModified":"2025-12-09T14:12:27+00:00","author":{"@id":"https:\/\/www.africa-press.net\/cotedivoire\/#\/schema\/person\/2b1cf3cd81a31e3cd26889ca66d677f1"},"description":"Le de\u0301pute\u0301 Georges-Armand Oue\u0301gnin a re\u0301agi avec fermete\u0301 et empathie a\u0300 la de\u0301cision du District d\u2019Abidjan d\u2019interdire ...","breadcrumb":{"@id":"https:\/\/www.africa-press.net\/cotedivoire\/politique\/ouegnin-plaide-pour-lever-linterdiction-des-motos#breadcrumb"},"inLanguage":"fr-FR","potentialAction":[{"@type":"ReadAction","target":["https:\/\/www.africa-press.net\/cotedivoire\/politique\/ouegnin-plaide-pour-lever-linterdiction-des-motos"]}]},{"@type":"ImageObject","inLanguage":"fr-FR","@id":"https:\/\/www.africa-press.net\/cotedivoire\/politique\/ouegnin-plaide-pour-lever-linterdiction-des-motos#primaryimage","url":"https:\/\/static.africa-press.net\/cote\/sites\/43\/2025\/12\/sm_1765207819.126981.jpg","contentUrl":"https:\/\/static.africa-press.net\/cote\/sites\/43\/2025\/12\/sm_1765207819.126981.jpg","width":720,"height":480,"caption":"Ou\u00e9gnin Plaide Pour Lever L'Interdiction Des Motos"},{"@type":"BreadcrumbList","@id":"https:\/\/www.africa-press.net\/cotedivoire\/politique\/ouegnin-plaide-pour-lever-linterdiction-des-motos#breadcrumb","itemListElement":[{"@type":"ListItem","position":1,"name":"Accueil","item":"https:\/\/www.africa-press.net\/cotedivoire\/"},{"@type":"ListItem","position":2,"name":"Ou\u00e9gnin Plaide Pour Lever L&#8217;Interdiction Des Motos"}]},{"@type":"WebSite","@id":"https:\/\/www.africa-press.net\/cotedivoire\/#website","url":"https:\/\/www.africa-press.net\/cotedivoire\/","name":"C\u00f4te d&#039;Ivoire","description":"Just another Africa News Agency Sites site","potentialAction":[{"@type":"SearchAction","target":{"@type":"EntryPoint","urlTemplate":"https:\/\/www.africa-press.net\/cotedivoire\/?s={search_term_string}"},"query-input":{"@type":"PropertyValueSpecification","valueRequired":true,"valueName":"search_term_string"}}],"inLanguage":"fr-FR"},{"@type":"Person","@id":"https:\/\/www.africa-press.net\/cotedivoire\/#\/schema\/person\/2b1cf3cd81a31e3cd26889ca66d677f1","name":"cfeditorfr"}]}},"_links":{"self":[{"href":"https:\/\/www.africa-press.net\/cotedivoire\/wp-json\/wp\/v2\/posts\/109944","targetHints":{"allow":["GET"]}}],"collection":[{"href":"https:\/\/www.africa-press.net\/cotedivoire\/wp-json\/wp\/v2\/posts"}],"about":[{"href":"https:\/\/www.africa-press.net\/cotedivoire\/wp-json\/wp\/v2\/types\/post"}],"author":[{"embeddable":true,"href":"https:\/\/www.africa-press.net\/cotedivoire\/wp-json\/wp\/v2\/users\/82"}],"replies":[{"embeddable":true,"href":"https:\/\/www.africa-press.net\/cotedivoire\/wp-json\/wp\/v2\/comments?post=109944"}],"version-history":[{"count":0,"href":"https:\/\/www.africa-press.net\/cotedivoire\/wp-json\/wp\/v2\/posts\/109944\/revisions"}],"wp:featuredmedia":[{"embeddable":true,"href":"https:\/\/www.africa-press.net\/cotedivoire\/wp-json\/wp\/v2\/media\/109943"}],"wp:attachment":[{"href":"https:\/\/www.africa-press.net\/cotedivoire\/wp-json\/wp\/v2\/media?parent=109944"}],"wp:term":[{"taxonomy":"category","embeddable":true,"href":"https:\/\/www.africa-press.net\/cotedivoire\/wp-json\/wp\/v2\/categories?post=109944"},{"taxonomy":"post_tag","embeddable":true,"href":"https:\/\/www.africa-press.net\/cotedivoire\/wp-json\/wp\/v2\/tags?post=109944"}],"curies":[{"name":"wp","href":"https:\/\/api.w.org\/{rel}","templated":true}]}}