{"id":109950,"date":"2025-12-08T18:42:30","date_gmt":"2025-12-08T18:42:30","guid":{"rendered":"https:\/\/www.africa-press.net\/cotedivoire\/politique\/abobo-celebre-victoire-ouattara-appel-a-mouiller-maillot"},"modified":"2025-12-09T14:15:06","modified_gmt":"2025-12-09T14:15:06","slug":"abobo-celebre-victoire-ouattara-appel-a-mouiller-maillot","status":"publish","type":"post","link":"https:\/\/www.africa-press.net\/cotedivoire\/politique\/abobo-celebre-victoire-ouattara-appel-a-mouiller-maillot","title":{"rendered":"Abobo C\u00e9l\u00e8bre Victoire Ouattara Appel \u00e0 Mouiller Maillot"},"content":{"rendered":"<p><span style=\"color: #ff6600\"><strong>Africa-Press &#8211; C\u00f4te d&rsquo;Ivoire. <\/strong><\/span>Tie\u0301moko Meyliet Kone\u0301 ici en parrain de la ce\u0301re\u0301monie du jour a\u0300 Abobo<\/p>\n<p>Abobo, c\u0153ur du \u201cADO Land\u201d, a vibre\u0301 ce samedi 6 de\u0301cembre 2025 lors de la fe\u0302te de la victoire organise\u0301e par le RHDP, deux jours seulement avant l\u2019investiture du Pre\u0301sident re\u0301e\u0301lu, Alassane Ouattara. Pre\u0301vue en face de la mairie, la ce\u0301re\u0301monie a mobilise\u0301 une foule dense venue ce\u0301le\u0301brer ce nouveau mandat et e\u0301couter les messages des hauts responsables du parti.<\/p>\n<p>Malgre\u0301 l\u2019enthousiasme, une forte pluie venue interrompre les prestations artistiques a mis fin pre\u0301mature\u0301ment a\u0300 l\u2019e\u0301ve\u0301nement. Mais avant ce contretemps, des interventions majeures ont marque\u0301 la ce\u0301re\u0301monie: celle de Cisse\u0301 Ibrahim Bacongo, Secre\u0301taire exe\u0301cutif du RHDP, et celle du ministre d\u2019E\u0301tat Te\u0301ne\u0301 Birahima Ouattara, candidat du parti aux le\u0301gislatives a\u0300 Abobo.<\/p>\n<p>Prenant la parole devant les militants, Cisse\u0301 Ibrahim Bacongo a exprime\u0301 la gratitude du Directoire du RHDP envers les populations d\u2019Abobo et l\u2019ensemble des Ivoiriens. Il a rappele\u0301 que la re\u0301e\u0301lection du Pre\u0301sident Ouattara est une e\u0301tape importante, mais qu\u2019elle ne marque pas la fin du combat politique.\u201cTant que la marche n\u2019est pas termine\u0301e, le balancement des bras continue.\u201d<\/p>\n<p>Par cette image, le Secre\u0301taire exe\u0301cutif du RHDP a appele\u0301 a\u0300 maintenir la mobilisation en vue des e\u0301lections le\u0301gislatives du 27 de\u0301cembre 2025. Il a insiste\u0301 sur l\u2019importance de donner au Pre\u0301sident les moyens humains de mettre en \u0153uvre son programme pour les cinq anne\u0301es a\u0300 venir.<\/p>\n<p>Revenant sur le processus de se\u0301lection des candidats, Bacongo a de\u0301taille\u0301 la rigueur du dispositif, 255 candidats officiellement investis par le RHDP. Selon lui, la se\u0301lection a e\u0301te\u0301 re\u0301alise\u0301e apre\u0300s un travail conjoint du Secre\u0301tariat exe\u0301cutif, du Premier ministre et du Vice-pre\u0301sident et la validation finale par le Pre\u0301sident Alassane Ouattara. Il a annonce\u0301 que les aspirants ont e\u0301crit un engagement a\u0300 ne pas se pre\u0301senter en inde\u0301pendants s\u2019ils ne sont pas retenus<\/p>\n<p>Il a averti les militants contre les candidatures paralle\u0300les: \u201cCeux et celles que le Pre\u0301sident Alassane Ouattara a choisis, ce sont les candidats officiels. Si vous voyez d\u2019autres personnes se re\u0301clamer du RHDP, ils ne sont pas nos candidats.\u201d<\/p>\n<p>Bacongo a conclu en appelant a\u0300 une discipline sans faille et a\u0300 une mobilisation totale pour assurer la victoire des 255 candidats du parti.<\/p>\n<p>En tant que candidat du RHDP a\u0300 Abobo, Te\u0301ne\u0301 Birahima Ouattara a livre\u0301 un message fort, remerciant les populations pour leur soutien massif lors de la pre\u0301sidentielle du 25 octobre.\u201cCette victoire est celle du de\u0301veloppement, de la stabilite\u0301 et surtout de la paix.\u201d<\/p>\n<p>Il est revenu sur le climat pre\u0301-e\u0301lectoral, marque\u0301 par des inquie\u0301tudes, et a salue\u0301 la maturite\u0301 des Ivoiriens, ainsi que le professionnalisme des forces de de\u0301fense et de se\u0301curite\u0301.<\/p>\n<p>Le ministre d\u2019E\u0301tat a e\u0301galement rendu hommage aux figures disparues du RHDP, notamment les ex-Premiers ministres Amadou Gon Coulibaly et Hamed Bakayoko, mais aussi aux militantes et militants tombe\u0301s pour leurs convictions, citant particulie\u0300rement les sept femmes d\u2019Abobo tue\u0301es en 2011.<\/p>\n<p>Portant son regard vers les le\u0301gislatives du 27 de\u0301cembre, il a souligne\u0301 l\u2019importance strate\u0301gique de ce scrutin:\u201cNous devons de\u0301montrer que le RHDP est le plus grand parti de Co\u0302te d\u2019Ivoire.\u201d\u201cIl faut offrir au Pre\u0301sident une majorite\u0301 e\u0301crasante a\u0300 l\u2019Assemble\u0301e nationale.\u201d<\/p>\n<p>Tout en reconnaissant la le\u0301gitimite\u0301 des ambitions individuelles, il a rappele\u0301 la ne\u0301cessite\u0301 de la discipline:\u201cLes ambitions sont le\u0301gitimes, mais nous devons rester aligne\u0301s sur les choix du parti.\u201d<\/p>\n<p>Te\u0301ne\u0301 Birahima Ouattara a appele\u0301 chaque militant a\u0300 devenir porte-parole et directeur de campagne sur le terrain, lanc\u0327ant un appel vibrant: \u201cE\u0302tes-vous pre\u0302ts? Alors, mouillez le maillot pour le RHDP ! Rendez-vous le 27 de\u0301cembre.\u201d<\/p>\n<p>Alors qu\u2019une prestation de l\u2019artiste Josey battait son plein, une pluie soudaine s\u2019est abattue sur Abobo, provoquant la dispersion du public et obligeant les organisateurs a\u0300 mettre fin a\u0300 l\u2019e\u0301ve\u0301nement.<\/p>\n<p>Suscitant l&rsquo;enthousiasme, le Vice-pre\u0301sident, Tie\u0301moko Meyliet Kone\u0301, parrain de la ce\u0301re\u0301monie attendu pour une allocution, n\u2019a finalement, de fait, pas pu s\u2019adresser a\u0300 la foule.<\/p>\n<p>La fe\u0302te de la victoire s\u2019est donc conclue sur un gou\u0302t d\u2019inacheve\u0301 tant les mots du dauphin constitutionnel e\u0301taient attendus, malgre\u0301 une mobilisation exceptionnelle. Pour rappel, l&rsquo;homme de confiance du Pre\u0301sident Ouattara sera candidat pour la premie\u0300re fois dans une e\u0301lection en Co\u0302te d&rsquo;Ivoire et cela sera pour ces le\u0301gislatives chez lui a\u0300 Tafire\u0301.<\/p>\n<p>Cette ce\u0301le\u0301bration, bien que perturbe\u0301e par la me\u0301te\u0301o, a permis au RHDP de re\u0301affirmer sa cohe\u0301sion, sa discipline et son ambition d\u2019obtenir une majorite\u0301 forte a\u0300 l\u2019Assemble\u0301e nationale.<\/p>\n<p>Entre reconnaissance, hommages et mobilisation ge\u0301ne\u0301rale, Abobo a une fois de plus confirme\u0301 son statut de bastion majeur du parti pre\u0301sidentiel.<\/p>\n<p><strong>Pour plus d&rsquo;informations et d&rsquo;analyses sur la <span style=\"color: #ff6600\">C\u00f4te d&rsquo;Ivoire<\/span>, suivez <span style=\"color: #ff6600\">Africa-Press<\/span><\/strong><\/p>\n","protected":false},"excerpt":{"rendered":"<p>Africa-Press &#8211; C\u00f4te d&rsquo;Ivoire. Tie\u0301moko Meyliet Kone\u0301 ici en parrain de la ce\u0301re\u0301monie du jour a\u0300 Abobo Abobo, c\u0153ur du \u201cADO Land\u201d, a vibre\u0301 ce samedi 6 de\u0301cembre 2025 lors de la fe\u0302te de la victoire organise\u0301e par le RHDP, deux jours seulement avant l\u2019investiture du Pre\u0301sident re\u0301e\u0301lu, Alassane Ouattara. Pre\u0301vue en face de la [&hellip;]<\/p>\n","protected":false},"author":82,"featured_media":109949,"comment_status":"open","ping_status":"closed","sticky":false,"template":"","format":"standard","meta":{"footnotes":""},"categories":[2,20,10],"tags":[787,38,951,29,18556,19356,371,650,5615],"class_list":["post-109950","post","type-post","status-publish","format-standard","has-post-thumbnail","hentry","category-politique","category-top-nouvelles","category-toutes-les-actualites","tag-abobo","tag-alassane-ouattara","tag-cisse-bacongo","tag-cote-divoire","tag-elections-2025","tag-legislatives-2025","tag-rhdp","tag-tene-birahima","tag-tiemoko-meyliet-kone"],"yoast_head":"<!-- This site is optimized with the Yoast SEO Premium plugin v26.1 (Yoast SEO v27.0) - https:\/\/yoast.com\/product\/yoast-seo-premium-wordpress\/ -->\n<title>Abobo C\u00e9l\u00e8bre Victoire Ouattara Appel \u00e0 Mouiller Maillot - C\u00f4te d&#039;Ivoire<\/title>\n<meta name=\"description\" content=\"Tie\u0301moko Meyliet Kone\u0301 ici en parrain de la ce\u0301re\u0301monie du jour a\u0300 Abobo Abobo, c\u0153ur du \u201cADO Land\u201d, a vibre\u0301 ce samedi ...\" \/>\n<meta name=\"robots\" content=\"index, follow, max-snippet:-1, max-image-preview:large, max-video-preview:-1\" \/>\n<link rel=\"canonical\" href=\"https:\/\/www.africa-press.net\/cotedivoire\/politique\/abobo-celebre-victoire-ouattara-appel-a-mouiller-maillot\" \/>\n<meta property=\"og:locale\" content=\"fr_FR\" \/>\n<meta property=\"og:type\" content=\"article\" \/>\n<meta property=\"og:title\" content=\"Abobo C\u00e9l\u00e8bre Victoire Ouattara Appel \u00e0 Mouiller Maillot\" \/>\n<meta property=\"og:description\" content=\"Tie\u0301moko Meyliet Kone\u0301 ici en parrain de la ce\u0301re\u0301monie du jour a\u0300 Abobo Abobo, c\u0153ur du \u201cADO Land\u201d, a vibre\u0301 ce samedi ...\" \/>\n<meta property=\"og:url\" content=\"https:\/\/www.africa-press.net\/cotedivoire\/politique\/abobo-celebre-victoire-ouattara-appel-a-mouiller-maillot\" \/>\n<meta property=\"og:site_name\" content=\"C\u00f4te d&#039;Ivoire\" \/>\n<meta property=\"article:published_time\" content=\"2025-12-08T18:42:30+00:00\" \/>\n<meta property=\"article:modified_time\" content=\"2025-12-09T14:15:06+00:00\" \/>\n<meta property=\"og:image\" content=\"https:\/\/static.africa-press.net\/cote\/sites\/43\/2025\/12\/sm_1765207957.400302.jpg\" \/>\n\t<meta property=\"og:image:width\" content=\"720\" \/>\n\t<meta property=\"og:image:height\" content=\"435\" \/>\n\t<meta property=\"og:image:type\" content=\"image\/jpeg\" \/>\n<meta name=\"author\" content=\"cfeditorfr\" \/>\n<meta name=\"twitter:card\" content=\"summary_large_image\" \/>\n<meta name=\"twitter:label1\" content=\"\u00c9crit par\" \/>\n\t<meta name=\"twitter:data1\" content=\"cfeditorfr\" \/>\n\t<meta name=\"twitter:label2\" content=\"Dur\u00e9e de lecture estim\u00e9e\" \/>\n\t<meta name=\"twitter:data2\" content=\"5 minutes\" \/>\n<script type=\"application\/ld+json\" class=\"yoast-schema-graph\">{\"@context\":\"https:\/\/schema.org\",\"@graph\":[{\"@type\":\"Article\",\"@id\":\"https:\/\/www.africa-press.net\/cotedivoire\/politique\/abobo-celebre-victoire-ouattara-appel-a-mouiller-maillot#article\",\"isPartOf\":{\"@id\":\"https:\/\/www.africa-press.net\/cotedivoire\/politique\/abobo-celebre-victoire-ouattara-appel-a-mouiller-maillot\"},\"author\":{\"name\":\"cfeditorfr\",\"@id\":\"https:\/\/www.africa-press.net\/cotedivoire\/#\/schema\/person\/2b1cf3cd81a31e3cd26889ca66d677f1\"},\"headline\":\"Abobo C\u00e9l\u00e8bre Victoire Ouattara Appel \u00e0 Mouiller Maillot\",\"datePublished\":\"2025-12-08T18:42:30+00:00\",\"dateModified\":\"2025-12-09T14:15:06+00:00\",\"mainEntityOfPage\":{\"@id\":\"https:\/\/www.africa-press.net\/cotedivoire\/politique\/abobo-celebre-victoire-ouattara-appel-a-mouiller-maillot\"},\"wordCount\":905,\"commentCount\":0,\"image\":{\"@id\":\"https:\/\/www.africa-press.net\/cotedivoire\/politique\/abobo-celebre-victoire-ouattara-appel-a-mouiller-maillot#primaryimage\"},\"thumbnailUrl\":\"https:\/\/static.africa-press.net\/cote\/sites\/43\/2025\/12\/sm_1765207957.400302.jpg\",\"keywords\":[\"Abobo\",\"Alassane Ouattara\",\"Ciss\u00e9 Bacongo\",\"C\u00d4TE D'IVOIRE\",\"\u00e9lections 2025\",\"L\u00e9gislatives 2025\",\"RHDP\",\"T\u00e9n\u00e9 Birahima\",\"Ti\u00e9moko Meyliet Kon\u00e9\"],\"articleSection\":[\"Politique\",\"Top Nouvelles\",\"Toutes les actualit\u00e9s\"],\"inLanguage\":\"fr-FR\",\"potentialAction\":[{\"@type\":\"CommentAction\",\"name\":\"Comment\",\"target\":[\"https:\/\/www.africa-press.net\/cotedivoire\/politique\/abobo-celebre-victoire-ouattara-appel-a-mouiller-maillot#respond\"]}]},{\"@type\":\"WebPage\",\"@id\":\"https:\/\/www.africa-press.net\/cotedivoire\/politique\/abobo-celebre-victoire-ouattara-appel-a-mouiller-maillot\",\"url\":\"https:\/\/www.africa-press.net\/cotedivoire\/politique\/abobo-celebre-victoire-ouattara-appel-a-mouiller-maillot\",\"name\":\"Abobo C\u00e9l\u00e8bre Victoire Ouattara Appel \u00e0 Mouiller Maillot - C\u00f4te d&#039;Ivoire\",\"isPartOf\":{\"@id\":\"https:\/\/www.africa-press.net\/cotedivoire\/#website\"},\"primaryImageOfPage\":{\"@id\":\"https:\/\/www.africa-press.net\/cotedivoire\/politique\/abobo-celebre-victoire-ouattara-appel-a-mouiller-maillot#primaryimage\"},\"image\":{\"@id\":\"https:\/\/www.africa-press.net\/cotedivoire\/politique\/abobo-celebre-victoire-ouattara-appel-a-mouiller-maillot#primaryimage\"},\"thumbnailUrl\":\"https:\/\/static.africa-press.net\/cote\/sites\/43\/2025\/12\/sm_1765207957.400302.jpg\",\"datePublished\":\"2025-12-08T18:42:30+00:00\",\"dateModified\":\"2025-12-09T14:15:06+00:00\",\"author\":{\"@id\":\"https:\/\/www.africa-press.net\/cotedivoire\/#\/schema\/person\/2b1cf3cd81a31e3cd26889ca66d677f1\"},\"description\":\"Tie\u0301moko Meyliet Kone\u0301 ici en parrain de la ce\u0301re\u0301monie du jour a\u0300 Abobo Abobo, c\u0153ur du \u201cADO Land\u201d, a vibre\u0301 ce samedi ...\",\"breadcrumb\":{\"@id\":\"https:\/\/www.africa-press.net\/cotedivoire\/politique\/abobo-celebre-victoire-ouattara-appel-a-mouiller-maillot#breadcrumb\"},\"inLanguage\":\"fr-FR\",\"potentialAction\":[{\"@type\":\"ReadAction\",\"target\":[\"https:\/\/www.africa-press.net\/cotedivoire\/politique\/abobo-celebre-victoire-ouattara-appel-a-mouiller-maillot\"]}]},{\"@type\":\"ImageObject\",\"inLanguage\":\"fr-FR\",\"@id\":\"https:\/\/www.africa-press.net\/cotedivoire\/politique\/abobo-celebre-victoire-ouattara-appel-a-mouiller-maillot#primaryimage\",\"url\":\"https:\/\/static.africa-press.net\/cote\/sites\/43\/2025\/12\/sm_1765207957.400302.jpg\",\"contentUrl\":\"https:\/\/static.africa-press.net\/cote\/sites\/43\/2025\/12\/sm_1765207957.400302.jpg\",\"width\":720,\"height\":435,\"caption\":\"Abobo C\u00e9l\u00e8bre Victoire Ouattara Appel \u00e0 Mouiller Maillot\"},{\"@type\":\"BreadcrumbList\",\"@id\":\"https:\/\/www.africa-press.net\/cotedivoire\/politique\/abobo-celebre-victoire-ouattara-appel-a-mouiller-maillot#breadcrumb\",\"itemListElement\":[{\"@type\":\"ListItem\",\"position\":1,\"name\":\"Accueil\",\"item\":\"https:\/\/www.africa-press.net\/cotedivoire\/\"},{\"@type\":\"ListItem\",\"position\":2,\"name\":\"Abobo C\u00e9l\u00e8bre Victoire Ouattara Appel \u00e0 Mouiller Maillot\"}]},{\"@type\":\"WebSite\",\"@id\":\"https:\/\/www.africa-press.net\/cotedivoire\/#website\",\"url\":\"https:\/\/www.africa-press.net\/cotedivoire\/\",\"name\":\"C\u00f4te d&#039;Ivoire\",\"description\":\"Just another Africa News Agency Sites site\",\"potentialAction\":[{\"@type\":\"SearchAction\",\"target\":{\"@type\":\"EntryPoint\",\"urlTemplate\":\"https:\/\/www.africa-press.net\/cotedivoire\/?s={search_term_string}\"},\"query-input\":{\"@type\":\"PropertyValueSpecification\",\"valueRequired\":true,\"valueName\":\"search_term_string\"}}],\"inLanguage\":\"fr-FR\"},{\"@type\":\"Person\",\"@id\":\"https:\/\/www.africa-press.net\/cotedivoire\/#\/schema\/person\/2b1cf3cd81a31e3cd26889ca66d677f1\",\"name\":\"cfeditorfr\"}]}<\/script>\n<!-- \/ Yoast SEO Premium plugin. -->","yoast_head_json":{"title":"Abobo C\u00e9l\u00e8bre Victoire Ouattara Appel \u00e0 Mouiller Maillot - C\u00f4te d&#039;Ivoire","description":"Tie\u0301moko Meyliet Kone\u0301 ici en parrain de la ce\u0301re\u0301monie du jour a\u0300 Abobo Abobo, c\u0153ur du \u201cADO Land\u201d, a vibre\u0301 ce samedi ...","robots":{"index":"index","follow":"follow","max-snippet":"max-snippet:-1","max-image-preview":"max-image-preview:large","max-video-preview":"max-video-preview:-1"},"canonical":"https:\/\/www.africa-press.net\/cotedivoire\/politique\/abobo-celebre-victoire-ouattara-appel-a-mouiller-maillot","og_locale":"fr_FR","og_type":"article","og_title":"Abobo C\u00e9l\u00e8bre Victoire Ouattara Appel \u00e0 Mouiller Maillot","og_description":"Tie\u0301moko Meyliet Kone\u0301 ici en parrain de la ce\u0301re\u0301monie du jour a\u0300 Abobo Abobo, c\u0153ur du \u201cADO Land\u201d, a vibre\u0301 ce samedi ...","og_url":"https:\/\/www.africa-press.net\/cotedivoire\/politique\/abobo-celebre-victoire-ouattara-appel-a-mouiller-maillot","og_site_name":"C\u00f4te d&#039;Ivoire","article_published_time":"2025-12-08T18:42:30+00:00","article_modified_time":"2025-12-09T14:15:06+00:00","og_image":[{"width":720,"height":435,"url":"https:\/\/static.africa-press.net\/cote\/sites\/43\/2025\/12\/sm_1765207957.400302.jpg","type":"image\/jpeg"}],"author":"cfeditorfr","twitter_card":"summary_large_image","twitter_misc":{"\u00c9crit par":"cfeditorfr","Dur\u00e9e de lecture estim\u00e9e":"5 minutes"},"schema":{"@context":"https:\/\/schema.org","@graph":[{"@type":"Article","@id":"https:\/\/www.africa-press.net\/cotedivoire\/politique\/abobo-celebre-victoire-ouattara-appel-a-mouiller-maillot#article","isPartOf":{"@id":"https:\/\/www.africa-press.net\/cotedivoire\/politique\/abobo-celebre-victoire-ouattara-appel-a-mouiller-maillot"},"author":{"name":"cfeditorfr","@id":"https:\/\/www.africa-press.net\/cotedivoire\/#\/schema\/person\/2b1cf3cd81a31e3cd26889ca66d677f1"},"headline":"Abobo C\u00e9l\u00e8bre Victoire Ouattara Appel \u00e0 Mouiller Maillot","datePublished":"2025-12-08T18:42:30+00:00","dateModified":"2025-12-09T14:15:06+00:00","mainEntityOfPage":{"@id":"https:\/\/www.africa-press.net\/cotedivoire\/politique\/abobo-celebre-victoire-ouattara-appel-a-mouiller-maillot"},"wordCount":905,"commentCount":0,"image":{"@id":"https:\/\/www.africa-press.net\/cotedivoire\/politique\/abobo-celebre-victoire-ouattara-appel-a-mouiller-maillot#primaryimage"},"thumbnailUrl":"https:\/\/static.africa-press.net\/cote\/sites\/43\/2025\/12\/sm_1765207957.400302.jpg","keywords":["Abobo","Alassane Ouattara","Ciss\u00e9 Bacongo","C\u00d4TE D'IVOIRE","\u00e9lections 2025","L\u00e9gislatives 2025","RHDP","T\u00e9n\u00e9 Birahima","Ti\u00e9moko Meyliet Kon\u00e9"],"articleSection":["Politique","Top Nouvelles","Toutes les actualit\u00e9s"],"inLanguage":"fr-FR","potentialAction":[{"@type":"CommentAction","name":"Comment","target":["https:\/\/www.africa-press.net\/cotedivoire\/politique\/abobo-celebre-victoire-ouattara-appel-a-mouiller-maillot#respond"]}]},{"@type":"WebPage","@id":"https:\/\/www.africa-press.net\/cotedivoire\/politique\/abobo-celebre-victoire-ouattara-appel-a-mouiller-maillot","url":"https:\/\/www.africa-press.net\/cotedivoire\/politique\/abobo-celebre-victoire-ouattara-appel-a-mouiller-maillot","name":"Abobo C\u00e9l\u00e8bre Victoire Ouattara Appel \u00e0 Mouiller Maillot - C\u00f4te d&#039;Ivoire","isPartOf":{"@id":"https:\/\/www.africa-press.net\/cotedivoire\/#website"},"primaryImageOfPage":{"@id":"https:\/\/www.africa-press.net\/cotedivoire\/politique\/abobo-celebre-victoire-ouattara-appel-a-mouiller-maillot#primaryimage"},"image":{"@id":"https:\/\/www.africa-press.net\/cotedivoire\/politique\/abobo-celebre-victoire-ouattara-appel-a-mouiller-maillot#primaryimage"},"thumbnailUrl":"https:\/\/static.africa-press.net\/cote\/sites\/43\/2025\/12\/sm_1765207957.400302.jpg","datePublished":"2025-12-08T18:42:30+00:00","dateModified":"2025-12-09T14:15:06+00:00","author":{"@id":"https:\/\/www.africa-press.net\/cotedivoire\/#\/schema\/person\/2b1cf3cd81a31e3cd26889ca66d677f1"},"description":"Tie\u0301moko Meyliet Kone\u0301 ici en parrain de la ce\u0301re\u0301monie du jour a\u0300 Abobo Abobo, c\u0153ur du \u201cADO Land\u201d, a vibre\u0301 ce samedi ...","breadcrumb":{"@id":"https:\/\/www.africa-press.net\/cotedivoire\/politique\/abobo-celebre-victoire-ouattara-appel-a-mouiller-maillot#breadcrumb"},"inLanguage":"fr-FR","potentialAction":[{"@type":"ReadAction","target":["https:\/\/www.africa-press.net\/cotedivoire\/politique\/abobo-celebre-victoire-ouattara-appel-a-mouiller-maillot"]}]},{"@type":"ImageObject","inLanguage":"fr-FR","@id":"https:\/\/www.africa-press.net\/cotedivoire\/politique\/abobo-celebre-victoire-ouattara-appel-a-mouiller-maillot#primaryimage","url":"https:\/\/static.africa-press.net\/cote\/sites\/43\/2025\/12\/sm_1765207957.400302.jpg","contentUrl":"https:\/\/static.africa-press.net\/cote\/sites\/43\/2025\/12\/sm_1765207957.400302.jpg","width":720,"height":435,"caption":"Abobo C\u00e9l\u00e8bre Victoire Ouattara Appel \u00e0 Mouiller Maillot"},{"@type":"BreadcrumbList","@id":"https:\/\/www.africa-press.net\/cotedivoire\/politique\/abobo-celebre-victoire-ouattara-appel-a-mouiller-maillot#breadcrumb","itemListElement":[{"@type":"ListItem","position":1,"name":"Accueil","item":"https:\/\/www.africa-press.net\/cotedivoire\/"},{"@type":"ListItem","position":2,"name":"Abobo C\u00e9l\u00e8bre Victoire Ouattara Appel \u00e0 Mouiller Maillot"}]},{"@type":"WebSite","@id":"https:\/\/www.africa-press.net\/cotedivoire\/#website","url":"https:\/\/www.africa-press.net\/cotedivoire\/","name":"C\u00f4te d&#039;Ivoire","description":"Just another Africa News Agency Sites site","potentialAction":[{"@type":"SearchAction","target":{"@type":"EntryPoint","urlTemplate":"https:\/\/www.africa-press.net\/cotedivoire\/?s={search_term_string}"},"query-input":{"@type":"PropertyValueSpecification","valueRequired":true,"valueName":"search_term_string"}}],"inLanguage":"fr-FR"},{"@type":"Person","@id":"https:\/\/www.africa-press.net\/cotedivoire\/#\/schema\/person\/2b1cf3cd81a31e3cd26889ca66d677f1","name":"cfeditorfr"}]}},"_links":{"self":[{"href":"https:\/\/www.africa-press.net\/cotedivoire\/wp-json\/wp\/v2\/posts\/109950","targetHints":{"allow":["GET"]}}],"collection":[{"href":"https:\/\/www.africa-press.net\/cotedivoire\/wp-json\/wp\/v2\/posts"}],"about":[{"href":"https:\/\/www.africa-press.net\/cotedivoire\/wp-json\/wp\/v2\/types\/post"}],"author":[{"embeddable":true,"href":"https:\/\/www.africa-press.net\/cotedivoire\/wp-json\/wp\/v2\/users\/82"}],"replies":[{"embeddable":true,"href":"https:\/\/www.africa-press.net\/cotedivoire\/wp-json\/wp\/v2\/comments?post=109950"}],"version-history":[{"count":0,"href":"https:\/\/www.africa-press.net\/cotedivoire\/wp-json\/wp\/v2\/posts\/109950\/revisions"}],"wp:featuredmedia":[{"embeddable":true,"href":"https:\/\/www.africa-press.net\/cotedivoire\/wp-json\/wp\/v2\/media\/109949"}],"wp:attachment":[{"href":"https:\/\/www.africa-press.net\/cotedivoire\/wp-json\/wp\/v2\/media?parent=109950"}],"wp:term":[{"taxonomy":"category","embeddable":true,"href":"https:\/\/www.africa-press.net\/cotedivoire\/wp-json\/wp\/v2\/categories?post=109950"},{"taxonomy":"post_tag","embeddable":true,"href":"https:\/\/www.africa-press.net\/cotedivoire\/wp-json\/wp\/v2\/tags?post=109950"}],"curies":[{"name":"wp","href":"https:\/\/api.w.org\/{rel}","templated":true}]}}