{"id":109959,"date":"2025-12-09T14:10:53","date_gmt":"2025-12-09T14:10:53","guid":{"rendered":"https:\/\/www.africa-press.net\/cotedivoire\/politique\/gbagbo-appelle-a-reprendre-les-investigations-internationales"},"modified":"2025-12-09T14:15:25","modified_gmt":"2025-12-09T14:15:25","slug":"gbagbo-appelle-a-reprendre-les-investigations-internationales","status":"publish","type":"post","link":"https:\/\/www.africa-press.net\/cotedivoire\/politique\/gbagbo-appelle-a-reprendre-les-investigations-internationales","title":{"rendered":"Gbagbo Appelle \u00e0 Reprendre les Investigations Internationales"},"content":{"rendered":"<p><span style=\"color: #ff6600\"><strong>Africa-Press &#8211; C\u00f4te d&rsquo;Ivoire. <\/strong><\/span>Dans une longue de\u0301claration rendue publique ce lundi, Laurent Gbagbo, ancien pre\u0301sident de la Re\u0301publique de Co\u0302te d\u2019Ivoire et ancien de\u0301tenu de la Cour pe\u0301nale internationale (CPI), a revisite\u0301 les grandes e\u0301tapes de la crise ivoirienne et appele\u0301 a\u0300 la reprise des investigations internationales sur les responsabilite\u0301s dans la re\u0301bellion des anne\u0301es 2000 et dans la crise poste\u0301lectorale de 2010-2011.<\/p>\n<p>Dans un ton grave, l\u2019ancien chef de l\u2019E\u0301tat a rappele\u0301 que, selon lui, la ve\u0301rite\u0301 et la justice restent les conditions indispensables a\u0300 une paix durable.<\/p>\n<p>Laurent Gbagbo ouvre sa de\u0301claration en revenant sur les premiers jours de son mandat, commence\u0301 en octobre 2000 apre\u0300s une e\u0301lection pre\u0301sidentielle qu\u2019il affirme avoir remporte\u0301e selon les re\u0301sultats proclame\u0301s par la Cour supre\u0302me.<\/p>\n<p>Quelques jours apre\u0300s sa prise de fonctions, explique-t-il, le gouvernement de\u0301couvre un charnier a\u0300 Yopougon. Une enque\u0302te est imme\u0301diatement ouverte et vise notamment des gendarmes, finalement relaxe\u0301s par la justice.<\/p>\n<p>Deux mois plus tard, les 4 et 5 janvier 2001, un premier commando venu du Nord attaque le pays. Une offensive rapidement repousse\u0301e, e\u0301crit-il, avant qu\u2019une attaque plus vaste n\u2019ait lieu dans la nuit du 18 au 19 septembre 2002.<\/p>\n<p>Selon Gbagbo, cette seconde ope\u0301ration marque un tournant, les rebelles entrent depuis le Burkina Faso, le pays est de\u0301chire\u0301 par des combats et une partie du territoire, notamment Bouake\u0301, e\u0301chappe au contro\u0302le du gouvernement.<\/p>\n<p>C\u2019est le de\u0301but d\u2019une partition de facto du pays, avec un Sud sous autorite\u0301 du gouvernement et un Nord contro\u0302le\u0301 par la re\u0301bellion ivoirienne.<\/p>\n<p>Le pre\u0301sident de\u0301chu rappelle la succession de me\u0301diations internationales: Accra, Marcoussis, Kle\u0301ber, Pretoria&#8230; sans succe\u0300s concret, selon lui.<\/p>\n<p>Face a\u0300 l\u2019enlisement, Laurent Gbagbo dit avoir pris l\u2019initiative, avec le soutien du pre\u0301sident sud-africain Thabo Mbeki, de deux de\u0301cisions majeures, autoriser Alassane Ouattara a\u0300 se pre\u0301senter aux prochaines e\u0301lections pre\u0301sidentielles et engager un dialogue direct avec le chef rebelle Guillaume Soro.<\/p>\n<p>Ces de\u0301marches me\u0300neront a\u0300 la signature de l\u2019Accord de Ouagadougou le 4 mars 2007 et a\u0300 la ce\u0301re\u0301monie symbolique de la Flamme de la paix a\u0300 Bouake\u0301 en juillet de la me\u0302me anne\u0301e.<\/p>\n<p>L\u2019ancien pre\u0301sident rappelle avoir exige\u0301 le de\u0301sarmement avant toute e\u0301lection, une demande ignore\u0301e selon lui par l\u2019ONU, par plusieurs pays occidentaux et par certains partis politiques ivoiriens.<\/p>\n<p>Les e\u0301lections de 2010 ont finalement lieu:1er tour: Gbagbo en te\u0302te avec 38 %, suivi d\u2019Alassane Ouattara (32 %) et d\u2019Henri Konan Be\u0301die\u0301 (25 %) et 2e tour: deux vainqueurs proclame\u0301s, chacun revendiquant la victoire.<\/p>\n<p>Le Conseil constitutionnel proclame Laurent Gbagbo e\u0301lu, mais l\u2019ONU, certains gouvernements occidentaux, et notamment le pre\u0301sident franc\u0327ais Nicolas Sarkozy, reconnaissent Alassane Ouattara.<\/p>\n<p>Cette confrontation de\u0301bouche sur des affrontements arme\u0301s. Gbagbo rappelle que sa re\u0301sidence fut bombarde\u0301e par l\u2019arme\u0301e franc\u0327aise et les forces de l\u2019ONU, aboutissant a\u0300 son arrestation le 11 avril 2011.<\/p>\n<p>Apre\u0300s plusieurs mois de de\u0301tention en Co\u0302te d\u2019Ivoire, Laurent Gbagbo est transfe\u0301re\u0301 a\u0300 la Cour pe\u0301nale internationale a\u0300 La Haye, ou\u0300 son dossier est ulte\u0301rieurement joint a\u0300 celui de Charles Ble\u0301 Goude\u0301.<\/p>\n<p>Le 15 janvier 2019, les deux hommes sont acquitte\u0301s, puis l\u2019acquittement devient de\u0301finitif le 31 mars 2021.<\/p>\n<p>Gbagbo de\u0301crit une vie sous surveillance a\u0300 Bruxelles, interdit de quitter la commune et contro\u0302le\u0301 chaque semaine par la police et la CPI.<\/p>\n<p>Dans sa de\u0301claration, Laurent Gbagbo affirme que la justice internationale a failli en ne poursuivant aucun autre acteur majeur de la crise.<\/p>\n<p>Il pose publiquement plusieurs questions:\u00ab Qui a conc\u0327u et finance\u0301 la re\u0301bellion? \u00bb \u00ab Qui a organise\u0301 le ge\u0301nocide We\u0302? \u00bb \u00ab Pourquoi l\u2019ONU et l\u2019Occident ont-ils impose\u0301 une e\u0301lection sans de\u0301sarmement? \u00bb<\/p>\n<p>Selon lui, son acquittement aurait du\u0302 de\u0301clencher automatiquement la recherche des ve\u0301ritables responsables des massacres et exactions.<\/p>\n<p>Il annonce avoir demande\u0301 a\u0300 son avocat, Mai\u0302tre Emmanuel Altit, de ressaisir la CPI afin de rouvrir le dossier de la guerre en Co\u0302te d\u2019Ivoire.<\/p>\n<p>Dans une conclusion solennelle, Laurent Gbagbo dit avoir \u00ab fait sa part \u00bb et appelle les autres acteurs a\u0300 faire la leur.<\/p>\n<p>Pour lui, pas de re\u0301conciliation nationale sans ve\u0301rite\u0301.<\/p>\n<p>Il re\u0301affirme son engagement en faveur des victimes de la crise ivoirienne, qui \u00ab attendent depuis des anne\u0301es que la ve\u0301rite\u0301 soit e\u0301tablie \u00bb.<\/p>\n<p><strong>Pour plus d&rsquo;informations et d&rsquo;analyses sur la <span style=\"color: #ff6600\">C\u00f4te d&rsquo;Ivoire<\/span>, suivez <span style=\"color: #ff6600\">Africa-Press<\/span><\/strong><\/p>\n","protected":false},"excerpt":{"rendered":"<p>Africa-Press &#8211; C\u00f4te d&rsquo;Ivoire. Dans une longue de\u0301claration rendue publique ce lundi, Laurent Gbagbo, ancien pre\u0301sident de la Re\u0301publique de Co\u0302te d\u2019Ivoire et ancien de\u0301tenu de la Cour pe\u0301nale internationale (CPI), a revisite\u0301 les grandes e\u0301tapes de la crise ivoirienne et appele\u0301 a\u0300 la reprise des investigations internationales sur les responsabilite\u0301s dans la re\u0301bellion des [&hellip;]<\/p>\n","protected":false},"author":82,"featured_media":109958,"comment_status":"open","ping_status":"closed","sticky":false,"template":"","format":"standard","meta":{"footnotes":""},"categories":[2,20,10],"tags":[6323,4192,29,693,19755,3886,6722,55,50,1142,727,60,601,1086],"class_list":["post-109959","post","type-post","status-publish","format-standard","has-post-thumbnail","hentry","category-politique","category-top-nouvelles","category-toutes-les-actualites","tag-accord","tag-civile","tag-cote-divoire","tag-cpi","tag-crise-ivoirienne","tag-guerre","tag-internationale","tag-justice","tag-laurent-gbagbo","tag-ouagadougou","tag-ouattara","tag-politique","tag-reconciliation","tag-soro"],"yoast_head":"<!-- This site is optimized with the Yoast SEO Premium plugin v26.1 (Yoast SEO v27.0) - https:\/\/yoast.com\/product\/yoast-seo-premium-wordpress\/ -->\n<title>Gbagbo Appelle \u00e0 Reprendre les Investigations Internationales - C\u00f4te d&#039;Ivoire<\/title>\n<meta name=\"description\" content=\"Dans une longue de\u0301claration rendue publique ce lundi, Laurent Gbagbo, ancien pre\u0301sident de la Re\u0301publique de Co\u0302te d\u2019Iv ...\" \/>\n<meta name=\"robots\" content=\"index, follow, max-snippet:-1, max-image-preview:large, max-video-preview:-1\" \/>\n<link rel=\"canonical\" href=\"https:\/\/www.africa-press.net\/cotedivoire\/politique\/gbagbo-appelle-a-reprendre-les-investigations-internationales\" \/>\n<meta property=\"og:locale\" content=\"fr_FR\" \/>\n<meta property=\"og:type\" content=\"article\" \/>\n<meta property=\"og:title\" content=\"Gbagbo Appelle \u00e0 Reprendre les Investigations Internationales\" \/>\n<meta property=\"og:description\" content=\"Dans une longue de\u0301claration rendue publique ce lundi, Laurent Gbagbo, ancien pre\u0301sident de la Re\u0301publique de Co\u0302te d\u2019Iv ...\" \/>\n<meta property=\"og:url\" content=\"https:\/\/www.africa-press.net\/cotedivoire\/politique\/gbagbo-appelle-a-reprendre-les-investigations-internationales\" \/>\n<meta property=\"og:site_name\" content=\"C\u00f4te d&#039;Ivoire\" \/>\n<meta property=\"article:published_time\" content=\"2025-12-09T14:10:53+00:00\" \/>\n<meta property=\"article:modified_time\" content=\"2025-12-09T14:15:25+00:00\" \/>\n<meta property=\"og:image\" content=\"https:\/\/static.africa-press.net\/cote\/sites\/43\/2025\/12\/sm_1765276955.023146.jpg\" \/>\n\t<meta property=\"og:image:width\" content=\"720\" \/>\n\t<meta property=\"og:image:height\" content=\"405\" \/>\n\t<meta property=\"og:image:type\" content=\"image\/jpeg\" \/>\n<meta name=\"author\" content=\"cfeditorfr\" \/>\n<meta name=\"twitter:card\" content=\"summary_large_image\" \/>\n<meta name=\"twitter:label1\" content=\"\u00c9crit par\" \/>\n\t<meta name=\"twitter:data1\" content=\"cfeditorfr\" \/>\n\t<meta name=\"twitter:label2\" content=\"Dur\u00e9e de lecture estim\u00e9e\" \/>\n\t<meta name=\"twitter:data2\" content=\"4 minutes\" \/>\n<script type=\"application\/ld+json\" class=\"yoast-schema-graph\">{\"@context\":\"https:\/\/schema.org\",\"@graph\":[{\"@type\":\"Article\",\"@id\":\"https:\/\/www.africa-press.net\/cotedivoire\/politique\/gbagbo-appelle-a-reprendre-les-investigations-internationales#article\",\"isPartOf\":{\"@id\":\"https:\/\/www.africa-press.net\/cotedivoire\/politique\/gbagbo-appelle-a-reprendre-les-investigations-internationales\"},\"author\":{\"name\":\"cfeditorfr\",\"@id\":\"https:\/\/www.africa-press.net\/cotedivoire\/#\/schema\/person\/2b1cf3cd81a31e3cd26889ca66d677f1\"},\"headline\":\"Gbagbo Appelle \u00e0 Reprendre les Investigations Internationales\",\"datePublished\":\"2025-12-09T14:10:53+00:00\",\"dateModified\":\"2025-12-09T14:15:25+00:00\",\"mainEntityOfPage\":{\"@id\":\"https:\/\/www.africa-press.net\/cotedivoire\/politique\/gbagbo-appelle-a-reprendre-les-investigations-internationales\"},\"wordCount\":791,\"commentCount\":0,\"image\":{\"@id\":\"https:\/\/www.africa-press.net\/cotedivoire\/politique\/gbagbo-appelle-a-reprendre-les-investigations-internationales#primaryimage\"},\"thumbnailUrl\":\"https:\/\/static.africa-press.net\/cote\/sites\/43\/2025\/12\/sm_1765276955.023146.jpg\",\"keywords\":[\"ACCORD\",\"civile\",\"C\u00d4TE D'IVOIRE\",\"Cpi\",\"crise Ivoirienne\",\"Guerre\",\"internationale\",\"Justice\",\"Laurent Gbagbo\",\"Ouagadougou\",\"Ouattara\",\"Politique\",\"r\u00e9conciliation\",\"Soro\"],\"articleSection\":[\"Politique\",\"Top Nouvelles\",\"Toutes les actualit\u00e9s\"],\"inLanguage\":\"fr-FR\",\"potentialAction\":[{\"@type\":\"CommentAction\",\"name\":\"Comment\",\"target\":[\"https:\/\/www.africa-press.net\/cotedivoire\/politique\/gbagbo-appelle-a-reprendre-les-investigations-internationales#respond\"]}]},{\"@type\":\"WebPage\",\"@id\":\"https:\/\/www.africa-press.net\/cotedivoire\/politique\/gbagbo-appelle-a-reprendre-les-investigations-internationales\",\"url\":\"https:\/\/www.africa-press.net\/cotedivoire\/politique\/gbagbo-appelle-a-reprendre-les-investigations-internationales\",\"name\":\"Gbagbo Appelle \u00e0 Reprendre les Investigations Internationales - C\u00f4te d&#039;Ivoire\",\"isPartOf\":{\"@id\":\"https:\/\/www.africa-press.net\/cotedivoire\/#website\"},\"primaryImageOfPage\":{\"@id\":\"https:\/\/www.africa-press.net\/cotedivoire\/politique\/gbagbo-appelle-a-reprendre-les-investigations-internationales#primaryimage\"},\"image\":{\"@id\":\"https:\/\/www.africa-press.net\/cotedivoire\/politique\/gbagbo-appelle-a-reprendre-les-investigations-internationales#primaryimage\"},\"thumbnailUrl\":\"https:\/\/static.africa-press.net\/cote\/sites\/43\/2025\/12\/sm_1765276955.023146.jpg\",\"datePublished\":\"2025-12-09T14:10:53+00:00\",\"dateModified\":\"2025-12-09T14:15:25+00:00\",\"author\":{\"@id\":\"https:\/\/www.africa-press.net\/cotedivoire\/#\/schema\/person\/2b1cf3cd81a31e3cd26889ca66d677f1\"},\"description\":\"Dans une longue de\u0301claration rendue publique ce lundi, Laurent Gbagbo, ancien pre\u0301sident de la Re\u0301publique de Co\u0302te d\u2019Iv ...\",\"breadcrumb\":{\"@id\":\"https:\/\/www.africa-press.net\/cotedivoire\/politique\/gbagbo-appelle-a-reprendre-les-investigations-internationales#breadcrumb\"},\"inLanguage\":\"fr-FR\",\"potentialAction\":[{\"@type\":\"ReadAction\",\"target\":[\"https:\/\/www.africa-press.net\/cotedivoire\/politique\/gbagbo-appelle-a-reprendre-les-investigations-internationales\"]}]},{\"@type\":\"ImageObject\",\"inLanguage\":\"fr-FR\",\"@id\":\"https:\/\/www.africa-press.net\/cotedivoire\/politique\/gbagbo-appelle-a-reprendre-les-investigations-internationales#primaryimage\",\"url\":\"https:\/\/static.africa-press.net\/cote\/sites\/43\/2025\/12\/sm_1765276955.023146.jpg\",\"contentUrl\":\"https:\/\/static.africa-press.net\/cote\/sites\/43\/2025\/12\/sm_1765276955.023146.jpg\",\"width\":720,\"height\":405,\"caption\":\"Gbagbo Appelle \u00e0 Reprendre les Investigations Internationales\"},{\"@type\":\"BreadcrumbList\",\"@id\":\"https:\/\/www.africa-press.net\/cotedivoire\/politique\/gbagbo-appelle-a-reprendre-les-investigations-internationales#breadcrumb\",\"itemListElement\":[{\"@type\":\"ListItem\",\"position\":1,\"name\":\"Accueil\",\"item\":\"https:\/\/www.africa-press.net\/cotedivoire\/\"},{\"@type\":\"ListItem\",\"position\":2,\"name\":\"Gbagbo Appelle \u00e0 Reprendre les Investigations Internationales\"}]},{\"@type\":\"WebSite\",\"@id\":\"https:\/\/www.africa-press.net\/cotedivoire\/#website\",\"url\":\"https:\/\/www.africa-press.net\/cotedivoire\/\",\"name\":\"C\u00f4te d&#039;Ivoire\",\"description\":\"Just another Africa News Agency Sites site\",\"potentialAction\":[{\"@type\":\"SearchAction\",\"target\":{\"@type\":\"EntryPoint\",\"urlTemplate\":\"https:\/\/www.africa-press.net\/cotedivoire\/?s={search_term_string}\"},\"query-input\":{\"@type\":\"PropertyValueSpecification\",\"valueRequired\":true,\"valueName\":\"search_term_string\"}}],\"inLanguage\":\"fr-FR\"},{\"@type\":\"Person\",\"@id\":\"https:\/\/www.africa-press.net\/cotedivoire\/#\/schema\/person\/2b1cf3cd81a31e3cd26889ca66d677f1\",\"name\":\"cfeditorfr\"}]}<\/script>\n<!-- \/ Yoast SEO Premium plugin. -->","yoast_head_json":{"title":"Gbagbo Appelle \u00e0 Reprendre les Investigations Internationales - C\u00f4te d&#039;Ivoire","description":"Dans une longue de\u0301claration rendue publique ce lundi, Laurent Gbagbo, ancien pre\u0301sident de la Re\u0301publique de Co\u0302te d\u2019Iv ...","robots":{"index":"index","follow":"follow","max-snippet":"max-snippet:-1","max-image-preview":"max-image-preview:large","max-video-preview":"max-video-preview:-1"},"canonical":"https:\/\/www.africa-press.net\/cotedivoire\/politique\/gbagbo-appelle-a-reprendre-les-investigations-internationales","og_locale":"fr_FR","og_type":"article","og_title":"Gbagbo Appelle \u00e0 Reprendre les Investigations Internationales","og_description":"Dans une longue de\u0301claration rendue publique ce lundi, Laurent Gbagbo, ancien pre\u0301sident de la Re\u0301publique de Co\u0302te d\u2019Iv ...","og_url":"https:\/\/www.africa-press.net\/cotedivoire\/politique\/gbagbo-appelle-a-reprendre-les-investigations-internationales","og_site_name":"C\u00f4te d&#039;Ivoire","article_published_time":"2025-12-09T14:10:53+00:00","article_modified_time":"2025-12-09T14:15:25+00:00","og_image":[{"width":720,"height":405,"url":"https:\/\/static.africa-press.net\/cote\/sites\/43\/2025\/12\/sm_1765276955.023146.jpg","type":"image\/jpeg"}],"author":"cfeditorfr","twitter_card":"summary_large_image","twitter_misc":{"\u00c9crit par":"cfeditorfr","Dur\u00e9e de lecture estim\u00e9e":"4 minutes"},"schema":{"@context":"https:\/\/schema.org","@graph":[{"@type":"Article","@id":"https:\/\/www.africa-press.net\/cotedivoire\/politique\/gbagbo-appelle-a-reprendre-les-investigations-internationales#article","isPartOf":{"@id":"https:\/\/www.africa-press.net\/cotedivoire\/politique\/gbagbo-appelle-a-reprendre-les-investigations-internationales"},"author":{"name":"cfeditorfr","@id":"https:\/\/www.africa-press.net\/cotedivoire\/#\/schema\/person\/2b1cf3cd81a31e3cd26889ca66d677f1"},"headline":"Gbagbo Appelle \u00e0 Reprendre les Investigations Internationales","datePublished":"2025-12-09T14:10:53+00:00","dateModified":"2025-12-09T14:15:25+00:00","mainEntityOfPage":{"@id":"https:\/\/www.africa-press.net\/cotedivoire\/politique\/gbagbo-appelle-a-reprendre-les-investigations-internationales"},"wordCount":791,"commentCount":0,"image":{"@id":"https:\/\/www.africa-press.net\/cotedivoire\/politique\/gbagbo-appelle-a-reprendre-les-investigations-internationales#primaryimage"},"thumbnailUrl":"https:\/\/static.africa-press.net\/cote\/sites\/43\/2025\/12\/sm_1765276955.023146.jpg","keywords":["ACCORD","civile","C\u00d4TE D'IVOIRE","Cpi","crise Ivoirienne","Guerre","internationale","Justice","Laurent Gbagbo","Ouagadougou","Ouattara","Politique","r\u00e9conciliation","Soro"],"articleSection":["Politique","Top Nouvelles","Toutes les actualit\u00e9s"],"inLanguage":"fr-FR","potentialAction":[{"@type":"CommentAction","name":"Comment","target":["https:\/\/www.africa-press.net\/cotedivoire\/politique\/gbagbo-appelle-a-reprendre-les-investigations-internationales#respond"]}]},{"@type":"WebPage","@id":"https:\/\/www.africa-press.net\/cotedivoire\/politique\/gbagbo-appelle-a-reprendre-les-investigations-internationales","url":"https:\/\/www.africa-press.net\/cotedivoire\/politique\/gbagbo-appelle-a-reprendre-les-investigations-internationales","name":"Gbagbo Appelle \u00e0 Reprendre les Investigations Internationales - C\u00f4te d&#039;Ivoire","isPartOf":{"@id":"https:\/\/www.africa-press.net\/cotedivoire\/#website"},"primaryImageOfPage":{"@id":"https:\/\/www.africa-press.net\/cotedivoire\/politique\/gbagbo-appelle-a-reprendre-les-investigations-internationales#primaryimage"},"image":{"@id":"https:\/\/www.africa-press.net\/cotedivoire\/politique\/gbagbo-appelle-a-reprendre-les-investigations-internationales#primaryimage"},"thumbnailUrl":"https:\/\/static.africa-press.net\/cote\/sites\/43\/2025\/12\/sm_1765276955.023146.jpg","datePublished":"2025-12-09T14:10:53+00:00","dateModified":"2025-12-09T14:15:25+00:00","author":{"@id":"https:\/\/www.africa-press.net\/cotedivoire\/#\/schema\/person\/2b1cf3cd81a31e3cd26889ca66d677f1"},"description":"Dans une longue de\u0301claration rendue publique ce lundi, Laurent Gbagbo, ancien pre\u0301sident de la Re\u0301publique de Co\u0302te d\u2019Iv ...","breadcrumb":{"@id":"https:\/\/www.africa-press.net\/cotedivoire\/politique\/gbagbo-appelle-a-reprendre-les-investigations-internationales#breadcrumb"},"inLanguage":"fr-FR","potentialAction":[{"@type":"ReadAction","target":["https:\/\/www.africa-press.net\/cotedivoire\/politique\/gbagbo-appelle-a-reprendre-les-investigations-internationales"]}]},{"@type":"ImageObject","inLanguage":"fr-FR","@id":"https:\/\/www.africa-press.net\/cotedivoire\/politique\/gbagbo-appelle-a-reprendre-les-investigations-internationales#primaryimage","url":"https:\/\/static.africa-press.net\/cote\/sites\/43\/2025\/12\/sm_1765276955.023146.jpg","contentUrl":"https:\/\/static.africa-press.net\/cote\/sites\/43\/2025\/12\/sm_1765276955.023146.jpg","width":720,"height":405,"caption":"Gbagbo Appelle \u00e0 Reprendre les Investigations Internationales"},{"@type":"BreadcrumbList","@id":"https:\/\/www.africa-press.net\/cotedivoire\/politique\/gbagbo-appelle-a-reprendre-les-investigations-internationales#breadcrumb","itemListElement":[{"@type":"ListItem","position":1,"name":"Accueil","item":"https:\/\/www.africa-press.net\/cotedivoire\/"},{"@type":"ListItem","position":2,"name":"Gbagbo Appelle \u00e0 Reprendre les Investigations Internationales"}]},{"@type":"WebSite","@id":"https:\/\/www.africa-press.net\/cotedivoire\/#website","url":"https:\/\/www.africa-press.net\/cotedivoire\/","name":"C\u00f4te d&#039;Ivoire","description":"Just another Africa News Agency Sites site","potentialAction":[{"@type":"SearchAction","target":{"@type":"EntryPoint","urlTemplate":"https:\/\/www.africa-press.net\/cotedivoire\/?s={search_term_string}"},"query-input":{"@type":"PropertyValueSpecification","valueRequired":true,"valueName":"search_term_string"}}],"inLanguage":"fr-FR"},{"@type":"Person","@id":"https:\/\/www.africa-press.net\/cotedivoire\/#\/schema\/person\/2b1cf3cd81a31e3cd26889ca66d677f1","name":"cfeditorfr"}]}},"_links":{"self":[{"href":"https:\/\/www.africa-press.net\/cotedivoire\/wp-json\/wp\/v2\/posts\/109959","targetHints":{"allow":["GET"]}}],"collection":[{"href":"https:\/\/www.africa-press.net\/cotedivoire\/wp-json\/wp\/v2\/posts"}],"about":[{"href":"https:\/\/www.africa-press.net\/cotedivoire\/wp-json\/wp\/v2\/types\/post"}],"author":[{"embeddable":true,"href":"https:\/\/www.africa-press.net\/cotedivoire\/wp-json\/wp\/v2\/users\/82"}],"replies":[{"embeddable":true,"href":"https:\/\/www.africa-press.net\/cotedivoire\/wp-json\/wp\/v2\/comments?post=109959"}],"version-history":[{"count":0,"href":"https:\/\/www.africa-press.net\/cotedivoire\/wp-json\/wp\/v2\/posts\/109959\/revisions"}],"wp:featuredmedia":[{"embeddable":true,"href":"https:\/\/www.africa-press.net\/cotedivoire\/wp-json\/wp\/v2\/media\/109958"}],"wp:attachment":[{"href":"https:\/\/www.africa-press.net\/cotedivoire\/wp-json\/wp\/v2\/media?parent=109959"}],"wp:term":[{"taxonomy":"category","embeddable":true,"href":"https:\/\/www.africa-press.net\/cotedivoire\/wp-json\/wp\/v2\/categories?post=109959"},{"taxonomy":"post_tag","embeddable":true,"href":"https:\/\/www.africa-press.net\/cotedivoire\/wp-json\/wp\/v2\/tags?post=109959"}],"curies":[{"name":"wp","href":"https:\/\/api.w.org\/{rel}","templated":true}]}}