{"id":109969,"date":"2025-12-09T14:16:49","date_gmt":"2025-12-09T14:16:49","guid":{"rendered":"https:\/\/www.africa-press.net\/cotedivoire\/politique\/ouattara-lance-son-nouveau-mandat-le-8-decembre-2025"},"modified":"2025-12-09T14:36:03","modified_gmt":"2025-12-09T14:36:03","slug":"ouattara-lance-son-nouveau-mandat-le-8-decembre-2025","status":"publish","type":"post","link":"https:\/\/www.africa-press.net\/cotedivoire\/politique\/ouattara-lance-son-nouveau-mandat-le-8-decembre-2025","title":{"rendered":"Ouattara Lance Son Nouveau Mandat le 8 D\u00e9cembre 2025"},"content":{"rendered":"<p><span style=\"color: #ff6600\"><strong>Africa-Press &#8211; C\u00f4te d&rsquo;Ivoire. <\/strong><\/span>Re\u0301e\u0301lu le 25 octobre 2025, le Pre\u0301sident Alassane Ouattara pre\u0302tera serment ce lundi 8 de\u0301cembre au Palais pre\u0301sidentiel d\u2019Abidjan. L\u2019e\u0301ve\u0301nement, place\u0301 sous haute solennite\u0301, rassemblera plusieurs chefs d\u2019E\u0301tat africains, d\u2019e\u0301minentes personnalite\u0301s politiques internationales ainsi que des repre\u0301sentants diplomatiques mandate\u0301s par des pre\u0301sidents e\u0301trangers.<\/p>\n<p>Cette ce\u0301re\u0301monie marque l\u2019ouverture officielle de son nouveau mandat et constitue l\u2019un des moments institutionnels les plus importants de la Re\u0301publique.<\/p>\n<p>Diomaye Faye accueilli par Tie\u0301moko Kone\u0301 a\u0300 son arrive\u0301e ce dimanche a\u0300 Abidjan<\/p>\n<p>De nombreuses autorite\u0301s e\u0301trange\u0300res ont confirme\u0301 leur pre\u0301sence. Parmi elles figurent des Chefs d\u2019E\u0301tat provenant de l&rsquo;Angola, du Congo-Brazzaville, du Djibouti, du Gabon, du Se\u0301ne\u0301gal, du Comores, du Ghana, de la Gambie, du Libe\u0301ria, de la Sierra Leone et de Mauritanie.<\/p>\n<p>La ce\u0301re\u0301monie accueillera e\u0301galement des repre\u0301sentants de haut niveau, notamment, les Vice-pre\u0301sidents du Be\u0301nin et du Nigeria, les Premiers ministres du Rwanda, de la RDC et de la Guine\u0301e e\u0301quatoriale<\/p>\n<p>Oligui accueilli par Tie\u0301moko Kone\u0301 a\u0300 son arrive\u0301e ce dimanche a\u0300 Abidjan<\/p>\n<p>D\u2019anciens pre\u0301sidents seront aussi pre\u0301sents, dont Goodluck Jonathan, Nana Akufo-Addo et Mahamadou Issoufou.<\/p>\n<p>Sur le plan international, figurent parmi les invite\u0301s, la Secre\u0301taire ge\u0301ne\u0301rale de la Francophonie, Jacob Helberg, repre\u0301sentant du Pre\u0301sident ame\u0301ricain, Under Secretary for Economic Growth, Energy, and Environment, E\u0301le\u0301onore Caroit, repre\u0301sentante du Pre\u0301sident de la Re\u0301publique franc\u0327aise, ministre de\u0301le\u0301gue\u0301e charge\u0301e de la Francophonie et des partenariats iinternationaux.<\/p>\n<p>Cette diversite\u0301 de personnalite\u0301s te\u0301moigne de l\u2019importance diplomatique accorde\u0301e a\u0300 l\u2019e\u0301ve\u0301nement.<\/p>\n<p>Plusieurs temps forts rythmeront la prestation de serment du Pre\u0301sident Alassane Ouattara. Il s&rsquo;agit d&rsquo;une audience solennelle devant le Conseil constitutionnel. Le Chef de l\u2019E\u0301tat prononcera le serment re\u0301publicain devant les juges constitutionnels, conforme\u0301ment aux prescriptions de la Constitution ivoirienne. L&rsquo;allocution de la Pre\u0301sidente du Conseil constitutionnel. A\u0300 l\u2019issue de la prestation de serment, la Pre\u0301sidente du Conseil constitutionnel adressera un discours institutionnel marquant la le\u0301gitimite\u0301 du mandat qui sera suivi de la remise du \u201cGrand Collier de l\u2019Ordre National\u201d. Le Grand Chancelier de l\u2019Ordre national remettra au Pre\u0301sident la plus haute distinction honorifique du pays, symbole de son autorite\u0301 et de ses responsabilite\u0301s. Sans oublier le discours du Pre\u0301sident Alassane Ouattara qui prononcera ensuite une adresse a\u0300 la Nation, de\u0301taillant les orientations majeures de son nouveau mandat. Les de\u0301le\u0301gations e\u0301trange\u0300res salueront le Pre\u0301sident avant la traditionnelle photo officielle et la ce\u0301re\u0301monie s\u2019ache\u0300vera par les honneurs militaires rendus au Chef supre\u0302me des Arme\u0301es.<\/p>\n<p>Cette investiture, tre\u0300s attendue, vient confirmer la stabilite\u0301 institutionnelle du pays et ouvre une nouvelle page du leadership d\u2019Alassane Ouattara. La pre\u0301sence de nombreux dirigeants e\u0301trangers illustre le rayonnement diplomatique de la Co\u0302te d\u2019Ivoire sur la sce\u0300ne continentale et internationale.<\/p>\n\r\n                <style type=\"text\/css\">\r\n                    \r\n                    #td_uid_1_69f4ab316242a  .td-doubleSlider-2 .td-item1 {\r\n                        background: url(https:\/\/static.africa-press.net\/cote\/sites\/43\/2025\/12\/sm_1765278335.648212-80x60.jpg) 0 0 no-repeat;\r\n                    }\r\n                    #td_uid_1_69f4ab316242a  .td-doubleSlider-2 .td-item2 {\r\n                        background: url(https:\/\/static.africa-press.net\/cote\/sites\/43\/2025\/12\/sm_1765278340.101187-80x60.jpg) 0 0 no-repeat;\r\n                    }\r\n                <\/style>\r\n\r\n                <div id=\"td_uid_1_69f4ab316242a\" class=\"td-gallery td-slide-on-2-columns\">\r\n                    <div class=\"post_td_gallery\">\r\n                        <div class=\"td-gallery-slide-top\">\r\n                           <div class=\"td-gallery-title\"><\/div>\r\n\r\n                            <div class=\"td-gallery-controls-wrapper\">\r\n                                <div class=\"td-gallery-slide-count\"><span class=\"td-gallery-slide-item-focus\">1<\/span> de 2<\/div>\r\n                                <div class=\"td-gallery-slide-prev-next-but\">\r\n                                    <i class = \"td-icon-left doubleSliderPrevButton\"><\/i>\r\n                                    <i class = \"td-icon-right doubleSliderNextButton\"><\/i>\r\n                                <\/div>\r\n                            <\/div>\r\n                        <\/div>\r\n\r\n                        <div class = \"td-doubleSlider-1 \">\r\n                            <div class = \"td-slider\">\r\n                                \r\n                    <div class = \"td-slide-item td-item1\">\r\n                        <figure class=\"td-slide-galery-figure td-slide-popup-gallery\">\r\n                            <a class=\"slide-gallery-image-link\" href=\"https:\/\/static.africa-press.net\/cote\/sites\/43\/2025\/12\/sm_1765278335.648212.jpg\" title=\"sm_1765278335.648212\"  data-caption=\"\"  data-description=\"\">\r\n                                <img decoding=\"async\" src=\"https:\/\/static.africa-press.net\/cote\/sites\/43\/2025\/12\/sm_1765278335.648212.jpg\" srcset=\"https:\/\/static.africa-press.net\/cote\/sites\/43\/2025\/12\/sm_1765278335.648212.jpg 1000w, https:\/\/static.africa-press.net\/cote\/sites\/43\/2025\/12\/sm_1765278335.648212-300x155.jpg 300w, https:\/\/static.africa-press.net\/cote\/sites\/43\/2025\/12\/sm_1765278335.648212-768x398.jpg 768w\" sizes=\"(max-width: 1000px) 100vw, 1000px\" alt=\"\">\r\n                            <\/a>\r\n                            \r\n                        <\/figure>\r\n                    <\/div>\r\n                    <div class = \"td-slide-item td-item2\">\r\n                        <figure class=\"td-slide-galery-figure td-slide-popup-gallery\">\r\n                            <a class=\"slide-gallery-image-link\" href=\"https:\/\/static.africa-press.net\/cote\/sites\/43\/2025\/12\/sm_1765278340.101187.jpg\" title=\"sm_1765278340.101187\"  data-caption=\"\"  data-description=\"\">\r\n                                <img decoding=\"async\" src=\"https:\/\/static.africa-press.net\/cote\/sites\/43\/2025\/12\/sm_1765278340.101187.jpg\" srcset=\"https:\/\/static.africa-press.net\/cote\/sites\/43\/2025\/12\/sm_1765278340.101187.jpg 1000w, https:\/\/static.africa-press.net\/cote\/sites\/43\/2025\/12\/sm_1765278340.101187-300x150.jpg 300w, https:\/\/static.africa-press.net\/cote\/sites\/43\/2025\/12\/sm_1765278340.101187-768x384.jpg 768w\" sizes=\"(max-width: 1000px) 100vw, 1000px\" alt=\"\">\r\n                            <\/a>\r\n                            \r\n                        <\/figure>\r\n                    <\/div>\r\n                            <\/div>\r\n                        <\/div>\r\n\r\n                        <div class = \"td-doubleSlider-2\">\r\n                            <div class = \"td-slider\">\r\n                                \r\n                    <div class = \"td-button td-item1\">\r\n                        <div class = \"td-border\"><\/div>\r\n                    <\/div>\r\n                    <div class = \"td-button td-item2\">\r\n                        <div class = \"td-border\"><\/div>\r\n                    <\/div>\r\n                            <\/div>\r\n                        <\/div>\r\n\r\n                    <\/div>\r\n\r\n                <\/div>\r\n                \n<p><strong>Pour plus d&rsquo;informations et d&rsquo;analyses sur la <span style=\"color: #ff6600\">C\u00f4te d&rsquo;Ivoire<\/span>, suivez <span style=\"color: #ff6600\">Africa-Press<\/span><\/strong><\/p>\n","protected":false},"excerpt":{"rendered":"<p>Africa-Press &#8211; C\u00f4te d&rsquo;Ivoire. Re\u0301e\u0301lu le 25 octobre 2025, le Pre\u0301sident Alassane Ouattara pre\u0302tera serment ce lundi 8 de\u0301cembre au Palais pre\u0301sidentiel d\u2019Abidjan. L\u2019e\u0301ve\u0301nement, place\u0301 sous haute solennite\u0301, rassemblera plusieurs chefs d\u2019E\u0301tat africains, d\u2019e\u0301minentes personnalite\u0301s politiques internationales ainsi que des repre\u0301sentants diplomatiques mandate\u0301s par des pre\u0301sidents e\u0301trangers. Cette ce\u0301re\u0301monie marque l\u2019ouverture officielle de son nouveau [&hellip;]<\/p>\n","protected":false},"author":82,"featured_media":109968,"comment_status":"open","ping_status":"closed","sticky":false,"template":"","format":"standard","meta":{"footnotes":""},"categories":[8,2,10],"tags":[30,35,38,29,276,19757,60,2107,7967,371,7966],"class_list":["post-109969","post","type-post","status-publish","format-standard","has-post-thumbnail","hentry","category-photo","category-politique","category-toutes-les-actualites","tag-abidjan","tag-afrique","tag-alassane-ouattara","tag-cote-divoire","tag-diplomatie","tag-investiture2025","tag-politique","tag-presidence","tag-prestation","tag-rhdp","tag-serment"],"yoast_head":"<!-- This site is optimized with the Yoast SEO Premium plugin v26.1 (Yoast SEO v27.0) - https:\/\/yoast.com\/product\/yoast-seo-premium-wordpress\/ -->\n<title>Ouattara Lance Son Nouveau Mandat le 8 D\u00e9cembre 2025 - C\u00f4te d&#039;Ivoire<\/title>\n<meta name=\"description\" content=\"Re\u0301e\u0301lu le 25 octobre 2025, le Pre\u0301sident Alassane Ouattara pre\u0302tera serment ce lundi 8 de\u0301cembre au Palais pre\u0301sidentie ...\" \/>\n<meta name=\"robots\" content=\"index, follow, max-snippet:-1, max-image-preview:large, max-video-preview:-1\" \/>\n<link rel=\"canonical\" href=\"https:\/\/www.africa-press.net\/cotedivoire\/politique\/ouattara-lance-son-nouveau-mandat-le-8-decembre-2025\" \/>\n<meta property=\"og:locale\" content=\"fr_FR\" \/>\n<meta property=\"og:type\" content=\"article\" \/>\n<meta property=\"og:title\" content=\"Ouattara Lance Son Nouveau Mandat le 8 D\u00e9cembre 2025\" \/>\n<meta property=\"og:description\" content=\"Re\u0301e\u0301lu le 25 octobre 2025, le Pre\u0301sident Alassane Ouattara pre\u0302tera serment ce lundi 8 de\u0301cembre au Palais pre\u0301sidentie ...\" \/>\n<meta property=\"og:url\" content=\"https:\/\/www.africa-press.net\/cotedivoire\/politique\/ouattara-lance-son-nouveau-mandat-le-8-decembre-2025\" \/>\n<meta property=\"og:site_name\" content=\"C\u00f4te d&#039;Ivoire\" \/>\n<meta property=\"article:published_time\" content=\"2025-12-09T14:16:49+00:00\" \/>\n<meta property=\"article:modified_time\" content=\"2025-12-09T14:36:03+00:00\" \/>\n<meta property=\"og:image\" content=\"https:\/\/static.africa-press.net\/cote\/sites\/43\/2025\/12\/sm_1765278343.702483.jpg\" \/>\n\t<meta property=\"og:image:width\" content=\"720\" \/>\n\t<meta property=\"og:image:height\" content=\"477\" \/>\n\t<meta property=\"og:image:type\" content=\"image\/jpeg\" \/>\n<meta name=\"author\" content=\"cfeditorfr\" \/>\n<meta name=\"twitter:card\" content=\"summary_large_image\" \/>\n<meta name=\"twitter:label1\" content=\"\u00c9crit par\" \/>\n\t<meta name=\"twitter:data1\" content=\"cfeditorfr\" \/>\n\t<meta name=\"twitter:label2\" content=\"Dur\u00e9e de lecture estim\u00e9e\" \/>\n\t<meta name=\"twitter:data2\" content=\"3 minutes\" \/>\n<script type=\"application\/ld+json\" class=\"yoast-schema-graph\">{\"@context\":\"https:\/\/schema.org\",\"@graph\":[{\"@type\":\"Article\",\"@id\":\"https:\/\/www.africa-press.net\/cotedivoire\/politique\/ouattara-lance-son-nouveau-mandat-le-8-decembre-2025#article\",\"isPartOf\":{\"@id\":\"https:\/\/www.africa-press.net\/cotedivoire\/politique\/ouattara-lance-son-nouveau-mandat-le-8-decembre-2025\"},\"author\":{\"name\":\"cfeditorfr\",\"@id\":\"https:\/\/www.africa-press.net\/cotedivoire\/#\/schema\/person\/2b1cf3cd81a31e3cd26889ca66d677f1\"},\"headline\":\"Ouattara Lance Son Nouveau Mandat le 8 D\u00e9cembre 2025\",\"datePublished\":\"2025-12-09T14:16:49+00:00\",\"dateModified\":\"2025-12-09T14:36:03+00:00\",\"mainEntityOfPage\":{\"@id\":\"https:\/\/www.africa-press.net\/cotedivoire\/politique\/ouattara-lance-son-nouveau-mandat-le-8-decembre-2025\"},\"wordCount\":569,\"commentCount\":0,\"image\":{\"@id\":\"https:\/\/www.africa-press.net\/cotedivoire\/politique\/ouattara-lance-son-nouveau-mandat-le-8-decembre-2025#primaryimage\"},\"thumbnailUrl\":\"https:\/\/static.africa-press.net\/cote\/sites\/43\/2025\/12\/sm_1765278343.702483.jpg\",\"keywords\":[\"Abidjan\",\"Afrique\",\"Alassane Ouattara\",\"C\u00d4TE D'IVOIRE\",\"DIPLOMATIE\",\"Investiture2025\",\"Politique\",\"pr\u00e9sidence\",\"prestation\",\"RHDP\",\"serment\"],\"articleSection\":[\"Photo\",\"Politique\",\"Toutes les actualit\u00e9s\"],\"inLanguage\":\"fr-FR\",\"potentialAction\":[{\"@type\":\"CommentAction\",\"name\":\"Comment\",\"target\":[\"https:\/\/www.africa-press.net\/cotedivoire\/politique\/ouattara-lance-son-nouveau-mandat-le-8-decembre-2025#respond\"]}]},{\"@type\":\"WebPage\",\"@id\":\"https:\/\/www.africa-press.net\/cotedivoire\/politique\/ouattara-lance-son-nouveau-mandat-le-8-decembre-2025\",\"url\":\"https:\/\/www.africa-press.net\/cotedivoire\/politique\/ouattara-lance-son-nouveau-mandat-le-8-decembre-2025\",\"name\":\"Ouattara Lance Son Nouveau Mandat le 8 D\u00e9cembre 2025 - C\u00f4te d&#039;Ivoire\",\"isPartOf\":{\"@id\":\"https:\/\/www.africa-press.net\/cotedivoire\/#website\"},\"primaryImageOfPage\":{\"@id\":\"https:\/\/www.africa-press.net\/cotedivoire\/politique\/ouattara-lance-son-nouveau-mandat-le-8-decembre-2025#primaryimage\"},\"image\":{\"@id\":\"https:\/\/www.africa-press.net\/cotedivoire\/politique\/ouattara-lance-son-nouveau-mandat-le-8-decembre-2025#primaryimage\"},\"thumbnailUrl\":\"https:\/\/static.africa-press.net\/cote\/sites\/43\/2025\/12\/sm_1765278343.702483.jpg\",\"datePublished\":\"2025-12-09T14:16:49+00:00\",\"dateModified\":\"2025-12-09T14:36:03+00:00\",\"author\":{\"@id\":\"https:\/\/www.africa-press.net\/cotedivoire\/#\/schema\/person\/2b1cf3cd81a31e3cd26889ca66d677f1\"},\"description\":\"Re\u0301e\u0301lu le 25 octobre 2025, le Pre\u0301sident Alassane Ouattara pre\u0302tera serment ce lundi 8 de\u0301cembre au Palais pre\u0301sidentie ...\",\"breadcrumb\":{\"@id\":\"https:\/\/www.africa-press.net\/cotedivoire\/politique\/ouattara-lance-son-nouveau-mandat-le-8-decembre-2025#breadcrumb\"},\"inLanguage\":\"fr-FR\",\"potentialAction\":[{\"@type\":\"ReadAction\",\"target\":[\"https:\/\/www.africa-press.net\/cotedivoire\/politique\/ouattara-lance-son-nouveau-mandat-le-8-decembre-2025\"]}]},{\"@type\":\"ImageObject\",\"inLanguage\":\"fr-FR\",\"@id\":\"https:\/\/www.africa-press.net\/cotedivoire\/politique\/ouattara-lance-son-nouveau-mandat-le-8-decembre-2025#primaryimage\",\"url\":\"https:\/\/static.africa-press.net\/cote\/sites\/43\/2025\/12\/sm_1765278343.702483.jpg\",\"contentUrl\":\"https:\/\/static.africa-press.net\/cote\/sites\/43\/2025\/12\/sm_1765278343.702483.jpg\",\"width\":720,\"height\":477,\"caption\":\"Ouattara Lance Son Nouveau Mandat le 8 D\u00e9cembre 2025\"},{\"@type\":\"BreadcrumbList\",\"@id\":\"https:\/\/www.africa-press.net\/cotedivoire\/politique\/ouattara-lance-son-nouveau-mandat-le-8-decembre-2025#breadcrumb\",\"itemListElement\":[{\"@type\":\"ListItem\",\"position\":1,\"name\":\"Accueil\",\"item\":\"https:\/\/www.africa-press.net\/cotedivoire\/\"},{\"@type\":\"ListItem\",\"position\":2,\"name\":\"Ouattara Lance Son Nouveau Mandat le 8 D\u00e9cembre 2025\"}]},{\"@type\":\"WebSite\",\"@id\":\"https:\/\/www.africa-press.net\/cotedivoire\/#website\",\"url\":\"https:\/\/www.africa-press.net\/cotedivoire\/\",\"name\":\"C\u00f4te d&#039;Ivoire\",\"description\":\"Just another Africa News Agency Sites site\",\"potentialAction\":[{\"@type\":\"SearchAction\",\"target\":{\"@type\":\"EntryPoint\",\"urlTemplate\":\"https:\/\/www.africa-press.net\/cotedivoire\/?s={search_term_string}\"},\"query-input\":{\"@type\":\"PropertyValueSpecification\",\"valueRequired\":true,\"valueName\":\"search_term_string\"}}],\"inLanguage\":\"fr-FR\"},{\"@type\":\"Person\",\"@id\":\"https:\/\/www.africa-press.net\/cotedivoire\/#\/schema\/person\/2b1cf3cd81a31e3cd26889ca66d677f1\",\"name\":\"cfeditorfr\"}]}<\/script>\n<!-- \/ Yoast SEO Premium plugin. -->","yoast_head_json":{"title":"Ouattara Lance Son Nouveau Mandat le 8 D\u00e9cembre 2025 - C\u00f4te d&#039;Ivoire","description":"Re\u0301e\u0301lu le 25 octobre 2025, le Pre\u0301sident Alassane Ouattara pre\u0302tera serment ce lundi 8 de\u0301cembre au Palais pre\u0301sidentie ...","robots":{"index":"index","follow":"follow","max-snippet":"max-snippet:-1","max-image-preview":"max-image-preview:large","max-video-preview":"max-video-preview:-1"},"canonical":"https:\/\/www.africa-press.net\/cotedivoire\/politique\/ouattara-lance-son-nouveau-mandat-le-8-decembre-2025","og_locale":"fr_FR","og_type":"article","og_title":"Ouattara Lance Son Nouveau Mandat le 8 D\u00e9cembre 2025","og_description":"Re\u0301e\u0301lu le 25 octobre 2025, le Pre\u0301sident Alassane Ouattara pre\u0302tera serment ce lundi 8 de\u0301cembre au Palais pre\u0301sidentie ...","og_url":"https:\/\/www.africa-press.net\/cotedivoire\/politique\/ouattara-lance-son-nouveau-mandat-le-8-decembre-2025","og_site_name":"C\u00f4te d&#039;Ivoire","article_published_time":"2025-12-09T14:16:49+00:00","article_modified_time":"2025-12-09T14:36:03+00:00","og_image":[{"width":720,"height":477,"url":"https:\/\/static.africa-press.net\/cote\/sites\/43\/2025\/12\/sm_1765278343.702483.jpg","type":"image\/jpeg"}],"author":"cfeditorfr","twitter_card":"summary_large_image","twitter_misc":{"\u00c9crit par":"cfeditorfr","Dur\u00e9e de lecture estim\u00e9e":"3 minutes"},"schema":{"@context":"https:\/\/schema.org","@graph":[{"@type":"Article","@id":"https:\/\/www.africa-press.net\/cotedivoire\/politique\/ouattara-lance-son-nouveau-mandat-le-8-decembre-2025#article","isPartOf":{"@id":"https:\/\/www.africa-press.net\/cotedivoire\/politique\/ouattara-lance-son-nouveau-mandat-le-8-decembre-2025"},"author":{"name":"cfeditorfr","@id":"https:\/\/www.africa-press.net\/cotedivoire\/#\/schema\/person\/2b1cf3cd81a31e3cd26889ca66d677f1"},"headline":"Ouattara Lance Son Nouveau Mandat le 8 D\u00e9cembre 2025","datePublished":"2025-12-09T14:16:49+00:00","dateModified":"2025-12-09T14:36:03+00:00","mainEntityOfPage":{"@id":"https:\/\/www.africa-press.net\/cotedivoire\/politique\/ouattara-lance-son-nouveau-mandat-le-8-decembre-2025"},"wordCount":569,"commentCount":0,"image":{"@id":"https:\/\/www.africa-press.net\/cotedivoire\/politique\/ouattara-lance-son-nouveau-mandat-le-8-decembre-2025#primaryimage"},"thumbnailUrl":"https:\/\/static.africa-press.net\/cote\/sites\/43\/2025\/12\/sm_1765278343.702483.jpg","keywords":["Abidjan","Afrique","Alassane Ouattara","C\u00d4TE D'IVOIRE","DIPLOMATIE","Investiture2025","Politique","pr\u00e9sidence","prestation","RHDP","serment"],"articleSection":["Photo","Politique","Toutes les actualit\u00e9s"],"inLanguage":"fr-FR","potentialAction":[{"@type":"CommentAction","name":"Comment","target":["https:\/\/www.africa-press.net\/cotedivoire\/politique\/ouattara-lance-son-nouveau-mandat-le-8-decembre-2025#respond"]}]},{"@type":"WebPage","@id":"https:\/\/www.africa-press.net\/cotedivoire\/politique\/ouattara-lance-son-nouveau-mandat-le-8-decembre-2025","url":"https:\/\/www.africa-press.net\/cotedivoire\/politique\/ouattara-lance-son-nouveau-mandat-le-8-decembre-2025","name":"Ouattara Lance Son Nouveau Mandat le 8 D\u00e9cembre 2025 - C\u00f4te d&#039;Ivoire","isPartOf":{"@id":"https:\/\/www.africa-press.net\/cotedivoire\/#website"},"primaryImageOfPage":{"@id":"https:\/\/www.africa-press.net\/cotedivoire\/politique\/ouattara-lance-son-nouveau-mandat-le-8-decembre-2025#primaryimage"},"image":{"@id":"https:\/\/www.africa-press.net\/cotedivoire\/politique\/ouattara-lance-son-nouveau-mandat-le-8-decembre-2025#primaryimage"},"thumbnailUrl":"https:\/\/static.africa-press.net\/cote\/sites\/43\/2025\/12\/sm_1765278343.702483.jpg","datePublished":"2025-12-09T14:16:49+00:00","dateModified":"2025-12-09T14:36:03+00:00","author":{"@id":"https:\/\/www.africa-press.net\/cotedivoire\/#\/schema\/person\/2b1cf3cd81a31e3cd26889ca66d677f1"},"description":"Re\u0301e\u0301lu le 25 octobre 2025, le Pre\u0301sident Alassane Ouattara pre\u0302tera serment ce lundi 8 de\u0301cembre au Palais pre\u0301sidentie ...","breadcrumb":{"@id":"https:\/\/www.africa-press.net\/cotedivoire\/politique\/ouattara-lance-son-nouveau-mandat-le-8-decembre-2025#breadcrumb"},"inLanguage":"fr-FR","potentialAction":[{"@type":"ReadAction","target":["https:\/\/www.africa-press.net\/cotedivoire\/politique\/ouattara-lance-son-nouveau-mandat-le-8-decembre-2025"]}]},{"@type":"ImageObject","inLanguage":"fr-FR","@id":"https:\/\/www.africa-press.net\/cotedivoire\/politique\/ouattara-lance-son-nouveau-mandat-le-8-decembre-2025#primaryimage","url":"https:\/\/static.africa-press.net\/cote\/sites\/43\/2025\/12\/sm_1765278343.702483.jpg","contentUrl":"https:\/\/static.africa-press.net\/cote\/sites\/43\/2025\/12\/sm_1765278343.702483.jpg","width":720,"height":477,"caption":"Ouattara Lance Son Nouveau Mandat le 8 D\u00e9cembre 2025"},{"@type":"BreadcrumbList","@id":"https:\/\/www.africa-press.net\/cotedivoire\/politique\/ouattara-lance-son-nouveau-mandat-le-8-decembre-2025#breadcrumb","itemListElement":[{"@type":"ListItem","position":1,"name":"Accueil","item":"https:\/\/www.africa-press.net\/cotedivoire\/"},{"@type":"ListItem","position":2,"name":"Ouattara Lance Son Nouveau Mandat le 8 D\u00e9cembre 2025"}]},{"@type":"WebSite","@id":"https:\/\/www.africa-press.net\/cotedivoire\/#website","url":"https:\/\/www.africa-press.net\/cotedivoire\/","name":"C\u00f4te d&#039;Ivoire","description":"Just another Africa News Agency Sites site","potentialAction":[{"@type":"SearchAction","target":{"@type":"EntryPoint","urlTemplate":"https:\/\/www.africa-press.net\/cotedivoire\/?s={search_term_string}"},"query-input":{"@type":"PropertyValueSpecification","valueRequired":true,"valueName":"search_term_string"}}],"inLanguage":"fr-FR"},{"@type":"Person","@id":"https:\/\/www.africa-press.net\/cotedivoire\/#\/schema\/person\/2b1cf3cd81a31e3cd26889ca66d677f1","name":"cfeditorfr"}]}},"_links":{"self":[{"href":"https:\/\/www.africa-press.net\/cotedivoire\/wp-json\/wp\/v2\/posts\/109969","targetHints":{"allow":["GET"]}}],"collection":[{"href":"https:\/\/www.africa-press.net\/cotedivoire\/wp-json\/wp\/v2\/posts"}],"about":[{"href":"https:\/\/www.africa-press.net\/cotedivoire\/wp-json\/wp\/v2\/types\/post"}],"author":[{"embeddable":true,"href":"https:\/\/www.africa-press.net\/cotedivoire\/wp-json\/wp\/v2\/users\/82"}],"replies":[{"embeddable":true,"href":"https:\/\/www.africa-press.net\/cotedivoire\/wp-json\/wp\/v2\/comments?post=109969"}],"version-history":[{"count":0,"href":"https:\/\/www.africa-press.net\/cotedivoire\/wp-json\/wp\/v2\/posts\/109969\/revisions"}],"wp:featuredmedia":[{"embeddable":true,"href":"https:\/\/www.africa-press.net\/cotedivoire\/wp-json\/wp\/v2\/media\/109968"}],"wp:attachment":[{"href":"https:\/\/www.africa-press.net\/cotedivoire\/wp-json\/wp\/v2\/media?parent=109969"}],"wp:term":[{"taxonomy":"category","embeddable":true,"href":"https:\/\/www.africa-press.net\/cotedivoire\/wp-json\/wp\/v2\/categories?post=109969"},{"taxonomy":"post_tag","embeddable":true,"href":"https:\/\/www.africa-press.net\/cotedivoire\/wp-json\/wp\/v2\/tags?post=109969"}],"curies":[{"name":"wp","href":"https:\/\/api.w.org\/{rel}","templated":true}]}}