{"id":109974,"date":"2025-12-09T14:25:06","date_gmt":"2025-12-09T14:25:06","guid":{"rendered":"https:\/\/www.africa-press.net\/cotedivoire\/politique\/syndicats-education-menacent-de-reprendre-la-contestation"},"modified":"2025-12-09T14:36:37","modified_gmt":"2025-12-09T14:36:37","slug":"syndicats-education-menacent-de-reprendre-la-contestation","status":"publish","type":"post","link":"https:\/\/www.africa-press.net\/cotedivoire\/politique\/syndicats-education-menacent-de-reprendre-la-contestation","title":{"rendered":"Syndicats \u00c9ducation menacent de reprendre la contestation"},"content":{"rendered":"<p><span style=\"color: #ff6600\"><strong>Africa-Press &#8211; C\u00f4te d&rsquo;Ivoire. <\/strong><\/span>A\u0300 l\u2019approche de la nouvelle anne\u0301e, le climat social pourrait de nouveau se tendre dans le secteur e\u0301ducatif ivoirien. Plusieurs organisations syndicales ont en effet laisse\u0301 entendre, jeudi 4 de\u0301cembre 2025, qu\u2019une reprise des actions de protestation en janvier 2026 n\u2019est pas exclue si la prime d\u2019incitation promise aux enseignants ne connai\u0302t pas un de\u0301but de re\u0300glement.<\/p>\n<p>Re\u0301unies en assemble\u0301e ge\u0301ne\u0301rale a\u0300 Abidjan-Cocody, les structures membres de l\u2019Intersyndicale du ministe\u0300re de l\u2019E\u0301ducation nationale et de l\u2019Alphabe\u0301tisation (IS-MENA) ainsi que celles du ministe\u0300re de l\u2019Enseignement technique, de la Formation professionnelle et de l\u2019Apprentissage (IS-METFPA) ont re\u0301affirme\u0301 leur pre\u0301occupation centrale: l\u2019effectivite\u0301 du paiement de cette prime, objet de longues discussions depuis plusieurs mois. Le porte-parole des deux plateformes, Bli Ble\u0301 David, a indique\u0301 que les syndicats attendent une position claire des autorite\u0301s avant la fin de\u0301cembre, condition indispensable selon eux pour apaiser les appre\u0301hensions du personnel e\u0301ducatif.<\/p>\n<p>Les responsables syndicaux rappellent que les anne\u0301es 2024 et 2025 ont e\u0301te\u0301 marque\u0301es par plusieurs mouvements de gre\u0300ve et e\u0301pisodes de tension, malgre\u0301 les efforts de concertation engage\u0301s pour pre\u0301server la continuite\u0301 des enseignements. Ils estiment que le versement de la prime constituerait un geste fort en faveur de la reconnaissance du travail des enseignants, souvent confronte\u0301s a\u0300 des conditions difficiles sur le terrain.<\/p>\n<p>Tout en re\u0301affirmant leur volonte\u0301 de poursuivre le dialogue avec les ministe\u0300res concerne\u0301s, les intersyndicales invitent ne\u0301anmoins leurs membres a\u0300 se tenir pre\u0302ts pour d\u2019e\u0301ventuelles actions collectives. Un signal clair envoye\u0301 au gouvernement, alors que les acteurs du syste\u0300me E\u0301ducation-Formation espe\u0300rent une sortie de crise durable fonde\u0301e sur le respect des engagements pris.<\/p>\n<p><strong>Pour plus d&rsquo;informations et d&rsquo;analyses sur la <span style=\"color: #ff6600\">C\u00f4te d&rsquo;Ivoire<\/span>, suivez <span style=\"color: #ff6600\">Africa-Press<\/span><\/strong><\/p>\n","protected":false},"excerpt":{"rendered":"<p>Africa-Press &#8211; C\u00f4te d&rsquo;Ivoire. A\u0300 l\u2019approche de la nouvelle anne\u0301e, le climat social pourrait de nouveau se tendre dans le secteur e\u0301ducatif ivoirien. Plusieurs organisations syndicales ont en effet laisse\u0301 entendre, jeudi 4 de\u0301cembre 2025, qu\u2019une reprise des actions de protestation en janvier 2026 n\u2019est pas exclue si la prime d\u2019incitation promise aux enseignants ne [&hellip;]<\/p>\n","protected":false},"author":82,"featured_media":109973,"comment_status":"open","ping_status":"closed","sticky":false,"template":"","format":"standard","meta":{"footnotes":""},"categories":[2,10],"tags":[29,988,1281,19759,844,1933],"class_list":["post-109974","post","type-post","status-publish","format-standard","has-post-thumbnail","hentry","category-politique","category-toutes-les-actualites","tag-cote-divoire","tag-dialogue","tag-mouvement","tag-q-prime","tag-syndicat","tag-terrain"],"yoast_head":"<!-- This site is optimized with the Yoast SEO Premium plugin v26.1 (Yoast SEO v27.0) - https:\/\/yoast.com\/product\/yoast-seo-premium-wordpress\/ -->\n<title>Syndicats \u00c9ducation menacent de reprendre la contestation - C\u00f4te d&#039;Ivoire<\/title>\n<meta name=\"description\" content=\"A\u0300 l\u2019approche de la nouvelle anne\u0301e, le climat social pourrait de nouveau se tendre dans le secteur e\u0301ducatif ivoirien. ...\" \/>\n<meta name=\"robots\" content=\"index, follow, max-snippet:-1, max-image-preview:large, max-video-preview:-1\" \/>\n<link rel=\"canonical\" href=\"https:\/\/www.africa-press.net\/cotedivoire\/politique\/syndicats-education-menacent-de-reprendre-la-contestation\" \/>\n<meta property=\"og:locale\" content=\"fr_FR\" \/>\n<meta property=\"og:type\" content=\"article\" \/>\n<meta property=\"og:title\" content=\"Syndicats \u00c9ducation menacent de reprendre la contestation\" \/>\n<meta property=\"og:description\" content=\"A\u0300 l\u2019approche de la nouvelle anne\u0301e, le climat social pourrait de nouveau se tendre dans le secteur e\u0301ducatif ivoirien. ...\" \/>\n<meta property=\"og:url\" content=\"https:\/\/www.africa-press.net\/cotedivoire\/politique\/syndicats-education-menacent-de-reprendre-la-contestation\" \/>\n<meta property=\"og:site_name\" content=\"C\u00f4te d&#039;Ivoire\" \/>\n<meta property=\"article:published_time\" content=\"2025-12-09T14:25:06+00:00\" \/>\n<meta property=\"article:modified_time\" content=\"2025-12-09T14:36:37+00:00\" \/>\n<meta property=\"og:image\" content=\"https:\/\/static.africa-press.net\/cote\/sites\/43\/2025\/12\/sm_1765278372.345398.jpg\" \/>\n\t<meta property=\"og:image:width\" content=\"720\" \/>\n\t<meta property=\"og:image:height\" content=\"472\" \/>\n\t<meta property=\"og:image:type\" content=\"image\/jpeg\" \/>\n<meta name=\"author\" content=\"cfeditorfr\" \/>\n<meta name=\"twitter:card\" content=\"summary_large_image\" \/>\n<meta name=\"twitter:label1\" content=\"\u00c9crit par\" \/>\n\t<meta name=\"twitter:data1\" content=\"cfeditorfr\" \/>\n\t<meta name=\"twitter:label2\" content=\"Dur\u00e9e de lecture estim\u00e9e\" \/>\n\t<meta name=\"twitter:data2\" content=\"2 minutes\" \/>\n<script type=\"application\/ld+json\" class=\"yoast-schema-graph\">{\"@context\":\"https:\/\/schema.org\",\"@graph\":[{\"@type\":\"Article\",\"@id\":\"https:\/\/www.africa-press.net\/cotedivoire\/politique\/syndicats-education-menacent-de-reprendre-la-contestation#article\",\"isPartOf\":{\"@id\":\"https:\/\/www.africa-press.net\/cotedivoire\/politique\/syndicats-education-menacent-de-reprendre-la-contestation\"},\"author\":{\"name\":\"cfeditorfr\",\"@id\":\"https:\/\/www.africa-press.net\/cotedivoire\/#\/schema\/person\/2b1cf3cd81a31e3cd26889ca66d677f1\"},\"headline\":\"Syndicats \u00c9ducation menacent de reprendre la contestation\",\"datePublished\":\"2025-12-09T14:25:06+00:00\",\"dateModified\":\"2025-12-09T14:36:37+00:00\",\"mainEntityOfPage\":{\"@id\":\"https:\/\/www.africa-press.net\/cotedivoire\/politique\/syndicats-education-menacent-de-reprendre-la-contestation\"},\"wordCount\":334,\"commentCount\":0,\"image\":{\"@id\":\"https:\/\/www.africa-press.net\/cotedivoire\/politique\/syndicats-education-menacent-de-reprendre-la-contestation#primaryimage\"},\"thumbnailUrl\":\"https:\/\/static.africa-press.net\/cote\/sites\/43\/2025\/12\/sm_1765278372.345398.jpg\",\"keywords\":[\"C\u00d4TE D'IVOIRE\",\"Dialogue\",\"mouvement\",\"Q prime\",\"syndicat\",\"terrain\"],\"articleSection\":[\"Politique\",\"Toutes les actualit\u00e9s\"],\"inLanguage\":\"fr-FR\",\"potentialAction\":[{\"@type\":\"CommentAction\",\"name\":\"Comment\",\"target\":[\"https:\/\/www.africa-press.net\/cotedivoire\/politique\/syndicats-education-menacent-de-reprendre-la-contestation#respond\"]}]},{\"@type\":\"WebPage\",\"@id\":\"https:\/\/www.africa-press.net\/cotedivoire\/politique\/syndicats-education-menacent-de-reprendre-la-contestation\",\"url\":\"https:\/\/www.africa-press.net\/cotedivoire\/politique\/syndicats-education-menacent-de-reprendre-la-contestation\",\"name\":\"Syndicats \u00c9ducation menacent de reprendre la contestation - C\u00f4te d&#039;Ivoire\",\"isPartOf\":{\"@id\":\"https:\/\/www.africa-press.net\/cotedivoire\/#website\"},\"primaryImageOfPage\":{\"@id\":\"https:\/\/www.africa-press.net\/cotedivoire\/politique\/syndicats-education-menacent-de-reprendre-la-contestation#primaryimage\"},\"image\":{\"@id\":\"https:\/\/www.africa-press.net\/cotedivoire\/politique\/syndicats-education-menacent-de-reprendre-la-contestation#primaryimage\"},\"thumbnailUrl\":\"https:\/\/static.africa-press.net\/cote\/sites\/43\/2025\/12\/sm_1765278372.345398.jpg\",\"datePublished\":\"2025-12-09T14:25:06+00:00\",\"dateModified\":\"2025-12-09T14:36:37+00:00\",\"author\":{\"@id\":\"https:\/\/www.africa-press.net\/cotedivoire\/#\/schema\/person\/2b1cf3cd81a31e3cd26889ca66d677f1\"},\"description\":\"A\u0300 l\u2019approche de la nouvelle anne\u0301e, le climat social pourrait de nouveau se tendre dans le secteur e\u0301ducatif ivoirien. ...\",\"breadcrumb\":{\"@id\":\"https:\/\/www.africa-press.net\/cotedivoire\/politique\/syndicats-education-menacent-de-reprendre-la-contestation#breadcrumb\"},\"inLanguage\":\"fr-FR\",\"potentialAction\":[{\"@type\":\"ReadAction\",\"target\":[\"https:\/\/www.africa-press.net\/cotedivoire\/politique\/syndicats-education-menacent-de-reprendre-la-contestation\"]}]},{\"@type\":\"ImageObject\",\"inLanguage\":\"fr-FR\",\"@id\":\"https:\/\/www.africa-press.net\/cotedivoire\/politique\/syndicats-education-menacent-de-reprendre-la-contestation#primaryimage\",\"url\":\"https:\/\/static.africa-press.net\/cote\/sites\/43\/2025\/12\/sm_1765278372.345398.jpg\",\"contentUrl\":\"https:\/\/static.africa-press.net\/cote\/sites\/43\/2025\/12\/sm_1765278372.345398.jpg\",\"width\":720,\"height\":472,\"caption\":\"Syndicats \u00c9ducation menacent de reprendre la contestation\"},{\"@type\":\"BreadcrumbList\",\"@id\":\"https:\/\/www.africa-press.net\/cotedivoire\/politique\/syndicats-education-menacent-de-reprendre-la-contestation#breadcrumb\",\"itemListElement\":[{\"@type\":\"ListItem\",\"position\":1,\"name\":\"Accueil\",\"item\":\"https:\/\/www.africa-press.net\/cotedivoire\/\"},{\"@type\":\"ListItem\",\"position\":2,\"name\":\"Syndicats \u00c9ducation menacent de reprendre la contestation\"}]},{\"@type\":\"WebSite\",\"@id\":\"https:\/\/www.africa-press.net\/cotedivoire\/#website\",\"url\":\"https:\/\/www.africa-press.net\/cotedivoire\/\",\"name\":\"C\u00f4te d&#039;Ivoire\",\"description\":\"Just another Africa News Agency Sites site\",\"potentialAction\":[{\"@type\":\"SearchAction\",\"target\":{\"@type\":\"EntryPoint\",\"urlTemplate\":\"https:\/\/www.africa-press.net\/cotedivoire\/?s={search_term_string}\"},\"query-input\":{\"@type\":\"PropertyValueSpecification\",\"valueRequired\":true,\"valueName\":\"search_term_string\"}}],\"inLanguage\":\"fr-FR\"},{\"@type\":\"Person\",\"@id\":\"https:\/\/www.africa-press.net\/cotedivoire\/#\/schema\/person\/2b1cf3cd81a31e3cd26889ca66d677f1\",\"name\":\"cfeditorfr\"}]}<\/script>\n<!-- \/ Yoast SEO Premium plugin. -->","yoast_head_json":{"title":"Syndicats \u00c9ducation menacent de reprendre la contestation - C\u00f4te d&#039;Ivoire","description":"A\u0300 l\u2019approche de la nouvelle anne\u0301e, le climat social pourrait de nouveau se tendre dans le secteur e\u0301ducatif ivoirien. ...","robots":{"index":"index","follow":"follow","max-snippet":"max-snippet:-1","max-image-preview":"max-image-preview:large","max-video-preview":"max-video-preview:-1"},"canonical":"https:\/\/www.africa-press.net\/cotedivoire\/politique\/syndicats-education-menacent-de-reprendre-la-contestation","og_locale":"fr_FR","og_type":"article","og_title":"Syndicats \u00c9ducation menacent de reprendre la contestation","og_description":"A\u0300 l\u2019approche de la nouvelle anne\u0301e, le climat social pourrait de nouveau se tendre dans le secteur e\u0301ducatif ivoirien. ...","og_url":"https:\/\/www.africa-press.net\/cotedivoire\/politique\/syndicats-education-menacent-de-reprendre-la-contestation","og_site_name":"C\u00f4te d&#039;Ivoire","article_published_time":"2025-12-09T14:25:06+00:00","article_modified_time":"2025-12-09T14:36:37+00:00","og_image":[{"width":720,"height":472,"url":"https:\/\/static.africa-press.net\/cote\/sites\/43\/2025\/12\/sm_1765278372.345398.jpg","type":"image\/jpeg"}],"author":"cfeditorfr","twitter_card":"summary_large_image","twitter_misc":{"\u00c9crit par":"cfeditorfr","Dur\u00e9e de lecture estim\u00e9e":"2 minutes"},"schema":{"@context":"https:\/\/schema.org","@graph":[{"@type":"Article","@id":"https:\/\/www.africa-press.net\/cotedivoire\/politique\/syndicats-education-menacent-de-reprendre-la-contestation#article","isPartOf":{"@id":"https:\/\/www.africa-press.net\/cotedivoire\/politique\/syndicats-education-menacent-de-reprendre-la-contestation"},"author":{"name":"cfeditorfr","@id":"https:\/\/www.africa-press.net\/cotedivoire\/#\/schema\/person\/2b1cf3cd81a31e3cd26889ca66d677f1"},"headline":"Syndicats \u00c9ducation menacent de reprendre la contestation","datePublished":"2025-12-09T14:25:06+00:00","dateModified":"2025-12-09T14:36:37+00:00","mainEntityOfPage":{"@id":"https:\/\/www.africa-press.net\/cotedivoire\/politique\/syndicats-education-menacent-de-reprendre-la-contestation"},"wordCount":334,"commentCount":0,"image":{"@id":"https:\/\/www.africa-press.net\/cotedivoire\/politique\/syndicats-education-menacent-de-reprendre-la-contestation#primaryimage"},"thumbnailUrl":"https:\/\/static.africa-press.net\/cote\/sites\/43\/2025\/12\/sm_1765278372.345398.jpg","keywords":["C\u00d4TE D'IVOIRE","Dialogue","mouvement","Q prime","syndicat","terrain"],"articleSection":["Politique","Toutes les actualit\u00e9s"],"inLanguage":"fr-FR","potentialAction":[{"@type":"CommentAction","name":"Comment","target":["https:\/\/www.africa-press.net\/cotedivoire\/politique\/syndicats-education-menacent-de-reprendre-la-contestation#respond"]}]},{"@type":"WebPage","@id":"https:\/\/www.africa-press.net\/cotedivoire\/politique\/syndicats-education-menacent-de-reprendre-la-contestation","url":"https:\/\/www.africa-press.net\/cotedivoire\/politique\/syndicats-education-menacent-de-reprendre-la-contestation","name":"Syndicats \u00c9ducation menacent de reprendre la contestation - C\u00f4te d&#039;Ivoire","isPartOf":{"@id":"https:\/\/www.africa-press.net\/cotedivoire\/#website"},"primaryImageOfPage":{"@id":"https:\/\/www.africa-press.net\/cotedivoire\/politique\/syndicats-education-menacent-de-reprendre-la-contestation#primaryimage"},"image":{"@id":"https:\/\/www.africa-press.net\/cotedivoire\/politique\/syndicats-education-menacent-de-reprendre-la-contestation#primaryimage"},"thumbnailUrl":"https:\/\/static.africa-press.net\/cote\/sites\/43\/2025\/12\/sm_1765278372.345398.jpg","datePublished":"2025-12-09T14:25:06+00:00","dateModified":"2025-12-09T14:36:37+00:00","author":{"@id":"https:\/\/www.africa-press.net\/cotedivoire\/#\/schema\/person\/2b1cf3cd81a31e3cd26889ca66d677f1"},"description":"A\u0300 l\u2019approche de la nouvelle anne\u0301e, le climat social pourrait de nouveau se tendre dans le secteur e\u0301ducatif ivoirien. ...","breadcrumb":{"@id":"https:\/\/www.africa-press.net\/cotedivoire\/politique\/syndicats-education-menacent-de-reprendre-la-contestation#breadcrumb"},"inLanguage":"fr-FR","potentialAction":[{"@type":"ReadAction","target":["https:\/\/www.africa-press.net\/cotedivoire\/politique\/syndicats-education-menacent-de-reprendre-la-contestation"]}]},{"@type":"ImageObject","inLanguage":"fr-FR","@id":"https:\/\/www.africa-press.net\/cotedivoire\/politique\/syndicats-education-menacent-de-reprendre-la-contestation#primaryimage","url":"https:\/\/static.africa-press.net\/cote\/sites\/43\/2025\/12\/sm_1765278372.345398.jpg","contentUrl":"https:\/\/static.africa-press.net\/cote\/sites\/43\/2025\/12\/sm_1765278372.345398.jpg","width":720,"height":472,"caption":"Syndicats \u00c9ducation menacent de reprendre la contestation"},{"@type":"BreadcrumbList","@id":"https:\/\/www.africa-press.net\/cotedivoire\/politique\/syndicats-education-menacent-de-reprendre-la-contestation#breadcrumb","itemListElement":[{"@type":"ListItem","position":1,"name":"Accueil","item":"https:\/\/www.africa-press.net\/cotedivoire\/"},{"@type":"ListItem","position":2,"name":"Syndicats \u00c9ducation menacent de reprendre la contestation"}]},{"@type":"WebSite","@id":"https:\/\/www.africa-press.net\/cotedivoire\/#website","url":"https:\/\/www.africa-press.net\/cotedivoire\/","name":"C\u00f4te d&#039;Ivoire","description":"Just another Africa News Agency Sites site","potentialAction":[{"@type":"SearchAction","target":{"@type":"EntryPoint","urlTemplate":"https:\/\/www.africa-press.net\/cotedivoire\/?s={search_term_string}"},"query-input":{"@type":"PropertyValueSpecification","valueRequired":true,"valueName":"search_term_string"}}],"inLanguage":"fr-FR"},{"@type":"Person","@id":"https:\/\/www.africa-press.net\/cotedivoire\/#\/schema\/person\/2b1cf3cd81a31e3cd26889ca66d677f1","name":"cfeditorfr"}]}},"_links":{"self":[{"href":"https:\/\/www.africa-press.net\/cotedivoire\/wp-json\/wp\/v2\/posts\/109974","targetHints":{"allow":["GET"]}}],"collection":[{"href":"https:\/\/www.africa-press.net\/cotedivoire\/wp-json\/wp\/v2\/posts"}],"about":[{"href":"https:\/\/www.africa-press.net\/cotedivoire\/wp-json\/wp\/v2\/types\/post"}],"author":[{"embeddable":true,"href":"https:\/\/www.africa-press.net\/cotedivoire\/wp-json\/wp\/v2\/users\/82"}],"replies":[{"embeddable":true,"href":"https:\/\/www.africa-press.net\/cotedivoire\/wp-json\/wp\/v2\/comments?post=109974"}],"version-history":[{"count":0,"href":"https:\/\/www.africa-press.net\/cotedivoire\/wp-json\/wp\/v2\/posts\/109974\/revisions"}],"wp:featuredmedia":[{"embeddable":true,"href":"https:\/\/www.africa-press.net\/cotedivoire\/wp-json\/wp\/v2\/media\/109973"}],"wp:attachment":[{"href":"https:\/\/www.africa-press.net\/cotedivoire\/wp-json\/wp\/v2\/media?parent=109974"}],"wp:term":[{"taxonomy":"category","embeddable":true,"href":"https:\/\/www.africa-press.net\/cotedivoire\/wp-json\/wp\/v2\/categories?post=109974"},{"taxonomy":"post_tag","embeddable":true,"href":"https:\/\/www.africa-press.net\/cotedivoire\/wp-json\/wp\/v2\/tags?post=109974"}],"curies":[{"name":"wp","href":"https:\/\/api.w.org\/{rel}","templated":true}]}}