{"id":109982,"date":"2025-12-09T14:27:06","date_gmt":"2025-12-09T14:27:06","guid":{"rendered":"https:\/\/www.africa-press.net\/cotedivoire\/politique\/interdiction-des-motos-a-abidjan-risque-de-paralysie-economique"},"modified":"2025-12-09T14:37:29","modified_gmt":"2025-12-09T14:37:29","slug":"interdiction-des-motos-a-abidjan-risque-de-paralysie-economique","status":"publish","type":"post","link":"https:\/\/www.africa-press.net\/cotedivoire\/economie\/interdiction-des-motos-a-abidjan-risque-de-paralysie-economique","title":{"rendered":"Interdiction des Motos \u00e0 Abidjan Risque de Paralysie \u00c9conomique"},"content":{"rendered":"<p><span style=\"color: #ff6600\"><strong>Africa-Press &#8211; C\u00f4te d&rsquo;Ivoire. <\/strong><\/span>Dans un communique\u0301 publie\u0301 ce samedi 6 de\u0301cembre 2025, la Confe\u0301de\u0301ration Patronale Unique des PME de Co\u0302te d\u2019Ivoire (CPU-PME), pre\u0301side\u0301e par Dr Moussa E\u0301lias Farakhan Diomande\u0301 a exprime\u0301 sa \u00ab vive pre\u0301occupation \u00bb face a\u0300 la de\u0301cision du District Autonome d\u2019Abidjan d\u2019interdire la circulation des motos et tricycles sur les grands axes de la capitale e\u0301conomique. Cette mesure, prise le 2 de\u0301cembre par le Ministre-Gouverneur dans le cadre d\u2019un plan de renforcement de la se\u0301curite\u0301 routie\u0300re, suscite de fortes inquie\u0301tudes dans le tissu entrepreneurial ivoirien.<\/p>\n<p>Si la CPU-PME dit comprendre la ne\u0301cessite\u0301 d\u2019ame\u0301liorer la se\u0301curite\u0301 routie\u0300re et l\u2019ordre public, elle alerte sur les conse\u0301quences e\u0301conomiques \u00ab graves et imme\u0301diates \u00bb qu\u2019une application stricte de cette interdiction pourrait provoquer.<\/p>\n<p>Selon l\u2019organisation patronale, les motos et tricycles repre\u0301sentent bien plus qu\u2019un simple moyen de transport: ils constituent \u00ab l\u2019e\u0301pine dorsale de la logistique urbaine \u00bb pour des milliers de petites et moyennes entreprises, particulie\u0300rement dans les secteurs de la restauration, du e-commerce, de la sante\u0301 et de la livraison de colis.<\/p>\n<p>La CPU-PME redoute notamment, une paralysie quasi totale de la logistique urbaine, une hausse significative des cou\u0302ts qui se re\u0301percuterait sur les consommateurs et une menace directe sur des milliers d\u2019emplois formels, majoritairement occupe\u0301s par des jeunes.<\/p>\n<p>Face a\u0300 cette situation, la Confe\u0301de\u0301ration plaide pour une approche \u00ab mesure\u0301e et responsable \u00bb, privile\u0301giant la re\u0301gulation a\u0300 l\u2019interdiction totale. Elle propose la cre\u0301ation d\u2019un statut de \u00ab Livreur Professionnel Agre\u0301e\u0301 \u00bb, destine\u0301 a\u0300 encadrer et professionnaliser le secteur.<\/p>\n<p>Ce dispositif comprendrait, l\u2019identification des acteurs et la de\u0301livrance de badges professionnels aux PME enregistre\u0301es, l\u2019obligation d\u2019assurance, de permis adapte\u0301s et d\u2019e\u0301quipements de se\u0301curite\u0301, la mise en place de syste\u0300mes de trac\u0327abilite\u0301 GPS et une formation obligatoire a\u0300 la se\u0301curite\u0301 routie\u0300re pour tous les livreurs.<\/p>\n<p>Cette professionnalisation permettrait, selon elle, d\u2019assurer un usage se\u0301curise\u0301 et encadre\u0301 des axes concerne\u0301s tout en pre\u0301servant le dynamisme e\u0301conomique d\u2019Abidjan.<\/p>\n<p>La CPU-PME demande e\u0301galement un moratoire imme\u0301diat sur toute destruction d\u2019engins appartenant aux entreprises de livraison durant la pe\u0301riode de transition. Une mesure juge\u0301e indispensable pour prote\u0301ger les emplois et maintenir l\u2019activite\u0301 e\u0301conomique, particulie\u0300rement critique a\u0300 l\u2019approche de la fin d\u2019anne\u0301e.<\/p>\n<p>Enfin, l\u2019organisation appelle les autorite\u0301s a\u0300 engager rapidement un dialogue constructif avec les acteurs du secteur afin de transformer cette contrainte en \u00ab opportunite\u0301 de modernisation durable de la logistique urbaine \u00bb dans la capitale.<\/p>\n<p><strong>Pour plus d&rsquo;informations et d&rsquo;analyses sur la <span style=\"color: #ff6600\">C\u00f4te d&rsquo;Ivoire<\/span>, suivez <span style=\"color: #ff6600\">Africa-Press<\/span><\/strong><\/p>\n","protected":false},"excerpt":{"rendered":"<p>Africa-Press &#8211; C\u00f4te d&rsquo;Ivoire. Dans un communique\u0301 publie\u0301 ce samedi 6 de\u0301cembre 2025, la Confe\u0301de\u0301ration Patronale Unique des PME de Co\u0302te d\u2019Ivoire (CPU-PME), pre\u0301side\u0301e par Dr Moussa E\u0301lias Farakhan Diomande\u0301 a exprime\u0301 sa \u00ab vive pre\u0301occupation \u00bb face a\u0300 la de\u0301cision du District Autonome d\u2019Abidjan d\u2019interdire la circulation des motos et tricycles sur les grands [&hellip;]<\/p>\n","protected":false},"author":82,"featured_media":109981,"comment_status":"open","ping_status":"closed","sticky":false,"template":"","format":"standard","meta":{"footnotes":""},"categories":[3,10],"tags":[30,29,18190,3869,12770,2956,1148],"class_list":["post-109982","post","type-post","status-publish","format-standard","has-post-thumbnail","hentry","category-economie","category-toutes-les-actualites","tag-abidjan","tag-cote-divoire","tag-cpu-pme","tag-diomande","tag-interdiction","tag-president","tag-tricycle"],"yoast_head":"<!-- This site is optimized with the Yoast SEO Premium plugin v26.1 (Yoast SEO v27.0) - https:\/\/yoast.com\/product\/yoast-seo-premium-wordpress\/ -->\n<title>Interdiction des Motos \u00e0 Abidjan Risque de Paralysie \u00c9conomique - C\u00f4te d&#039;Ivoire<\/title>\n<meta name=\"description\" content=\"Dans un communique\u0301 publie\u0301 ce samedi 6 de\u0301cembre 2025, la Confe\u0301de\u0301ration Patronale Unique des PME de Co\u0302te d\u2019Ivoire (C ...\" \/>\n<meta name=\"robots\" content=\"index, follow, max-snippet:-1, max-image-preview:large, max-video-preview:-1\" \/>\n<link rel=\"canonical\" href=\"https:\/\/www.africa-press.net\/cotedivoire\/economie\/interdiction-des-motos-a-abidjan-risque-de-paralysie-economique\" \/>\n<meta property=\"og:locale\" content=\"fr_FR\" \/>\n<meta property=\"og:type\" content=\"article\" \/>\n<meta property=\"og:title\" content=\"Interdiction des Motos \u00e0 Abidjan Risque de Paralysie \u00c9conomique\" \/>\n<meta property=\"og:description\" content=\"Dans un communique\u0301 publie\u0301 ce samedi 6 de\u0301cembre 2025, la Confe\u0301de\u0301ration Patronale Unique des PME de Co\u0302te d\u2019Ivoire (C ...\" \/>\n<meta property=\"og:url\" content=\"https:\/\/www.africa-press.net\/cotedivoire\/economie\/interdiction-des-motos-a-abidjan-risque-de-paralysie-economique\" \/>\n<meta property=\"og:site_name\" content=\"C\u00f4te d&#039;Ivoire\" \/>\n<meta property=\"article:published_time\" content=\"2025-12-09T14:27:06+00:00\" \/>\n<meta property=\"article:modified_time\" content=\"2025-12-09T14:37:29+00:00\" \/>\n<meta property=\"og:image\" content=\"https:\/\/static.africa-press.net\/cote\/sites\/43\/2025\/12\/sm_1765278411.29421.jpg\" \/>\n\t<meta property=\"og:image:width\" content=\"720\" \/>\n\t<meta property=\"og:image:height\" content=\"420\" \/>\n\t<meta property=\"og:image:type\" content=\"image\/jpeg\" \/>\n<meta name=\"author\" content=\"cfeditorfr\" \/>\n<meta name=\"twitter:card\" content=\"summary_large_image\" \/>\n<meta name=\"twitter:label1\" content=\"\u00c9crit par\" \/>\n\t<meta name=\"twitter:data1\" content=\"cfeditorfr\" \/>\n\t<meta name=\"twitter:label2\" content=\"Dur\u00e9e de lecture estim\u00e9e\" \/>\n\t<meta name=\"twitter:data2\" content=\"2 minutes\" \/>\n<script type=\"application\/ld+json\" class=\"yoast-schema-graph\">{\"@context\":\"https:\/\/schema.org\",\"@graph\":[{\"@type\":\"Article\",\"@id\":\"https:\/\/www.africa-press.net\/cotedivoire\/economie\/interdiction-des-motos-a-abidjan-risque-de-paralysie-economique#article\",\"isPartOf\":{\"@id\":\"https:\/\/www.africa-press.net\/cotedivoire\/economie\/interdiction-des-motos-a-abidjan-risque-de-paralysie-economique\"},\"author\":{\"name\":\"cfeditorfr\",\"@id\":\"https:\/\/www.africa-press.net\/cotedivoire\/#\/schema\/person\/2b1cf3cd81a31e3cd26889ca66d677f1\"},\"headline\":\"Interdiction des Motos \u00e0 Abidjan Risque de Paralysie \u00c9conomique\",\"datePublished\":\"2025-12-09T14:27:06+00:00\",\"dateModified\":\"2025-12-09T14:37:29+00:00\",\"mainEntityOfPage\":{\"@id\":\"https:\/\/www.africa-press.net\/cotedivoire\/economie\/interdiction-des-motos-a-abidjan-risque-de-paralysie-economique\"},\"wordCount\":482,\"commentCount\":0,\"image\":{\"@id\":\"https:\/\/www.africa-press.net\/cotedivoire\/economie\/interdiction-des-motos-a-abidjan-risque-de-paralysie-economique#primaryimage\"},\"thumbnailUrl\":\"https:\/\/static.africa-press.net\/cote\/sites\/43\/2025\/12\/sm_1765278411.29421.jpg\",\"keywords\":[\"Abidjan\",\"C\u00d4TE D'IVOIRE\",\"CPU-PME\",\"Diomand\u00e9\",\"interdiction\",\"pr\u00e9sident\",\"tricycle\"],\"articleSection\":[\"\u00c9conomie\",\"Toutes les actualit\u00e9s\"],\"inLanguage\":\"fr-FR\",\"potentialAction\":[{\"@type\":\"CommentAction\",\"name\":\"Comment\",\"target\":[\"https:\/\/www.africa-press.net\/cotedivoire\/economie\/interdiction-des-motos-a-abidjan-risque-de-paralysie-economique#respond\"]}]},{\"@type\":\"WebPage\",\"@id\":\"https:\/\/www.africa-press.net\/cotedivoire\/economie\/interdiction-des-motos-a-abidjan-risque-de-paralysie-economique\",\"url\":\"https:\/\/www.africa-press.net\/cotedivoire\/economie\/interdiction-des-motos-a-abidjan-risque-de-paralysie-economique\",\"name\":\"Interdiction des Motos \u00e0 Abidjan Risque de Paralysie \u00c9conomique - C\u00f4te d&#039;Ivoire\",\"isPartOf\":{\"@id\":\"https:\/\/www.africa-press.net\/cotedivoire\/#website\"},\"primaryImageOfPage\":{\"@id\":\"https:\/\/www.africa-press.net\/cotedivoire\/economie\/interdiction-des-motos-a-abidjan-risque-de-paralysie-economique#primaryimage\"},\"image\":{\"@id\":\"https:\/\/www.africa-press.net\/cotedivoire\/economie\/interdiction-des-motos-a-abidjan-risque-de-paralysie-economique#primaryimage\"},\"thumbnailUrl\":\"https:\/\/static.africa-press.net\/cote\/sites\/43\/2025\/12\/sm_1765278411.29421.jpg\",\"datePublished\":\"2025-12-09T14:27:06+00:00\",\"dateModified\":\"2025-12-09T14:37:29+00:00\",\"author\":{\"@id\":\"https:\/\/www.africa-press.net\/cotedivoire\/#\/schema\/person\/2b1cf3cd81a31e3cd26889ca66d677f1\"},\"description\":\"Dans un communique\u0301 publie\u0301 ce samedi 6 de\u0301cembre 2025, la Confe\u0301de\u0301ration Patronale Unique des PME de Co\u0302te d\u2019Ivoire (C ...\",\"breadcrumb\":{\"@id\":\"https:\/\/www.africa-press.net\/cotedivoire\/economie\/interdiction-des-motos-a-abidjan-risque-de-paralysie-economique#breadcrumb\"},\"inLanguage\":\"fr-FR\",\"potentialAction\":[{\"@type\":\"ReadAction\",\"target\":[\"https:\/\/www.africa-press.net\/cotedivoire\/economie\/interdiction-des-motos-a-abidjan-risque-de-paralysie-economique\"]}]},{\"@type\":\"ImageObject\",\"inLanguage\":\"fr-FR\",\"@id\":\"https:\/\/www.africa-press.net\/cotedivoire\/economie\/interdiction-des-motos-a-abidjan-risque-de-paralysie-economique#primaryimage\",\"url\":\"https:\/\/static.africa-press.net\/cote\/sites\/43\/2025\/12\/sm_1765278411.29421.jpg\",\"contentUrl\":\"https:\/\/static.africa-press.net\/cote\/sites\/43\/2025\/12\/sm_1765278411.29421.jpg\",\"width\":720,\"height\":420,\"caption\":\"Interdiction des Motos \u00e0 Abidjan Risque de Paralysie \u00c9conomique\"},{\"@type\":\"BreadcrumbList\",\"@id\":\"https:\/\/www.africa-press.net\/cotedivoire\/economie\/interdiction-des-motos-a-abidjan-risque-de-paralysie-economique#breadcrumb\",\"itemListElement\":[{\"@type\":\"ListItem\",\"position\":1,\"name\":\"Accueil\",\"item\":\"https:\/\/www.africa-press.net\/cotedivoire\/\"},{\"@type\":\"ListItem\",\"position\":2,\"name\":\"Interdiction des Motos \u00e0 Abidjan Risque de Paralysie \u00c9conomique\"}]},{\"@type\":\"WebSite\",\"@id\":\"https:\/\/www.africa-press.net\/cotedivoire\/#website\",\"url\":\"https:\/\/www.africa-press.net\/cotedivoire\/\",\"name\":\"C\u00f4te d&#039;Ivoire\",\"description\":\"Just another Africa News Agency Sites site\",\"potentialAction\":[{\"@type\":\"SearchAction\",\"target\":{\"@type\":\"EntryPoint\",\"urlTemplate\":\"https:\/\/www.africa-press.net\/cotedivoire\/?s={search_term_string}\"},\"query-input\":{\"@type\":\"PropertyValueSpecification\",\"valueRequired\":true,\"valueName\":\"search_term_string\"}}],\"inLanguage\":\"fr-FR\"},{\"@type\":\"Person\",\"@id\":\"https:\/\/www.africa-press.net\/cotedivoire\/#\/schema\/person\/2b1cf3cd81a31e3cd26889ca66d677f1\",\"name\":\"cfeditorfr\"}]}<\/script>\n<!-- \/ Yoast SEO Premium plugin. -->","yoast_head_json":{"title":"Interdiction des Motos \u00e0 Abidjan Risque de Paralysie \u00c9conomique - C\u00f4te d&#039;Ivoire","description":"Dans un communique\u0301 publie\u0301 ce samedi 6 de\u0301cembre 2025, la Confe\u0301de\u0301ration Patronale Unique des PME de Co\u0302te d\u2019Ivoire (C ...","robots":{"index":"index","follow":"follow","max-snippet":"max-snippet:-1","max-image-preview":"max-image-preview:large","max-video-preview":"max-video-preview:-1"},"canonical":"https:\/\/www.africa-press.net\/cotedivoire\/economie\/interdiction-des-motos-a-abidjan-risque-de-paralysie-economique","og_locale":"fr_FR","og_type":"article","og_title":"Interdiction des Motos \u00e0 Abidjan Risque de Paralysie \u00c9conomique","og_description":"Dans un communique\u0301 publie\u0301 ce samedi 6 de\u0301cembre 2025, la Confe\u0301de\u0301ration Patronale Unique des PME de Co\u0302te d\u2019Ivoire (C ...","og_url":"https:\/\/www.africa-press.net\/cotedivoire\/economie\/interdiction-des-motos-a-abidjan-risque-de-paralysie-economique","og_site_name":"C\u00f4te d&#039;Ivoire","article_published_time":"2025-12-09T14:27:06+00:00","article_modified_time":"2025-12-09T14:37:29+00:00","og_image":[{"width":720,"height":420,"url":"https:\/\/static.africa-press.net\/cote\/sites\/43\/2025\/12\/sm_1765278411.29421.jpg","type":"image\/jpeg"}],"author":"cfeditorfr","twitter_card":"summary_large_image","twitter_misc":{"\u00c9crit par":"cfeditorfr","Dur\u00e9e de lecture estim\u00e9e":"2 minutes"},"schema":{"@context":"https:\/\/schema.org","@graph":[{"@type":"Article","@id":"https:\/\/www.africa-press.net\/cotedivoire\/economie\/interdiction-des-motos-a-abidjan-risque-de-paralysie-economique#article","isPartOf":{"@id":"https:\/\/www.africa-press.net\/cotedivoire\/economie\/interdiction-des-motos-a-abidjan-risque-de-paralysie-economique"},"author":{"name":"cfeditorfr","@id":"https:\/\/www.africa-press.net\/cotedivoire\/#\/schema\/person\/2b1cf3cd81a31e3cd26889ca66d677f1"},"headline":"Interdiction des Motos \u00e0 Abidjan Risque de Paralysie \u00c9conomique","datePublished":"2025-12-09T14:27:06+00:00","dateModified":"2025-12-09T14:37:29+00:00","mainEntityOfPage":{"@id":"https:\/\/www.africa-press.net\/cotedivoire\/economie\/interdiction-des-motos-a-abidjan-risque-de-paralysie-economique"},"wordCount":482,"commentCount":0,"image":{"@id":"https:\/\/www.africa-press.net\/cotedivoire\/economie\/interdiction-des-motos-a-abidjan-risque-de-paralysie-economique#primaryimage"},"thumbnailUrl":"https:\/\/static.africa-press.net\/cote\/sites\/43\/2025\/12\/sm_1765278411.29421.jpg","keywords":["Abidjan","C\u00d4TE D'IVOIRE","CPU-PME","Diomand\u00e9","interdiction","pr\u00e9sident","tricycle"],"articleSection":["\u00c9conomie","Toutes les actualit\u00e9s"],"inLanguage":"fr-FR","potentialAction":[{"@type":"CommentAction","name":"Comment","target":["https:\/\/www.africa-press.net\/cotedivoire\/economie\/interdiction-des-motos-a-abidjan-risque-de-paralysie-economique#respond"]}]},{"@type":"WebPage","@id":"https:\/\/www.africa-press.net\/cotedivoire\/economie\/interdiction-des-motos-a-abidjan-risque-de-paralysie-economique","url":"https:\/\/www.africa-press.net\/cotedivoire\/economie\/interdiction-des-motos-a-abidjan-risque-de-paralysie-economique","name":"Interdiction des Motos \u00e0 Abidjan Risque de Paralysie \u00c9conomique - C\u00f4te d&#039;Ivoire","isPartOf":{"@id":"https:\/\/www.africa-press.net\/cotedivoire\/#website"},"primaryImageOfPage":{"@id":"https:\/\/www.africa-press.net\/cotedivoire\/economie\/interdiction-des-motos-a-abidjan-risque-de-paralysie-economique#primaryimage"},"image":{"@id":"https:\/\/www.africa-press.net\/cotedivoire\/economie\/interdiction-des-motos-a-abidjan-risque-de-paralysie-economique#primaryimage"},"thumbnailUrl":"https:\/\/static.africa-press.net\/cote\/sites\/43\/2025\/12\/sm_1765278411.29421.jpg","datePublished":"2025-12-09T14:27:06+00:00","dateModified":"2025-12-09T14:37:29+00:00","author":{"@id":"https:\/\/www.africa-press.net\/cotedivoire\/#\/schema\/person\/2b1cf3cd81a31e3cd26889ca66d677f1"},"description":"Dans un communique\u0301 publie\u0301 ce samedi 6 de\u0301cembre 2025, la Confe\u0301de\u0301ration Patronale Unique des PME de Co\u0302te d\u2019Ivoire (C ...","breadcrumb":{"@id":"https:\/\/www.africa-press.net\/cotedivoire\/economie\/interdiction-des-motos-a-abidjan-risque-de-paralysie-economique#breadcrumb"},"inLanguage":"fr-FR","potentialAction":[{"@type":"ReadAction","target":["https:\/\/www.africa-press.net\/cotedivoire\/economie\/interdiction-des-motos-a-abidjan-risque-de-paralysie-economique"]}]},{"@type":"ImageObject","inLanguage":"fr-FR","@id":"https:\/\/www.africa-press.net\/cotedivoire\/economie\/interdiction-des-motos-a-abidjan-risque-de-paralysie-economique#primaryimage","url":"https:\/\/static.africa-press.net\/cote\/sites\/43\/2025\/12\/sm_1765278411.29421.jpg","contentUrl":"https:\/\/static.africa-press.net\/cote\/sites\/43\/2025\/12\/sm_1765278411.29421.jpg","width":720,"height":420,"caption":"Interdiction des Motos \u00e0 Abidjan Risque de Paralysie \u00c9conomique"},{"@type":"BreadcrumbList","@id":"https:\/\/www.africa-press.net\/cotedivoire\/economie\/interdiction-des-motos-a-abidjan-risque-de-paralysie-economique#breadcrumb","itemListElement":[{"@type":"ListItem","position":1,"name":"Accueil","item":"https:\/\/www.africa-press.net\/cotedivoire\/"},{"@type":"ListItem","position":2,"name":"Interdiction des Motos \u00e0 Abidjan Risque de Paralysie \u00c9conomique"}]},{"@type":"WebSite","@id":"https:\/\/www.africa-press.net\/cotedivoire\/#website","url":"https:\/\/www.africa-press.net\/cotedivoire\/","name":"C\u00f4te d&#039;Ivoire","description":"Just another Africa News Agency Sites site","potentialAction":[{"@type":"SearchAction","target":{"@type":"EntryPoint","urlTemplate":"https:\/\/www.africa-press.net\/cotedivoire\/?s={search_term_string}"},"query-input":{"@type":"PropertyValueSpecification","valueRequired":true,"valueName":"search_term_string"}}],"inLanguage":"fr-FR"},{"@type":"Person","@id":"https:\/\/www.africa-press.net\/cotedivoire\/#\/schema\/person\/2b1cf3cd81a31e3cd26889ca66d677f1","name":"cfeditorfr"}]}},"_links":{"self":[{"href":"https:\/\/www.africa-press.net\/cotedivoire\/wp-json\/wp\/v2\/posts\/109982","targetHints":{"allow":["GET"]}}],"collection":[{"href":"https:\/\/www.africa-press.net\/cotedivoire\/wp-json\/wp\/v2\/posts"}],"about":[{"href":"https:\/\/www.africa-press.net\/cotedivoire\/wp-json\/wp\/v2\/types\/post"}],"author":[{"embeddable":true,"href":"https:\/\/www.africa-press.net\/cotedivoire\/wp-json\/wp\/v2\/users\/82"}],"replies":[{"embeddable":true,"href":"https:\/\/www.africa-press.net\/cotedivoire\/wp-json\/wp\/v2\/comments?post=109982"}],"version-history":[{"count":0,"href":"https:\/\/www.africa-press.net\/cotedivoire\/wp-json\/wp\/v2\/posts\/109982\/revisions"}],"wp:featuredmedia":[{"embeddable":true,"href":"https:\/\/www.africa-press.net\/cotedivoire\/wp-json\/wp\/v2\/media\/109981"}],"wp:attachment":[{"href":"https:\/\/www.africa-press.net\/cotedivoire\/wp-json\/wp\/v2\/media?parent=109982"}],"wp:term":[{"taxonomy":"category","embeddable":true,"href":"https:\/\/www.africa-press.net\/cotedivoire\/wp-json\/wp\/v2\/categories?post=109982"},{"taxonomy":"post_tag","embeddable":true,"href":"https:\/\/www.africa-press.net\/cotedivoire\/wp-json\/wp\/v2\/tags?post=109982"}],"curies":[{"name":"wp","href":"https:\/\/api.w.org\/{rel}","templated":true}]}}