{"id":109985,"date":"2025-12-09T14:27:34","date_gmt":"2025-12-09T14:27:34","guid":{"rendered":"https:\/\/www.africa-press.net\/cotedivoire\/politique\/legislatives-a-tafire-soutien-a-meyliet-kone"},"modified":"2025-12-09T14:37:53","modified_gmt":"2025-12-09T14:37:53","slug":"legislatives-a-tafire-soutien-a-meyliet-kone","status":"publish","type":"post","link":"https:\/\/www.africa-press.net\/cotedivoire\/politique\/legislatives-a-tafire-soutien-a-meyliet-kone","title":{"rendered":"L\u00e9gislatives \u00e0 Tafir\u00e9 Soutien \u00e0 Meyliet Kon\u00e9"},"content":{"rendered":"<p><span style=\"color: #ff6600\"><strong>Africa-Press &#8211; C\u00f4te d&rsquo;Ivoire. <\/strong><\/span>A\u0300 Tafire\u0301, la de\u0301claration de soutien des imams au Vice-Pre\u0301sident Tie\u0301moko Meyliet Kone\u0301 a marque\u0301 un tournant symbolique de la campagne le\u0301gislative dans la re\u0301gion du Hambol. Ce samedi 6 de\u0301cembre 2025, la mairie de la ville a e\u0301te\u0301 le the\u0301a\u0302tre d\u2019un rassemblement me\u0302lant ferveur religieuse, mobilisation politique et message d\u2019unite\u0301.<\/p>\n<p>Re\u0301unis autour des imams de Tafire\u0301, Badikaha et Nie\u0301die\u0301kaha, les leaders religieux ont exprime\u0301 leur appui total au Vice-Pre\u0301sident et de\u0301sormais candidat RHDP aux le\u0301gislatives du 27 de\u0301cembre.<\/p>\n<p>Sanogo Abou, porte-parole de la grande mosque\u0301e As-Salam, a salue\u0301 un \u00ab v\u0153u des populations \u00bb devenu re\u0301alite\u0301.<\/p>\n<p>\u00ab Nous avons prie\u0301 pour que notre papa, fre\u0300re et fils accepte de porter notre voix. Il nous a entendus \u00bb, a-t-il de\u0301clare\u0301 devant une salle attentive.<\/p>\n<p>Le deuxie\u0300me imam adjoint a marque\u0301 les esprits par une me\u0301taphore qui a rapidement circule\u0301 parmi les participants: \u00ab Si tu as un e\u0301le\u0301phant devant toi, tu n\u2019as pas peur d\u2019avancer. \u00bb<\/p>\n<p>Une image utilise\u0301e pour souligner la confiance et la se\u0301curite\u0301 que les populations associent a\u0300 la candidature de Tie\u0301moko Meyliet Kone\u0301, une premie\u0300re pour l&rsquo;ancien Gouverneur de la Bceao devenu nume\u0301ro deux du Pays.<\/p>\n<p>A\u0300 Badikaha, l\u2019imam Toure\u0301 Soufiana a mis en avant la relation de confiance entre les populations et leurs repre\u0301sentants: \u00ab Les populations aiment leurs autorite\u0301s. Ce qu\u2019elles disent, c\u2019est ce qu\u2019elles font. \u00bb<\/p>\n<p>Cette dimension morale et spirituelle a e\u0301te\u0301 renforce\u0301e par une se\u0301ance de prie\u0300res anime\u0301e par l\u2019imam Ibrahim Ouattara de Nie\u0301die\u0301kaha, ponctue\u0301e de be\u0301ne\u0301dictions pour le candidat et d\u2019appels a\u0300 un scrutin apaise\u0301.<\/p>\n<p>La de\u0301le\u0301gation RHDP, conduite par Karim Ouattara (candidat supple\u0301ant) et le maire Charles Sanga (directeur de campagne), e\u0301tait accompagne\u0301e de plusieurs cadres, dont Moussa Diarra, Ousmane Coulibaly et Mme Minafou Kone\u0301.<\/p>\n<p>Face aux interrogations sur la participation d\u2019un Vice-Pre\u0301sident a\u0300 une e\u0301lection le\u0301gislative, Moussa Diarra a pre\u0301cise\u0301: \u00ab Qu\u2019un Vice-Pre\u0301sident soit candidat n\u2019est pas ine\u0301dit et n\u2019a rien de de\u0301valorisant. Au contraire, cette candidature renforce sa le\u0301gitimite\u0301 dans sa re\u0301gion et au plan national. \u00bb<\/p>\n<p>Pour la de\u0301le\u0301gation, le scrutin du 27 de\u0301cembre s\u2019annonce avant tout comme un test de mobilisation. Les cadres appellent a\u0300 transformer l\u2019e\u0301lection en \u00ab fe\u0302te du ple\u0301biscite \u00bb, avec l\u2019objectif d\u2019un taux de participation record.<\/p>\n<p>Avant le meeting religieux, la de\u0301le\u0301gation s\u2019est rendue chez le Sous-Pre\u0301fet de Tafire\u0301, Brou Marcel N\u2019Depo, afin de pre\u0301senter ses civilite\u0301s. L\u2019autorite\u0301 administrative a salue\u0301 la de\u0301marche et assure\u0301 que toutes les dispositions se\u0301curitaires ne\u0301cessaires seraient mises en place pour garantir un scrutin serein.<\/p>\n<p>Entre be\u0301ne\u0301dictions des imams, mobilisation politique et adhe\u0301sion locale affiche\u0301e, la candidature du dauphin constitutionnel semble be\u0301ne\u0301ficier d\u2019un climat favorable dans le Hambol.<\/p>\n<p>A\u0300 Tafire\u0301, Badikaha et Nie\u0301die\u0301kaha, la campagne prend les allures d\u2019un consensus, ou\u0300 soutien religieux et engagement communautaire se rejoignent a\u0300 quelques semaines du vote.<\/p>\n<p>Le 27 de\u0301cembre devrait ainsi constituer, pour le Vice-Pre\u0301sident, une e\u0301tape majeure dans sa relation politique avec sa re\u0301gion et plus largement, avec son Pays.<\/p>\n<p><strong>Pour plus d&rsquo;informations et d&rsquo;analyses sur la <span style=\"color: #ff6600\">C\u00f4te d&rsquo;Ivoire<\/span>, suivez <span style=\"color: #ff6600\">Africa-Press<\/span><\/strong><\/p>\n","protected":false},"excerpt":{"rendered":"<p>Africa-Press &#8211; C\u00f4te d&rsquo;Ivoire. A\u0300 Tafire\u0301, la de\u0301claration de soutien des imams au Vice-Pre\u0301sident Tie\u0301moko Meyliet Kone\u0301 a marque\u0301 un tournant symbolique de la campagne le\u0301gislative dans la re\u0301gion du Hambol. Ce samedi 6 de\u0301cembre 2025, la mairie de la ville a e\u0301te\u0301 le the\u0301a\u0302tre d\u2019un rassemblement me\u0302lant ferveur religieuse, mobilisation politique et message d\u2019unite\u0301. [&hellip;]<\/p>\n","protected":false},"author":82,"featured_media":109984,"comment_status":"open","ping_status":"closed","sticky":false,"template":"","format":"standard","meta":{"footnotes":""},"categories":[2,10],"tags":[4710,29,3284,2086,19356,60,9032,371,3201,5615,19762],"class_list":["post-109985","post","type-post","status-publish","format-standard","has-post-thumbnail","hentry","category-politique","category-toutes-les-actualites","tag-charles-sanga","tag-cote-divoire","tag-hambol","tag-karim-ouattara","tag-legislatives-2025","tag-politique","tag-religion","tag-rhdp","tag-tafire","tag-tiemoko-meyliet-kone","tag-tmk"],"yoast_head":"<!-- This site is optimized with the Yoast SEO Premium plugin v26.1 (Yoast SEO v27.0) - https:\/\/yoast.com\/product\/yoast-seo-premium-wordpress\/ -->\n<title>L\u00e9gislatives \u00e0 Tafir\u00e9 Soutien \u00e0 Meyliet Kon\u00e9 - C\u00f4te d&#039;Ivoire<\/title>\n<meta name=\"description\" content=\"A\u0300 Tafire\u0301, la de\u0301claration de soutien des imams au Vice-Pre\u0301sident Tie\u0301moko Meyliet Kone\u0301 a marque\u0301 un tournant symboli ...\" \/>\n<meta name=\"robots\" content=\"index, follow, max-snippet:-1, max-image-preview:large, max-video-preview:-1\" \/>\n<link rel=\"canonical\" href=\"https:\/\/www.africa-press.net\/cotedivoire\/politique\/legislatives-a-tafire-soutien-a-meyliet-kone\" \/>\n<meta property=\"og:locale\" content=\"fr_FR\" \/>\n<meta property=\"og:type\" content=\"article\" \/>\n<meta property=\"og:title\" content=\"L\u00e9gislatives \u00e0 Tafir\u00e9 Soutien \u00e0 Meyliet Kon\u00e9\" \/>\n<meta property=\"og:description\" content=\"A\u0300 Tafire\u0301, la de\u0301claration de soutien des imams au Vice-Pre\u0301sident Tie\u0301moko Meyliet Kone\u0301 a marque\u0301 un tournant symboli ...\" \/>\n<meta property=\"og:url\" content=\"https:\/\/www.africa-press.net\/cotedivoire\/politique\/legislatives-a-tafire-soutien-a-meyliet-kone\" \/>\n<meta property=\"og:site_name\" content=\"C\u00f4te d&#039;Ivoire\" \/>\n<meta property=\"article:published_time\" content=\"2025-12-09T14:27:34+00:00\" \/>\n<meta property=\"article:modified_time\" content=\"2025-12-09T14:37:53+00:00\" \/>\n<meta property=\"og:image\" content=\"https:\/\/static.africa-press.net\/cote\/sites\/43\/2025\/12\/sm_1765278423.361076.jpg\" \/>\n\t<meta property=\"og:image:width\" content=\"720\" \/>\n\t<meta property=\"og:image:height\" content=\"374\" \/>\n\t<meta property=\"og:image:type\" content=\"image\/jpeg\" \/>\n<meta name=\"author\" content=\"cfeditorfr\" \/>\n<meta name=\"twitter:card\" content=\"summary_large_image\" \/>\n<meta name=\"twitter:label1\" content=\"\u00c9crit par\" \/>\n\t<meta name=\"twitter:data1\" content=\"cfeditorfr\" \/>\n\t<meta name=\"twitter:label2\" content=\"Dur\u00e9e de lecture estim\u00e9e\" \/>\n\t<meta name=\"twitter:data2\" content=\"3 minutes\" \/>\n<script type=\"application\/ld+json\" class=\"yoast-schema-graph\">{\"@context\":\"https:\/\/schema.org\",\"@graph\":[{\"@type\":\"Article\",\"@id\":\"https:\/\/www.africa-press.net\/cotedivoire\/politique\/legislatives-a-tafire-soutien-a-meyliet-kone#article\",\"isPartOf\":{\"@id\":\"https:\/\/www.africa-press.net\/cotedivoire\/politique\/legislatives-a-tafire-soutien-a-meyliet-kone\"},\"author\":{\"name\":\"cfeditorfr\",\"@id\":\"https:\/\/www.africa-press.net\/cotedivoire\/#\/schema\/person\/2b1cf3cd81a31e3cd26889ca66d677f1\"},\"headline\":\"L\u00e9gislatives \u00e0 Tafir\u00e9 Soutien \u00e0 Meyliet Kon\u00e9\",\"datePublished\":\"2025-12-09T14:27:34+00:00\",\"dateModified\":\"2025-12-09T14:37:53+00:00\",\"mainEntityOfPage\":{\"@id\":\"https:\/\/www.africa-press.net\/cotedivoire\/politique\/legislatives-a-tafire-soutien-a-meyliet-kone\"},\"wordCount\":599,\"commentCount\":0,\"image\":{\"@id\":\"https:\/\/www.africa-press.net\/cotedivoire\/politique\/legislatives-a-tafire-soutien-a-meyliet-kone#primaryimage\"},\"thumbnailUrl\":\"https:\/\/static.africa-press.net\/cote\/sites\/43\/2025\/12\/sm_1765278423.361076.jpg\",\"keywords\":[\"Charles Sanga\",\"C\u00d4TE D'IVOIRE\",\"Hambol\",\"Karim Ouattara\",\"L\u00e9gislatives 2025\",\"Politique\",\"religion\",\"RHDP\",\"Tafir\u00e9\",\"Ti\u00e9moko Meyliet Kon\u00e9\",\"TMK\"],\"articleSection\":[\"Politique\",\"Toutes les actualit\u00e9s\"],\"inLanguage\":\"fr-FR\",\"potentialAction\":[{\"@type\":\"CommentAction\",\"name\":\"Comment\",\"target\":[\"https:\/\/www.africa-press.net\/cotedivoire\/politique\/legislatives-a-tafire-soutien-a-meyliet-kone#respond\"]}]},{\"@type\":\"WebPage\",\"@id\":\"https:\/\/www.africa-press.net\/cotedivoire\/politique\/legislatives-a-tafire-soutien-a-meyliet-kone\",\"url\":\"https:\/\/www.africa-press.net\/cotedivoire\/politique\/legislatives-a-tafire-soutien-a-meyliet-kone\",\"name\":\"L\u00e9gislatives \u00e0 Tafir\u00e9 Soutien \u00e0 Meyliet Kon\u00e9 - C\u00f4te d&#039;Ivoire\",\"isPartOf\":{\"@id\":\"https:\/\/www.africa-press.net\/cotedivoire\/#website\"},\"primaryImageOfPage\":{\"@id\":\"https:\/\/www.africa-press.net\/cotedivoire\/politique\/legislatives-a-tafire-soutien-a-meyliet-kone#primaryimage\"},\"image\":{\"@id\":\"https:\/\/www.africa-press.net\/cotedivoire\/politique\/legislatives-a-tafire-soutien-a-meyliet-kone#primaryimage\"},\"thumbnailUrl\":\"https:\/\/static.africa-press.net\/cote\/sites\/43\/2025\/12\/sm_1765278423.361076.jpg\",\"datePublished\":\"2025-12-09T14:27:34+00:00\",\"dateModified\":\"2025-12-09T14:37:53+00:00\",\"author\":{\"@id\":\"https:\/\/www.africa-press.net\/cotedivoire\/#\/schema\/person\/2b1cf3cd81a31e3cd26889ca66d677f1\"},\"description\":\"A\u0300 Tafire\u0301, la de\u0301claration de soutien des imams au Vice-Pre\u0301sident Tie\u0301moko Meyliet Kone\u0301 a marque\u0301 un tournant symboli ...\",\"breadcrumb\":{\"@id\":\"https:\/\/www.africa-press.net\/cotedivoire\/politique\/legislatives-a-tafire-soutien-a-meyliet-kone#breadcrumb\"},\"inLanguage\":\"fr-FR\",\"potentialAction\":[{\"@type\":\"ReadAction\",\"target\":[\"https:\/\/www.africa-press.net\/cotedivoire\/politique\/legislatives-a-tafire-soutien-a-meyliet-kone\"]}]},{\"@type\":\"ImageObject\",\"inLanguage\":\"fr-FR\",\"@id\":\"https:\/\/www.africa-press.net\/cotedivoire\/politique\/legislatives-a-tafire-soutien-a-meyliet-kone#primaryimage\",\"url\":\"https:\/\/static.africa-press.net\/cote\/sites\/43\/2025\/12\/sm_1765278423.361076.jpg\",\"contentUrl\":\"https:\/\/static.africa-press.net\/cote\/sites\/43\/2025\/12\/sm_1765278423.361076.jpg\",\"width\":720,\"height\":374,\"caption\":\"L\u00e9gislatives \u00e0 Tafir\u00e9 Soutien \u00e0 Meyliet Kon\u00e9\"},{\"@type\":\"BreadcrumbList\",\"@id\":\"https:\/\/www.africa-press.net\/cotedivoire\/politique\/legislatives-a-tafire-soutien-a-meyliet-kone#breadcrumb\",\"itemListElement\":[{\"@type\":\"ListItem\",\"position\":1,\"name\":\"Accueil\",\"item\":\"https:\/\/www.africa-press.net\/cotedivoire\/\"},{\"@type\":\"ListItem\",\"position\":2,\"name\":\"L\u00e9gislatives \u00e0 Tafir\u00e9 Soutien \u00e0 Meyliet Kon\u00e9\"}]},{\"@type\":\"WebSite\",\"@id\":\"https:\/\/www.africa-press.net\/cotedivoire\/#website\",\"url\":\"https:\/\/www.africa-press.net\/cotedivoire\/\",\"name\":\"C\u00f4te d&#039;Ivoire\",\"description\":\"Just another Africa News Agency Sites site\",\"potentialAction\":[{\"@type\":\"SearchAction\",\"target\":{\"@type\":\"EntryPoint\",\"urlTemplate\":\"https:\/\/www.africa-press.net\/cotedivoire\/?s={search_term_string}\"},\"query-input\":{\"@type\":\"PropertyValueSpecification\",\"valueRequired\":true,\"valueName\":\"search_term_string\"}}],\"inLanguage\":\"fr-FR\"},{\"@type\":\"Person\",\"@id\":\"https:\/\/www.africa-press.net\/cotedivoire\/#\/schema\/person\/2b1cf3cd81a31e3cd26889ca66d677f1\",\"name\":\"cfeditorfr\"}]}<\/script>\n<!-- \/ Yoast SEO Premium plugin. -->","yoast_head_json":{"title":"L\u00e9gislatives \u00e0 Tafir\u00e9 Soutien \u00e0 Meyliet Kon\u00e9 - C\u00f4te d&#039;Ivoire","description":"A\u0300 Tafire\u0301, la de\u0301claration de soutien des imams au Vice-Pre\u0301sident Tie\u0301moko Meyliet Kone\u0301 a marque\u0301 un tournant symboli ...","robots":{"index":"index","follow":"follow","max-snippet":"max-snippet:-1","max-image-preview":"max-image-preview:large","max-video-preview":"max-video-preview:-1"},"canonical":"https:\/\/www.africa-press.net\/cotedivoire\/politique\/legislatives-a-tafire-soutien-a-meyliet-kone","og_locale":"fr_FR","og_type":"article","og_title":"L\u00e9gislatives \u00e0 Tafir\u00e9 Soutien \u00e0 Meyliet Kon\u00e9","og_description":"A\u0300 Tafire\u0301, la de\u0301claration de soutien des imams au Vice-Pre\u0301sident Tie\u0301moko Meyliet Kone\u0301 a marque\u0301 un tournant symboli ...","og_url":"https:\/\/www.africa-press.net\/cotedivoire\/politique\/legislatives-a-tafire-soutien-a-meyliet-kone","og_site_name":"C\u00f4te d&#039;Ivoire","article_published_time":"2025-12-09T14:27:34+00:00","article_modified_time":"2025-12-09T14:37:53+00:00","og_image":[{"width":720,"height":374,"url":"https:\/\/static.africa-press.net\/cote\/sites\/43\/2025\/12\/sm_1765278423.361076.jpg","type":"image\/jpeg"}],"author":"cfeditorfr","twitter_card":"summary_large_image","twitter_misc":{"\u00c9crit par":"cfeditorfr","Dur\u00e9e de lecture estim\u00e9e":"3 minutes"},"schema":{"@context":"https:\/\/schema.org","@graph":[{"@type":"Article","@id":"https:\/\/www.africa-press.net\/cotedivoire\/politique\/legislatives-a-tafire-soutien-a-meyliet-kone#article","isPartOf":{"@id":"https:\/\/www.africa-press.net\/cotedivoire\/politique\/legislatives-a-tafire-soutien-a-meyliet-kone"},"author":{"name":"cfeditorfr","@id":"https:\/\/www.africa-press.net\/cotedivoire\/#\/schema\/person\/2b1cf3cd81a31e3cd26889ca66d677f1"},"headline":"L\u00e9gislatives \u00e0 Tafir\u00e9 Soutien \u00e0 Meyliet Kon\u00e9","datePublished":"2025-12-09T14:27:34+00:00","dateModified":"2025-12-09T14:37:53+00:00","mainEntityOfPage":{"@id":"https:\/\/www.africa-press.net\/cotedivoire\/politique\/legislatives-a-tafire-soutien-a-meyliet-kone"},"wordCount":599,"commentCount":0,"image":{"@id":"https:\/\/www.africa-press.net\/cotedivoire\/politique\/legislatives-a-tafire-soutien-a-meyliet-kone#primaryimage"},"thumbnailUrl":"https:\/\/static.africa-press.net\/cote\/sites\/43\/2025\/12\/sm_1765278423.361076.jpg","keywords":["Charles Sanga","C\u00d4TE D'IVOIRE","Hambol","Karim Ouattara","L\u00e9gislatives 2025","Politique","religion","RHDP","Tafir\u00e9","Ti\u00e9moko Meyliet Kon\u00e9","TMK"],"articleSection":["Politique","Toutes les actualit\u00e9s"],"inLanguage":"fr-FR","potentialAction":[{"@type":"CommentAction","name":"Comment","target":["https:\/\/www.africa-press.net\/cotedivoire\/politique\/legislatives-a-tafire-soutien-a-meyliet-kone#respond"]}]},{"@type":"WebPage","@id":"https:\/\/www.africa-press.net\/cotedivoire\/politique\/legislatives-a-tafire-soutien-a-meyliet-kone","url":"https:\/\/www.africa-press.net\/cotedivoire\/politique\/legislatives-a-tafire-soutien-a-meyliet-kone","name":"L\u00e9gislatives \u00e0 Tafir\u00e9 Soutien \u00e0 Meyliet Kon\u00e9 - C\u00f4te d&#039;Ivoire","isPartOf":{"@id":"https:\/\/www.africa-press.net\/cotedivoire\/#website"},"primaryImageOfPage":{"@id":"https:\/\/www.africa-press.net\/cotedivoire\/politique\/legislatives-a-tafire-soutien-a-meyliet-kone#primaryimage"},"image":{"@id":"https:\/\/www.africa-press.net\/cotedivoire\/politique\/legislatives-a-tafire-soutien-a-meyliet-kone#primaryimage"},"thumbnailUrl":"https:\/\/static.africa-press.net\/cote\/sites\/43\/2025\/12\/sm_1765278423.361076.jpg","datePublished":"2025-12-09T14:27:34+00:00","dateModified":"2025-12-09T14:37:53+00:00","author":{"@id":"https:\/\/www.africa-press.net\/cotedivoire\/#\/schema\/person\/2b1cf3cd81a31e3cd26889ca66d677f1"},"description":"A\u0300 Tafire\u0301, la de\u0301claration de soutien des imams au Vice-Pre\u0301sident Tie\u0301moko Meyliet Kone\u0301 a marque\u0301 un tournant symboli ...","breadcrumb":{"@id":"https:\/\/www.africa-press.net\/cotedivoire\/politique\/legislatives-a-tafire-soutien-a-meyliet-kone#breadcrumb"},"inLanguage":"fr-FR","potentialAction":[{"@type":"ReadAction","target":["https:\/\/www.africa-press.net\/cotedivoire\/politique\/legislatives-a-tafire-soutien-a-meyliet-kone"]}]},{"@type":"ImageObject","inLanguage":"fr-FR","@id":"https:\/\/www.africa-press.net\/cotedivoire\/politique\/legislatives-a-tafire-soutien-a-meyliet-kone#primaryimage","url":"https:\/\/static.africa-press.net\/cote\/sites\/43\/2025\/12\/sm_1765278423.361076.jpg","contentUrl":"https:\/\/static.africa-press.net\/cote\/sites\/43\/2025\/12\/sm_1765278423.361076.jpg","width":720,"height":374,"caption":"L\u00e9gislatives \u00e0 Tafir\u00e9 Soutien \u00e0 Meyliet Kon\u00e9"},{"@type":"BreadcrumbList","@id":"https:\/\/www.africa-press.net\/cotedivoire\/politique\/legislatives-a-tafire-soutien-a-meyliet-kone#breadcrumb","itemListElement":[{"@type":"ListItem","position":1,"name":"Accueil","item":"https:\/\/www.africa-press.net\/cotedivoire\/"},{"@type":"ListItem","position":2,"name":"L\u00e9gislatives \u00e0 Tafir\u00e9 Soutien \u00e0 Meyliet Kon\u00e9"}]},{"@type":"WebSite","@id":"https:\/\/www.africa-press.net\/cotedivoire\/#website","url":"https:\/\/www.africa-press.net\/cotedivoire\/","name":"C\u00f4te d&#039;Ivoire","description":"Just another Africa News Agency Sites site","potentialAction":[{"@type":"SearchAction","target":{"@type":"EntryPoint","urlTemplate":"https:\/\/www.africa-press.net\/cotedivoire\/?s={search_term_string}"},"query-input":{"@type":"PropertyValueSpecification","valueRequired":true,"valueName":"search_term_string"}}],"inLanguage":"fr-FR"},{"@type":"Person","@id":"https:\/\/www.africa-press.net\/cotedivoire\/#\/schema\/person\/2b1cf3cd81a31e3cd26889ca66d677f1","name":"cfeditorfr"}]}},"_links":{"self":[{"href":"https:\/\/www.africa-press.net\/cotedivoire\/wp-json\/wp\/v2\/posts\/109985","targetHints":{"allow":["GET"]}}],"collection":[{"href":"https:\/\/www.africa-press.net\/cotedivoire\/wp-json\/wp\/v2\/posts"}],"about":[{"href":"https:\/\/www.africa-press.net\/cotedivoire\/wp-json\/wp\/v2\/types\/post"}],"author":[{"embeddable":true,"href":"https:\/\/www.africa-press.net\/cotedivoire\/wp-json\/wp\/v2\/users\/82"}],"replies":[{"embeddable":true,"href":"https:\/\/www.africa-press.net\/cotedivoire\/wp-json\/wp\/v2\/comments?post=109985"}],"version-history":[{"count":0,"href":"https:\/\/www.africa-press.net\/cotedivoire\/wp-json\/wp\/v2\/posts\/109985\/revisions"}],"wp:featuredmedia":[{"embeddable":true,"href":"https:\/\/www.africa-press.net\/cotedivoire\/wp-json\/wp\/v2\/media\/109984"}],"wp:attachment":[{"href":"https:\/\/www.africa-press.net\/cotedivoire\/wp-json\/wp\/v2\/media?parent=109985"}],"wp:term":[{"taxonomy":"category","embeddable":true,"href":"https:\/\/www.africa-press.net\/cotedivoire\/wp-json\/wp\/v2\/categories?post=109985"},{"taxonomy":"post_tag","embeddable":true,"href":"https:\/\/www.africa-press.net\/cotedivoire\/wp-json\/wp\/v2\/tags?post=109985"}],"curies":[{"name":"wp","href":"https:\/\/api.w.org\/{rel}","templated":true}]}}