{"id":109994,"date":"2025-12-09T14:29:16","date_gmt":"2025-12-09T14:29:16","guid":{"rendered":"https:\/\/www.africa-press.net\/cotedivoire\/politique\/victoire-de-ouattara-celebree-a-abobo-par-mambe"},"modified":"2025-12-09T14:38:47","modified_gmt":"2025-12-09T14:38:47","slug":"victoire-de-ouattara-celebree-a-abobo-par-mambe","status":"publish","type":"post","link":"https:\/\/www.africa-press.net\/cotedivoire\/politique\/victoire-de-ouattara-celebree-a-abobo-par-mambe","title":{"rendered":"Victoire de Ouattara c\u00e9l\u00e9br\u00e9e \u00e0 Abobo par Mamb\u00e9"},"content":{"rendered":"<p><span style=\"color: #ff6600\"><strong>Africa-Press &#8211; C\u00f4te d&rsquo;Ivoire. <\/strong><\/span>La commune d\u2019Abobo a vibre\u0301 ce samedi 6 de\u0301cembre 2025 lors de la grande fe\u0302te organise\u0301e en l\u2019honneur de la re\u0301e\u0301lection du Pre\u0301sident Alassane Ouattara. Une foule dense s\u2019est rassemble\u0301e a\u0300 la place ADO, en face de la mairie, pour ce\u0301le\u0301brer la victoire du chef de l\u2019E\u0301tat, vainqueur du scrutin pre\u0301sidentiel du 25 octobre 2025.<\/p>\n<p>Mais si l\u2019ambiance e\u0301tait a\u0300 la liesse, les festivite\u0301s ont e\u0301te\u0301 brutalement interrompues par une pluie torrentielle, empe\u0302chant le Vice-pre\u0301sident Tie\u0301moko Meyliet Kone\u0301, parrain de la ce\u0301re\u0301monie, de s\u2019adresser au public.<\/p>\n<p>Avant cette interruption, le Premier ministre Robert Beugre\u0301 Mambe\u0301 et la maire d\u2019Abobo, Kandia Camara, ont toutefois pu de\u0301livrer des messages forts, marque\u0301s par la reconnaissance, l\u2019enthousiasme et l\u2019appel a\u0300 la mobilisation pour les prochaines e\u0301che\u0301ances e\u0301lectorales.<\/p>\n<p>Dans un style dynamique et rythme\u0301, le Premier ministre Beugre\u0301 Mambe\u0301 a galvanise\u0301 la foule venue en nombre. S\u2019adressant successivement aux jeunes, aux femmes et aux hommes, il a transmis les remerciements du Pre\u0301sident de la Re\u0301publique:\u201cLe pre\u0301sident Alassane Ouattara vous dit merci !\u201d<\/p>\n<p>Reprenant le symbole fort de la place ADO, Mambe\u0301 a e\u0301tabli un paralle\u0300le entre ce lieu re\u0301nove\u0301 et le futur qu\u2019il souhaite pour l\u2019ensemble du pays: \u201cParce que c\u2019est Zo, le pre\u0301sident Alassane Ouattara fera de la Co\u0302te d\u2019Ivoire entie\u0300re un espace aussi beau, aussi agre\u0301able, aussi attrayant.\u201d\u201cToute la Co\u0302te d\u2019Ivoire sera Zo !\u201d<\/p>\n<p>Dans une monte\u0301e d\u2019enthousiasme reprise par le public, il a scande\u0301 a\u0300 plusieurs reprises:\u201cPlus Zo ! Plus Zo! Encore plus Zo!\u201d<\/p>\n<p>A\u0300 travers cette formule image\u0301e, le Premier ministre a appele\u0301 les populations d\u2019Abobo a\u0300 continuer de soutenir le chef de l\u2019E\u0301tat pour que le pays poursuive sa transformation.<\/p>\n<p>La maire d\u2019Abobo et pre\u0301sidente du Se\u0301nat, Kandia Camara, a quant a\u0300 elle livre\u0301 un discours empreint d\u2019e\u0301motion, de reconnaissance et d\u2019histoire politique.<\/p>\n<p>Elle a rappele\u0301 le ro\u0302le central de la commune dans le parcours du RHDP:\u201cAbobo, c\u2019est le c\u0153ur battant du RHDP.\u201d<\/p>\n<p>Rendant hommage a\u0300 plusieurs figures emble\u0301matiques, dont Adama Toungara, Amadou Gon Coulibaly et de nombreux militants anonymes, elle a souligne\u0301 que le combat politique mene\u0301 ici a fac\u0327onne\u0301 de longue date le destin du parti.<\/p>\n<p>E\u0301voquant la victoire du Pre\u0301sident Ouattara, re\u0301e\u0301lu avec 89,77 % des voix, Kandia Camara a salue\u0301 un moment historique: \u201cNous ce\u0301le\u0301brons la victoire d\u2019un homme providentiel, d\u2019un homme visionnaire, d\u2019un leader anime\u0301 d\u2019un amour profond pour son pays.\u201d<\/p>\n<p>Elle a multiplie\u0301 les formules pour rappeler les valeurs incarne\u0301es selon elle par le chef de l\u2019E\u0301tat: \u201cNous ce\u0301le\u0301brons la victoire de la cohe\u0301sion, de la paix, de la stabilite\u0301, de la prospe\u0301rite\u0301, du partage et du de\u0301veloppement.\u201d<\/p>\n<p>Regardant vers l\u2019avenir, elle a appele\u0301 les militants a\u0300 rester mobilise\u0301s pour les le\u0301gislatives du 27 de\u0301cembre 2025, un enjeu crucial pour doter le Pre\u0301sident d\u2019une majorite\u0301 forte: \u201cNous devons rester unis autour du pre\u0301sident Alassane Ouattara, dans l\u2019union sacre\u0301e et la solidarite\u0301.\u201d<\/p>\n<p>Elle a conclu par une se\u0301rie d\u2019acclamations:\u201cVive Abobo, cite\u0301 de fide\u0301lite\u0301, de courage et de re\u0301silience ! Vive le RHDP ! Vive la Co\u0302te d\u2019Ivoire !\u201d<\/p>\n<p>Malgre\u0301 l\u2019averse qui a abre\u0301ge\u0301 l\u2019e\u0301ve\u0301nement et prive\u0301 le Vice-pre\u0301sident de son intervention, la ce\u0301le\u0301bration de la victoire pre\u0301sidentielle a\u0300 Abobo a souligne\u0301 l\u2019attachement de la commune au chef de l\u2019E\u0301tat et au RHDP.<\/p>\n<p>Cette journe\u0301e, rythme\u0301e par les chants, les slogans et les discours, a rappele\u0301 a\u0300 quel point Abobo demeure un bastion politique majeur et un moteur de mobilisation en vue des prochaines e\u0301lections le\u0301gislatives.<\/p>\n<p><strong>Pour plus d&rsquo;informations et d&rsquo;analyses sur la <span style=\"color: #ff6600\">C\u00f4te d&rsquo;Ivoire<\/span>, suivez <span style=\"color: #ff6600\">Africa-Press<\/span><\/strong><\/p>\n","protected":false},"excerpt":{"rendered":"<p>Africa-Press &#8211; C\u00f4te d&rsquo;Ivoire. La commune d\u2019Abobo a vibre\u0301 ce samedi 6 de\u0301cembre 2025 lors de la grande fe\u0302te organise\u0301e en l\u2019honneur de la re\u0301e\u0301lection du Pre\u0301sident Alassane Ouattara. Une foule dense s\u2019est rassemble\u0301e a\u0300 la place ADO, en face de la mairie, pour ce\u0301le\u0301brer la victoire du chef de l\u2019E\u0301tat, vainqueur du scrutin pre\u0301sidentiel [&hellip;]<\/p>\n","protected":false},"author":82,"featured_media":109993,"comment_status":"open","ping_status":"closed","sticky":false,"template":"","format":"standard","meta":{"footnotes":""},"categories":[2,10],"tags":[787,38,2399,29,19066,1083,19356,19768,371],"class_list":["post-109994","post","type-post","status-publish","format-standard","has-post-thumbnail","hentry","category-politique","category-toutes-les-actualites","tag-abobo","tag-alassane-ouattara","tag-beugre-mambe","tag-cote-divoire","tag-election-2025","tag-kandia-camara","tag-legislatives-2025","tag-place-ado","tag-rhdp"],"yoast_head":"<!-- This site is optimized with the Yoast SEO Premium plugin v26.1 (Yoast SEO v27.0) - https:\/\/yoast.com\/product\/yoast-seo-premium-wordpress\/ -->\n<title>Victoire de Ouattara c\u00e9l\u00e9br\u00e9e \u00e0 Abobo par Mamb\u00e9 - C\u00f4te d&#039;Ivoire<\/title>\n<meta name=\"description\" content=\"La commune d\u2019Abobo a vibre\u0301 ce samedi 6 de\u0301cembre 2025 lors de la grande fe\u0302te organise\u0301e en l\u2019honneur de la re\u0301e\u0301lectio ...\" \/>\n<meta name=\"robots\" content=\"index, follow, max-snippet:-1, max-image-preview:large, max-video-preview:-1\" \/>\n<link rel=\"canonical\" href=\"https:\/\/www.africa-press.net\/cotedivoire\/politique\/victoire-de-ouattara-celebree-a-abobo-par-mambe\" \/>\n<meta property=\"og:locale\" content=\"fr_FR\" \/>\n<meta property=\"og:type\" content=\"article\" \/>\n<meta property=\"og:title\" content=\"Victoire de Ouattara c\u00e9l\u00e9br\u00e9e \u00e0 Abobo par Mamb\u00e9\" \/>\n<meta property=\"og:description\" content=\"La commune d\u2019Abobo a vibre\u0301 ce samedi 6 de\u0301cembre 2025 lors de la grande fe\u0302te organise\u0301e en l\u2019honneur de la re\u0301e\u0301lectio ...\" \/>\n<meta property=\"og:url\" content=\"https:\/\/www.africa-press.net\/cotedivoire\/politique\/victoire-de-ouattara-celebree-a-abobo-par-mambe\" \/>\n<meta property=\"og:site_name\" content=\"C\u00f4te d&#039;Ivoire\" \/>\n<meta property=\"article:published_time\" content=\"2025-12-09T14:29:16+00:00\" \/>\n<meta property=\"article:modified_time\" content=\"2025-12-09T14:38:47+00:00\" \/>\n<meta property=\"og:image\" content=\"https:\/\/static.africa-press.net\/cote\/sites\/43\/2025\/12\/sm_1765278482.328502.jpg\" \/>\n\t<meta property=\"og:image:width\" content=\"720\" \/>\n\t<meta property=\"og:image:height\" content=\"480\" \/>\n\t<meta property=\"og:image:type\" content=\"image\/jpeg\" \/>\n<meta name=\"author\" content=\"cfeditorfr\" \/>\n<meta name=\"twitter:card\" content=\"summary_large_image\" \/>\n<meta name=\"twitter:label1\" content=\"\u00c9crit par\" \/>\n\t<meta name=\"twitter:data1\" content=\"cfeditorfr\" \/>\n\t<meta name=\"twitter:label2\" content=\"Dur\u00e9e de lecture estim\u00e9e\" \/>\n\t<meta name=\"twitter:data2\" content=\"4 minutes\" \/>\n<script type=\"application\/ld+json\" class=\"yoast-schema-graph\">{\"@context\":\"https:\/\/schema.org\",\"@graph\":[{\"@type\":\"Article\",\"@id\":\"https:\/\/www.africa-press.net\/cotedivoire\/politique\/victoire-de-ouattara-celebree-a-abobo-par-mambe#article\",\"isPartOf\":{\"@id\":\"https:\/\/www.africa-press.net\/cotedivoire\/politique\/victoire-de-ouattara-celebree-a-abobo-par-mambe\"},\"author\":{\"name\":\"cfeditorfr\",\"@id\":\"https:\/\/www.africa-press.net\/cotedivoire\/#\/schema\/person\/2b1cf3cd81a31e3cd26889ca66d677f1\"},\"headline\":\"Victoire de Ouattara c\u00e9l\u00e9br\u00e9e \u00e0 Abobo par Mamb\u00e9\",\"datePublished\":\"2025-12-09T14:29:16+00:00\",\"dateModified\":\"2025-12-09T14:38:47+00:00\",\"mainEntityOfPage\":{\"@id\":\"https:\/\/www.africa-press.net\/cotedivoire\/politique\/victoire-de-ouattara-celebree-a-abobo-par-mambe\"},\"wordCount\":698,\"commentCount\":0,\"image\":{\"@id\":\"https:\/\/www.africa-press.net\/cotedivoire\/politique\/victoire-de-ouattara-celebree-a-abobo-par-mambe#primaryimage\"},\"thumbnailUrl\":\"https:\/\/static.africa-press.net\/cote\/sites\/43\/2025\/12\/sm_1765278482.328502.jpg\",\"keywords\":[\"Abobo\",\"Alassane Ouattara\",\"Beugr\u00e9 Mamb\u00e9\",\"C\u00d4TE D'IVOIRE\",\"\u00c9lection 2025\",\"Kandia Camara\",\"L\u00e9gislatives 2025\",\"place ADO\",\"RHDP\"],\"articleSection\":[\"Politique\",\"Toutes les actualit\u00e9s\"],\"inLanguage\":\"fr-FR\",\"potentialAction\":[{\"@type\":\"CommentAction\",\"name\":\"Comment\",\"target\":[\"https:\/\/www.africa-press.net\/cotedivoire\/politique\/victoire-de-ouattara-celebree-a-abobo-par-mambe#respond\"]}]},{\"@type\":\"WebPage\",\"@id\":\"https:\/\/www.africa-press.net\/cotedivoire\/politique\/victoire-de-ouattara-celebree-a-abobo-par-mambe\",\"url\":\"https:\/\/www.africa-press.net\/cotedivoire\/politique\/victoire-de-ouattara-celebree-a-abobo-par-mambe\",\"name\":\"Victoire de Ouattara c\u00e9l\u00e9br\u00e9e \u00e0 Abobo par Mamb\u00e9 - C\u00f4te d&#039;Ivoire\",\"isPartOf\":{\"@id\":\"https:\/\/www.africa-press.net\/cotedivoire\/#website\"},\"primaryImageOfPage\":{\"@id\":\"https:\/\/www.africa-press.net\/cotedivoire\/politique\/victoire-de-ouattara-celebree-a-abobo-par-mambe#primaryimage\"},\"image\":{\"@id\":\"https:\/\/www.africa-press.net\/cotedivoire\/politique\/victoire-de-ouattara-celebree-a-abobo-par-mambe#primaryimage\"},\"thumbnailUrl\":\"https:\/\/static.africa-press.net\/cote\/sites\/43\/2025\/12\/sm_1765278482.328502.jpg\",\"datePublished\":\"2025-12-09T14:29:16+00:00\",\"dateModified\":\"2025-12-09T14:38:47+00:00\",\"author\":{\"@id\":\"https:\/\/www.africa-press.net\/cotedivoire\/#\/schema\/person\/2b1cf3cd81a31e3cd26889ca66d677f1\"},\"description\":\"La commune d\u2019Abobo a vibre\u0301 ce samedi 6 de\u0301cembre 2025 lors de la grande fe\u0302te organise\u0301e en l\u2019honneur de la re\u0301e\u0301lectio ...\",\"breadcrumb\":{\"@id\":\"https:\/\/www.africa-press.net\/cotedivoire\/politique\/victoire-de-ouattara-celebree-a-abobo-par-mambe#breadcrumb\"},\"inLanguage\":\"fr-FR\",\"potentialAction\":[{\"@type\":\"ReadAction\",\"target\":[\"https:\/\/www.africa-press.net\/cotedivoire\/politique\/victoire-de-ouattara-celebree-a-abobo-par-mambe\"]}]},{\"@type\":\"ImageObject\",\"inLanguage\":\"fr-FR\",\"@id\":\"https:\/\/www.africa-press.net\/cotedivoire\/politique\/victoire-de-ouattara-celebree-a-abobo-par-mambe#primaryimage\",\"url\":\"https:\/\/static.africa-press.net\/cote\/sites\/43\/2025\/12\/sm_1765278482.328502.jpg\",\"contentUrl\":\"https:\/\/static.africa-press.net\/cote\/sites\/43\/2025\/12\/sm_1765278482.328502.jpg\",\"width\":720,\"height\":480,\"caption\":\"Victoire de Ouattara c\u00e9l\u00e9br\u00e9e \u00e0 Abobo par Mamb\u00e9\"},{\"@type\":\"BreadcrumbList\",\"@id\":\"https:\/\/www.africa-press.net\/cotedivoire\/politique\/victoire-de-ouattara-celebree-a-abobo-par-mambe#breadcrumb\",\"itemListElement\":[{\"@type\":\"ListItem\",\"position\":1,\"name\":\"Accueil\",\"item\":\"https:\/\/www.africa-press.net\/cotedivoire\/\"},{\"@type\":\"ListItem\",\"position\":2,\"name\":\"Victoire de Ouattara c\u00e9l\u00e9br\u00e9e \u00e0 Abobo par Mamb\u00e9\"}]},{\"@type\":\"WebSite\",\"@id\":\"https:\/\/www.africa-press.net\/cotedivoire\/#website\",\"url\":\"https:\/\/www.africa-press.net\/cotedivoire\/\",\"name\":\"C\u00f4te d&#039;Ivoire\",\"description\":\"Just another Africa News Agency Sites site\",\"potentialAction\":[{\"@type\":\"SearchAction\",\"target\":{\"@type\":\"EntryPoint\",\"urlTemplate\":\"https:\/\/www.africa-press.net\/cotedivoire\/?s={search_term_string}\"},\"query-input\":{\"@type\":\"PropertyValueSpecification\",\"valueRequired\":true,\"valueName\":\"search_term_string\"}}],\"inLanguage\":\"fr-FR\"},{\"@type\":\"Person\",\"@id\":\"https:\/\/www.africa-press.net\/cotedivoire\/#\/schema\/person\/2b1cf3cd81a31e3cd26889ca66d677f1\",\"name\":\"cfeditorfr\"}]}<\/script>\n<!-- \/ Yoast SEO Premium plugin. -->","yoast_head_json":{"title":"Victoire de Ouattara c\u00e9l\u00e9br\u00e9e \u00e0 Abobo par Mamb\u00e9 - C\u00f4te d&#039;Ivoire","description":"La commune d\u2019Abobo a vibre\u0301 ce samedi 6 de\u0301cembre 2025 lors de la grande fe\u0302te organise\u0301e en l\u2019honneur de la re\u0301e\u0301lectio ...","robots":{"index":"index","follow":"follow","max-snippet":"max-snippet:-1","max-image-preview":"max-image-preview:large","max-video-preview":"max-video-preview:-1"},"canonical":"https:\/\/www.africa-press.net\/cotedivoire\/politique\/victoire-de-ouattara-celebree-a-abobo-par-mambe","og_locale":"fr_FR","og_type":"article","og_title":"Victoire de Ouattara c\u00e9l\u00e9br\u00e9e \u00e0 Abobo par Mamb\u00e9","og_description":"La commune d\u2019Abobo a vibre\u0301 ce samedi 6 de\u0301cembre 2025 lors de la grande fe\u0302te organise\u0301e en l\u2019honneur de la re\u0301e\u0301lectio ...","og_url":"https:\/\/www.africa-press.net\/cotedivoire\/politique\/victoire-de-ouattara-celebree-a-abobo-par-mambe","og_site_name":"C\u00f4te d&#039;Ivoire","article_published_time":"2025-12-09T14:29:16+00:00","article_modified_time":"2025-12-09T14:38:47+00:00","og_image":[{"width":720,"height":480,"url":"https:\/\/static.africa-press.net\/cote\/sites\/43\/2025\/12\/sm_1765278482.328502.jpg","type":"image\/jpeg"}],"author":"cfeditorfr","twitter_card":"summary_large_image","twitter_misc":{"\u00c9crit par":"cfeditorfr","Dur\u00e9e de lecture estim\u00e9e":"4 minutes"},"schema":{"@context":"https:\/\/schema.org","@graph":[{"@type":"Article","@id":"https:\/\/www.africa-press.net\/cotedivoire\/politique\/victoire-de-ouattara-celebree-a-abobo-par-mambe#article","isPartOf":{"@id":"https:\/\/www.africa-press.net\/cotedivoire\/politique\/victoire-de-ouattara-celebree-a-abobo-par-mambe"},"author":{"name":"cfeditorfr","@id":"https:\/\/www.africa-press.net\/cotedivoire\/#\/schema\/person\/2b1cf3cd81a31e3cd26889ca66d677f1"},"headline":"Victoire de Ouattara c\u00e9l\u00e9br\u00e9e \u00e0 Abobo par Mamb\u00e9","datePublished":"2025-12-09T14:29:16+00:00","dateModified":"2025-12-09T14:38:47+00:00","mainEntityOfPage":{"@id":"https:\/\/www.africa-press.net\/cotedivoire\/politique\/victoire-de-ouattara-celebree-a-abobo-par-mambe"},"wordCount":698,"commentCount":0,"image":{"@id":"https:\/\/www.africa-press.net\/cotedivoire\/politique\/victoire-de-ouattara-celebree-a-abobo-par-mambe#primaryimage"},"thumbnailUrl":"https:\/\/static.africa-press.net\/cote\/sites\/43\/2025\/12\/sm_1765278482.328502.jpg","keywords":["Abobo","Alassane Ouattara","Beugr\u00e9 Mamb\u00e9","C\u00d4TE D'IVOIRE","\u00c9lection 2025","Kandia Camara","L\u00e9gislatives 2025","place ADO","RHDP"],"articleSection":["Politique","Toutes les actualit\u00e9s"],"inLanguage":"fr-FR","potentialAction":[{"@type":"CommentAction","name":"Comment","target":["https:\/\/www.africa-press.net\/cotedivoire\/politique\/victoire-de-ouattara-celebree-a-abobo-par-mambe#respond"]}]},{"@type":"WebPage","@id":"https:\/\/www.africa-press.net\/cotedivoire\/politique\/victoire-de-ouattara-celebree-a-abobo-par-mambe","url":"https:\/\/www.africa-press.net\/cotedivoire\/politique\/victoire-de-ouattara-celebree-a-abobo-par-mambe","name":"Victoire de Ouattara c\u00e9l\u00e9br\u00e9e \u00e0 Abobo par Mamb\u00e9 - C\u00f4te d&#039;Ivoire","isPartOf":{"@id":"https:\/\/www.africa-press.net\/cotedivoire\/#website"},"primaryImageOfPage":{"@id":"https:\/\/www.africa-press.net\/cotedivoire\/politique\/victoire-de-ouattara-celebree-a-abobo-par-mambe#primaryimage"},"image":{"@id":"https:\/\/www.africa-press.net\/cotedivoire\/politique\/victoire-de-ouattara-celebree-a-abobo-par-mambe#primaryimage"},"thumbnailUrl":"https:\/\/static.africa-press.net\/cote\/sites\/43\/2025\/12\/sm_1765278482.328502.jpg","datePublished":"2025-12-09T14:29:16+00:00","dateModified":"2025-12-09T14:38:47+00:00","author":{"@id":"https:\/\/www.africa-press.net\/cotedivoire\/#\/schema\/person\/2b1cf3cd81a31e3cd26889ca66d677f1"},"description":"La commune d\u2019Abobo a vibre\u0301 ce samedi 6 de\u0301cembre 2025 lors de la grande fe\u0302te organise\u0301e en l\u2019honneur de la re\u0301e\u0301lectio ...","breadcrumb":{"@id":"https:\/\/www.africa-press.net\/cotedivoire\/politique\/victoire-de-ouattara-celebree-a-abobo-par-mambe#breadcrumb"},"inLanguage":"fr-FR","potentialAction":[{"@type":"ReadAction","target":["https:\/\/www.africa-press.net\/cotedivoire\/politique\/victoire-de-ouattara-celebree-a-abobo-par-mambe"]}]},{"@type":"ImageObject","inLanguage":"fr-FR","@id":"https:\/\/www.africa-press.net\/cotedivoire\/politique\/victoire-de-ouattara-celebree-a-abobo-par-mambe#primaryimage","url":"https:\/\/static.africa-press.net\/cote\/sites\/43\/2025\/12\/sm_1765278482.328502.jpg","contentUrl":"https:\/\/static.africa-press.net\/cote\/sites\/43\/2025\/12\/sm_1765278482.328502.jpg","width":720,"height":480,"caption":"Victoire de Ouattara c\u00e9l\u00e9br\u00e9e \u00e0 Abobo par Mamb\u00e9"},{"@type":"BreadcrumbList","@id":"https:\/\/www.africa-press.net\/cotedivoire\/politique\/victoire-de-ouattara-celebree-a-abobo-par-mambe#breadcrumb","itemListElement":[{"@type":"ListItem","position":1,"name":"Accueil","item":"https:\/\/www.africa-press.net\/cotedivoire\/"},{"@type":"ListItem","position":2,"name":"Victoire de Ouattara c\u00e9l\u00e9br\u00e9e \u00e0 Abobo par Mamb\u00e9"}]},{"@type":"WebSite","@id":"https:\/\/www.africa-press.net\/cotedivoire\/#website","url":"https:\/\/www.africa-press.net\/cotedivoire\/","name":"C\u00f4te d&#039;Ivoire","description":"Just another Africa News Agency Sites site","potentialAction":[{"@type":"SearchAction","target":{"@type":"EntryPoint","urlTemplate":"https:\/\/www.africa-press.net\/cotedivoire\/?s={search_term_string}"},"query-input":{"@type":"PropertyValueSpecification","valueRequired":true,"valueName":"search_term_string"}}],"inLanguage":"fr-FR"},{"@type":"Person","@id":"https:\/\/www.africa-press.net\/cotedivoire\/#\/schema\/person\/2b1cf3cd81a31e3cd26889ca66d677f1","name":"cfeditorfr"}]}},"_links":{"self":[{"href":"https:\/\/www.africa-press.net\/cotedivoire\/wp-json\/wp\/v2\/posts\/109994","targetHints":{"allow":["GET"]}}],"collection":[{"href":"https:\/\/www.africa-press.net\/cotedivoire\/wp-json\/wp\/v2\/posts"}],"about":[{"href":"https:\/\/www.africa-press.net\/cotedivoire\/wp-json\/wp\/v2\/types\/post"}],"author":[{"embeddable":true,"href":"https:\/\/www.africa-press.net\/cotedivoire\/wp-json\/wp\/v2\/users\/82"}],"replies":[{"embeddable":true,"href":"https:\/\/www.africa-press.net\/cotedivoire\/wp-json\/wp\/v2\/comments?post=109994"}],"version-history":[{"count":0,"href":"https:\/\/www.africa-press.net\/cotedivoire\/wp-json\/wp\/v2\/posts\/109994\/revisions"}],"wp:featuredmedia":[{"embeddable":true,"href":"https:\/\/www.africa-press.net\/cotedivoire\/wp-json\/wp\/v2\/media\/109993"}],"wp:attachment":[{"href":"https:\/\/www.africa-press.net\/cotedivoire\/wp-json\/wp\/v2\/media?parent=109994"}],"wp:term":[{"taxonomy":"category","embeddable":true,"href":"https:\/\/www.africa-press.net\/cotedivoire\/wp-json\/wp\/v2\/categories?post=109994"},{"taxonomy":"post_tag","embeddable":true,"href":"https:\/\/www.africa-press.net\/cotedivoire\/wp-json\/wp\/v2\/tags?post=109994"}],"curies":[{"name":"wp","href":"https:\/\/api.w.org\/{rel}","templated":true}]}}