{"id":110032,"date":"2025-12-10T18:08:38","date_gmt":"2025-12-10T18:08:38","guid":{"rendered":"https:\/\/www.africa-press.net\/cotedivoire\/politique\/blague-de-pepe-suscite-polemique-au-maroc-avant-can-2025"},"modified":"2025-12-10T19:04:36","modified_gmt":"2025-12-10T19:04:36","slug":"blague-de-pepe-suscite-polemique-au-maroc-avant-can-2025","status":"publish","type":"post","link":"https:\/\/www.africa-press.net\/cotedivoire\/sports\/blague-de-pepe-suscite-polemique-au-maroc-avant-can-2025","title":{"rendered":"Blague de P\u00e9p\u00e9 suscite pol\u00e9mique au Maroc avant CAN 2025"},"content":{"rendered":"<p><span style=\"color: #ff6600\"><strong>Africa-Press &#8211; C\u00f4te d&rsquo;Ivoire. <\/strong><\/span>A quelques jours de la CAN 2025, l\u2019attaquant des e\u0301le\u0301phants Nicolas Pe\u0301pe\u0301 croyait si bien faire en sortant une blague sur les lions de l\u2019Atlas du Maroc.<\/p>\n<p>Le champion d\u2019Afrique 2023, dans sa sortie via les re\u0301seaux sociaux, rappelle que la Co\u0302te d\u2019Ivoire a trois titres, \u00ab contre deux pour l\u2019Alge\u0301rie \u00bb, avant de glisser une pique humoristique sur le Maroc:<\/p>\n<p>\u00ab Ils ont combien d\u2019e\u0301toiles, eux? Une? Ils ont du\u0302 gagner c\u0327a en 1818, mon pe\u0300re n\u2019e\u0301tait me\u0302me pas ne\u0301. \u00bb<\/p>\n<p>Une sortie conside\u0301re\u0301e par les fans marocains comme une moquerie. Tre\u0300s vite, les commentaires se multiplient sous ses publications: moqueries, attaques personnelles, mais surtout insultes racistes, parfois accompagne\u0301es d\u2019emojis de\u0301gradants. Pe\u0301pe\u0301 publie alors une capture d\u2019e\u0301cran montrant l\u2019ampleur des messages rec\u0327us, accompagne\u0301e d\u2019un message sans e\u0301quivoque: \u201cRestez forts, le racisme n\u2019a pas sa place.\u201d<\/p>\n<p>Face a\u0300 l\u2019ampleur prise par la pole\u0301mique, Nicolas Pe\u0301pe\u0301 a finalement publie\u0301 un message plus long, dans lequel il clarifie le contexte et s\u2019excuse aupre\u0300s de ceux qui se seraient sentis vise\u0301s.<\/p>\n<p>\u00ab Je reviens sur la pole\u0301mique autour de ma vide\u0301o avec Just Riadh. On rigolait ensemble, on se chambrait depuis le de\u0301but de la journe\u0301e en faisant des blagues sur tout le monde. Navre\u0301 si mes mots ont pu e\u0302tre mal perc\u0327us par les supporters marocains. Dans la vide\u0301o, avant ma phrase, je souligne la difficulte\u0301 que c\u0327a va e\u0302tre de les affronter durant cette CAN. \u00bb<\/p>\n<p><strong>Pour plus d&rsquo;informations et d&rsquo;analyses sur la <span style=\"color: #ff6600\">C\u00f4te d&rsquo;Ivoire<\/span>, suivez <span style=\"color: #ff6600\">Africa-Press<\/span><\/strong><\/p>\n","protected":false},"excerpt":{"rendered":"<p>Africa-Press &#8211; C\u00f4te d&rsquo;Ivoire. A quelques jours de la CAN 2025, l\u2019attaquant des e\u0301le\u0301phants Nicolas Pe\u0301pe\u0301 croyait si bien faire en sortant une blague sur les lions de l\u2019Atlas du Maroc. Le champion d\u2019Afrique 2023, dans sa sortie via les re\u0301seaux sociaux, rappelle que la Co\u0302te d\u2019Ivoire a trois titres, \u00ab contre deux pour l\u2019Alge\u0301rie [&hellip;]<\/p>\n","protected":false},"author":82,"featured_media":110031,"comment_status":"open","ping_status":"closed","sticky":false,"template":"","format":"standard","meta":{"footnotes":""},"categories":[6,10],"tags":[19772,13587,29,863,5521],"class_list":["post-110032","post","type-post","status-publish","format-standard","has-post-thumbnail","hentry","category-sports","category-toutes-les-actualites","tag-blague","tag-can-2025","tag-cote-divoire","tag-nicolas-pepe","tag-polemique"],"yoast_head":"<!-- This site is optimized with the Yoast SEO Premium plugin v26.1 (Yoast SEO v27.0) - https:\/\/yoast.com\/product\/yoast-seo-premium-wordpress\/ -->\n<title>Blague de P\u00e9p\u00e9 suscite pol\u00e9mique au Maroc avant CAN 2025 - C\u00f4te d&#039;Ivoire<\/title>\n<meta name=\"description\" content=\"A quelques jours de la CAN 2025, l\u2019attaquant des e\u0301le\u0301phants Nicolas Pe\u0301pe\u0301 croyait si bien faire en sortant une blague ...\" \/>\n<meta name=\"robots\" content=\"index, follow, max-snippet:-1, max-image-preview:large, max-video-preview:-1\" \/>\n<link rel=\"canonical\" href=\"https:\/\/www.africa-press.net\/cotedivoire\/sports\/blague-de-pepe-suscite-polemique-au-maroc-avant-can-2025\" \/>\n<meta property=\"og:locale\" content=\"fr_FR\" \/>\n<meta property=\"og:type\" content=\"article\" \/>\n<meta property=\"og:title\" content=\"Blague de P\u00e9p\u00e9 suscite pol\u00e9mique au Maroc avant CAN 2025\" \/>\n<meta property=\"og:description\" content=\"A quelques jours de la CAN 2025, l\u2019attaquant des e\u0301le\u0301phants Nicolas Pe\u0301pe\u0301 croyait si bien faire en sortant une blague ...\" \/>\n<meta property=\"og:url\" content=\"https:\/\/www.africa-press.net\/cotedivoire\/sports\/blague-de-pepe-suscite-polemique-au-maroc-avant-can-2025\" \/>\n<meta property=\"og:site_name\" content=\"C\u00f4te d&#039;Ivoire\" \/>\n<meta property=\"article:published_time\" content=\"2025-12-10T18:08:38+00:00\" \/>\n<meta property=\"article:modified_time\" content=\"2025-12-10T19:04:36+00:00\" \/>\n<meta property=\"og:image\" content=\"https:\/\/static.africa-press.net\/cote\/sites\/43\/2025\/12\/sm_1765380798.880607.jpg\" \/>\n\t<meta property=\"og:image:width\" content=\"720\" \/>\n\t<meta property=\"og:image:height\" content=\"410\" \/>\n\t<meta property=\"og:image:type\" content=\"image\/jpeg\" \/>\n<meta name=\"author\" content=\"cfeditorfr\" \/>\n<meta name=\"twitter:card\" content=\"summary_large_image\" \/>\n<meta name=\"twitter:label1\" content=\"\u00c9crit par\" \/>\n\t<meta name=\"twitter:data1\" content=\"cfeditorfr\" \/>\n\t<meta name=\"twitter:label2\" content=\"Dur\u00e9e de lecture estim\u00e9e\" \/>\n\t<meta name=\"twitter:data2\" content=\"2 minutes\" \/>\n<script type=\"application\/ld+json\" class=\"yoast-schema-graph\">{\"@context\":\"https:\/\/schema.org\",\"@graph\":[{\"@type\":\"Article\",\"@id\":\"https:\/\/www.africa-press.net\/cotedivoire\/sports\/blague-de-pepe-suscite-polemique-au-maroc-avant-can-2025#article\",\"isPartOf\":{\"@id\":\"https:\/\/www.africa-press.net\/cotedivoire\/sports\/blague-de-pepe-suscite-polemique-au-maroc-avant-can-2025\"},\"author\":{\"name\":\"cfeditorfr\",\"@id\":\"https:\/\/www.africa-press.net\/cotedivoire\/#\/schema\/person\/2b1cf3cd81a31e3cd26889ca66d677f1\"},\"headline\":\"Blague de P\u00e9p\u00e9 suscite pol\u00e9mique au Maroc avant CAN 2025\",\"datePublished\":\"2025-12-10T18:08:38+00:00\",\"dateModified\":\"2025-12-10T19:04:36+00:00\",\"mainEntityOfPage\":{\"@id\":\"https:\/\/www.africa-press.net\/cotedivoire\/sports\/blague-de-pepe-suscite-polemique-au-maroc-avant-can-2025\"},\"wordCount\":306,\"commentCount\":0,\"image\":{\"@id\":\"https:\/\/www.africa-press.net\/cotedivoire\/sports\/blague-de-pepe-suscite-polemique-au-maroc-avant-can-2025#primaryimage\"},\"thumbnailUrl\":\"https:\/\/static.africa-press.net\/cote\/sites\/43\/2025\/12\/sm_1765380798.880607.jpg\",\"keywords\":[\"blague\",\"CAN 2025\",\"C\u00d4TE D'IVOIRE\",\"Nicolas P\u00e9p\u00e9\",\"Pol\u00e9mique\"],\"articleSection\":[\"Sports\",\"Toutes les actualit\u00e9s\"],\"inLanguage\":\"fr-FR\",\"potentialAction\":[{\"@type\":\"CommentAction\",\"name\":\"Comment\",\"target\":[\"https:\/\/www.africa-press.net\/cotedivoire\/sports\/blague-de-pepe-suscite-polemique-au-maroc-avant-can-2025#respond\"]}]},{\"@type\":\"WebPage\",\"@id\":\"https:\/\/www.africa-press.net\/cotedivoire\/sports\/blague-de-pepe-suscite-polemique-au-maroc-avant-can-2025\",\"url\":\"https:\/\/www.africa-press.net\/cotedivoire\/sports\/blague-de-pepe-suscite-polemique-au-maroc-avant-can-2025\",\"name\":\"Blague de P\u00e9p\u00e9 suscite pol\u00e9mique au Maroc avant CAN 2025 - C\u00f4te d&#039;Ivoire\",\"isPartOf\":{\"@id\":\"https:\/\/www.africa-press.net\/cotedivoire\/#website\"},\"primaryImageOfPage\":{\"@id\":\"https:\/\/www.africa-press.net\/cotedivoire\/sports\/blague-de-pepe-suscite-polemique-au-maroc-avant-can-2025#primaryimage\"},\"image\":{\"@id\":\"https:\/\/www.africa-press.net\/cotedivoire\/sports\/blague-de-pepe-suscite-polemique-au-maroc-avant-can-2025#primaryimage\"},\"thumbnailUrl\":\"https:\/\/static.africa-press.net\/cote\/sites\/43\/2025\/12\/sm_1765380798.880607.jpg\",\"datePublished\":\"2025-12-10T18:08:38+00:00\",\"dateModified\":\"2025-12-10T19:04:36+00:00\",\"author\":{\"@id\":\"https:\/\/www.africa-press.net\/cotedivoire\/#\/schema\/person\/2b1cf3cd81a31e3cd26889ca66d677f1\"},\"description\":\"A quelques jours de la CAN 2025, l\u2019attaquant des e\u0301le\u0301phants Nicolas Pe\u0301pe\u0301 croyait si bien faire en sortant une blague ...\",\"breadcrumb\":{\"@id\":\"https:\/\/www.africa-press.net\/cotedivoire\/sports\/blague-de-pepe-suscite-polemique-au-maroc-avant-can-2025#breadcrumb\"},\"inLanguage\":\"fr-FR\",\"potentialAction\":[{\"@type\":\"ReadAction\",\"target\":[\"https:\/\/www.africa-press.net\/cotedivoire\/sports\/blague-de-pepe-suscite-polemique-au-maroc-avant-can-2025\"]}]},{\"@type\":\"ImageObject\",\"inLanguage\":\"fr-FR\",\"@id\":\"https:\/\/www.africa-press.net\/cotedivoire\/sports\/blague-de-pepe-suscite-polemique-au-maroc-avant-can-2025#primaryimage\",\"url\":\"https:\/\/static.africa-press.net\/cote\/sites\/43\/2025\/12\/sm_1765380798.880607.jpg\",\"contentUrl\":\"https:\/\/static.africa-press.net\/cote\/sites\/43\/2025\/12\/sm_1765380798.880607.jpg\",\"width\":720,\"height\":410,\"caption\":\"Blague de P\u00e9p\u00e9 suscite pol\u00e9mique au Maroc avant CAN 2025\"},{\"@type\":\"BreadcrumbList\",\"@id\":\"https:\/\/www.africa-press.net\/cotedivoire\/sports\/blague-de-pepe-suscite-polemique-au-maroc-avant-can-2025#breadcrumb\",\"itemListElement\":[{\"@type\":\"ListItem\",\"position\":1,\"name\":\"Accueil\",\"item\":\"https:\/\/www.africa-press.net\/cotedivoire\/\"},{\"@type\":\"ListItem\",\"position\":2,\"name\":\"Blague de P\u00e9p\u00e9 suscite pol\u00e9mique au Maroc avant CAN 2025\"}]},{\"@type\":\"WebSite\",\"@id\":\"https:\/\/www.africa-press.net\/cotedivoire\/#website\",\"url\":\"https:\/\/www.africa-press.net\/cotedivoire\/\",\"name\":\"C\u00f4te d&#039;Ivoire\",\"description\":\"Just another Africa News Agency Sites site\",\"potentialAction\":[{\"@type\":\"SearchAction\",\"target\":{\"@type\":\"EntryPoint\",\"urlTemplate\":\"https:\/\/www.africa-press.net\/cotedivoire\/?s={search_term_string}\"},\"query-input\":{\"@type\":\"PropertyValueSpecification\",\"valueRequired\":true,\"valueName\":\"search_term_string\"}}],\"inLanguage\":\"fr-FR\"},{\"@type\":\"Person\",\"@id\":\"https:\/\/www.africa-press.net\/cotedivoire\/#\/schema\/person\/2b1cf3cd81a31e3cd26889ca66d677f1\",\"name\":\"cfeditorfr\"}]}<\/script>\n<!-- \/ Yoast SEO Premium plugin. -->","yoast_head_json":{"title":"Blague de P\u00e9p\u00e9 suscite pol\u00e9mique au Maroc avant CAN 2025 - C\u00f4te d&#039;Ivoire","description":"A quelques jours de la CAN 2025, l\u2019attaquant des e\u0301le\u0301phants Nicolas Pe\u0301pe\u0301 croyait si bien faire en sortant une blague ...","robots":{"index":"index","follow":"follow","max-snippet":"max-snippet:-1","max-image-preview":"max-image-preview:large","max-video-preview":"max-video-preview:-1"},"canonical":"https:\/\/www.africa-press.net\/cotedivoire\/sports\/blague-de-pepe-suscite-polemique-au-maroc-avant-can-2025","og_locale":"fr_FR","og_type":"article","og_title":"Blague de P\u00e9p\u00e9 suscite pol\u00e9mique au Maroc avant CAN 2025","og_description":"A quelques jours de la CAN 2025, l\u2019attaquant des e\u0301le\u0301phants Nicolas Pe\u0301pe\u0301 croyait si bien faire en sortant une blague ...","og_url":"https:\/\/www.africa-press.net\/cotedivoire\/sports\/blague-de-pepe-suscite-polemique-au-maroc-avant-can-2025","og_site_name":"C\u00f4te d&#039;Ivoire","article_published_time":"2025-12-10T18:08:38+00:00","article_modified_time":"2025-12-10T19:04:36+00:00","og_image":[{"width":720,"height":410,"url":"https:\/\/static.africa-press.net\/cote\/sites\/43\/2025\/12\/sm_1765380798.880607.jpg","type":"image\/jpeg"}],"author":"cfeditorfr","twitter_card":"summary_large_image","twitter_misc":{"\u00c9crit par":"cfeditorfr","Dur\u00e9e de lecture estim\u00e9e":"2 minutes"},"schema":{"@context":"https:\/\/schema.org","@graph":[{"@type":"Article","@id":"https:\/\/www.africa-press.net\/cotedivoire\/sports\/blague-de-pepe-suscite-polemique-au-maroc-avant-can-2025#article","isPartOf":{"@id":"https:\/\/www.africa-press.net\/cotedivoire\/sports\/blague-de-pepe-suscite-polemique-au-maroc-avant-can-2025"},"author":{"name":"cfeditorfr","@id":"https:\/\/www.africa-press.net\/cotedivoire\/#\/schema\/person\/2b1cf3cd81a31e3cd26889ca66d677f1"},"headline":"Blague de P\u00e9p\u00e9 suscite pol\u00e9mique au Maroc avant CAN 2025","datePublished":"2025-12-10T18:08:38+00:00","dateModified":"2025-12-10T19:04:36+00:00","mainEntityOfPage":{"@id":"https:\/\/www.africa-press.net\/cotedivoire\/sports\/blague-de-pepe-suscite-polemique-au-maroc-avant-can-2025"},"wordCount":306,"commentCount":0,"image":{"@id":"https:\/\/www.africa-press.net\/cotedivoire\/sports\/blague-de-pepe-suscite-polemique-au-maroc-avant-can-2025#primaryimage"},"thumbnailUrl":"https:\/\/static.africa-press.net\/cote\/sites\/43\/2025\/12\/sm_1765380798.880607.jpg","keywords":["blague","CAN 2025","C\u00d4TE D'IVOIRE","Nicolas P\u00e9p\u00e9","Pol\u00e9mique"],"articleSection":["Sports","Toutes les actualit\u00e9s"],"inLanguage":"fr-FR","potentialAction":[{"@type":"CommentAction","name":"Comment","target":["https:\/\/www.africa-press.net\/cotedivoire\/sports\/blague-de-pepe-suscite-polemique-au-maroc-avant-can-2025#respond"]}]},{"@type":"WebPage","@id":"https:\/\/www.africa-press.net\/cotedivoire\/sports\/blague-de-pepe-suscite-polemique-au-maroc-avant-can-2025","url":"https:\/\/www.africa-press.net\/cotedivoire\/sports\/blague-de-pepe-suscite-polemique-au-maroc-avant-can-2025","name":"Blague de P\u00e9p\u00e9 suscite pol\u00e9mique au Maroc avant CAN 2025 - C\u00f4te d&#039;Ivoire","isPartOf":{"@id":"https:\/\/www.africa-press.net\/cotedivoire\/#website"},"primaryImageOfPage":{"@id":"https:\/\/www.africa-press.net\/cotedivoire\/sports\/blague-de-pepe-suscite-polemique-au-maroc-avant-can-2025#primaryimage"},"image":{"@id":"https:\/\/www.africa-press.net\/cotedivoire\/sports\/blague-de-pepe-suscite-polemique-au-maroc-avant-can-2025#primaryimage"},"thumbnailUrl":"https:\/\/static.africa-press.net\/cote\/sites\/43\/2025\/12\/sm_1765380798.880607.jpg","datePublished":"2025-12-10T18:08:38+00:00","dateModified":"2025-12-10T19:04:36+00:00","author":{"@id":"https:\/\/www.africa-press.net\/cotedivoire\/#\/schema\/person\/2b1cf3cd81a31e3cd26889ca66d677f1"},"description":"A quelques jours de la CAN 2025, l\u2019attaquant des e\u0301le\u0301phants Nicolas Pe\u0301pe\u0301 croyait si bien faire en sortant une blague ...","breadcrumb":{"@id":"https:\/\/www.africa-press.net\/cotedivoire\/sports\/blague-de-pepe-suscite-polemique-au-maroc-avant-can-2025#breadcrumb"},"inLanguage":"fr-FR","potentialAction":[{"@type":"ReadAction","target":["https:\/\/www.africa-press.net\/cotedivoire\/sports\/blague-de-pepe-suscite-polemique-au-maroc-avant-can-2025"]}]},{"@type":"ImageObject","inLanguage":"fr-FR","@id":"https:\/\/www.africa-press.net\/cotedivoire\/sports\/blague-de-pepe-suscite-polemique-au-maroc-avant-can-2025#primaryimage","url":"https:\/\/static.africa-press.net\/cote\/sites\/43\/2025\/12\/sm_1765380798.880607.jpg","contentUrl":"https:\/\/static.africa-press.net\/cote\/sites\/43\/2025\/12\/sm_1765380798.880607.jpg","width":720,"height":410,"caption":"Blague de P\u00e9p\u00e9 suscite pol\u00e9mique au Maroc avant CAN 2025"},{"@type":"BreadcrumbList","@id":"https:\/\/www.africa-press.net\/cotedivoire\/sports\/blague-de-pepe-suscite-polemique-au-maroc-avant-can-2025#breadcrumb","itemListElement":[{"@type":"ListItem","position":1,"name":"Accueil","item":"https:\/\/www.africa-press.net\/cotedivoire\/"},{"@type":"ListItem","position":2,"name":"Blague de P\u00e9p\u00e9 suscite pol\u00e9mique au Maroc avant CAN 2025"}]},{"@type":"WebSite","@id":"https:\/\/www.africa-press.net\/cotedivoire\/#website","url":"https:\/\/www.africa-press.net\/cotedivoire\/","name":"C\u00f4te d&#039;Ivoire","description":"Just another Africa News Agency Sites site","potentialAction":[{"@type":"SearchAction","target":{"@type":"EntryPoint","urlTemplate":"https:\/\/www.africa-press.net\/cotedivoire\/?s={search_term_string}"},"query-input":{"@type":"PropertyValueSpecification","valueRequired":true,"valueName":"search_term_string"}}],"inLanguage":"fr-FR"},{"@type":"Person","@id":"https:\/\/www.africa-press.net\/cotedivoire\/#\/schema\/person\/2b1cf3cd81a31e3cd26889ca66d677f1","name":"cfeditorfr"}]}},"_links":{"self":[{"href":"https:\/\/www.africa-press.net\/cotedivoire\/wp-json\/wp\/v2\/posts\/110032","targetHints":{"allow":["GET"]}}],"collection":[{"href":"https:\/\/www.africa-press.net\/cotedivoire\/wp-json\/wp\/v2\/posts"}],"about":[{"href":"https:\/\/www.africa-press.net\/cotedivoire\/wp-json\/wp\/v2\/types\/post"}],"author":[{"embeddable":true,"href":"https:\/\/www.africa-press.net\/cotedivoire\/wp-json\/wp\/v2\/users\/82"}],"replies":[{"embeddable":true,"href":"https:\/\/www.africa-press.net\/cotedivoire\/wp-json\/wp\/v2\/comments?post=110032"}],"version-history":[{"count":0,"href":"https:\/\/www.africa-press.net\/cotedivoire\/wp-json\/wp\/v2\/posts\/110032\/revisions"}],"wp:featuredmedia":[{"embeddable":true,"href":"https:\/\/www.africa-press.net\/cotedivoire\/wp-json\/wp\/v2\/media\/110031"}],"wp:attachment":[{"href":"https:\/\/www.africa-press.net\/cotedivoire\/wp-json\/wp\/v2\/media?parent=110032"}],"wp:term":[{"taxonomy":"category","embeddable":true,"href":"https:\/\/www.africa-press.net\/cotedivoire\/wp-json\/wp\/v2\/categories?post=110032"},{"taxonomy":"post_tag","embeddable":true,"href":"https:\/\/www.africa-press.net\/cotedivoire\/wp-json\/wp\/v2\/tags?post=110032"}],"curies":[{"name":"wp","href":"https:\/\/api.w.org\/{rel}","templated":true}]}}