{"id":110035,"date":"2025-12-10T18:08:38","date_gmt":"2025-12-10T18:08:38","guid":{"rendered":"https:\/\/www.africa-press.net\/cotedivoire\/politique\/investiture-ouattara-renforce-diplomatie-parlementaire"},"modified":"2025-12-10T19:04:53","modified_gmt":"2025-12-10T19:04:53","slug":"investiture-ouattara-renforce-diplomatie-parlementaire","status":"publish","type":"post","link":"https:\/\/www.africa-press.net\/cotedivoire\/politique\/investiture-ouattara-renforce-diplomatie-parlementaire","title":{"rendered":"Investiture Ouattara Renforce Diplomatie Parlementaire"},"content":{"rendered":"<p><span style=\"color: #ff6600\"><strong>Africa-Press &#8211; C\u00f4te d&rsquo;Ivoire. <\/strong><\/span>Suite a\u0300 l\u2019investiture du Pre\u0301sident Alassane Ouattara, l\u2019Assemble\u0301e nationale de Co\u0302te d\u2019Ivoire a servi de cadre, lundi apre\u0300s-midi a\u0300 une rencontre de haut niveau re\u0301unissant plusieurs pre\u0301sidents de Parlements e\u0301trangers. Autour du Pre\u0301sident de l\u2019Assemble\u0301e nationale ivoirienne, Adama Bictogo, ses homologues de France, du Maroc et de la Re\u0301publique de\u0301mocratique du Congo ont e\u0301change\u0301 sur les enjeux de coope\u0301ration interparlementaire et les de\u0301fis communs auxquels leurs nations font face.<\/p>\n<p>En ouvrant la se\u0301ance, Adama Bictogo a exprime\u0301 sa reconnaissance aux de\u0301le\u0301gations de\u0301pe\u0302che\u0301es par Emmanuel Macron, Mohammed VI et Fe\u0301lix Tshisekedi, soulignant que leur pre\u0301sence illustre la conside\u0301ration porte\u0301e a\u0300 la Co\u0302te d\u2019Ivoire sur la sce\u0300ne internationale. Pour lui, cette mobilisation traduit e\u0301galement une reconnaissance des re\u0301sultats obtenus sous le leadership du Pre\u0301sident Ouattara, notamment en matie\u0300re de stabilite\u0301 politique et de transformation e\u0301conomique.<\/p>\n<p>\u00ab L\u2019investiture du Pre\u0301sident Ouattara constitue une conse\u0301cration pour le travail accompli et une e\u0301tape importante pour la continuite\u0301 des re\u0301formes \u00bb, a de\u0301clare\u0301 le Pre\u0301sident de l\u2019Assemble\u0301e nationale.<\/p>\n<p>La Pre\u0301sidente de l\u2019Assemble\u0301e nationale franc\u0327aise, Yae\u0308l Braun-Pivet, a salue\u0301 \u00ab l\u2019honneur \u00bb d\u2019assister a\u0300 ce moment essentiel de la vie de\u0301mocratique ivoirienne. Elle a ensuite e\u0301change\u0301 avec ses homologues sur la ne\u0301cessite\u0301 de renforcer les relations interparlementaires, un levier qu\u2019elle juge indispensable pour faire face aux crises internationales et au bouleversement des e\u0301quilibres ge\u0301opolitiques.<\/p>\n<p>Elle s\u2019est e\u0301galement re\u0301jouie de la qualite\u0301 de l\u2019accueil ivoirien et du dynamisme institutionnel observe\u0301 a\u0300 Abidjan.<\/p>\n<p>Mandate\u0301 par le Roi Mohammed VI, le Pre\u0301sident de la Chambre des repre\u0301sentants du Maroc, Rachid Talbi Alami, a exprime\u0301 son admiration face aux progre\u0300s re\u0301alise\u0301s en Co\u0302te d\u2019Ivoire depuis sa dernie\u0300re visite. Selon lui, les pays partenaires ont tout inte\u0301re\u0302t a\u0300 \u00ab travailler main dans la main \u00bb afin de promouvoir la stabilite\u0301, la paix et le de\u0301veloppement durable.<\/p>\n<p>Il a re\u0301affirme\u0301 l\u2019importance de la diplomatie parlementaire comme comple\u0301ment essentiel a\u0300 la coope\u0301ration bilate\u0301rale traditionnelle.<\/p>\n<p>Le Pre\u0301sident de l\u2019Assemble\u0301e nationale de la RDC, Aime\u0301 Bodji Sangara, a rappele\u0301 les liens historiques entre son pays et la Co\u0302te d\u2019Ivoire. Il a e\u0301galement e\u0301voque\u0301 les de\u0301fis se\u0301curitaires persistants a\u0300 l\u2019Est de la RDC, appelant a\u0300 un soutien re\u0301gional accru et a\u0300 une diplomatie parlementaire plus active pour consolider les efforts de paix dans la re\u0301gion des Grands Lacs.<\/p>\n<p>Il a salue\u0301 l\u2019initiative du Pre\u0301sident Bictogo, qui a permis a\u0300 quatre Parlements de dialoguer ensemble dans un climat de fraternite\u0301 et de vision commune.<\/p>\n<p>Cette rencontre interparlementaire a donne\u0301 une dimension politique forte a\u0300 l\u2019apre\u0300s-investiture du Pre\u0301sident Ouattara. En re\u0301unissant plusieurs pre\u0301sidents de Parlements majeurs, l\u2019Assemble\u0301e nationale ivoirienne confirme sa position comme plateforme centrale de coope\u0301ration et de dialogue diplomatique sur le continent.<\/p>\n<p>Les e\u0301changes, juge\u0301s riches et constructifs, devraient ouvrir la voie a\u0300 de nouvelles perspectives de collaboration, tant sur les questions institutionnelles que sur les enjeux e\u0301conomiques et se\u0301curitaires.<\/p>\n<p><strong>Pour plus d&rsquo;informations et d&rsquo;analyses sur la <span style=\"color: #ff6600\">C\u00f4te d&rsquo;Ivoire<\/span>, suivez <span style=\"color: #ff6600\">Africa-Press<\/span><\/strong><\/p>\n","protected":false},"excerpt":{"rendered":"<p>Africa-Press &#8211; C\u00f4te d&rsquo;Ivoire. Suite a\u0300 l\u2019investiture du Pre\u0301sident Alassane Ouattara, l\u2019Assemble\u0301e nationale de Co\u0302te d\u2019Ivoire a servi de cadre, lundi apre\u0300s-midi a\u0300 une rencontre de haut niveau re\u0301unissant plusieurs pre\u0301sidents de Parlements e\u0301trangers. Autour du Pre\u0301sident de l\u2019Assemble\u0301e nationale ivoirienne, Adama Bictogo, ses homologues de France, du Maroc et de la Re\u0301publique de\u0301mocratique du [&hellip;]<\/p>\n","protected":false},"author":82,"featured_media":110033,"comment_status":"open","ping_status":"closed","sticky":false,"template":"","format":"standard","meta":{"footnotes":""},"categories":[2,10],"tags":[1265,1741,3042,29,276,88,6722,1037,498,727,1348,2088],"class_list":["post-110035","post","type-post","status-publish","format-standard","has-post-thumbnail","hentry","category-politique","category-toutes-les-actualites","tag-adama-bictogo","tag-assemblee-nationale","tag-cooperation","tag-cote-divoire","tag-diplomatie","tag-france","tag-internationale","tag-investiture","tag-maroc","tag-ouattara","tag-parlementaire","tag-rdc"],"yoast_head":"<!-- This site is optimized with the Yoast SEO Premium plugin v26.1 (Yoast SEO v27.0) - https:\/\/yoast.com\/product\/yoast-seo-premium-wordpress\/ -->\n<title>Investiture Ouattara Renforce Diplomatie Parlementaire - C\u00f4te d&#039;Ivoire<\/title>\n<meta name=\"description\" content=\"Suite a\u0300 l\u2019investiture du Pre\u0301sident Alassane Ouattara, l\u2019Assemble\u0301e nationale de Co\u0302te d\u2019Ivoire a servi de cadre, lundi ...\" \/>\n<meta name=\"robots\" content=\"index, follow, max-snippet:-1, max-image-preview:large, max-video-preview:-1\" \/>\n<link rel=\"canonical\" href=\"https:\/\/www.africa-press.net\/cotedivoire\/politique\/investiture-ouattara-renforce-diplomatie-parlementaire\" \/>\n<meta property=\"og:locale\" content=\"fr_FR\" \/>\n<meta property=\"og:type\" content=\"article\" \/>\n<meta property=\"og:title\" content=\"Investiture Ouattara Renforce Diplomatie Parlementaire\" \/>\n<meta property=\"og:description\" content=\"Suite a\u0300 l\u2019investiture du Pre\u0301sident Alassane Ouattara, l\u2019Assemble\u0301e nationale de Co\u0302te d\u2019Ivoire a servi de cadre, lundi ...\" \/>\n<meta property=\"og:url\" content=\"https:\/\/www.africa-press.net\/cotedivoire\/politique\/investiture-ouattara-renforce-diplomatie-parlementaire\" \/>\n<meta property=\"og:site_name\" content=\"C\u00f4te d&#039;Ivoire\" \/>\n<meta property=\"article:published_time\" content=\"2025-12-10T18:08:38+00:00\" \/>\n<meta property=\"article:modified_time\" content=\"2025-12-10T19:04:53+00:00\" \/>\n<meta property=\"og:image\" content=\"https:\/\/static.africa-press.net\/cote\/sites\/43\/2025\/12\/sm_1765380810.301448.jpg\" \/>\n\t<meta property=\"og:image:width\" content=\"720\" \/>\n\t<meta property=\"og:image:height\" content=\"480\" \/>\n\t<meta property=\"og:image:type\" content=\"image\/jpeg\" \/>\n<meta name=\"author\" content=\"cfeditorfr\" \/>\n<meta name=\"twitter:card\" content=\"summary_large_image\" \/>\n<meta name=\"twitter:label1\" content=\"\u00c9crit par\" \/>\n\t<meta name=\"twitter:data1\" content=\"cfeditorfr\" \/>\n\t<meta name=\"twitter:label2\" content=\"Dur\u00e9e de lecture estim\u00e9e\" \/>\n\t<meta name=\"twitter:data2\" content=\"3 minutes\" \/>\n<script type=\"application\/ld+json\" class=\"yoast-schema-graph\">{\"@context\":\"https:\/\/schema.org\",\"@graph\":[{\"@type\":\"Article\",\"@id\":\"https:\/\/www.africa-press.net\/cotedivoire\/politique\/investiture-ouattara-renforce-diplomatie-parlementaire#article\",\"isPartOf\":{\"@id\":\"https:\/\/www.africa-press.net\/cotedivoire\/politique\/investiture-ouattara-renforce-diplomatie-parlementaire\"},\"author\":{\"name\":\"cfeditorfr\",\"@id\":\"https:\/\/www.africa-press.net\/cotedivoire\/#\/schema\/person\/2b1cf3cd81a31e3cd26889ca66d677f1\"},\"headline\":\"Investiture Ouattara Renforce Diplomatie Parlementaire\",\"datePublished\":\"2025-12-10T18:08:38+00:00\",\"dateModified\":\"2025-12-10T19:04:53+00:00\",\"mainEntityOfPage\":{\"@id\":\"https:\/\/www.africa-press.net\/cotedivoire\/politique\/investiture-ouattara-renforce-diplomatie-parlementaire\"},\"wordCount\":587,\"commentCount\":0,\"image\":{\"@id\":\"https:\/\/www.africa-press.net\/cotedivoire\/politique\/investiture-ouattara-renforce-diplomatie-parlementaire#primaryimage\"},\"thumbnailUrl\":\"https:\/\/static.africa-press.net\/cote\/sites\/43\/2025\/12\/sm_1765380810.301448.jpg\",\"keywords\":[\"Adama Bictogo\",\"Assembl\u00e9e nationale\",\"Coop\u00e9ration\",\"C\u00d4TE D'IVOIRE\",\"DIPLOMATIE\",\"France\",\"internationale\",\"investiture\",\"Maroc\",\"Ouattara\",\"parlementaire\",\"RDC\"],\"articleSection\":[\"Politique\",\"Toutes les actualit\u00e9s\"],\"inLanguage\":\"fr-FR\",\"potentialAction\":[{\"@type\":\"CommentAction\",\"name\":\"Comment\",\"target\":[\"https:\/\/www.africa-press.net\/cotedivoire\/politique\/investiture-ouattara-renforce-diplomatie-parlementaire#respond\"]}]},{\"@type\":\"WebPage\",\"@id\":\"https:\/\/www.africa-press.net\/cotedivoire\/politique\/investiture-ouattara-renforce-diplomatie-parlementaire\",\"url\":\"https:\/\/www.africa-press.net\/cotedivoire\/politique\/investiture-ouattara-renforce-diplomatie-parlementaire\",\"name\":\"Investiture Ouattara Renforce Diplomatie Parlementaire - C\u00f4te d&#039;Ivoire\",\"isPartOf\":{\"@id\":\"https:\/\/www.africa-press.net\/cotedivoire\/#website\"},\"primaryImageOfPage\":{\"@id\":\"https:\/\/www.africa-press.net\/cotedivoire\/politique\/investiture-ouattara-renforce-diplomatie-parlementaire#primaryimage\"},\"image\":{\"@id\":\"https:\/\/www.africa-press.net\/cotedivoire\/politique\/investiture-ouattara-renforce-diplomatie-parlementaire#primaryimage\"},\"thumbnailUrl\":\"https:\/\/static.africa-press.net\/cote\/sites\/43\/2025\/12\/sm_1765380810.301448.jpg\",\"datePublished\":\"2025-12-10T18:08:38+00:00\",\"dateModified\":\"2025-12-10T19:04:53+00:00\",\"author\":{\"@id\":\"https:\/\/www.africa-press.net\/cotedivoire\/#\/schema\/person\/2b1cf3cd81a31e3cd26889ca66d677f1\"},\"description\":\"Suite a\u0300 l\u2019investiture du Pre\u0301sident Alassane Ouattara, l\u2019Assemble\u0301e nationale de Co\u0302te d\u2019Ivoire a servi de cadre, lundi ...\",\"breadcrumb\":{\"@id\":\"https:\/\/www.africa-press.net\/cotedivoire\/politique\/investiture-ouattara-renforce-diplomatie-parlementaire#breadcrumb\"},\"inLanguage\":\"fr-FR\",\"potentialAction\":[{\"@type\":\"ReadAction\",\"target\":[\"https:\/\/www.africa-press.net\/cotedivoire\/politique\/investiture-ouattara-renforce-diplomatie-parlementaire\"]}]},{\"@type\":\"ImageObject\",\"inLanguage\":\"fr-FR\",\"@id\":\"https:\/\/www.africa-press.net\/cotedivoire\/politique\/investiture-ouattara-renforce-diplomatie-parlementaire#primaryimage\",\"url\":\"https:\/\/static.africa-press.net\/cote\/sites\/43\/2025\/12\/sm_1765380810.301448.jpg\",\"contentUrl\":\"https:\/\/static.africa-press.net\/cote\/sites\/43\/2025\/12\/sm_1765380810.301448.jpg\",\"width\":720,\"height\":480,\"caption\":\"Investiture Ouattara Renforce Diplomatie Parlementaire\"},{\"@type\":\"BreadcrumbList\",\"@id\":\"https:\/\/www.africa-press.net\/cotedivoire\/politique\/investiture-ouattara-renforce-diplomatie-parlementaire#breadcrumb\",\"itemListElement\":[{\"@type\":\"ListItem\",\"position\":1,\"name\":\"Accueil\",\"item\":\"https:\/\/www.africa-press.net\/cotedivoire\/\"},{\"@type\":\"ListItem\",\"position\":2,\"name\":\"Investiture Ouattara Renforce Diplomatie Parlementaire\"}]},{\"@type\":\"WebSite\",\"@id\":\"https:\/\/www.africa-press.net\/cotedivoire\/#website\",\"url\":\"https:\/\/www.africa-press.net\/cotedivoire\/\",\"name\":\"C\u00f4te d&#039;Ivoire\",\"description\":\"Just another Africa News Agency Sites site\",\"potentialAction\":[{\"@type\":\"SearchAction\",\"target\":{\"@type\":\"EntryPoint\",\"urlTemplate\":\"https:\/\/www.africa-press.net\/cotedivoire\/?s={search_term_string}\"},\"query-input\":{\"@type\":\"PropertyValueSpecification\",\"valueRequired\":true,\"valueName\":\"search_term_string\"}}],\"inLanguage\":\"fr-FR\"},{\"@type\":\"Person\",\"@id\":\"https:\/\/www.africa-press.net\/cotedivoire\/#\/schema\/person\/2b1cf3cd81a31e3cd26889ca66d677f1\",\"name\":\"cfeditorfr\"}]}<\/script>\n<!-- \/ Yoast SEO Premium plugin. -->","yoast_head_json":{"title":"Investiture Ouattara Renforce Diplomatie Parlementaire - C\u00f4te d&#039;Ivoire","description":"Suite a\u0300 l\u2019investiture du Pre\u0301sident Alassane Ouattara, l\u2019Assemble\u0301e nationale de Co\u0302te d\u2019Ivoire a servi de cadre, lundi ...","robots":{"index":"index","follow":"follow","max-snippet":"max-snippet:-1","max-image-preview":"max-image-preview:large","max-video-preview":"max-video-preview:-1"},"canonical":"https:\/\/www.africa-press.net\/cotedivoire\/politique\/investiture-ouattara-renforce-diplomatie-parlementaire","og_locale":"fr_FR","og_type":"article","og_title":"Investiture Ouattara Renforce Diplomatie Parlementaire","og_description":"Suite a\u0300 l\u2019investiture du Pre\u0301sident Alassane Ouattara, l\u2019Assemble\u0301e nationale de Co\u0302te d\u2019Ivoire a servi de cadre, lundi ...","og_url":"https:\/\/www.africa-press.net\/cotedivoire\/politique\/investiture-ouattara-renforce-diplomatie-parlementaire","og_site_name":"C\u00f4te d&#039;Ivoire","article_published_time":"2025-12-10T18:08:38+00:00","article_modified_time":"2025-12-10T19:04:53+00:00","og_image":[{"width":720,"height":480,"url":"https:\/\/static.africa-press.net\/cote\/sites\/43\/2025\/12\/sm_1765380810.301448.jpg","type":"image\/jpeg"}],"author":"cfeditorfr","twitter_card":"summary_large_image","twitter_misc":{"\u00c9crit par":"cfeditorfr","Dur\u00e9e de lecture estim\u00e9e":"3 minutes"},"schema":{"@context":"https:\/\/schema.org","@graph":[{"@type":"Article","@id":"https:\/\/www.africa-press.net\/cotedivoire\/politique\/investiture-ouattara-renforce-diplomatie-parlementaire#article","isPartOf":{"@id":"https:\/\/www.africa-press.net\/cotedivoire\/politique\/investiture-ouattara-renforce-diplomatie-parlementaire"},"author":{"name":"cfeditorfr","@id":"https:\/\/www.africa-press.net\/cotedivoire\/#\/schema\/person\/2b1cf3cd81a31e3cd26889ca66d677f1"},"headline":"Investiture Ouattara Renforce Diplomatie Parlementaire","datePublished":"2025-12-10T18:08:38+00:00","dateModified":"2025-12-10T19:04:53+00:00","mainEntityOfPage":{"@id":"https:\/\/www.africa-press.net\/cotedivoire\/politique\/investiture-ouattara-renforce-diplomatie-parlementaire"},"wordCount":587,"commentCount":0,"image":{"@id":"https:\/\/www.africa-press.net\/cotedivoire\/politique\/investiture-ouattara-renforce-diplomatie-parlementaire#primaryimage"},"thumbnailUrl":"https:\/\/static.africa-press.net\/cote\/sites\/43\/2025\/12\/sm_1765380810.301448.jpg","keywords":["Adama Bictogo","Assembl\u00e9e nationale","Coop\u00e9ration","C\u00d4TE D'IVOIRE","DIPLOMATIE","France","internationale","investiture","Maroc","Ouattara","parlementaire","RDC"],"articleSection":["Politique","Toutes les actualit\u00e9s"],"inLanguage":"fr-FR","potentialAction":[{"@type":"CommentAction","name":"Comment","target":["https:\/\/www.africa-press.net\/cotedivoire\/politique\/investiture-ouattara-renforce-diplomatie-parlementaire#respond"]}]},{"@type":"WebPage","@id":"https:\/\/www.africa-press.net\/cotedivoire\/politique\/investiture-ouattara-renforce-diplomatie-parlementaire","url":"https:\/\/www.africa-press.net\/cotedivoire\/politique\/investiture-ouattara-renforce-diplomatie-parlementaire","name":"Investiture Ouattara Renforce Diplomatie Parlementaire - C\u00f4te d&#039;Ivoire","isPartOf":{"@id":"https:\/\/www.africa-press.net\/cotedivoire\/#website"},"primaryImageOfPage":{"@id":"https:\/\/www.africa-press.net\/cotedivoire\/politique\/investiture-ouattara-renforce-diplomatie-parlementaire#primaryimage"},"image":{"@id":"https:\/\/www.africa-press.net\/cotedivoire\/politique\/investiture-ouattara-renforce-diplomatie-parlementaire#primaryimage"},"thumbnailUrl":"https:\/\/static.africa-press.net\/cote\/sites\/43\/2025\/12\/sm_1765380810.301448.jpg","datePublished":"2025-12-10T18:08:38+00:00","dateModified":"2025-12-10T19:04:53+00:00","author":{"@id":"https:\/\/www.africa-press.net\/cotedivoire\/#\/schema\/person\/2b1cf3cd81a31e3cd26889ca66d677f1"},"description":"Suite a\u0300 l\u2019investiture du Pre\u0301sident Alassane Ouattara, l\u2019Assemble\u0301e nationale de Co\u0302te d\u2019Ivoire a servi de cadre, lundi ...","breadcrumb":{"@id":"https:\/\/www.africa-press.net\/cotedivoire\/politique\/investiture-ouattara-renforce-diplomatie-parlementaire#breadcrumb"},"inLanguage":"fr-FR","potentialAction":[{"@type":"ReadAction","target":["https:\/\/www.africa-press.net\/cotedivoire\/politique\/investiture-ouattara-renforce-diplomatie-parlementaire"]}]},{"@type":"ImageObject","inLanguage":"fr-FR","@id":"https:\/\/www.africa-press.net\/cotedivoire\/politique\/investiture-ouattara-renforce-diplomatie-parlementaire#primaryimage","url":"https:\/\/static.africa-press.net\/cote\/sites\/43\/2025\/12\/sm_1765380810.301448.jpg","contentUrl":"https:\/\/static.africa-press.net\/cote\/sites\/43\/2025\/12\/sm_1765380810.301448.jpg","width":720,"height":480,"caption":"Investiture Ouattara Renforce Diplomatie Parlementaire"},{"@type":"BreadcrumbList","@id":"https:\/\/www.africa-press.net\/cotedivoire\/politique\/investiture-ouattara-renforce-diplomatie-parlementaire#breadcrumb","itemListElement":[{"@type":"ListItem","position":1,"name":"Accueil","item":"https:\/\/www.africa-press.net\/cotedivoire\/"},{"@type":"ListItem","position":2,"name":"Investiture Ouattara Renforce Diplomatie Parlementaire"}]},{"@type":"WebSite","@id":"https:\/\/www.africa-press.net\/cotedivoire\/#website","url":"https:\/\/www.africa-press.net\/cotedivoire\/","name":"C\u00f4te d&#039;Ivoire","description":"Just another Africa News Agency Sites site","potentialAction":[{"@type":"SearchAction","target":{"@type":"EntryPoint","urlTemplate":"https:\/\/www.africa-press.net\/cotedivoire\/?s={search_term_string}"},"query-input":{"@type":"PropertyValueSpecification","valueRequired":true,"valueName":"search_term_string"}}],"inLanguage":"fr-FR"},{"@type":"Person","@id":"https:\/\/www.africa-press.net\/cotedivoire\/#\/schema\/person\/2b1cf3cd81a31e3cd26889ca66d677f1","name":"cfeditorfr"}]}},"_links":{"self":[{"href":"https:\/\/www.africa-press.net\/cotedivoire\/wp-json\/wp\/v2\/posts\/110035","targetHints":{"allow":["GET"]}}],"collection":[{"href":"https:\/\/www.africa-press.net\/cotedivoire\/wp-json\/wp\/v2\/posts"}],"about":[{"href":"https:\/\/www.africa-press.net\/cotedivoire\/wp-json\/wp\/v2\/types\/post"}],"author":[{"embeddable":true,"href":"https:\/\/www.africa-press.net\/cotedivoire\/wp-json\/wp\/v2\/users\/82"}],"replies":[{"embeddable":true,"href":"https:\/\/www.africa-press.net\/cotedivoire\/wp-json\/wp\/v2\/comments?post=110035"}],"version-history":[{"count":0,"href":"https:\/\/www.africa-press.net\/cotedivoire\/wp-json\/wp\/v2\/posts\/110035\/revisions"}],"wp:featuredmedia":[{"embeddable":true,"href":"https:\/\/www.africa-press.net\/cotedivoire\/wp-json\/wp\/v2\/media\/110033"}],"wp:attachment":[{"href":"https:\/\/www.africa-press.net\/cotedivoire\/wp-json\/wp\/v2\/media?parent=110035"}],"wp:term":[{"taxonomy":"category","embeddable":true,"href":"https:\/\/www.africa-press.net\/cotedivoire\/wp-json\/wp\/v2\/categories?post=110035"},{"taxonomy":"post_tag","embeddable":true,"href":"https:\/\/www.africa-press.net\/cotedivoire\/wp-json\/wp\/v2\/tags?post=110035"}],"curies":[{"name":"wp","href":"https:\/\/api.w.org\/{rel}","templated":true}]}}