{"id":110064,"date":"2025-12-10T18:08:32","date_gmt":"2025-12-10T18:08:32","guid":{"rendered":"https:\/\/www.africa-press.net\/cotedivoire\/politique\/legislatives-2025-formation-des-candidats-par-la-cei"},"modified":"2025-12-10T19:07:23","modified_gmt":"2025-12-10T19:07:23","slug":"legislatives-2025-formation-des-candidats-par-la-cei","status":"publish","type":"post","link":"https:\/\/www.africa-press.net\/cotedivoire\/politique\/legislatives-2025-formation-des-candidats-par-la-cei","title":{"rendered":"L\u00e9gislatives 2025 Formation Des Candidats Par La CEI"},"content":{"rendered":"<p><span style=\"color: #ff6600\"><strong>Africa-Press &#8211; C\u00f4te d&rsquo;Ivoire. <\/strong><\/span>La Commission E\u0301lectorale Inde\u0301pendante (CEI) proce\u0301dera a\u0300 une Formation le samedi 13 de\u0301cembre 2025 a\u0300 l&rsquo;ISTC Polytechnique d\u2019Abidjan-Cocody, sur le mode ope\u0301ratoire en faveur des candidats retenus pour des e\u0301lections le\u0301gislatives pre\u0301vu le 27 de\u0301cembre 2025.<\/p>\n<p>Ce communique indique cette formation cette formation en Journe\u0301e en deux se\u0301ance selon le calendrier e\u0301tablir par ladite Commission en charge des e\u0301lections ge\u0301ne\u0301rales en Co\u0302te d&rsquo;Ivoire.<\/p>\n<p>Par ailleurs, la CEI invite les candidats retenus a\u0300 s&rsquo;approprier de cette formation comme indique le communique\u0301.<\/p>\n<p><strong>Pour plus d&rsquo;informations et d&rsquo;analyses sur la <span style=\"color: #ff6600\">C\u00f4te d&rsquo;Ivoire<\/span>, suivez <span style=\"color: #ff6600\">Africa-Press<\/span><\/strong><\/p>\n","protected":false},"excerpt":{"rendered":"<p>Africa-Press &#8211; C\u00f4te d&rsquo;Ivoire. La Commission E\u0301lectorale Inde\u0301pendante (CEI) proce\u0301dera a\u0300 une Formation le samedi 13 de\u0301cembre 2025 a\u0300 l&rsquo;ISTC Polytechnique d\u2019Abidjan-Cocody, sur le mode ope\u0301ratoire en faveur des candidats retenus pour des e\u0301lections le\u0301gislatives pre\u0301vu le 27 de\u0301cembre 2025. Ce communique indique cette formation cette formation en Journe\u0301e en deux se\u0301ance selon le calendrier [&hellip;]<\/p>\n","protected":false},"author":82,"featured_media":110062,"comment_status":"open","ping_status":"closed","sticky":false,"template":"","format":"standard","meta":{"footnotes":""},"categories":[2,10],"tags":[19781,1316,29,865,19356],"class_list":["post-110064","post","type-post","status-publish","format-standard","has-post-thumbnail","hentry","category-politique","category-toutes-les-actualites","tag-canddats","tag-cei","tag-cote-divoire","tag-formation","tag-legislatives-2025"],"yoast_head":"<!-- This site is optimized with the Yoast SEO Premium plugin v26.1 (Yoast SEO v27.0) - https:\/\/yoast.com\/product\/yoast-seo-premium-wordpress\/ -->\n<title>L\u00e9gislatives 2025 Formation Des Candidats Par La CEI - C\u00f4te d&#039;Ivoire<\/title>\n<meta name=\"description\" content=\"La Commission E\u0301lectorale Inde\u0301pendante (CEI) proce\u0301dera a\u0300 une Formation le samedi 13 de\u0301cembre 2025 a\u0300 l&#039;ISTC Polytech ...\" \/>\n<meta name=\"robots\" content=\"index, follow, max-snippet:-1, max-image-preview:large, max-video-preview:-1\" \/>\n<link rel=\"canonical\" href=\"https:\/\/www.africa-press.net\/cotedivoire\/politique\/legislatives-2025-formation-des-candidats-par-la-cei\" \/>\n<meta property=\"og:locale\" content=\"fr_FR\" \/>\n<meta property=\"og:type\" content=\"article\" \/>\n<meta property=\"og:title\" content=\"L\u00e9gislatives 2025 Formation Des Candidats Par La CEI\" \/>\n<meta property=\"og:description\" content=\"La Commission E\u0301lectorale Inde\u0301pendante (CEI) proce\u0301dera a\u0300 une Formation le samedi 13 de\u0301cembre 2025 a\u0300 l&#039;ISTC Polytech ...\" \/>\n<meta property=\"og:url\" content=\"https:\/\/www.africa-press.net\/cotedivoire\/politique\/legislatives-2025-formation-des-candidats-par-la-cei\" \/>\n<meta property=\"og:site_name\" content=\"C\u00f4te d&#039;Ivoire\" \/>\n<meta property=\"article:published_time\" content=\"2025-12-10T18:08:32+00:00\" \/>\n<meta property=\"article:modified_time\" content=\"2025-12-10T19:07:23+00:00\" \/>\n<meta property=\"og:image\" content=\"https:\/\/static.africa-press.net\/cote\/sites\/43\/2025\/12\/sm_1765380952.21489.jpg\" \/>\n\t<meta property=\"og:image:width\" content=\"720\" \/>\n\t<meta property=\"og:image:height\" content=\"470\" \/>\n\t<meta property=\"og:image:type\" content=\"image\/jpeg\" \/>\n<meta name=\"author\" content=\"cfeditorfr\" \/>\n<meta name=\"twitter:card\" content=\"summary_large_image\" \/>\n<meta name=\"twitter:label1\" content=\"\u00c9crit par\" \/>\n\t<meta name=\"twitter:data1\" content=\"cfeditorfr\" \/>\n\t<meta name=\"twitter:label2\" content=\"Dur\u00e9e de lecture estim\u00e9e\" \/>\n\t<meta name=\"twitter:data2\" content=\"1 minute\" \/>\n<script type=\"application\/ld+json\" class=\"yoast-schema-graph\">{\"@context\":\"https:\/\/schema.org\",\"@graph\":[{\"@type\":\"Article\",\"@id\":\"https:\/\/www.africa-press.net\/cotedivoire\/politique\/legislatives-2025-formation-des-candidats-par-la-cei#article\",\"isPartOf\":{\"@id\":\"https:\/\/www.africa-press.net\/cotedivoire\/politique\/legislatives-2025-formation-des-candidats-par-la-cei\"},\"author\":{\"name\":\"cfeditorfr\",\"@id\":\"https:\/\/www.africa-press.net\/cotedivoire\/#\/schema\/person\/2b1cf3cd81a31e3cd26889ca66d677f1\"},\"headline\":\"L\u00e9gislatives 2025 Formation Des Candidats Par La CEI\",\"datePublished\":\"2025-12-10T18:08:32+00:00\",\"dateModified\":\"2025-12-10T19:07:23+00:00\",\"mainEntityOfPage\":{\"@id\":\"https:\/\/www.africa-press.net\/cotedivoire\/politique\/legislatives-2025-formation-des-candidats-par-la-cei\"},\"wordCount\":125,\"commentCount\":0,\"image\":{\"@id\":\"https:\/\/www.africa-press.net\/cotedivoire\/politique\/legislatives-2025-formation-des-candidats-par-la-cei#primaryimage\"},\"thumbnailUrl\":\"https:\/\/static.africa-press.net\/cote\/sites\/43\/2025\/12\/sm_1765380952.21489.jpg\",\"keywords\":[\"canddats\",\"Cei\",\"C\u00d4TE D'IVOIRE\",\"Formation\",\"L\u00e9gislatives 2025\"],\"articleSection\":[\"Politique\",\"Toutes les actualit\u00e9s\"],\"inLanguage\":\"fr-FR\",\"potentialAction\":[{\"@type\":\"CommentAction\",\"name\":\"Comment\",\"target\":[\"https:\/\/www.africa-press.net\/cotedivoire\/politique\/legislatives-2025-formation-des-candidats-par-la-cei#respond\"]}]},{\"@type\":\"WebPage\",\"@id\":\"https:\/\/www.africa-press.net\/cotedivoire\/politique\/legislatives-2025-formation-des-candidats-par-la-cei\",\"url\":\"https:\/\/www.africa-press.net\/cotedivoire\/politique\/legislatives-2025-formation-des-candidats-par-la-cei\",\"name\":\"L\u00e9gislatives 2025 Formation Des Candidats Par La CEI - C\u00f4te d&#039;Ivoire\",\"isPartOf\":{\"@id\":\"https:\/\/www.africa-press.net\/cotedivoire\/#website\"},\"primaryImageOfPage\":{\"@id\":\"https:\/\/www.africa-press.net\/cotedivoire\/politique\/legislatives-2025-formation-des-candidats-par-la-cei#primaryimage\"},\"image\":{\"@id\":\"https:\/\/www.africa-press.net\/cotedivoire\/politique\/legislatives-2025-formation-des-candidats-par-la-cei#primaryimage\"},\"thumbnailUrl\":\"https:\/\/static.africa-press.net\/cote\/sites\/43\/2025\/12\/sm_1765380952.21489.jpg\",\"datePublished\":\"2025-12-10T18:08:32+00:00\",\"dateModified\":\"2025-12-10T19:07:23+00:00\",\"author\":{\"@id\":\"https:\/\/www.africa-press.net\/cotedivoire\/#\/schema\/person\/2b1cf3cd81a31e3cd26889ca66d677f1\"},\"description\":\"La Commission E\u0301lectorale Inde\u0301pendante (CEI) proce\u0301dera a\u0300 une Formation le samedi 13 de\u0301cembre 2025 a\u0300 l'ISTC Polytech ...\",\"breadcrumb\":{\"@id\":\"https:\/\/www.africa-press.net\/cotedivoire\/politique\/legislatives-2025-formation-des-candidats-par-la-cei#breadcrumb\"},\"inLanguage\":\"fr-FR\",\"potentialAction\":[{\"@type\":\"ReadAction\",\"target\":[\"https:\/\/www.africa-press.net\/cotedivoire\/politique\/legislatives-2025-formation-des-candidats-par-la-cei\"]}]},{\"@type\":\"ImageObject\",\"inLanguage\":\"fr-FR\",\"@id\":\"https:\/\/www.africa-press.net\/cotedivoire\/politique\/legislatives-2025-formation-des-candidats-par-la-cei#primaryimage\",\"url\":\"https:\/\/static.africa-press.net\/cote\/sites\/43\/2025\/12\/sm_1765380952.21489.jpg\",\"contentUrl\":\"https:\/\/static.africa-press.net\/cote\/sites\/43\/2025\/12\/sm_1765380952.21489.jpg\",\"width\":720,\"height\":470,\"caption\":\"L\u00e9gislatives 2025 Formation Des Candidats Par La CEI\"},{\"@type\":\"BreadcrumbList\",\"@id\":\"https:\/\/www.africa-press.net\/cotedivoire\/politique\/legislatives-2025-formation-des-candidats-par-la-cei#breadcrumb\",\"itemListElement\":[{\"@type\":\"ListItem\",\"position\":1,\"name\":\"Accueil\",\"item\":\"https:\/\/www.africa-press.net\/cotedivoire\/\"},{\"@type\":\"ListItem\",\"position\":2,\"name\":\"L\u00e9gislatives 2025 Formation Des Candidats Par La CEI\"}]},{\"@type\":\"WebSite\",\"@id\":\"https:\/\/www.africa-press.net\/cotedivoire\/#website\",\"url\":\"https:\/\/www.africa-press.net\/cotedivoire\/\",\"name\":\"C\u00f4te d&#039;Ivoire\",\"description\":\"Just another Africa News Agency Sites site\",\"potentialAction\":[{\"@type\":\"SearchAction\",\"target\":{\"@type\":\"EntryPoint\",\"urlTemplate\":\"https:\/\/www.africa-press.net\/cotedivoire\/?s={search_term_string}\"},\"query-input\":{\"@type\":\"PropertyValueSpecification\",\"valueRequired\":true,\"valueName\":\"search_term_string\"}}],\"inLanguage\":\"fr-FR\"},{\"@type\":\"Person\",\"@id\":\"https:\/\/www.africa-press.net\/cotedivoire\/#\/schema\/person\/2b1cf3cd81a31e3cd26889ca66d677f1\",\"name\":\"cfeditorfr\"}]}<\/script>\n<!-- \/ Yoast SEO Premium plugin. -->","yoast_head_json":{"title":"L\u00e9gislatives 2025 Formation Des Candidats Par La CEI - C\u00f4te d&#039;Ivoire","description":"La Commission E\u0301lectorale Inde\u0301pendante (CEI) proce\u0301dera a\u0300 une Formation le samedi 13 de\u0301cembre 2025 a\u0300 l'ISTC Polytech ...","robots":{"index":"index","follow":"follow","max-snippet":"max-snippet:-1","max-image-preview":"max-image-preview:large","max-video-preview":"max-video-preview:-1"},"canonical":"https:\/\/www.africa-press.net\/cotedivoire\/politique\/legislatives-2025-formation-des-candidats-par-la-cei","og_locale":"fr_FR","og_type":"article","og_title":"L\u00e9gislatives 2025 Formation Des Candidats Par La CEI","og_description":"La Commission E\u0301lectorale Inde\u0301pendante (CEI) proce\u0301dera a\u0300 une Formation le samedi 13 de\u0301cembre 2025 a\u0300 l'ISTC Polytech ...","og_url":"https:\/\/www.africa-press.net\/cotedivoire\/politique\/legislatives-2025-formation-des-candidats-par-la-cei","og_site_name":"C\u00f4te d&#039;Ivoire","article_published_time":"2025-12-10T18:08:32+00:00","article_modified_time":"2025-12-10T19:07:23+00:00","og_image":[{"width":720,"height":470,"url":"https:\/\/static.africa-press.net\/cote\/sites\/43\/2025\/12\/sm_1765380952.21489.jpg","type":"image\/jpeg"}],"author":"cfeditorfr","twitter_card":"summary_large_image","twitter_misc":{"\u00c9crit par":"cfeditorfr","Dur\u00e9e de lecture estim\u00e9e":"1 minute"},"schema":{"@context":"https:\/\/schema.org","@graph":[{"@type":"Article","@id":"https:\/\/www.africa-press.net\/cotedivoire\/politique\/legislatives-2025-formation-des-candidats-par-la-cei#article","isPartOf":{"@id":"https:\/\/www.africa-press.net\/cotedivoire\/politique\/legislatives-2025-formation-des-candidats-par-la-cei"},"author":{"name":"cfeditorfr","@id":"https:\/\/www.africa-press.net\/cotedivoire\/#\/schema\/person\/2b1cf3cd81a31e3cd26889ca66d677f1"},"headline":"L\u00e9gislatives 2025 Formation Des Candidats Par La CEI","datePublished":"2025-12-10T18:08:32+00:00","dateModified":"2025-12-10T19:07:23+00:00","mainEntityOfPage":{"@id":"https:\/\/www.africa-press.net\/cotedivoire\/politique\/legislatives-2025-formation-des-candidats-par-la-cei"},"wordCount":125,"commentCount":0,"image":{"@id":"https:\/\/www.africa-press.net\/cotedivoire\/politique\/legislatives-2025-formation-des-candidats-par-la-cei#primaryimage"},"thumbnailUrl":"https:\/\/static.africa-press.net\/cote\/sites\/43\/2025\/12\/sm_1765380952.21489.jpg","keywords":["canddats","Cei","C\u00d4TE D'IVOIRE","Formation","L\u00e9gislatives 2025"],"articleSection":["Politique","Toutes les actualit\u00e9s"],"inLanguage":"fr-FR","potentialAction":[{"@type":"CommentAction","name":"Comment","target":["https:\/\/www.africa-press.net\/cotedivoire\/politique\/legislatives-2025-formation-des-candidats-par-la-cei#respond"]}]},{"@type":"WebPage","@id":"https:\/\/www.africa-press.net\/cotedivoire\/politique\/legislatives-2025-formation-des-candidats-par-la-cei","url":"https:\/\/www.africa-press.net\/cotedivoire\/politique\/legislatives-2025-formation-des-candidats-par-la-cei","name":"L\u00e9gislatives 2025 Formation Des Candidats Par La CEI - C\u00f4te d&#039;Ivoire","isPartOf":{"@id":"https:\/\/www.africa-press.net\/cotedivoire\/#website"},"primaryImageOfPage":{"@id":"https:\/\/www.africa-press.net\/cotedivoire\/politique\/legislatives-2025-formation-des-candidats-par-la-cei#primaryimage"},"image":{"@id":"https:\/\/www.africa-press.net\/cotedivoire\/politique\/legislatives-2025-formation-des-candidats-par-la-cei#primaryimage"},"thumbnailUrl":"https:\/\/static.africa-press.net\/cote\/sites\/43\/2025\/12\/sm_1765380952.21489.jpg","datePublished":"2025-12-10T18:08:32+00:00","dateModified":"2025-12-10T19:07:23+00:00","author":{"@id":"https:\/\/www.africa-press.net\/cotedivoire\/#\/schema\/person\/2b1cf3cd81a31e3cd26889ca66d677f1"},"description":"La Commission E\u0301lectorale Inde\u0301pendante (CEI) proce\u0301dera a\u0300 une Formation le samedi 13 de\u0301cembre 2025 a\u0300 l'ISTC Polytech ...","breadcrumb":{"@id":"https:\/\/www.africa-press.net\/cotedivoire\/politique\/legislatives-2025-formation-des-candidats-par-la-cei#breadcrumb"},"inLanguage":"fr-FR","potentialAction":[{"@type":"ReadAction","target":["https:\/\/www.africa-press.net\/cotedivoire\/politique\/legislatives-2025-formation-des-candidats-par-la-cei"]}]},{"@type":"ImageObject","inLanguage":"fr-FR","@id":"https:\/\/www.africa-press.net\/cotedivoire\/politique\/legislatives-2025-formation-des-candidats-par-la-cei#primaryimage","url":"https:\/\/static.africa-press.net\/cote\/sites\/43\/2025\/12\/sm_1765380952.21489.jpg","contentUrl":"https:\/\/static.africa-press.net\/cote\/sites\/43\/2025\/12\/sm_1765380952.21489.jpg","width":720,"height":470,"caption":"L\u00e9gislatives 2025 Formation Des Candidats Par La CEI"},{"@type":"BreadcrumbList","@id":"https:\/\/www.africa-press.net\/cotedivoire\/politique\/legislatives-2025-formation-des-candidats-par-la-cei#breadcrumb","itemListElement":[{"@type":"ListItem","position":1,"name":"Accueil","item":"https:\/\/www.africa-press.net\/cotedivoire\/"},{"@type":"ListItem","position":2,"name":"L\u00e9gislatives 2025 Formation Des Candidats Par La CEI"}]},{"@type":"WebSite","@id":"https:\/\/www.africa-press.net\/cotedivoire\/#website","url":"https:\/\/www.africa-press.net\/cotedivoire\/","name":"C\u00f4te d&#039;Ivoire","description":"Just another Africa News Agency Sites site","potentialAction":[{"@type":"SearchAction","target":{"@type":"EntryPoint","urlTemplate":"https:\/\/www.africa-press.net\/cotedivoire\/?s={search_term_string}"},"query-input":{"@type":"PropertyValueSpecification","valueRequired":true,"valueName":"search_term_string"}}],"inLanguage":"fr-FR"},{"@type":"Person","@id":"https:\/\/www.africa-press.net\/cotedivoire\/#\/schema\/person\/2b1cf3cd81a31e3cd26889ca66d677f1","name":"cfeditorfr"}]}},"_links":{"self":[{"href":"https:\/\/www.africa-press.net\/cotedivoire\/wp-json\/wp\/v2\/posts\/110064","targetHints":{"allow":["GET"]}}],"collection":[{"href":"https:\/\/www.africa-press.net\/cotedivoire\/wp-json\/wp\/v2\/posts"}],"about":[{"href":"https:\/\/www.africa-press.net\/cotedivoire\/wp-json\/wp\/v2\/types\/post"}],"author":[{"embeddable":true,"href":"https:\/\/www.africa-press.net\/cotedivoire\/wp-json\/wp\/v2\/users\/82"}],"replies":[{"embeddable":true,"href":"https:\/\/www.africa-press.net\/cotedivoire\/wp-json\/wp\/v2\/comments?post=110064"}],"version-history":[{"count":0,"href":"https:\/\/www.africa-press.net\/cotedivoire\/wp-json\/wp\/v2\/posts\/110064\/revisions"}],"wp:featuredmedia":[{"embeddable":true,"href":"https:\/\/www.africa-press.net\/cotedivoire\/wp-json\/wp\/v2\/media\/110062"}],"wp:attachment":[{"href":"https:\/\/www.africa-press.net\/cotedivoire\/wp-json\/wp\/v2\/media?parent=110064"}],"wp:term":[{"taxonomy":"category","embeddable":true,"href":"https:\/\/www.africa-press.net\/cotedivoire\/wp-json\/wp\/v2\/categories?post=110064"},{"taxonomy":"post_tag","embeddable":true,"href":"https:\/\/www.africa-press.net\/cotedivoire\/wp-json\/wp\/v2\/tags?post=110064"}],"curies":[{"name":"wp","href":"https:\/\/api.w.org\/{rel}","templated":true}]}}