{"id":11007,"date":"2021-08-08T17:33:13","date_gmt":"2021-08-08T17:33:13","guid":{"rendered":"https:\/\/www.africa-press.net\/cotedivoire\/?p=11007"},"modified":"2021-08-08T18:31:45","modified_gmt":"2021-08-08T18:31:45","slug":"cote-divoire-alassane-ouattara-annonce-des-liberations-et-des-graces-de-detenus-de-la-crise-electorale-de-2020-2","status":"publish","type":"post","link":"https:\/\/www.africa-press.net\/cotedivoire\/dossiers\/cote-divoire-alassane-ouattara-annonce-des-liberations-et-des-graces-de-detenus-de-la-crise-electorale-de-2020-2","title":{"rendered":"Alassane Ouattara annonce des lib\u00e9rations et des gr\u00e2ces de d\u00e9tenus de la crise \u00e9lectorale de 2020"},"content":{"rendered":"<p><span style=\"color: #ff6600\"><strong><a href=\"https:\/\/www.africa-press.net\/\">Africa-Press<\/a> &#8211; <a href=\"https:\/\/www.africa-press.net\/cotedivoire\">C\u00f4te d&rsquo;Ivoire<\/a>. <\/strong><\/span>Le pr\u00e9sident ivoirien a annonc\u00e9 vendredi des mesures de mise en libert\u00e9 provisoire et de gr\u00e2ces de personnes arr\u00eat\u00e9es lors de la pr\u00e9sidentielle d\u2019octobre dernier, marqu\u00e9e par des violences meurtri\u00e8res.<\/p>\n<p>\u00ab Je note la mise sous contr\u00f4le judiciaire ou en libert\u00e9 provisoire (\u2026) de 69 inculp\u00e9s d\u00e9tenus suite aux \u00e9v\u00e8nements survenus \u00e0 l\u2019occasion de l\u2019\u00e9lection pr\u00e9sidentielle d\u2019octobre 2020 \u00bb, a d\u00e9clar\u00e9 Alassane Ouattara dans un discours t\u00e9l\u00e9vis\u00e9 prononc\u00e9 \u00e0 la veille de la f\u00eate de l\u2019ind\u00e9pendance de son pays. Il a ajout\u00e9 avoir accord\u00e9 \u00ab la gr\u00e2ce \u00e0 neuf personnes condamn\u00e9es pour des infractions commises \u00e0 l\u2019occasion de ces m\u00eames \u00e9v\u00e8nements \u00bb. \u00ab L\u2019examen de la situation d\u2019autres personnes encore d\u00e9tenues se poursuit \u00bb, a-t-il affirm\u00e9.<\/p>\n<p>Alassane Ouattara a \u00e9t\u00e9 r\u00e9\u00e9lu en octobre 2020 pour un troisi\u00e8me mandat controvers\u00e9 lors d\u2019une pr\u00e9sidentielle boycott\u00e9e par l\u2019opposition qui jugeait ce mandat inconstitutionnel. Cela avait provoqu\u00e9 une crise qui a fait une centaine de morts et un demi-millier de bless\u00e9s entre ao\u00fbt et novembre 2020. La tension est n\u00e9anmoins retomb\u00e9e, les \u00e9lections l\u00e9gislatives de mars s\u2019\u00e9tant d\u00e9roul\u00e9es dans le calme et avec la participation de l\u2019opposition.<\/p>\n<p>La lib\u00e9ration des prisonniers avait \u00e9t\u00e9 demand\u00e9e par les leaders de l\u2019opposition, Laurent Gbagbo et Henri Konan B\u00e9di\u00e9, tous deux anciens pr\u00e9sidents. Laurent Gbagbo, rentr\u00e9 en C\u00f4te d\u2019Ivoire le 17 juin apr\u00e8s avoir \u00e9t\u00e9 d\u00e9finitivement acquitt\u00e9 de crimes contre l\u2019humanit\u00e9 par la Cour p\u00e9nale internationale (CPI) fin mars, avait abord\u00e9 cette question lors de sa rencontre le 27 juillet avec Alassane Ouattara.<\/p>\n<p>Lors de cette premi\u00e8re rencontre depuis la crise post-\u00e9lectorale de 2010-2011 qui avait fait 3 000 morts, il avait transmis au chef de l\u2019\u00c9tat une liste de 110 d\u00e9tenus qualifi\u00e9s de \u00ab politiques \u00bb. Dans cette liste figuraient des personnes arr\u00eat\u00e9es apr\u00e8s la crise de 2010-2011, mais aussi des personnes interpell\u00e9es en 2020 lors de la derni\u00e8re campagne pr\u00e9sidentielle et en juin en marge du retour en C\u00f4te d\u2019Ivoire l\u2019ancien pr\u00e9sident. Dialogue constructif<\/p>\n<p>Le chef de l\u2019\u00c9tat a r\u00e9affirm\u00e9 son \u00ab attachement au dialogue constructif, qui permet d\u2019apaiser davantage notre pays et d\u2019aller de l\u2019avant, pour son d\u00e9veloppement \u00bb. \u00ab Ce dialogue, je l\u2019ai poursuivi moi-m\u00eame avec mon ain\u00e9, le pr\u00e9sident Henri Konan B\u00e9di\u00e9, le 11 novembre 2020, et plus r\u00e9cemment, avec mon jeune fr\u00e8re, le pr\u00e9sident Laurent Gbagbo \u00bb, a-t-il dit. \u00ab Rien ne doit entraver la marche de la C\u00f4te d\u2019Ivoire vers son d\u00e9veloppement, et le bien-\u00eatre de chacun \u00bb, a-t-il ajout\u00e9, et \u00ab c\u2019est pourquoi je me r\u00e9jouis de toutes les initiatives visant \u00e0 l\u2019apaisement. Je ne m\u00e9nagerai aucun effort pour cela, dans le respect de la loi et des Institutions \u00bb.<\/p>\n","protected":false},"excerpt":{"rendered":"<p>Africa-Press &#8211; C\u00f4te d&rsquo;Ivoire. Le pr\u00e9sident ivoirien a annonc\u00e9 vendredi des mesures de mise en libert\u00e9 provisoire et de gr\u00e2ces de personnes arr\u00eat\u00e9es lors de la pr\u00e9sidentielle d\u2019octobre dernier, marqu\u00e9e par des violences meurtri\u00e8res. \u00ab Je note la mise sous contr\u00f4le judiciaire ou en libert\u00e9 provisoire (\u2026) de 69 inculp\u00e9s d\u00e9tenus suite aux \u00e9v\u00e8nements survenus [&hellip;]<\/p>\n","protected":false},"author":82,"featured_media":11006,"comment_status":"open","ping_status":"closed","sticky":false,"template":"","format":"standard","meta":{"footnotes":""},"categories":[7,11,10],"tags":[56,63,29],"class_list":["post-11007","post","type-post","status-publish","format-standard","has-post-thumbnail","hentry","category-dossiers","category-homepage-french","category-toutes-les-actualites","tag-africa-press","tag-africa-press-cote-divoire","tag-cote-divoire"],"yoast_head":"<!-- This site is optimized with the Yoast SEO Premium plugin v26.1 (Yoast SEO v27.0) - https:\/\/yoast.com\/product\/yoast-seo-premium-wordpress\/ -->\n<title>Alassane Ouattara annonce des lib\u00e9rations et des gr\u00e2ces de d\u00e9tenus de la crise \u00e9lectorale de 2020 - C\u00f4te d&#039;Ivoire<\/title>\n<meta name=\"description\" content=\"Le pr\u00e9sident ivoirien a annonc\u00e9 vendredi des mesures de mise en libert\u00e9 provisoire et de gr\u00e2ces de personnes arr\u00eat\u00e9es lo ...\" \/>\n<meta name=\"robots\" content=\"index, follow, max-snippet:-1, max-image-preview:large, max-video-preview:-1\" \/>\n<link rel=\"canonical\" href=\"https:\/\/www.africa-press.net\/cotedivoire\/dossiers\/cote-divoire-alassane-ouattara-annonce-des-liberations-et-des-graces-de-detenus-de-la-crise-electorale-de-2020-2\" \/>\n<meta property=\"og:locale\" content=\"fr_FR\" \/>\n<meta property=\"og:type\" content=\"article\" \/>\n<meta property=\"og:title\" content=\"Alassane Ouattara annonce des lib\u00e9rations et des gr\u00e2ces de d\u00e9tenus de la crise \u00e9lectorale de 2020\" \/>\n<meta property=\"og:description\" content=\"Le pr\u00e9sident ivoirien a annonc\u00e9 vendredi des mesures de mise en libert\u00e9 provisoire et de gr\u00e2ces de personnes arr\u00eat\u00e9es lo ...\" \/>\n<meta property=\"og:url\" content=\"https:\/\/www.africa-press.net\/cotedivoire\/dossiers\/cote-divoire-alassane-ouattara-annonce-des-liberations-et-des-graces-de-detenus-de-la-crise-electorale-de-2020-2\" \/>\n<meta property=\"og:site_name\" content=\"C\u00f4te d&#039;Ivoire\" \/>\n<meta property=\"article:published_time\" content=\"2021-08-08T17:33:13+00:00\" \/>\n<meta property=\"article:modified_time\" content=\"2021-08-08T18:31:45+00:00\" \/>\n<meta property=\"og:image\" content=\"https:\/\/static.africa-press.net\/cote\/sites\/43\/2021\/08\/img-611014af57cc6.jpg\" \/>\n\t<meta property=\"og:image:width\" content=\"720\" \/>\n\t<meta property=\"og:image:height\" content=\"360\" \/>\n\t<meta property=\"og:image:type\" content=\"image\/jpeg\" \/>\n<meta name=\"author\" content=\"cfeditorfr\" \/>\n<meta name=\"twitter:card\" content=\"summary_large_image\" \/>\n<meta name=\"twitter:label1\" content=\"\u00c9crit par\" \/>\n\t<meta name=\"twitter:data1\" content=\"cfeditorfr\" \/>\n\t<meta name=\"twitter:label2\" content=\"Dur\u00e9e de lecture estim\u00e9e\" \/>\n\t<meta name=\"twitter:data2\" content=\"2 minutes\" \/>\n<script type=\"application\/ld+json\" class=\"yoast-schema-graph\">{\"@context\":\"https:\/\/schema.org\",\"@graph\":[{\"@type\":\"Article\",\"@id\":\"https:\/\/www.africa-press.net\/cotedivoire\/dossiers\/cote-divoire-alassane-ouattara-annonce-des-liberations-et-des-graces-de-detenus-de-la-crise-electorale-de-2020-2#article\",\"isPartOf\":{\"@id\":\"https:\/\/www.africa-press.net\/cotedivoire\/dossiers\/cote-divoire-alassane-ouattara-annonce-des-liberations-et-des-graces-de-detenus-de-la-crise-electorale-de-2020-2\"},\"author\":{\"name\":\"cfeditorfr\",\"@id\":\"https:\/\/www.africa-press.net\/cotedivoire\/#\/schema\/person\/2b1cf3cd81a31e3cd26889ca66d677f1\"},\"headline\":\"Alassane Ouattara annonce des lib\u00e9rations et des gr\u00e2ces de d\u00e9tenus de la crise \u00e9lectorale de 2020\",\"datePublished\":\"2021-08-08T17:33:13+00:00\",\"dateModified\":\"2021-08-08T18:31:45+00:00\",\"mainEntityOfPage\":{\"@id\":\"https:\/\/www.africa-press.net\/cotedivoire\/dossiers\/cote-divoire-alassane-ouattara-annonce-des-liberations-et-des-graces-de-detenus-de-la-crise-electorale-de-2020-2\"},\"wordCount\":512,\"commentCount\":0,\"image\":{\"@id\":\"https:\/\/www.africa-press.net\/cotedivoire\/dossiers\/cote-divoire-alassane-ouattara-annonce-des-liberations-et-des-graces-de-detenus-de-la-crise-electorale-de-2020-2#primaryimage\"},\"thumbnailUrl\":\"https:\/\/static.africa-press.net\/cote\/sites\/43\/2021\/08\/img-611014af57cc6.jpg\",\"keywords\":[\"Africa Press\",\"Africa Press-C\u00f4te d'Ivoire\",\"C\u00d4TE D'IVOIRE\"],\"articleSection\":[\"Dossiers\",\"homepage-french\",\"Toutes les actualit\u00e9s\"],\"inLanguage\":\"fr-FR\",\"potentialAction\":[{\"@type\":\"CommentAction\",\"name\":\"Comment\",\"target\":[\"https:\/\/www.africa-press.net\/cotedivoire\/dossiers\/cote-divoire-alassane-ouattara-annonce-des-liberations-et-des-graces-de-detenus-de-la-crise-electorale-de-2020-2#respond\"]}]},{\"@type\":\"WebPage\",\"@id\":\"https:\/\/www.africa-press.net\/cotedivoire\/dossiers\/cote-divoire-alassane-ouattara-annonce-des-liberations-et-des-graces-de-detenus-de-la-crise-electorale-de-2020-2\",\"url\":\"https:\/\/www.africa-press.net\/cotedivoire\/dossiers\/cote-divoire-alassane-ouattara-annonce-des-liberations-et-des-graces-de-detenus-de-la-crise-electorale-de-2020-2\",\"name\":\"Alassane Ouattara annonce des lib\u00e9rations et des gr\u00e2ces de d\u00e9tenus de la crise \u00e9lectorale de 2020 - C\u00f4te d&#039;Ivoire\",\"isPartOf\":{\"@id\":\"https:\/\/www.africa-press.net\/cotedivoire\/#website\"},\"primaryImageOfPage\":{\"@id\":\"https:\/\/www.africa-press.net\/cotedivoire\/dossiers\/cote-divoire-alassane-ouattara-annonce-des-liberations-et-des-graces-de-detenus-de-la-crise-electorale-de-2020-2#primaryimage\"},\"image\":{\"@id\":\"https:\/\/www.africa-press.net\/cotedivoire\/dossiers\/cote-divoire-alassane-ouattara-annonce-des-liberations-et-des-graces-de-detenus-de-la-crise-electorale-de-2020-2#primaryimage\"},\"thumbnailUrl\":\"https:\/\/static.africa-press.net\/cote\/sites\/43\/2021\/08\/img-611014af57cc6.jpg\",\"datePublished\":\"2021-08-08T17:33:13+00:00\",\"dateModified\":\"2021-08-08T18:31:45+00:00\",\"author\":{\"@id\":\"https:\/\/www.africa-press.net\/cotedivoire\/#\/schema\/person\/2b1cf3cd81a31e3cd26889ca66d677f1\"},\"description\":\"Le pr\u00e9sident ivoirien a annonc\u00e9 vendredi des mesures de mise en libert\u00e9 provisoire et de gr\u00e2ces de personnes arr\u00eat\u00e9es lo ...\",\"breadcrumb\":{\"@id\":\"https:\/\/www.africa-press.net\/cotedivoire\/dossiers\/cote-divoire-alassane-ouattara-annonce-des-liberations-et-des-graces-de-detenus-de-la-crise-electorale-de-2020-2#breadcrumb\"},\"inLanguage\":\"fr-FR\",\"potentialAction\":[{\"@type\":\"ReadAction\",\"target\":[\"https:\/\/www.africa-press.net\/cotedivoire\/dossiers\/cote-divoire-alassane-ouattara-annonce-des-liberations-et-des-graces-de-detenus-de-la-crise-electorale-de-2020-2\"]}]},{\"@type\":\"ImageObject\",\"inLanguage\":\"fr-FR\",\"@id\":\"https:\/\/www.africa-press.net\/cotedivoire\/dossiers\/cote-divoire-alassane-ouattara-annonce-des-liberations-et-des-graces-de-detenus-de-la-crise-electorale-de-2020-2#primaryimage\",\"url\":\"https:\/\/static.africa-press.net\/cote\/sites\/43\/2021\/08\/img-611014af57cc6.jpg\",\"contentUrl\":\"https:\/\/static.africa-press.net\/cote\/sites\/43\/2021\/08\/img-611014af57cc6.jpg\",\"width\":720,\"height\":360,\"caption\":\"C\u00f4te d\u2019Ivoire : Alassane Ouattara annonce des lib\u00e9rations et des gr\u00e2ces de d\u00e9tenus de la crise \u00e9lectorale de 2020\"},{\"@type\":\"BreadcrumbList\",\"@id\":\"https:\/\/www.africa-press.net\/cotedivoire\/dossiers\/cote-divoire-alassane-ouattara-annonce-des-liberations-et-des-graces-de-detenus-de-la-crise-electorale-de-2020-2#breadcrumb\",\"itemListElement\":[{\"@type\":\"ListItem\",\"position\":1,\"name\":\"Accueil\",\"item\":\"https:\/\/www.africa-press.net\/cotedivoire\/\"},{\"@type\":\"ListItem\",\"position\":2,\"name\":\"Alassane Ouattara annonce des lib\u00e9rations et des gr\u00e2ces de d\u00e9tenus de la crise \u00e9lectorale de 2020\"}]},{\"@type\":\"WebSite\",\"@id\":\"https:\/\/www.africa-press.net\/cotedivoire\/#website\",\"url\":\"https:\/\/www.africa-press.net\/cotedivoire\/\",\"name\":\"C\u00f4te d&#039;Ivoire\",\"description\":\"Just another Africa News Agency Sites site\",\"potentialAction\":[{\"@type\":\"SearchAction\",\"target\":{\"@type\":\"EntryPoint\",\"urlTemplate\":\"https:\/\/www.africa-press.net\/cotedivoire\/?s={search_term_string}\"},\"query-input\":{\"@type\":\"PropertyValueSpecification\",\"valueRequired\":true,\"valueName\":\"search_term_string\"}}],\"inLanguage\":\"fr-FR\"},{\"@type\":\"Person\",\"@id\":\"https:\/\/www.africa-press.net\/cotedivoire\/#\/schema\/person\/2b1cf3cd81a31e3cd26889ca66d677f1\",\"name\":\"cfeditorfr\"}]}<\/script>\n<!-- \/ Yoast SEO Premium plugin. -->","yoast_head_json":{"title":"Alassane Ouattara annonce des lib\u00e9rations et des gr\u00e2ces de d\u00e9tenus de la crise \u00e9lectorale de 2020 - C\u00f4te d&#039;Ivoire","description":"Le pr\u00e9sident ivoirien a annonc\u00e9 vendredi des mesures de mise en libert\u00e9 provisoire et de gr\u00e2ces de personnes arr\u00eat\u00e9es lo ...","robots":{"index":"index","follow":"follow","max-snippet":"max-snippet:-1","max-image-preview":"max-image-preview:large","max-video-preview":"max-video-preview:-1"},"canonical":"https:\/\/www.africa-press.net\/cotedivoire\/dossiers\/cote-divoire-alassane-ouattara-annonce-des-liberations-et-des-graces-de-detenus-de-la-crise-electorale-de-2020-2","og_locale":"fr_FR","og_type":"article","og_title":"Alassane Ouattara annonce des lib\u00e9rations et des gr\u00e2ces de d\u00e9tenus de la crise \u00e9lectorale de 2020","og_description":"Le pr\u00e9sident ivoirien a annonc\u00e9 vendredi des mesures de mise en libert\u00e9 provisoire et de gr\u00e2ces de personnes arr\u00eat\u00e9es lo ...","og_url":"https:\/\/www.africa-press.net\/cotedivoire\/dossiers\/cote-divoire-alassane-ouattara-annonce-des-liberations-et-des-graces-de-detenus-de-la-crise-electorale-de-2020-2","og_site_name":"C\u00f4te d&#039;Ivoire","article_published_time":"2021-08-08T17:33:13+00:00","article_modified_time":"2021-08-08T18:31:45+00:00","og_image":[{"width":720,"height":360,"url":"https:\/\/static.africa-press.net\/cote\/sites\/43\/2021\/08\/img-611014af57cc6.jpg","type":"image\/jpeg"}],"author":"cfeditorfr","twitter_card":"summary_large_image","twitter_misc":{"\u00c9crit par":"cfeditorfr","Dur\u00e9e de lecture estim\u00e9e":"2 minutes"},"schema":{"@context":"https:\/\/schema.org","@graph":[{"@type":"Article","@id":"https:\/\/www.africa-press.net\/cotedivoire\/dossiers\/cote-divoire-alassane-ouattara-annonce-des-liberations-et-des-graces-de-detenus-de-la-crise-electorale-de-2020-2#article","isPartOf":{"@id":"https:\/\/www.africa-press.net\/cotedivoire\/dossiers\/cote-divoire-alassane-ouattara-annonce-des-liberations-et-des-graces-de-detenus-de-la-crise-electorale-de-2020-2"},"author":{"name":"cfeditorfr","@id":"https:\/\/www.africa-press.net\/cotedivoire\/#\/schema\/person\/2b1cf3cd81a31e3cd26889ca66d677f1"},"headline":"Alassane Ouattara annonce des lib\u00e9rations et des gr\u00e2ces de d\u00e9tenus de la crise \u00e9lectorale de 2020","datePublished":"2021-08-08T17:33:13+00:00","dateModified":"2021-08-08T18:31:45+00:00","mainEntityOfPage":{"@id":"https:\/\/www.africa-press.net\/cotedivoire\/dossiers\/cote-divoire-alassane-ouattara-annonce-des-liberations-et-des-graces-de-detenus-de-la-crise-electorale-de-2020-2"},"wordCount":512,"commentCount":0,"image":{"@id":"https:\/\/www.africa-press.net\/cotedivoire\/dossiers\/cote-divoire-alassane-ouattara-annonce-des-liberations-et-des-graces-de-detenus-de-la-crise-electorale-de-2020-2#primaryimage"},"thumbnailUrl":"https:\/\/static.africa-press.net\/cote\/sites\/43\/2021\/08\/img-611014af57cc6.jpg","keywords":["Africa Press","Africa Press-C\u00f4te d'Ivoire","C\u00d4TE D'IVOIRE"],"articleSection":["Dossiers","homepage-french","Toutes les actualit\u00e9s"],"inLanguage":"fr-FR","potentialAction":[{"@type":"CommentAction","name":"Comment","target":["https:\/\/www.africa-press.net\/cotedivoire\/dossiers\/cote-divoire-alassane-ouattara-annonce-des-liberations-et-des-graces-de-detenus-de-la-crise-electorale-de-2020-2#respond"]}]},{"@type":"WebPage","@id":"https:\/\/www.africa-press.net\/cotedivoire\/dossiers\/cote-divoire-alassane-ouattara-annonce-des-liberations-et-des-graces-de-detenus-de-la-crise-electorale-de-2020-2","url":"https:\/\/www.africa-press.net\/cotedivoire\/dossiers\/cote-divoire-alassane-ouattara-annonce-des-liberations-et-des-graces-de-detenus-de-la-crise-electorale-de-2020-2","name":"Alassane Ouattara annonce des lib\u00e9rations et des gr\u00e2ces de d\u00e9tenus de la crise \u00e9lectorale de 2020 - C\u00f4te d&#039;Ivoire","isPartOf":{"@id":"https:\/\/www.africa-press.net\/cotedivoire\/#website"},"primaryImageOfPage":{"@id":"https:\/\/www.africa-press.net\/cotedivoire\/dossiers\/cote-divoire-alassane-ouattara-annonce-des-liberations-et-des-graces-de-detenus-de-la-crise-electorale-de-2020-2#primaryimage"},"image":{"@id":"https:\/\/www.africa-press.net\/cotedivoire\/dossiers\/cote-divoire-alassane-ouattara-annonce-des-liberations-et-des-graces-de-detenus-de-la-crise-electorale-de-2020-2#primaryimage"},"thumbnailUrl":"https:\/\/static.africa-press.net\/cote\/sites\/43\/2021\/08\/img-611014af57cc6.jpg","datePublished":"2021-08-08T17:33:13+00:00","dateModified":"2021-08-08T18:31:45+00:00","author":{"@id":"https:\/\/www.africa-press.net\/cotedivoire\/#\/schema\/person\/2b1cf3cd81a31e3cd26889ca66d677f1"},"description":"Le pr\u00e9sident ivoirien a annonc\u00e9 vendredi des mesures de mise en libert\u00e9 provisoire et de gr\u00e2ces de personnes arr\u00eat\u00e9es lo ...","breadcrumb":{"@id":"https:\/\/www.africa-press.net\/cotedivoire\/dossiers\/cote-divoire-alassane-ouattara-annonce-des-liberations-et-des-graces-de-detenus-de-la-crise-electorale-de-2020-2#breadcrumb"},"inLanguage":"fr-FR","potentialAction":[{"@type":"ReadAction","target":["https:\/\/www.africa-press.net\/cotedivoire\/dossiers\/cote-divoire-alassane-ouattara-annonce-des-liberations-et-des-graces-de-detenus-de-la-crise-electorale-de-2020-2"]}]},{"@type":"ImageObject","inLanguage":"fr-FR","@id":"https:\/\/www.africa-press.net\/cotedivoire\/dossiers\/cote-divoire-alassane-ouattara-annonce-des-liberations-et-des-graces-de-detenus-de-la-crise-electorale-de-2020-2#primaryimage","url":"https:\/\/static.africa-press.net\/cote\/sites\/43\/2021\/08\/img-611014af57cc6.jpg","contentUrl":"https:\/\/static.africa-press.net\/cote\/sites\/43\/2021\/08\/img-611014af57cc6.jpg","width":720,"height":360,"caption":"C\u00f4te d\u2019Ivoire : Alassane Ouattara annonce des lib\u00e9rations et des gr\u00e2ces de d\u00e9tenus de la crise \u00e9lectorale de 2020"},{"@type":"BreadcrumbList","@id":"https:\/\/www.africa-press.net\/cotedivoire\/dossiers\/cote-divoire-alassane-ouattara-annonce-des-liberations-et-des-graces-de-detenus-de-la-crise-electorale-de-2020-2#breadcrumb","itemListElement":[{"@type":"ListItem","position":1,"name":"Accueil","item":"https:\/\/www.africa-press.net\/cotedivoire\/"},{"@type":"ListItem","position":2,"name":"Alassane Ouattara annonce des lib\u00e9rations et des gr\u00e2ces de d\u00e9tenus de la crise \u00e9lectorale de 2020"}]},{"@type":"WebSite","@id":"https:\/\/www.africa-press.net\/cotedivoire\/#website","url":"https:\/\/www.africa-press.net\/cotedivoire\/","name":"C\u00f4te d&#039;Ivoire","description":"Just another Africa News Agency Sites site","potentialAction":[{"@type":"SearchAction","target":{"@type":"EntryPoint","urlTemplate":"https:\/\/www.africa-press.net\/cotedivoire\/?s={search_term_string}"},"query-input":{"@type":"PropertyValueSpecification","valueRequired":true,"valueName":"search_term_string"}}],"inLanguage":"fr-FR"},{"@type":"Person","@id":"https:\/\/www.africa-press.net\/cotedivoire\/#\/schema\/person\/2b1cf3cd81a31e3cd26889ca66d677f1","name":"cfeditorfr"}]}},"_links":{"self":[{"href":"https:\/\/www.africa-press.net\/cotedivoire\/wp-json\/wp\/v2\/posts\/11007","targetHints":{"allow":["GET"]}}],"collection":[{"href":"https:\/\/www.africa-press.net\/cotedivoire\/wp-json\/wp\/v2\/posts"}],"about":[{"href":"https:\/\/www.africa-press.net\/cotedivoire\/wp-json\/wp\/v2\/types\/post"}],"author":[{"embeddable":true,"href":"https:\/\/www.africa-press.net\/cotedivoire\/wp-json\/wp\/v2\/users\/82"}],"replies":[{"embeddable":true,"href":"https:\/\/www.africa-press.net\/cotedivoire\/wp-json\/wp\/v2\/comments?post=11007"}],"version-history":[{"count":0,"href":"https:\/\/www.africa-press.net\/cotedivoire\/wp-json\/wp\/v2\/posts\/11007\/revisions"}],"wp:featuredmedia":[{"embeddable":true,"href":"https:\/\/www.africa-press.net\/cotedivoire\/wp-json\/wp\/v2\/media\/11006"}],"wp:attachment":[{"href":"https:\/\/www.africa-press.net\/cotedivoire\/wp-json\/wp\/v2\/media?parent=11007"}],"wp:term":[{"taxonomy":"category","embeddable":true,"href":"https:\/\/www.africa-press.net\/cotedivoire\/wp-json\/wp\/v2\/categories?post=11007"},{"taxonomy":"post_tag","embeddable":true,"href":"https:\/\/www.africa-press.net\/cotedivoire\/wp-json\/wp\/v2\/tags?post=11007"}],"curies":[{"name":"wp","href":"https:\/\/api.w.org\/{rel}","templated":true}]}}