{"id":110101,"date":"2025-12-11T18:02:59","date_gmt":"2025-12-11T18:02:59","guid":{"rendered":"https:\/\/www.africa-press.net\/cotedivoire\/politique\/securite-electorale-et-droits-humains-au-japon"},"modified":"2025-12-11T18:29:12","modified_gmt":"2025-12-11T18:29:12","slug":"securite-electorale-et-droits-humains-au-japon","status":"publish","type":"post","link":"https:\/\/www.africa-press.net\/cotedivoire\/politique\/securite-electorale-et-droits-humains-au-japon","title":{"rendered":"S\u00e9curit\u00e9 \u00c9lectorale et Droits Humains au Japon"},"content":{"rendered":"<p><span style=\"color: #ff6600\"><strong>Africa-Press &#8211; C\u00f4te d&rsquo;Ivoire. <\/strong><\/span>A\u0300 Abidjan, un engagement commun pour des e\u0301lections apaise\u0301es et inclusives. La Confe\u0301rence de capitalisation de la veille se\u0301curitaire et du monitoring des droits de l\u2019homme en pe\u0301riode e\u0301lectorale, couple\u0301e au lancement de la campagne me\u0301diatique \u201cGe\u0301ne\u0301ration UNIVOIRE\u201d, s\u2019est tenue ce mardi 9 de\u0301cembre 2025 au sie\u0300ge de la CRRAE-UEMOA a\u0300 Abidjan.<\/p>\n<p>Une rencontre majeure qui a re\u0301uni autorite\u0301s, partenaires internationaux, organisations de la socie\u0301te\u0301 civile et institutions nationales, autour d\u2019un objectif prioritaire: renforcer durablement la pre\u0301vention des conflits, la se\u0301curite\u0301 citoyenne et la participation de\u0301mocratique en Co\u0302te d\u2019Ivoire.<\/p>\n<p>Au centre des e\u0301changes, trois allocutions majeures ont marque\u0301 cette ce\u0301re\u0301monie: celles de Mme Kyo Yuka, Premie\u0300re Secre\u0301taire de l\u2019Ambassade du Japon, de Blerta Cela, Repre\u0301sentante re\u0301sidente du PNUD en Co\u0302te d\u2019Ivoire, et de Namizata Sangare\u0301, Pre\u0301sidente du Conseil National des Droits de l\u2019Homme (CNDH).<\/p>\n<p>Dans son intervention, Mme Kyo Yuka a salue\u0301 la tenue de ces trois e\u0301ve\u0301nements conjoints, rappelant l\u2019importance cruciale du moment, a\u0300 quelques jours des e\u0301lections le\u0301gislatives du 27 de\u0301cembre.<\/p>\n<p>Elle a re\u0301ve\u0301le\u0301 que le Japon a finance\u0301 le projet UNIVOIRE a\u0300 hauteur de 612 millions de yens, soit pre\u0300s de 2,5 milliards de francs CFA, dans l\u2019objectif de soutenir la logistique e\u0301lectorale, l\u2019inclusion de\u0301mocratique et la se\u0301curite\u0301 dans les zones sensibles, notamment au Nord du pays.<\/p>\n<p>Face a\u0300 l\u2019instabilite\u0301 dans la re\u0301gion du Sahel et a\u0300 l\u2019afflux de re\u0301fugie\u0301s, elle a insiste\u0301 sur l\u2019importance cruciale de maintenir un environnement paisible, inclusif et respectueux des droits humains.<\/p>\n<p>Le projet comprend notamment, la fourniture de mate\u0301riel informatique et radio, la construction de trois entrepo\u0302ts pour le stockage du mate\u0301riel e\u0301lectoral, des campagnes de sensibilisation en faveur des femmes et des jeunes et des activite\u0301s destine\u0301es a\u0300 pre\u0301venir les conflits lie\u0301s aux e\u0301lections.<\/p>\n<p>Mme Kyo Yuka a salue\u0301 la coope\u0301ration exemplaire entre le Japon, le PNUD et les institutions ivoiriennes, rappelant que ce soutien s\u2019inscrit dans la continuite\u0301 du Plan d&rsquo;appui e\u0301lectoral 2020-2021, finance\u0301 a\u0300 hauteur de 206 millions de yens (1,1 milliard FCFA).<\/p>\n<p>Elle a conclu en formulant le v\u0153u que les le\u0301gislatives se de\u0301roulent dans un climat de\u0301mocratique apaise\u0301 et en renforc\u0327ant les relations d\u2019amitie\u0301 entre le Japon et la Co\u0302te d\u2019Ivoire.<\/p>\n<p>Dans un discours dense et salue\u0301, Blerta Cela, Repre\u0301sentante re\u0301sidente du PNUD, a mis en lumie\u0300re les re\u0301sultats obtenus lors de l\u2019e\u0301lection pre\u0301sidentielle d\u2019octobre 2025, gra\u0302ce au dispositif combine\u0301 de veille se\u0301curitaire (CPEQS) et de monitoring des droits humains mene\u0301 par le CNDH.<\/p>\n<p>Elle a annonce\u0301 des chiffres cle\u0301s re\u0301ve\u0301lateurs:2 350 observateurs de\u0301ploye\u0301s, dont 800 observateurs des droits de l\u2019homme finance\u0301s par le Japon, 212 incidents documente\u0301s en temps re\u0301el via la plateforme \u201cCNDH RCI Alerte Pre\u0301coce\u201d, avec un taux de traitement de 80 %, des e\u0301quipes mobiles du CPEQS de\u0301ploye\u0301es sur 5 axes sensibles, ame\u0301liorant la pre\u0301vention et la re\u0301ponse rapide aux risques.<\/p>\n<p>Blerta Cela a souligne\u0301 que la transition vers une approche proactive, gra\u0302ce a\u0300 la digitalisation du signalement des incidents et a\u0300 l\u2019intervention rapide, constitue une avance\u0301e majeure pour la de\u0301mocratie ivoirienne.<\/p>\n<p>Elle a e\u0301galement annonce\u0301, la dotation supple\u0301mentaire en e\u0301quipements informatiques et techniques au profit du CNDH, des journalistes et des 11 Cellules Genre du ministe\u0300re en charge de la Famille et de la Femme, le de\u0301ploiement de\u0300s la semaine prochaine de 900 observateurs et e\u0301quipes de veille pour les le\u0301gislatives et le lancement de la campagne me\u0301diatique \u201cGe\u0301ne\u0301ration UNIVOIRE\u201d, destine\u0301e a\u0300 mobiliser jeunes, femmes et communaute\u0301s autour de comportements pacifiques et citoyens.<\/p>\n<p>\u00ab Seul, on va plus vite ; ensemble, on va plus loin \u00bb, a-t-elle rappele\u0301, soulignant que le partenariat Japon\u2013PNUD\u2013Gouvernement ivoirien \u201cporte de\u0301ja\u0300 des fruits visibles pour la paix et la stabilite\u0301\u201d.<\/p>\n<p>La Pre\u0301sidente du CNDH, Namizata Sangare\u0301, a salue\u0301 a\u0300 son tour l\u2019appui constant du PNUD et du Japon, qui a permis a\u0300 son institution de renforcer son Observatoire pour le respect des droits de l\u2019homme et son syste\u0300me d\u2019alerte pre\u0301coce.<\/p>\n<p>Elle a rappele\u0301 que le CNDH dispose de\u0301sormais, d\u2019une application mobile permettant la collecte d\u2019incidents sur le terrain, d\u2019une interface web administrative pour l\u2019analyse centralise\u0301e des donne\u0301es et d\u2019un suivi quotidien assure\u0301 par des consultants de\u0301die\u0301s.<\/p>\n<p>Ce dispositif couvre toutes les zones du pays et permet de remonter des informations sensibles lie\u0301es aux conflits fonciers, tensions communautaires, conflits agriculteurs-e\u0301leveurs, incidents e\u0301lectoraux, entre autres.<\/p>\n<p>Elle a confirme\u0301 que 800 observateurs ont e\u0301te\u0301 de\u0301ploye\u0301s entre septembre et novembre 2025 pour le compte du PNUD, dans le cadre du scrutin pre\u0301sidentiel.<\/p>\n<p>Pour elle, la confe\u0301rence d\u2019aujourd\u2019hui est une e\u0301tape essentielle pour capitaliser les bonnes pratiques, ame\u0301liorer les dispositifs existants et renforcer la cohe\u0301sion sociale.<\/p>\n<p>Elle a lance\u0301 un appel a\u0300 la vigilance collective: \u00ab Nous devons faire de ce processus un levier d\u2019ame\u0301lioration continue de nos politiques publiques. \u00bb<\/p>\n<p>Symbole d\u2019une nouvelle dynamique citoyenne, la campagne \u201cGe\u0301ne\u0301ration UNIVOIRE\u201d a e\u0301te\u0301 officiellement lance\u0301e lors de la ce\u0301re\u0301monie.<\/p>\n<p>Elle s\u2019appuie sur des affiches grand public dans les rues, un re\u0301seau d\u2019ONG et d\u2019associations charge\u0301es de la sensibilisation directe et un message central: faire de chaque citoyen un acteur de paix, de dialogue et de participation de\u0301mocratique.<\/p>\n<p>La rencontre du 9 de\u0301cembre 2025 a mis en e\u0301vidence une synergie forte entre institutions nationales, partenaires techniques et financiers, et socie\u0301te\u0301 civile.<\/p>\n<p>A\u0300 l\u2019approche des le\u0301gislatives, tous re\u0301affirment leur priorite\u0301: pre\u0301venir les violences, prote\u0301ger les droits humains, renforcer la transparence et garantir une participation inclusive.<\/p>\n<p>Un message unanime ressort des trois interventions, la se\u0301curite\u0301 e\u0301lectorale est une responsabilite\u0301 partage\u0301e, et la paix durable se construit ensemble.<\/p>\n<p><strong>Pour plus d&rsquo;informations et d&rsquo;analyses sur la <span style=\"color: #ff6600\">C\u00f4te d&rsquo;Ivoire<\/span>, suivez <span style=\"color: #ff6600\">Africa-Press<\/span><\/strong><\/p>\n","protected":false},"excerpt":{"rendered":"<p>Africa-Press &#8211; C\u00f4te d&rsquo;Ivoire. A\u0300 Abidjan, un engagement commun pour des e\u0301lections apaise\u0301es et inclusives. La Confe\u0301rence de capitalisation de la veille se\u0301curitaire et du monitoring des droits de l\u2019homme en pe\u0301riode e\u0301lectorale, couple\u0301e au lancement de la campagne me\u0301diatique \u201cGe\u0301ne\u0301ration UNIVOIRE\u201d, s\u2019est tenue ce mardi 9 de\u0301cembre 2025 au sie\u0300ge de la CRRAE-UEMOA a\u0300 [&hellip;]<\/p>\n","protected":false},"author":82,"featured_media":110099,"comment_status":"open","ping_status":"closed","sticky":false,"template":"","format":"standard","meta":{"footnotes":""},"categories":[2,10],"tags":[519,4859,29,3422,18556,1491,1892,917,2220,303,19784],"class_list":["post-110101","post","type-post","status-publish","format-standard","has-post-thumbnail","hentry","category-politique","category-toutes-les-actualites","tag-cndh","tag-cohesion-sociale","tag-cote-divoire","tag-droits","tag-elections-2025","tag-generation","tag-homme","tag-japon","tag-pnud","tag-securite","tag-univoire"],"yoast_head":"<!-- This site is optimized with the Yoast SEO Premium plugin v26.1 (Yoast SEO v27.0) - https:\/\/yoast.com\/product\/yoast-seo-premium-wordpress\/ -->\n<title>S\u00e9curit\u00e9 \u00c9lectorale et Droits Humains au Japon - C\u00f4te d&#039;Ivoire<\/title>\n<meta name=\"description\" content=\"A\u0300 Abidjan, un engagement commun pour des e\u0301lections apaise\u0301es et inclusives. La Confe\u0301rence de capitalisation de la vei ...\" \/>\n<meta name=\"robots\" content=\"index, follow, max-snippet:-1, max-image-preview:large, max-video-preview:-1\" \/>\n<link rel=\"canonical\" href=\"https:\/\/www.africa-press.net\/cotedivoire\/politique\/securite-electorale-et-droits-humains-au-japon\" \/>\n<meta property=\"og:locale\" content=\"fr_FR\" \/>\n<meta property=\"og:type\" content=\"article\" \/>\n<meta property=\"og:title\" content=\"S\u00e9curit\u00e9 \u00c9lectorale et Droits Humains au Japon\" \/>\n<meta property=\"og:description\" content=\"A\u0300 Abidjan, un engagement commun pour des e\u0301lections apaise\u0301es et inclusives. La Confe\u0301rence de capitalisation de la vei ...\" \/>\n<meta property=\"og:url\" content=\"https:\/\/www.africa-press.net\/cotedivoire\/politique\/securite-electorale-et-droits-humains-au-japon\" \/>\n<meta property=\"og:site_name\" content=\"C\u00f4te d&#039;Ivoire\" \/>\n<meta property=\"article:published_time\" content=\"2025-12-11T18:02:59+00:00\" \/>\n<meta property=\"article:modified_time\" content=\"2025-12-11T18:29:12+00:00\" \/>\n<meta property=\"og:image\" content=\"https:\/\/static.africa-press.net\/cote\/sites\/43\/2025\/12\/sm_1765465128.100494.jpg\" \/>\n\t<meta property=\"og:image:width\" content=\"720\" \/>\n\t<meta property=\"og:image:height\" content=\"387\" \/>\n\t<meta property=\"og:image:type\" content=\"image\/jpeg\" \/>\n<meta name=\"author\" content=\"cfeditorfr\" \/>\n<meta name=\"twitter:card\" content=\"summary_large_image\" \/>\n<meta name=\"twitter:label1\" content=\"\u00c9crit par\" \/>\n\t<meta name=\"twitter:data1\" content=\"cfeditorfr\" \/>\n\t<meta name=\"twitter:label2\" content=\"Dur\u00e9e de lecture estim\u00e9e\" \/>\n\t<meta name=\"twitter:data2\" content=\"5 minutes\" \/>\n<script type=\"application\/ld+json\" class=\"yoast-schema-graph\">{\"@context\":\"https:\/\/schema.org\",\"@graph\":[{\"@type\":\"Article\",\"@id\":\"https:\/\/www.africa-press.net\/cotedivoire\/politique\/securite-electorale-et-droits-humains-au-japon#article\",\"isPartOf\":{\"@id\":\"https:\/\/www.africa-press.net\/cotedivoire\/politique\/securite-electorale-et-droits-humains-au-japon\"},\"author\":{\"name\":\"cfeditorfr\",\"@id\":\"https:\/\/www.africa-press.net\/cotedivoire\/#\/schema\/person\/2b1cf3cd81a31e3cd26889ca66d677f1\"},\"headline\":\"S\u00e9curit\u00e9 \u00c9lectorale et Droits Humains au Japon\",\"datePublished\":\"2025-12-11T18:02:59+00:00\",\"dateModified\":\"2025-12-11T18:29:12+00:00\",\"mainEntityOfPage\":{\"@id\":\"https:\/\/www.africa-press.net\/cotedivoire\/politique\/securite-electorale-et-droits-humains-au-japon\"},\"wordCount\":1073,\"commentCount\":0,\"image\":{\"@id\":\"https:\/\/www.africa-press.net\/cotedivoire\/politique\/securite-electorale-et-droits-humains-au-japon#primaryimage\"},\"thumbnailUrl\":\"https:\/\/static.africa-press.net\/cote\/sites\/43\/2025\/12\/sm_1765465128.100494.jpg\",\"keywords\":[\"CNDH\",\"coh\u00e9sion sociale\",\"C\u00d4TE D'IVOIRE\",\"droits\",\"\u00e9lections 2025\",\"g\u00e9n\u00e9ration\",\"homme\",\"Japon\",\"PNUD\",\"SECURITE\",\"UNIVOIRE\"],\"articleSection\":[\"Politique\",\"Toutes les actualit\u00e9s\"],\"inLanguage\":\"fr-FR\",\"potentialAction\":[{\"@type\":\"CommentAction\",\"name\":\"Comment\",\"target\":[\"https:\/\/www.africa-press.net\/cotedivoire\/politique\/securite-electorale-et-droits-humains-au-japon#respond\"]}]},{\"@type\":\"WebPage\",\"@id\":\"https:\/\/www.africa-press.net\/cotedivoire\/politique\/securite-electorale-et-droits-humains-au-japon\",\"url\":\"https:\/\/www.africa-press.net\/cotedivoire\/politique\/securite-electorale-et-droits-humains-au-japon\",\"name\":\"S\u00e9curit\u00e9 \u00c9lectorale et Droits Humains au Japon - C\u00f4te d&#039;Ivoire\",\"isPartOf\":{\"@id\":\"https:\/\/www.africa-press.net\/cotedivoire\/#website\"},\"primaryImageOfPage\":{\"@id\":\"https:\/\/www.africa-press.net\/cotedivoire\/politique\/securite-electorale-et-droits-humains-au-japon#primaryimage\"},\"image\":{\"@id\":\"https:\/\/www.africa-press.net\/cotedivoire\/politique\/securite-electorale-et-droits-humains-au-japon#primaryimage\"},\"thumbnailUrl\":\"https:\/\/static.africa-press.net\/cote\/sites\/43\/2025\/12\/sm_1765465128.100494.jpg\",\"datePublished\":\"2025-12-11T18:02:59+00:00\",\"dateModified\":\"2025-12-11T18:29:12+00:00\",\"author\":{\"@id\":\"https:\/\/www.africa-press.net\/cotedivoire\/#\/schema\/person\/2b1cf3cd81a31e3cd26889ca66d677f1\"},\"description\":\"A\u0300 Abidjan, un engagement commun pour des e\u0301lections apaise\u0301es et inclusives. La Confe\u0301rence de capitalisation de la vei ...\",\"breadcrumb\":{\"@id\":\"https:\/\/www.africa-press.net\/cotedivoire\/politique\/securite-electorale-et-droits-humains-au-japon#breadcrumb\"},\"inLanguage\":\"fr-FR\",\"potentialAction\":[{\"@type\":\"ReadAction\",\"target\":[\"https:\/\/www.africa-press.net\/cotedivoire\/politique\/securite-electorale-et-droits-humains-au-japon\"]}]},{\"@type\":\"ImageObject\",\"inLanguage\":\"fr-FR\",\"@id\":\"https:\/\/www.africa-press.net\/cotedivoire\/politique\/securite-electorale-et-droits-humains-au-japon#primaryimage\",\"url\":\"https:\/\/static.africa-press.net\/cote\/sites\/43\/2025\/12\/sm_1765465128.100494.jpg\",\"contentUrl\":\"https:\/\/static.africa-press.net\/cote\/sites\/43\/2025\/12\/sm_1765465128.100494.jpg\",\"width\":720,\"height\":387,\"caption\":\"S\u00e9curit\u00e9 \u00c9lectorale et Droits Humains au Japon\"},{\"@type\":\"BreadcrumbList\",\"@id\":\"https:\/\/www.africa-press.net\/cotedivoire\/politique\/securite-electorale-et-droits-humains-au-japon#breadcrumb\",\"itemListElement\":[{\"@type\":\"ListItem\",\"position\":1,\"name\":\"Accueil\",\"item\":\"https:\/\/www.africa-press.net\/cotedivoire\/\"},{\"@type\":\"ListItem\",\"position\":2,\"name\":\"S\u00e9curit\u00e9 \u00c9lectorale et Droits Humains au Japon\"}]},{\"@type\":\"WebSite\",\"@id\":\"https:\/\/www.africa-press.net\/cotedivoire\/#website\",\"url\":\"https:\/\/www.africa-press.net\/cotedivoire\/\",\"name\":\"C\u00f4te d&#039;Ivoire\",\"description\":\"Just another Africa News Agency Sites site\",\"potentialAction\":[{\"@type\":\"SearchAction\",\"target\":{\"@type\":\"EntryPoint\",\"urlTemplate\":\"https:\/\/www.africa-press.net\/cotedivoire\/?s={search_term_string}\"},\"query-input\":{\"@type\":\"PropertyValueSpecification\",\"valueRequired\":true,\"valueName\":\"search_term_string\"}}],\"inLanguage\":\"fr-FR\"},{\"@type\":\"Person\",\"@id\":\"https:\/\/www.africa-press.net\/cotedivoire\/#\/schema\/person\/2b1cf3cd81a31e3cd26889ca66d677f1\",\"name\":\"cfeditorfr\"}]}<\/script>\n<!-- \/ Yoast SEO Premium plugin. -->","yoast_head_json":{"title":"S\u00e9curit\u00e9 \u00c9lectorale et Droits Humains au Japon - C\u00f4te d&#039;Ivoire","description":"A\u0300 Abidjan, un engagement commun pour des e\u0301lections apaise\u0301es et inclusives. La Confe\u0301rence de capitalisation de la vei ...","robots":{"index":"index","follow":"follow","max-snippet":"max-snippet:-1","max-image-preview":"max-image-preview:large","max-video-preview":"max-video-preview:-1"},"canonical":"https:\/\/www.africa-press.net\/cotedivoire\/politique\/securite-electorale-et-droits-humains-au-japon","og_locale":"fr_FR","og_type":"article","og_title":"S\u00e9curit\u00e9 \u00c9lectorale et Droits Humains au Japon","og_description":"A\u0300 Abidjan, un engagement commun pour des e\u0301lections apaise\u0301es et inclusives. La Confe\u0301rence de capitalisation de la vei ...","og_url":"https:\/\/www.africa-press.net\/cotedivoire\/politique\/securite-electorale-et-droits-humains-au-japon","og_site_name":"C\u00f4te d&#039;Ivoire","article_published_time":"2025-12-11T18:02:59+00:00","article_modified_time":"2025-12-11T18:29:12+00:00","og_image":[{"width":720,"height":387,"url":"https:\/\/static.africa-press.net\/cote\/sites\/43\/2025\/12\/sm_1765465128.100494.jpg","type":"image\/jpeg"}],"author":"cfeditorfr","twitter_card":"summary_large_image","twitter_misc":{"\u00c9crit par":"cfeditorfr","Dur\u00e9e de lecture estim\u00e9e":"5 minutes"},"schema":{"@context":"https:\/\/schema.org","@graph":[{"@type":"Article","@id":"https:\/\/www.africa-press.net\/cotedivoire\/politique\/securite-electorale-et-droits-humains-au-japon#article","isPartOf":{"@id":"https:\/\/www.africa-press.net\/cotedivoire\/politique\/securite-electorale-et-droits-humains-au-japon"},"author":{"name":"cfeditorfr","@id":"https:\/\/www.africa-press.net\/cotedivoire\/#\/schema\/person\/2b1cf3cd81a31e3cd26889ca66d677f1"},"headline":"S\u00e9curit\u00e9 \u00c9lectorale et Droits Humains au Japon","datePublished":"2025-12-11T18:02:59+00:00","dateModified":"2025-12-11T18:29:12+00:00","mainEntityOfPage":{"@id":"https:\/\/www.africa-press.net\/cotedivoire\/politique\/securite-electorale-et-droits-humains-au-japon"},"wordCount":1073,"commentCount":0,"image":{"@id":"https:\/\/www.africa-press.net\/cotedivoire\/politique\/securite-electorale-et-droits-humains-au-japon#primaryimage"},"thumbnailUrl":"https:\/\/static.africa-press.net\/cote\/sites\/43\/2025\/12\/sm_1765465128.100494.jpg","keywords":["CNDH","coh\u00e9sion sociale","C\u00d4TE D'IVOIRE","droits","\u00e9lections 2025","g\u00e9n\u00e9ration","homme","Japon","PNUD","SECURITE","UNIVOIRE"],"articleSection":["Politique","Toutes les actualit\u00e9s"],"inLanguage":"fr-FR","potentialAction":[{"@type":"CommentAction","name":"Comment","target":["https:\/\/www.africa-press.net\/cotedivoire\/politique\/securite-electorale-et-droits-humains-au-japon#respond"]}]},{"@type":"WebPage","@id":"https:\/\/www.africa-press.net\/cotedivoire\/politique\/securite-electorale-et-droits-humains-au-japon","url":"https:\/\/www.africa-press.net\/cotedivoire\/politique\/securite-electorale-et-droits-humains-au-japon","name":"S\u00e9curit\u00e9 \u00c9lectorale et Droits Humains au Japon - C\u00f4te d&#039;Ivoire","isPartOf":{"@id":"https:\/\/www.africa-press.net\/cotedivoire\/#website"},"primaryImageOfPage":{"@id":"https:\/\/www.africa-press.net\/cotedivoire\/politique\/securite-electorale-et-droits-humains-au-japon#primaryimage"},"image":{"@id":"https:\/\/www.africa-press.net\/cotedivoire\/politique\/securite-electorale-et-droits-humains-au-japon#primaryimage"},"thumbnailUrl":"https:\/\/static.africa-press.net\/cote\/sites\/43\/2025\/12\/sm_1765465128.100494.jpg","datePublished":"2025-12-11T18:02:59+00:00","dateModified":"2025-12-11T18:29:12+00:00","author":{"@id":"https:\/\/www.africa-press.net\/cotedivoire\/#\/schema\/person\/2b1cf3cd81a31e3cd26889ca66d677f1"},"description":"A\u0300 Abidjan, un engagement commun pour des e\u0301lections apaise\u0301es et inclusives. La Confe\u0301rence de capitalisation de la vei ...","breadcrumb":{"@id":"https:\/\/www.africa-press.net\/cotedivoire\/politique\/securite-electorale-et-droits-humains-au-japon#breadcrumb"},"inLanguage":"fr-FR","potentialAction":[{"@type":"ReadAction","target":["https:\/\/www.africa-press.net\/cotedivoire\/politique\/securite-electorale-et-droits-humains-au-japon"]}]},{"@type":"ImageObject","inLanguage":"fr-FR","@id":"https:\/\/www.africa-press.net\/cotedivoire\/politique\/securite-electorale-et-droits-humains-au-japon#primaryimage","url":"https:\/\/static.africa-press.net\/cote\/sites\/43\/2025\/12\/sm_1765465128.100494.jpg","contentUrl":"https:\/\/static.africa-press.net\/cote\/sites\/43\/2025\/12\/sm_1765465128.100494.jpg","width":720,"height":387,"caption":"S\u00e9curit\u00e9 \u00c9lectorale et Droits Humains au Japon"},{"@type":"BreadcrumbList","@id":"https:\/\/www.africa-press.net\/cotedivoire\/politique\/securite-electorale-et-droits-humains-au-japon#breadcrumb","itemListElement":[{"@type":"ListItem","position":1,"name":"Accueil","item":"https:\/\/www.africa-press.net\/cotedivoire\/"},{"@type":"ListItem","position":2,"name":"S\u00e9curit\u00e9 \u00c9lectorale et Droits Humains au Japon"}]},{"@type":"WebSite","@id":"https:\/\/www.africa-press.net\/cotedivoire\/#website","url":"https:\/\/www.africa-press.net\/cotedivoire\/","name":"C\u00f4te d&#039;Ivoire","description":"Just another Africa News Agency Sites site","potentialAction":[{"@type":"SearchAction","target":{"@type":"EntryPoint","urlTemplate":"https:\/\/www.africa-press.net\/cotedivoire\/?s={search_term_string}"},"query-input":{"@type":"PropertyValueSpecification","valueRequired":true,"valueName":"search_term_string"}}],"inLanguage":"fr-FR"},{"@type":"Person","@id":"https:\/\/www.africa-press.net\/cotedivoire\/#\/schema\/person\/2b1cf3cd81a31e3cd26889ca66d677f1","name":"cfeditorfr"}]}},"_links":{"self":[{"href":"https:\/\/www.africa-press.net\/cotedivoire\/wp-json\/wp\/v2\/posts\/110101","targetHints":{"allow":["GET"]}}],"collection":[{"href":"https:\/\/www.africa-press.net\/cotedivoire\/wp-json\/wp\/v2\/posts"}],"about":[{"href":"https:\/\/www.africa-press.net\/cotedivoire\/wp-json\/wp\/v2\/types\/post"}],"author":[{"embeddable":true,"href":"https:\/\/www.africa-press.net\/cotedivoire\/wp-json\/wp\/v2\/users\/82"}],"replies":[{"embeddable":true,"href":"https:\/\/www.africa-press.net\/cotedivoire\/wp-json\/wp\/v2\/comments?post=110101"}],"version-history":[{"count":0,"href":"https:\/\/www.africa-press.net\/cotedivoire\/wp-json\/wp\/v2\/posts\/110101\/revisions"}],"wp:featuredmedia":[{"embeddable":true,"href":"https:\/\/www.africa-press.net\/cotedivoire\/wp-json\/wp\/v2\/media\/110099"}],"wp:attachment":[{"href":"https:\/\/www.africa-press.net\/cotedivoire\/wp-json\/wp\/v2\/media?parent=110101"}],"wp:term":[{"taxonomy":"category","embeddable":true,"href":"https:\/\/www.africa-press.net\/cotedivoire\/wp-json\/wp\/v2\/categories?post=110101"},{"taxonomy":"post_tag","embeddable":true,"href":"https:\/\/www.africa-press.net\/cotedivoire\/wp-json\/wp\/v2\/tags?post=110101"}],"curies":[{"name":"wp","href":"https:\/\/api.w.org\/{rel}","templated":true}]}}