{"id":11011,"date":"2021-08-08T17:44:20","date_gmt":"2021-08-08T17:44:20","guid":{"rendered":"https:\/\/www.africa-press.net\/cotedivoire\/?p=11011"},"modified":"2021-08-08T18:31:55","modified_gmt":"2021-08-08T18:31:55","slug":"de-quelle-independance-parle-t-on-en-cote-divoire","status":"publish","type":"post","link":"https:\/\/www.africa-press.net\/cotedivoire\/dossiers\/de-quelle-independance-parle-t-on-en-cote-divoire","title":{"rendered":"De quelle ind\u00e9pendance parle-t-on en C\u00f4te-d\u2019Ivoire ?"},"content":{"rendered":"<p><span style=\"color: #ff6600\"><strong><a href=\"https:\/\/www.africa-press.net\/\">Africa-Press<\/a> &#8211; <a href=\"https:\/\/www.africa-press.net\/cotedivoire\">C\u00f4te d&rsquo;Ivoire<\/a>. <\/strong><\/span>Que vaut une ind\u00e9pendance sans souverainet\u00e9 ? Un constat et un d\u00e9bat r\u00e9currents chaque fois qu\u2019un ancien territoire africain occup\u00e9 de force par la France, pr\u00e9tend c\u00e9l\u00e9brer sa \u00ab f\u00eate d\u2019ind\u00e9pendance \u00bb, hormis l\u2019Alg\u00e9rie bien entendu. Pour les d\u00e9tracteurs, qui pointent en premier le Franc cfa du doigt, les \u00c9tats africains sont demeur\u00e9s depuis leur \u00ab pseudo ind\u00e9pendance \u00bb sous le joug n\u00e9ocolonial de la France, contrairement aux pays anglophones. (Herv\u00e9 Coulibaly)<\/p>\n<p>@Nath_Yamb \u00bbA tous les d\u00e9pendants\u2026Ceux qui c\u00e9l\u00e8brent quelque chose qu\u2018ils n\u2018ont pas encore obtenu; quand vous aurez fini de f\u00eater, venez nous rejoindre sur la ligne de front, pour conqu\u00e9rir ce qui nous donnera notre place dans le monde: notre souverainet\u00e9. Bon week-end. \u00bb<\/p>\n<p>Colonis\u00e9e par la France depuis le XIXe si\u00e8cle, la C\u00f4te d\u2019Ivoire acc\u00e9da \u00e0 l\u2019ind\u00e9pendance le 7 ao\u00fbt 1960, sous l\u2019\u00e9gide de son leader historique F\u00e9lix Houphou\u00ebt-Boigny, qui deviendra le premier pr\u00e9sident du pays. Consid\u00e9r\u00e9 comme l\u2019homme de la France en Afrique, ce dernier conduisit une politique de coop\u00e9ration \u00e9troite avec l\u2019ancienne puissance coloniale, arrimant son pays solidement au bloc occidental.<\/p>\n<p>La colonie fran\u00e7aise de la C\u00f4te d\u2019Ivoire est officiellement n\u00e9e le 10 mars 1893. Son premier administrateur \u00e9tait un certain Louis-Gustave Binger, un officier de marine, qui \u00e9tait pass\u00e9 par Dakar o\u00f9 il avait servi comme officier d\u2019ordonnance du g\u00e9n\u00e9ral Faidherbe. L\u2019homme s\u2019\u00e9tait \u00e9galement distingu\u00e9 par ses missions de reconnaissance des territoires inconnus de la boucle du Niger. Il donnera son nom \u00e0 la deuxi\u00e8me capitale de la C\u00f4te d\u2019Ivoire, Bingerville, qui supplanta Bassam en 1900, avant de c\u00e9der \u00e0 son tour sa place de premi\u00e8re ville du pays \u00e0 Abidjan, en 1934.<\/p>\n<p>Conqu\u00eate et pacification<\/p>\n<p>Les Fran\u00e7ais avaient \u00e9t\u00e9 pr\u00e9sents dans les r\u00e9gions c\u00f4ti\u00e8res du golfe de Guin\u00e9e d\u00e8s le XVIIe si\u00e8cle. L\u2019\u00e9tablissement du premier comptoir fran\u00e7ais \u00e0 Assinie, situ\u00e9 \u00e0 l\u2019est d\u2019Abidjan, date de 1687, mais c\u2019est seulement au XIXe si\u00e8cle que la pr\u00e9sence fran\u00e7aise devint significative avec la cr\u00e9ation de comptoirs notamment \u00e0 Grand-Bassam (1842) et \u00e0 Dabou (1853). Cependant, lors de la constitution du territoire ivoirien en colonie fran\u00e7aise en 1893, Paris n\u2019avait pas tout \u00e0 fait le contr\u00f4le sur l\u2019ensemble de l\u2019espace ivoirien.<\/p>\n<p>Bien implant\u00e9s dans le sud-est du pays, les Fran\u00e7ais se heurt\u00e8rent dans les premi\u00e8res ann\u00e9es de la colonisation \u00e0 de nombreuses r\u00e9sistances, en particulier dans les savanes islamis\u00e9es du Nord o\u00f9 ils firent face aux troupes du redoutable Samory Tour\u00e9. \u00c0 l\u2019issue d\u2019une longue traque, le chef militaire et religieux fut finalement d\u00e9fait en 1898, captur\u00e9 et d\u00e9port\u00e9 au Gabon o\u00f9 il mourut en captivit\u00e9. La conqu\u00eate de tout le territoire, rattach\u00e9 \u00e0 l\u2019Afrique occidentale fran\u00e7aise (AOF) en 1905, aboutit tr\u00e8s progressivement.<\/p>\n<p>D\u2019apr\u00e8s les historiens de la colonisation, les r\u00e9sistances \u00e0 la conqu\u00eate furent nombreuses et prirent des formes diverses allant de la r\u00e9volte \u00e0 l\u2019insubordination, en passant par la soustraction au travail et \u00e0 l\u2019imp\u00f4t. \u00ab La conqu\u00eate de ce qui deviendra la C\u00f4te d\u2019Ivoire, \u00e9crit l\u2019historien Fabio Vitti dans Cahier d\u2019\u00e9tudes africaines (1), a \u00e9t\u00e9, de par la r\u00e9sistance rencontr\u00e9e, l\u2019une des plus longues et sanglantes que la colonisation fran\u00e7aise ait eu \u00e0 affronter en Afrique de l\u2019Ouest. \u00bb<\/p>\n<p>Mise en valeur des ressources ivoiriennes<\/p>\n<p>En 1915, la pacification de la colonie est consid\u00e9r\u00e9e comme \u00e0 peu pr\u00e8s achev\u00e9e. C\u2019est le d\u00e9but de l\u2019exploitation de ses innombrables ressources naturelles dont la mise en valeur \u00e9tait assur\u00e9e par quelques grandes compagnies. Les infrastructures furent construites pour permettre l\u2019\u00e9vacuation des produits d\u2019exportation : caf\u00e9, cacao, bois, caoutchouc, huile de palme\u2026<\/p>\n<p>D\u00e8s 1904, la puissance occupante lan\u00e7a la construction d\u2019un chemin de fer qui relia la c\u00f4te Atlantique \u00e0 Bouak\u00e9 au centre du pays (d\u00e8s 1912), puis \u00e0 Bobo-Dioulasso, au sud du Burkina actuel (\u00e0 partir de 1933). Les travaux d\u2019am\u00e9nagement du port d\u2019Abidjan furent \u00e9galement engag\u00e9s d\u00e8s les premi\u00e8res ann\u00e9es.<\/p>\n<p>Fond\u00e9e sur une \u00e9conomie de plantation, le d\u00e9veloppement rapide de la colonie pendant la p\u00e9riode de l\u2019entre-deux-guerres fit de ce pays le territoire le plus prosp\u00e8re de l\u2019AOF. Ce d\u00e9veloppement profitait avant tout aux colons europ\u00e9ens qui d\u00e9tenaient les r\u00eanes de l\u2019\u00e9conomie et dictaient leurs lois \u00e0 la m\u00e9tropole. Le d\u00e9veloppement permit aussi l\u2019enrichissement d\u2019une poign\u00e9e de planteurs noirs qui avaient fond\u00e9 leur prosp\u00e9rit\u00e9 sur le caf\u00e9 et le cacao. Face sombre du d\u00e9veloppement, le travail forc\u00e9 auquel \u00e9tait soumise la population autochtone, doubl\u00e9 de brutalit\u00e9s, de s\u00e9vices et s\u00e9gr\u00e9gation raciale, avec une administration trop souvent complice de ces crimes.<\/p>\n<p>Discriminations et privil\u00e8ges<\/p>\n<p>Il va falloir attendre la fin de la Seconde Guerre mondiale pour que la politique coloniale fran\u00e7aise \u00e9volue. Le signal du changement fut donn\u00e9 par la Conf\u00e9rence de Brazzaville organis\u00e9e en 1944 \u00e0 l\u2019initiative du g\u00e9n\u00e9ral de Gaulle. La Conf\u00e9rence accepta le principe de l\u2019admission \u00e0 la citoyennet\u00e9 de tous les Africains et reconnut la n\u00e9cessit\u00e9 de donner aux colonis\u00e9s une plus grande voix dans la gestion politique de leurs pays.<\/p>\n<p>Sur le terrain, en C\u00f4te d\u2019Ivoire, encourag\u00e9s par l\u2019esprit nouveau qui soufflait sur l\u2019administration, les planteurs africains cr\u00e9\u00e8rent en 1944 un syndicat agricole africain (SAA), avec pour objectif de mettre un terme aux discriminations \u00e9conomiques dont les paysans noirs \u00e9taient victimes. Pendant la guerre, les planteurs locaux avaient aussi vu leur production chuter, faute de main d\u2019\u0153uvre d\u2019une part et \u00e0 cause, d\u2019autre part, des diverses astreintes auxquelles ils \u00e9taient soumis contrairement \u00e0 leurs homologues m\u00e9tropolitains. Le travail forc\u00e9 en vertu duquel les autochtones, y compris les planteurs, \u00e9taient oblig\u00e9s de quitter leur plantation pour aller travailler dans des plantations europ\u00e9ennes \u00e9tait devenu la v\u00e9ritable plaie de la C\u00f4te d\u2019Ivoire coloniale.<\/p>\n<p>C\u2019est en tant que pr\u00e9sident du SAA que F\u00e9lix Houphou\u00ebt, qui ne s\u2019appelait pas encore Boigny, entra dans l\u2019ar\u00e8ne ivoirienne en 1944. Issu d\u2019une riche famille de propri\u00e9taires terriens, le quadrag\u00e9naire engagea imm\u00e9diatement l\u2019\u00e9preuve de force avec le camp puissant des colons. Au sein du SAA, il militait pour les droits des planteurs autochtones, mais aussi pour les droits des ouvriers agricoles humili\u00e9s par les pratiques abusives des colons.<\/p>\n<p>Conscient de la complexit\u00e9 des rapports de force, Houphou\u00ebt d\u00e9pla\u00e7a rapidement la bataille sur le terrain politique en se faisant \u00e9lire \u00e0 la fin de la guerre \u00e0 l\u2019Assembl\u00e9e nationale \u00e0 Paris. Il fit voter en 1946 la loi qui abolit le travail forc\u00e9 dans les territoires d\u2019outre-mer et qui porte son nom. Acclam\u00e9 par son peuple qui lui conf\u00e9ra le titre de \u00ab Boigny \u00bb (\u00ab b\u00e9lier \u00bb en baoul\u00e9), Houphou\u00ebt le B\u00e9lier fonda alors son propre parti, le Parti d\u00e9mocratique de C\u00f4te d\u2019Ivoire (PDCI) et prit la t\u00eate du Rassemblement d\u00e9mocratique africain (RDA), un mouvement anticolonial panafricain, affili\u00e9 au Parti communiste fran\u00e7ais.<\/p>\n<p>Vers l\u2019ind\u00e9pendance \u00ab sans Cha Cha \u00bb<\/p>\n<p>D\u00e9sormais, l\u2019histoire de la C\u00f4te d\u2019Ivoire va se confondre totalement avec celle d\u2019Houphou\u00ebt-Boigny, m\u00eame si les ann\u00e9es 1950 verront ce dernier prendre ses distances par rapport aux luttes anticolonialistes de sa jeunesse. En 1951, le leader ivoirien rompt les amarres avec les communistes, choisissant de s\u2019allier un temps avec la gauche mod\u00e9r\u00e9e de la m\u00e9tropole repr\u00e9sent\u00e9e par le tandem Ren\u00e9 Pleven et Fran\u00e7ois Mitterrand, avant de s\u2019affirmer comme un pilier du gaullisme, \u00e0 la faveur du retour du g\u00e9n\u00e9ral de Gaulle aux affaires en 1958.<\/p>\n<p>Calculs ou revirement id\u00e9ologique sinc\u00e8re ? Difficile de r\u00e9pondre. Toujours est-il que cette fid\u00e9lit\u00e9 exemplaire fut r\u00e9compens\u00e9e, avec la cooptation de l\u2019Ivoirien dans tous les gouvernements fran\u00e7ais sans interruption entre 1956 et 1959. Cela faisait dire \u00e0 l\u2019int\u00e9ress\u00e9 lui-m\u00eame, comme le rapporte le journaliste fran\u00e7ais Thomas Hofnung : \u00ab J\u2019\u00e9tais pris en otage, car chaque pr\u00e9sident du Conseil qui passait me laissait \u00e0 son successeur \u00bb (2).<\/p>\n<p>Ces positions d\u2019influence dans la plus haute sph\u00e8re politique fran\u00e7aise permirent \u00e0 Houphou\u00ebt-Boigny de participer \u00e0 l\u2019\u00e9laboration des r\u00e9formes qui aboutirent \u00e0 la d\u00e9colonisation. Selon les historiens, le pr\u00e9sident ivoirien ne voulait pas de cette ind\u00e9pendance pour la C\u00f4te d\u2019Ivoire, du moins pas en 1960, estimant que son pays n\u2019\u00e9tait pas pr\u00eat. \u00ab Son id\u00e9al \u00e9tait l\u2019arrimage d\u00e9finitif de la C\u00f4te-d\u2019Ivoire \u00e0 la France \u00bb, \u00e9crit Marcel Amondji, auteur d\u2019une biographie critique du leader ivoirien (3). Houphou\u00ebt fut en effet un ardent d\u00e9fenseur de la Communaut\u00e9 franco-africaine, projet mort-n\u00e9 d\u2019une union entre la France et ses ex-colonies d\u2019Afrique francophone, qui tomba d\u00e9finitivement \u00e0 l\u2019eau avec le \u00ab non \u00bb retentissant de la Guin\u00e9e de S\u00e9kou Tour\u00e9 en 1958.<\/p>\n<p>Ainsi, le 7 ao\u00fbt 1960, la C\u00f4te d\u2019Ivoire entra \u00e0 son tour dans l\u2019\u00e8re des ind\u00e9pendances sans que son leader historique F\u00e9lix Houphou\u00ebt Boigny l\u2019ait vraiment souhait\u00e9e. Mais tout au long de sa longue pr\u00e9sidence \u00e0 la t\u00eate de son pays (1960-1993), l\u2019Ivoirien restera fid\u00e8le \u00e0 sa vision \u00ab fran\u00e7africaine \u00bb, jouant le jeu de la continuit\u00e9 et de l\u2019alliance avec l\u2019ancienne puissance coloniale. Il conduisit une politique de coop\u00e9ration \u00e9troite avec la France, permettant aux entreprises m\u00e9tropolitaines de contr\u00f4ler une grande partie de l\u2019\u00e9conomie. Avec 40 000 ressortissants r\u00e9sidant en C\u00f4te d\u2019Ivoire au d\u00e9but des ann\u00e9es 1980, la communaut\u00e9 fran\u00e7aise \u00e9tait la plus importante de l\u2019Afrique. Longtemps apr\u00e8s l\u2019ind\u00e9pendance, les administrations ivoiriennes ont continu\u00e9 d\u2019\u00eatre g\u00e9r\u00e9es par des cadres et des coop\u00e9rants venus de France. Jusqu\u2019\u00e0 la fin du r\u00e8gne d\u2019Houphou\u00ebt, la pr\u00e9sidence elle-m\u00eame comptait deux Fran\u00e7ais parmi les plus proches collaborateurs du pr\u00e9sident.<\/p>\n<p>Sur le plan g\u00e9opolitique \u00e9galement, Abidjan \u00e9tait la pi\u00e8ce ma\u00eetresse du dispositif diplomatique pour l\u2019affirmation par la France de sa pr\u00e9\u00e9minence tant en Afrique que dans les organisations multilat\u00e9rales. Les liens d\u2019Houphou\u00ebt furent si \u00e9troits avec les dirigeants fran\u00e7ais, en particulier avec la cellule africaine de l\u2019\u00c9lys\u00e9e, sous notamment Jacques Foccart, le c\u00e9l\u00e8bre \u00ab Monsieur Afrique \u00bb des pr\u00e9sidents fran\u00e7ais, que des observateurs se sont parfois demand\u00e9 si le \u00ab Vieux \u00bb n\u2019avait pas plus d\u2019influence sur ses interlocuteurs du bord de la Seine qu\u2019eux sur lui. Dans ces conditions, comment s\u2019\u00e9tonner que le terme \u00ab Fran\u00e7afrique \u00bb ait \u00e9t\u00e9 invent\u00e9 quelque part entre Abidjan et le village natal de l\u2019ex-pr\u00e9sident ivoirien, Yamoussoukro ?<\/p>\n<p>(1) Les massacres de Diap\u00e9 et de Makoundi\u00e9 (C\u00f4te d\u2019Ivoire, juin 1910), Fabio Vitti, in Cahier d\u2019\u00e9tudes africaines, n\u00b0 225, 2017<\/p>\n<p>(2) La crise en C\u00f4te d\u2019Ivoire, Thomas Hofnung, \u00e9ditions La D\u00e9couverte, 2005<\/p>\n<p>(3) F\u00e9lix Houphou\u00ebt et la C\u00f4te-d\u2019Ivoire : l\u2019envers d\u2019une l\u00e9gende, Marcel Amondji, \u00e9ditions Karthala, 1984<\/p>\n<p>C\u00f4te d\u2019Ivoire : ind\u00e9pendance et apr\u00e8s en 5 dates<\/p>\n<p>7 ao\u00fbt 1960 : Proclamation de l\u2019ind\u00e9pendance de la R\u00e9publique de C\u00f4te d\u2019Ivoire.<\/p>\n<p>20 septembre 1960 : Admission de la C\u00f4te d\u2019Ivoire \u00e0 l\u2019ONU.<\/p>\n<p>3 novembre 1960 : Promulgation de la Constitution qui \u00e9tablit un r\u00e9gime de type pr\u00e9sidentiel.<\/p>\n<p>27 novembre 1960 : \u00c9lection de F\u00e9lix Houphou\u00ebt-Boigny \u00e0 la pr\u00e9sidence de la R\u00e9publique. Il instaure un r\u00e9gime de parti unique avec le Parti d\u00e9mocratique de C\u00f4te d\u2019Ivoire (PDCI). Il sera r\u00e9\u00e9lu en 1965, 1970, 1975, 1980, 1985 et 1990.<\/p>\n<p>24 avril 1961 : Signature d\u2019un trait\u00e9 de coop\u00e9ration entre la C\u00f4te d\u2019Ivoire et la France. Ce trait\u00e9 comporte plusieurs volets : \u00e9conomique, mon\u00e9taire, financier, \u00e9ducatif et culturel. Les deux pays signeront le 24 avril 1962 un accord de d\u00e9fense et d\u2019assistance militaire et technique.<\/p>\n","protected":false},"excerpt":{"rendered":"<p>Africa-Press &#8211; C\u00f4te d&rsquo;Ivoire. Que vaut une ind\u00e9pendance sans souverainet\u00e9 ? Un constat et un d\u00e9bat r\u00e9currents chaque fois qu\u2019un ancien territoire africain occup\u00e9 de force par la France, pr\u00e9tend c\u00e9l\u00e9brer sa \u00ab f\u00eate d\u2019ind\u00e9pendance \u00bb, hormis l\u2019Alg\u00e9rie bien entendu. Pour les d\u00e9tracteurs, qui pointent en premier le Franc cfa du doigt, les \u00c9tats africains [&hellip;]<\/p>\n","protected":false},"author":82,"featured_media":11010,"comment_status":"open","ping_status":"closed","sticky":false,"template":"","format":"standard","meta":{"footnotes":""},"categories":[7,11,20,10],"tags":[56,63,29],"class_list":["post-11011","post","type-post","status-publish","format-standard","has-post-thumbnail","hentry","category-dossiers","category-homepage-french","category-top-nouvelles","category-toutes-les-actualites","tag-africa-press","tag-africa-press-cote-divoire","tag-cote-divoire"],"yoast_head":"<!-- This site is optimized with the Yoast SEO Premium plugin v26.1 (Yoast SEO v27.0) - https:\/\/yoast.com\/product\/yoast-seo-premium-wordpress\/ -->\n<title>De quelle ind\u00e9pendance parle-t-on en C\u00f4te-d\u2019Ivoire ? - C\u00f4te d&#039;Ivoire<\/title>\n<meta name=\"description\" content=\"Que vaut une ind\u00e9pendance sans souverainet\u00e9 ? Un constat et un d\u00e9bat r\u00e9currents chaque fois qu\u2019un ancien territoire afri ...\" \/>\n<meta name=\"robots\" content=\"index, follow, max-snippet:-1, max-image-preview:large, max-video-preview:-1\" \/>\n<link rel=\"canonical\" href=\"https:\/\/www.africa-press.net\/cotedivoire\/dossiers\/de-quelle-independance-parle-t-on-en-cote-divoire\" \/>\n<meta property=\"og:locale\" content=\"fr_FR\" \/>\n<meta property=\"og:type\" content=\"article\" \/>\n<meta property=\"og:title\" content=\"De quelle ind\u00e9pendance parle-t-on en C\u00f4te-d\u2019Ivoire ?\" \/>\n<meta property=\"og:description\" content=\"Que vaut une ind\u00e9pendance sans souverainet\u00e9 ? Un constat et un d\u00e9bat r\u00e9currents chaque fois qu\u2019un ancien territoire afri ...\" \/>\n<meta property=\"og:url\" content=\"https:\/\/www.africa-press.net\/cotedivoire\/dossiers\/de-quelle-independance-parle-t-on-en-cote-divoire\" \/>\n<meta property=\"og:site_name\" content=\"C\u00f4te d&#039;Ivoire\" \/>\n<meta property=\"article:published_time\" content=\"2021-08-08T17:44:20+00:00\" \/>\n<meta property=\"article:modified_time\" content=\"2021-08-08T18:31:55+00:00\" \/>\n<meta property=\"og:image\" content=\"https:\/\/static.africa-press.net\/cote\/sites\/43\/2021\/08\/img-61101563b90b1.jpg\" \/>\n\t<meta property=\"og:image:width\" content=\"957\" \/>\n\t<meta property=\"og:image:height\" content=\"535\" \/>\n\t<meta property=\"og:image:type\" content=\"image\/jpeg\" \/>\n<meta name=\"author\" content=\"cfeditorfr\" \/>\n<meta name=\"twitter:card\" content=\"summary_large_image\" \/>\n<meta name=\"twitter:label1\" content=\"\u00c9crit par\" \/>\n\t<meta name=\"twitter:data1\" content=\"cfeditorfr\" \/>\n\t<meta name=\"twitter:label2\" content=\"Dur\u00e9e de lecture estim\u00e9e\" \/>\n\t<meta name=\"twitter:data2\" content=\"10 minutes\" \/>\n<script type=\"application\/ld+json\" class=\"yoast-schema-graph\">{\"@context\":\"https:\/\/schema.org\",\"@graph\":[{\"@type\":\"Article\",\"@id\":\"https:\/\/www.africa-press.net\/cotedivoire\/dossiers\/de-quelle-independance-parle-t-on-en-cote-divoire#article\",\"isPartOf\":{\"@id\":\"https:\/\/www.africa-press.net\/cotedivoire\/dossiers\/de-quelle-independance-parle-t-on-en-cote-divoire\"},\"author\":{\"name\":\"cfeditorfr\",\"@id\":\"https:\/\/www.africa-press.net\/cotedivoire\/#\/schema\/person\/2b1cf3cd81a31e3cd26889ca66d677f1\"},\"headline\":\"De quelle ind\u00e9pendance parle-t-on en C\u00f4te-d\u2019Ivoire ?\",\"datePublished\":\"2021-08-08T17:44:20+00:00\",\"dateModified\":\"2021-08-08T18:31:55+00:00\",\"mainEntityOfPage\":{\"@id\":\"https:\/\/www.africa-press.net\/cotedivoire\/dossiers\/de-quelle-independance-parle-t-on-en-cote-divoire\"},\"wordCount\":2049,\"commentCount\":0,\"image\":{\"@id\":\"https:\/\/www.africa-press.net\/cotedivoire\/dossiers\/de-quelle-independance-parle-t-on-en-cote-divoire#primaryimage\"},\"thumbnailUrl\":\"https:\/\/static.africa-press.net\/cote\/sites\/43\/2021\/08\/img-61101563b90b1.jpg\",\"keywords\":[\"Africa Press\",\"Africa Press-C\u00f4te d'Ivoire\",\"C\u00d4TE D'IVOIRE\"],\"articleSection\":[\"Dossiers\",\"homepage-french\",\"Top Nouvelles\",\"Toutes les actualit\u00e9s\"],\"inLanguage\":\"fr-FR\",\"potentialAction\":[{\"@type\":\"CommentAction\",\"name\":\"Comment\",\"target\":[\"https:\/\/www.africa-press.net\/cotedivoire\/dossiers\/de-quelle-independance-parle-t-on-en-cote-divoire#respond\"]}]},{\"@type\":\"WebPage\",\"@id\":\"https:\/\/www.africa-press.net\/cotedivoire\/dossiers\/de-quelle-independance-parle-t-on-en-cote-divoire\",\"url\":\"https:\/\/www.africa-press.net\/cotedivoire\/dossiers\/de-quelle-independance-parle-t-on-en-cote-divoire\",\"name\":\"De quelle ind\u00e9pendance parle-t-on en C\u00f4te-d\u2019Ivoire ? - C\u00f4te d&#039;Ivoire\",\"isPartOf\":{\"@id\":\"https:\/\/www.africa-press.net\/cotedivoire\/#website\"},\"primaryImageOfPage\":{\"@id\":\"https:\/\/www.africa-press.net\/cotedivoire\/dossiers\/de-quelle-independance-parle-t-on-en-cote-divoire#primaryimage\"},\"image\":{\"@id\":\"https:\/\/www.africa-press.net\/cotedivoire\/dossiers\/de-quelle-independance-parle-t-on-en-cote-divoire#primaryimage\"},\"thumbnailUrl\":\"https:\/\/static.africa-press.net\/cote\/sites\/43\/2021\/08\/img-61101563b90b1.jpg\",\"datePublished\":\"2021-08-08T17:44:20+00:00\",\"dateModified\":\"2021-08-08T18:31:55+00:00\",\"author\":{\"@id\":\"https:\/\/www.africa-press.net\/cotedivoire\/#\/schema\/person\/2b1cf3cd81a31e3cd26889ca66d677f1\"},\"description\":\"Que vaut une ind\u00e9pendance sans souverainet\u00e9 ? Un constat et un d\u00e9bat r\u00e9currents chaque fois qu\u2019un ancien territoire afri ...\",\"breadcrumb\":{\"@id\":\"https:\/\/www.africa-press.net\/cotedivoire\/dossiers\/de-quelle-independance-parle-t-on-en-cote-divoire#breadcrumb\"},\"inLanguage\":\"fr-FR\",\"potentialAction\":[{\"@type\":\"ReadAction\",\"target\":[\"https:\/\/www.africa-press.net\/cotedivoire\/dossiers\/de-quelle-independance-parle-t-on-en-cote-divoire\"]}]},{\"@type\":\"ImageObject\",\"inLanguage\":\"fr-FR\",\"@id\":\"https:\/\/www.africa-press.net\/cotedivoire\/dossiers\/de-quelle-independance-parle-t-on-en-cote-divoire#primaryimage\",\"url\":\"https:\/\/static.africa-press.net\/cote\/sites\/43\/2021\/08\/img-61101563b90b1.jpg\",\"contentUrl\":\"https:\/\/static.africa-press.net\/cote\/sites\/43\/2021\/08\/img-61101563b90b1.jpg\",\"width\":957,\"height\":535,\"caption\":\"De quelle ind\u00e9pendance parle-t-on en C\u00f4te-d\u2019Ivoire ?\"},{\"@type\":\"BreadcrumbList\",\"@id\":\"https:\/\/www.africa-press.net\/cotedivoire\/dossiers\/de-quelle-independance-parle-t-on-en-cote-divoire#breadcrumb\",\"itemListElement\":[{\"@type\":\"ListItem\",\"position\":1,\"name\":\"Accueil\",\"item\":\"https:\/\/www.africa-press.net\/cotedivoire\/\"},{\"@type\":\"ListItem\",\"position\":2,\"name\":\"De quelle ind\u00e9pendance parle-t-on en C\u00f4te-d\u2019Ivoire ?\"}]},{\"@type\":\"WebSite\",\"@id\":\"https:\/\/www.africa-press.net\/cotedivoire\/#website\",\"url\":\"https:\/\/www.africa-press.net\/cotedivoire\/\",\"name\":\"C\u00f4te d&#039;Ivoire\",\"description\":\"Just another Africa News Agency Sites site\",\"potentialAction\":[{\"@type\":\"SearchAction\",\"target\":{\"@type\":\"EntryPoint\",\"urlTemplate\":\"https:\/\/www.africa-press.net\/cotedivoire\/?s={search_term_string}\"},\"query-input\":{\"@type\":\"PropertyValueSpecification\",\"valueRequired\":true,\"valueName\":\"search_term_string\"}}],\"inLanguage\":\"fr-FR\"},{\"@type\":\"Person\",\"@id\":\"https:\/\/www.africa-press.net\/cotedivoire\/#\/schema\/person\/2b1cf3cd81a31e3cd26889ca66d677f1\",\"name\":\"cfeditorfr\"}]}<\/script>\n<!-- \/ Yoast SEO Premium plugin. -->","yoast_head_json":{"title":"De quelle ind\u00e9pendance parle-t-on en C\u00f4te-d\u2019Ivoire ? - C\u00f4te d&#039;Ivoire","description":"Que vaut une ind\u00e9pendance sans souverainet\u00e9 ? Un constat et un d\u00e9bat r\u00e9currents chaque fois qu\u2019un ancien territoire afri ...","robots":{"index":"index","follow":"follow","max-snippet":"max-snippet:-1","max-image-preview":"max-image-preview:large","max-video-preview":"max-video-preview:-1"},"canonical":"https:\/\/www.africa-press.net\/cotedivoire\/dossiers\/de-quelle-independance-parle-t-on-en-cote-divoire","og_locale":"fr_FR","og_type":"article","og_title":"De quelle ind\u00e9pendance parle-t-on en C\u00f4te-d\u2019Ivoire ?","og_description":"Que vaut une ind\u00e9pendance sans souverainet\u00e9 ? Un constat et un d\u00e9bat r\u00e9currents chaque fois qu\u2019un ancien territoire afri ...","og_url":"https:\/\/www.africa-press.net\/cotedivoire\/dossiers\/de-quelle-independance-parle-t-on-en-cote-divoire","og_site_name":"C\u00f4te d&#039;Ivoire","article_published_time":"2021-08-08T17:44:20+00:00","article_modified_time":"2021-08-08T18:31:55+00:00","og_image":[{"width":957,"height":535,"url":"https:\/\/static.africa-press.net\/cote\/sites\/43\/2021\/08\/img-61101563b90b1.jpg","type":"image\/jpeg"}],"author":"cfeditorfr","twitter_card":"summary_large_image","twitter_misc":{"\u00c9crit par":"cfeditorfr","Dur\u00e9e de lecture estim\u00e9e":"10 minutes"},"schema":{"@context":"https:\/\/schema.org","@graph":[{"@type":"Article","@id":"https:\/\/www.africa-press.net\/cotedivoire\/dossiers\/de-quelle-independance-parle-t-on-en-cote-divoire#article","isPartOf":{"@id":"https:\/\/www.africa-press.net\/cotedivoire\/dossiers\/de-quelle-independance-parle-t-on-en-cote-divoire"},"author":{"name":"cfeditorfr","@id":"https:\/\/www.africa-press.net\/cotedivoire\/#\/schema\/person\/2b1cf3cd81a31e3cd26889ca66d677f1"},"headline":"De quelle ind\u00e9pendance parle-t-on en C\u00f4te-d\u2019Ivoire ?","datePublished":"2021-08-08T17:44:20+00:00","dateModified":"2021-08-08T18:31:55+00:00","mainEntityOfPage":{"@id":"https:\/\/www.africa-press.net\/cotedivoire\/dossiers\/de-quelle-independance-parle-t-on-en-cote-divoire"},"wordCount":2049,"commentCount":0,"image":{"@id":"https:\/\/www.africa-press.net\/cotedivoire\/dossiers\/de-quelle-independance-parle-t-on-en-cote-divoire#primaryimage"},"thumbnailUrl":"https:\/\/static.africa-press.net\/cote\/sites\/43\/2021\/08\/img-61101563b90b1.jpg","keywords":["Africa Press","Africa Press-C\u00f4te d'Ivoire","C\u00d4TE D'IVOIRE"],"articleSection":["Dossiers","homepage-french","Top Nouvelles","Toutes les actualit\u00e9s"],"inLanguage":"fr-FR","potentialAction":[{"@type":"CommentAction","name":"Comment","target":["https:\/\/www.africa-press.net\/cotedivoire\/dossiers\/de-quelle-independance-parle-t-on-en-cote-divoire#respond"]}]},{"@type":"WebPage","@id":"https:\/\/www.africa-press.net\/cotedivoire\/dossiers\/de-quelle-independance-parle-t-on-en-cote-divoire","url":"https:\/\/www.africa-press.net\/cotedivoire\/dossiers\/de-quelle-independance-parle-t-on-en-cote-divoire","name":"De quelle ind\u00e9pendance parle-t-on en C\u00f4te-d\u2019Ivoire ? - C\u00f4te d&#039;Ivoire","isPartOf":{"@id":"https:\/\/www.africa-press.net\/cotedivoire\/#website"},"primaryImageOfPage":{"@id":"https:\/\/www.africa-press.net\/cotedivoire\/dossiers\/de-quelle-independance-parle-t-on-en-cote-divoire#primaryimage"},"image":{"@id":"https:\/\/www.africa-press.net\/cotedivoire\/dossiers\/de-quelle-independance-parle-t-on-en-cote-divoire#primaryimage"},"thumbnailUrl":"https:\/\/static.africa-press.net\/cote\/sites\/43\/2021\/08\/img-61101563b90b1.jpg","datePublished":"2021-08-08T17:44:20+00:00","dateModified":"2021-08-08T18:31:55+00:00","author":{"@id":"https:\/\/www.africa-press.net\/cotedivoire\/#\/schema\/person\/2b1cf3cd81a31e3cd26889ca66d677f1"},"description":"Que vaut une ind\u00e9pendance sans souverainet\u00e9 ? Un constat et un d\u00e9bat r\u00e9currents chaque fois qu\u2019un ancien territoire afri ...","breadcrumb":{"@id":"https:\/\/www.africa-press.net\/cotedivoire\/dossiers\/de-quelle-independance-parle-t-on-en-cote-divoire#breadcrumb"},"inLanguage":"fr-FR","potentialAction":[{"@type":"ReadAction","target":["https:\/\/www.africa-press.net\/cotedivoire\/dossiers\/de-quelle-independance-parle-t-on-en-cote-divoire"]}]},{"@type":"ImageObject","inLanguage":"fr-FR","@id":"https:\/\/www.africa-press.net\/cotedivoire\/dossiers\/de-quelle-independance-parle-t-on-en-cote-divoire#primaryimage","url":"https:\/\/static.africa-press.net\/cote\/sites\/43\/2021\/08\/img-61101563b90b1.jpg","contentUrl":"https:\/\/static.africa-press.net\/cote\/sites\/43\/2021\/08\/img-61101563b90b1.jpg","width":957,"height":535,"caption":"De quelle ind\u00e9pendance parle-t-on en C\u00f4te-d\u2019Ivoire ?"},{"@type":"BreadcrumbList","@id":"https:\/\/www.africa-press.net\/cotedivoire\/dossiers\/de-quelle-independance-parle-t-on-en-cote-divoire#breadcrumb","itemListElement":[{"@type":"ListItem","position":1,"name":"Accueil","item":"https:\/\/www.africa-press.net\/cotedivoire\/"},{"@type":"ListItem","position":2,"name":"De quelle ind\u00e9pendance parle-t-on en C\u00f4te-d\u2019Ivoire ?"}]},{"@type":"WebSite","@id":"https:\/\/www.africa-press.net\/cotedivoire\/#website","url":"https:\/\/www.africa-press.net\/cotedivoire\/","name":"C\u00f4te d&#039;Ivoire","description":"Just another Africa News Agency Sites site","potentialAction":[{"@type":"SearchAction","target":{"@type":"EntryPoint","urlTemplate":"https:\/\/www.africa-press.net\/cotedivoire\/?s={search_term_string}"},"query-input":{"@type":"PropertyValueSpecification","valueRequired":true,"valueName":"search_term_string"}}],"inLanguage":"fr-FR"},{"@type":"Person","@id":"https:\/\/www.africa-press.net\/cotedivoire\/#\/schema\/person\/2b1cf3cd81a31e3cd26889ca66d677f1","name":"cfeditorfr"}]}},"_links":{"self":[{"href":"https:\/\/www.africa-press.net\/cotedivoire\/wp-json\/wp\/v2\/posts\/11011","targetHints":{"allow":["GET"]}}],"collection":[{"href":"https:\/\/www.africa-press.net\/cotedivoire\/wp-json\/wp\/v2\/posts"}],"about":[{"href":"https:\/\/www.africa-press.net\/cotedivoire\/wp-json\/wp\/v2\/types\/post"}],"author":[{"embeddable":true,"href":"https:\/\/www.africa-press.net\/cotedivoire\/wp-json\/wp\/v2\/users\/82"}],"replies":[{"embeddable":true,"href":"https:\/\/www.africa-press.net\/cotedivoire\/wp-json\/wp\/v2\/comments?post=11011"}],"version-history":[{"count":0,"href":"https:\/\/www.africa-press.net\/cotedivoire\/wp-json\/wp\/v2\/posts\/11011\/revisions"}],"wp:featuredmedia":[{"embeddable":true,"href":"https:\/\/www.africa-press.net\/cotedivoire\/wp-json\/wp\/v2\/media\/11010"}],"wp:attachment":[{"href":"https:\/\/www.africa-press.net\/cotedivoire\/wp-json\/wp\/v2\/media?parent=11011"}],"wp:term":[{"taxonomy":"category","embeddable":true,"href":"https:\/\/www.africa-press.net\/cotedivoire\/wp-json\/wp\/v2\/categories?post=11011"},{"taxonomy":"post_tag","embeddable":true,"href":"https:\/\/www.africa-press.net\/cotedivoire\/wp-json\/wp\/v2\/tags?post=11011"}],"curies":[{"name":"wp","href":"https:\/\/api.w.org\/{rel}","templated":true}]}}