{"id":110110,"date":"2025-12-11T18:09:48","date_gmt":"2025-12-11T18:09:48","guid":{"rendered":"https:\/\/www.africa-press.net\/cotedivoire\/politique\/clarifications-du-parquet-general-dabidjan-sur-tiktok"},"modified":"2025-12-11T18:29:57","modified_gmt":"2025-12-11T18:29:57","slug":"clarifications-du-parquet-general-dabidjan-sur-tiktok","status":"publish","type":"post","link":"https:\/\/www.africa-press.net\/cotedivoire\/politique\/clarifications-du-parquet-general-dabidjan-sur-tiktok","title":{"rendered":"Clarifications du Parquet g\u00e9n\u00e9ral d&rsquo;Abidjan sur TikTok"},"content":{"rendered":"<p><span style=\"color: #ff6600\"><strong>Africa-Press &#8211; C\u00f4te d&rsquo;Ivoire. <\/strong><\/span>Le Procureur ge\u0301ne\u0301ral pre\u0300s la Cour d\u2019appel d\u2019Abidjan a rendu public un communique\u0301 officiel visant a\u0300 re\u0301tablir les faits dans une affaire devenue virale sur les re\u0301seaux sociaux, notamment sur TikTok.<\/p>\n<p>Dans une vide\u0301o circulant depuis plusieurs jours, Madame Kouakou Ablan Reine Rebecca mettait gravement en cause le Procureur de la Re\u0301publique pre\u0300s le Tribunal de Premie\u0300re Instance de Bingerville ainsi que Mai\u0302tre Cisse\u0301 Yao Jules, Commissaire de justice, les accusant de manquements dans une proce\u0301dure judiciaire.<\/p>\n<p>Sur instructions du Garde des Sceaux, Ministre de la Justice et des Droits de l\u2019Homme, le Procureur ge\u0301ne\u0301ral a imme\u0301diatement proce\u0301de\u0301 a\u0300 l\u2019audition du Procureur de Bingerville. Il a e\u0301galement convoque\u0301, le Commissaire de justice mis et l\u2019auteure de la vide\u0301o, afin de faire toute la lumie\u0300re sur les faits alle\u0301gue\u0301s.<\/p>\n<p>Les investigations ont permis d\u2019e\u0301tablir que l\u2019affaire en question rele\u0300ve exclusivement d\u2019un litige commercial opposant Madame KOUAKOU a\u0300 Monsieur CONVOLBO Joachim.<\/p>\n<p>Selon le communique\u0301, les de\u0301cisions suivantes ont e\u0301te\u0301 rendues, le 20 fe\u0301vrier 2025, une ordonnance d\u2019injonction de payer du Tribunal de Commerce d\u2019Abidjan a condamne\u0301 Madame KOUAKOU a\u0300 re\u0301gler 675 000 FCFA correspondant a\u0300 des loyers impaye\u0301s. En exe\u0301cution de cette de\u0301cision, Mai\u0302tre Cisse\u0301 Yao Jules a proce\u0301de\u0301 a\u0300 une saisie-vente sur ses biens meubles, conforme\u0301ment aux textes en vigueur. Le 3 de\u0301cembre 2025, le me\u0302me Tribunal a prononce\u0301 la re\u0301siliation du bail, ordonne\u0301 l\u2019expulsion de Madame KOUAKOU et l\u2019a condamne\u0301e au paiement de 2 235 000 FCFA pour l\u2019ensemble des loyers e\u0301chus et impaye\u0301s.<\/p>\n<p>Le communique\u0301 pre\u0301cise que le Procureur de la Re\u0301publique de Bingerville n\u2019a joue\u0301 aucun ro\u0302le dans cette proce\u0301dure, relevant exclusivement de la juridiction commerciale, et que tous les actes pose\u0301s par le Commissaire de justice sont re\u0301guliers et conformes a\u0300 la loi.<\/p>\n<p>Face aux e\u0301le\u0301ments factuels qui lui ont e\u0301te\u0301 pre\u0301sente\u0301s, Madame Kouakou Ablan Reine Rebecca aurait reconnu ses torts et pre\u0301sente\u0301 ses excuses au Procureur de la Re\u0301publique de Bingerville, selon le communique\u0301 officiel.<\/p>\n<p>Le Procureur ge\u0301ne\u0301ral a profite\u0301 de cette communication pour rappeler un principe fondamental: lorsqu\u2019un justiciable s\u2019estime le\u0301se\u0301 par une de\u0301cision judiciaire, il doit impe\u0301rativement recourir aux voies le\u0301gales pre\u0301vues, pluto\u0302t que d\u2019utiliser les re\u0301seaux sociaux pour jeter le discre\u0301dit sur l\u2019institution judiciaire et ses acteurs.<\/p>\n<p>Il a insiste\u0301 sur la ne\u0301cessite\u0301 de pre\u0301server la cre\u0301dibilite\u0301, la se\u0301re\u0301nite\u0301 et le respect dus a\u0300 la Justice, pilier essentiel de l\u2019E\u0301tat de droit.<\/p>\n<p>Ce communique\u0301 intervient dans un contexte ou\u0300 des contentieux prive\u0301s sont de plus en plus expose\u0301s sur les plateformes nume\u0301riques, au risque de de\u0301sinformer le public et de porter atteinte a\u0300 la re\u0301putation d\u2019officiers de justice.<\/p>\n<p>Le Parquet ge\u0301ne\u0301ral re\u0301affirme ainsi sa vigilance et sa de\u0301termination a\u0300 prote\u0301ger l\u2019inte\u0301grite\u0301 de l\u2019institution judiciaire.<\/p>\n<p><strong>Pour plus d&rsquo;informations et d&rsquo;analyses sur la <span style=\"color: #ff6600\">C\u00f4te d&rsquo;Ivoire<\/span>, suivez <span style=\"color: #ff6600\">Africa-Press<\/span><\/strong><\/p>\n","protected":false},"excerpt":{"rendered":"<p>Africa-Press &#8211; C\u00f4te d&rsquo;Ivoire. Le Procureur ge\u0301ne\u0301ral pre\u0300s la Cour d\u2019appel d\u2019Abidjan a rendu public un communique\u0301 officiel visant a\u0300 re\u0301tablir les faits dans une affaire devenue virale sur les re\u0301seaux sociaux, notamment sur TikTok. Dans une vide\u0301o circulant depuis plusieurs jours, Madame Kouakou Ablan Reine Rebecca mettait gravement en cause le Procureur de la [&hellip;]<\/p>\n","protected":false},"author":82,"featured_media":110108,"comment_status":"open","ping_status":"closed","sticky":false,"template":"","format":"standard","meta":{"footnotes":""},"categories":[2,10],"tags":[1731,3959,29,19787,19789,449,55,4278,19788,2456,945],"class_list":["post-110110","post","type-post","status-publish","format-standard","has-post-thumbnail","hentry","category-politique","category-toutes-les-actualites","tag-bingerville","tag-commerce","tag-cote-divoire","tag-cour-dappel-abidjan","tag-droit-ivoirien","tag-judiciaire","tag-justice","tag-procureur-general","tag-saisie-vente","tag-tiktok","tag-tribunal"],"yoast_head":"<!-- This site is optimized with the Yoast SEO Premium plugin v26.1 (Yoast SEO v27.0) - https:\/\/yoast.com\/product\/yoast-seo-premium-wordpress\/ -->\n<title>Clarifications du Parquet g\u00e9n\u00e9ral d&#039;Abidjan sur TikTok - C\u00f4te d&#039;Ivoire<\/title>\n<meta name=\"description\" content=\"Le Procureur ge\u0301ne\u0301ral pre\u0300s la Cour d\u2019appel d\u2019Abidjan a rendu public un communique\u0301 officiel visant a\u0300 re\u0301tablir les fa ...\" \/>\n<meta name=\"robots\" content=\"index, follow, max-snippet:-1, max-image-preview:large, max-video-preview:-1\" \/>\n<link rel=\"canonical\" href=\"https:\/\/www.africa-press.net\/cotedivoire\/politique\/clarifications-du-parquet-general-dabidjan-sur-tiktok\" \/>\n<meta property=\"og:locale\" content=\"fr_FR\" \/>\n<meta property=\"og:type\" content=\"article\" \/>\n<meta property=\"og:title\" content=\"Clarifications du Parquet g\u00e9n\u00e9ral d&#039;Abidjan sur TikTok\" \/>\n<meta property=\"og:description\" content=\"Le Procureur ge\u0301ne\u0301ral pre\u0300s la Cour d\u2019appel d\u2019Abidjan a rendu public un communique\u0301 officiel visant a\u0300 re\u0301tablir les fa ...\" \/>\n<meta property=\"og:url\" content=\"https:\/\/www.africa-press.net\/cotedivoire\/politique\/clarifications-du-parquet-general-dabidjan-sur-tiktok\" \/>\n<meta property=\"og:site_name\" content=\"C\u00f4te d&#039;Ivoire\" \/>\n<meta property=\"article:published_time\" content=\"2025-12-11T18:09:48+00:00\" \/>\n<meta property=\"article:modified_time\" content=\"2025-12-11T18:29:57+00:00\" \/>\n<meta property=\"og:image\" content=\"https:\/\/static.africa-press.net\/cote\/sites\/43\/2025\/12\/sm_1765465170.038558.jpg\" \/>\n\t<meta property=\"og:image:width\" content=\"720\" \/>\n\t<meta property=\"og:image:height\" content=\"478\" \/>\n\t<meta property=\"og:image:type\" content=\"image\/jpeg\" \/>\n<meta name=\"author\" content=\"cfeditorfr\" \/>\n<meta name=\"twitter:card\" content=\"summary_large_image\" \/>\n<meta name=\"twitter:label1\" content=\"\u00c9crit par\" \/>\n\t<meta name=\"twitter:data1\" content=\"cfeditorfr\" \/>\n\t<meta name=\"twitter:label2\" content=\"Dur\u00e9e de lecture estim\u00e9e\" \/>\n\t<meta name=\"twitter:data2\" content=\"3 minutes\" \/>\n<script type=\"application\/ld+json\" class=\"yoast-schema-graph\">{\"@context\":\"https:\/\/schema.org\",\"@graph\":[{\"@type\":\"Article\",\"@id\":\"https:\/\/www.africa-press.net\/cotedivoire\/politique\/clarifications-du-parquet-general-dabidjan-sur-tiktok#article\",\"isPartOf\":{\"@id\":\"https:\/\/www.africa-press.net\/cotedivoire\/politique\/clarifications-du-parquet-general-dabidjan-sur-tiktok\"},\"author\":{\"name\":\"cfeditorfr\",\"@id\":\"https:\/\/www.africa-press.net\/cotedivoire\/#\/schema\/person\/2b1cf3cd81a31e3cd26889ca66d677f1\"},\"headline\":\"Clarifications du Parquet g\u00e9n\u00e9ral d&rsquo;Abidjan sur TikTok\",\"datePublished\":\"2025-12-11T18:09:48+00:00\",\"dateModified\":\"2025-12-11T18:29:57+00:00\",\"mainEntityOfPage\":{\"@id\":\"https:\/\/www.africa-press.net\/cotedivoire\/politique\/clarifications-du-parquet-general-dabidjan-sur-tiktok\"},\"wordCount\":563,\"commentCount\":0,\"image\":{\"@id\":\"https:\/\/www.africa-press.net\/cotedivoire\/politique\/clarifications-du-parquet-general-dabidjan-sur-tiktok#primaryimage\"},\"thumbnailUrl\":\"https:\/\/static.africa-press.net\/cote\/sites\/43\/2025\/12\/sm_1765465170.038558.jpg\",\"keywords\":[\"Bingerville\",\"Commerce\",\"C\u00d4TE D'IVOIRE\",\"Cour d'Appel Abidjan\",\"Droit Ivoirien\",\"judiciaire\",\"Justice\",\"Procureur g\u00e9n\u00e9ral\",\"saisie vente\",\"TikTok\",\"Tribunal\"],\"articleSection\":[\"Politique\",\"Toutes les actualit\u00e9s\"],\"inLanguage\":\"fr-FR\",\"potentialAction\":[{\"@type\":\"CommentAction\",\"name\":\"Comment\",\"target\":[\"https:\/\/www.africa-press.net\/cotedivoire\/politique\/clarifications-du-parquet-general-dabidjan-sur-tiktok#respond\"]}]},{\"@type\":\"WebPage\",\"@id\":\"https:\/\/www.africa-press.net\/cotedivoire\/politique\/clarifications-du-parquet-general-dabidjan-sur-tiktok\",\"url\":\"https:\/\/www.africa-press.net\/cotedivoire\/politique\/clarifications-du-parquet-general-dabidjan-sur-tiktok\",\"name\":\"Clarifications du Parquet g\u00e9n\u00e9ral d'Abidjan sur TikTok - C\u00f4te d&#039;Ivoire\",\"isPartOf\":{\"@id\":\"https:\/\/www.africa-press.net\/cotedivoire\/#website\"},\"primaryImageOfPage\":{\"@id\":\"https:\/\/www.africa-press.net\/cotedivoire\/politique\/clarifications-du-parquet-general-dabidjan-sur-tiktok#primaryimage\"},\"image\":{\"@id\":\"https:\/\/www.africa-press.net\/cotedivoire\/politique\/clarifications-du-parquet-general-dabidjan-sur-tiktok#primaryimage\"},\"thumbnailUrl\":\"https:\/\/static.africa-press.net\/cote\/sites\/43\/2025\/12\/sm_1765465170.038558.jpg\",\"datePublished\":\"2025-12-11T18:09:48+00:00\",\"dateModified\":\"2025-12-11T18:29:57+00:00\",\"author\":{\"@id\":\"https:\/\/www.africa-press.net\/cotedivoire\/#\/schema\/person\/2b1cf3cd81a31e3cd26889ca66d677f1\"},\"description\":\"Le Procureur ge\u0301ne\u0301ral pre\u0300s la Cour d\u2019appel d\u2019Abidjan a rendu public un communique\u0301 officiel visant a\u0300 re\u0301tablir les fa ...\",\"breadcrumb\":{\"@id\":\"https:\/\/www.africa-press.net\/cotedivoire\/politique\/clarifications-du-parquet-general-dabidjan-sur-tiktok#breadcrumb\"},\"inLanguage\":\"fr-FR\",\"potentialAction\":[{\"@type\":\"ReadAction\",\"target\":[\"https:\/\/www.africa-press.net\/cotedivoire\/politique\/clarifications-du-parquet-general-dabidjan-sur-tiktok\"]}]},{\"@type\":\"ImageObject\",\"inLanguage\":\"fr-FR\",\"@id\":\"https:\/\/www.africa-press.net\/cotedivoire\/politique\/clarifications-du-parquet-general-dabidjan-sur-tiktok#primaryimage\",\"url\":\"https:\/\/static.africa-press.net\/cote\/sites\/43\/2025\/12\/sm_1765465170.038558.jpg\",\"contentUrl\":\"https:\/\/static.africa-press.net\/cote\/sites\/43\/2025\/12\/sm_1765465170.038558.jpg\",\"width\":720,\"height\":478,\"caption\":\"Clarifications du Parquet g\u00e9n\u00e9ral d'Abidjan sur TikTok\"},{\"@type\":\"BreadcrumbList\",\"@id\":\"https:\/\/www.africa-press.net\/cotedivoire\/politique\/clarifications-du-parquet-general-dabidjan-sur-tiktok#breadcrumb\",\"itemListElement\":[{\"@type\":\"ListItem\",\"position\":1,\"name\":\"Accueil\",\"item\":\"https:\/\/www.africa-press.net\/cotedivoire\/\"},{\"@type\":\"ListItem\",\"position\":2,\"name\":\"Clarifications du Parquet g\u00e9n\u00e9ral d&#8217;Abidjan sur TikTok\"}]},{\"@type\":\"WebSite\",\"@id\":\"https:\/\/www.africa-press.net\/cotedivoire\/#website\",\"url\":\"https:\/\/www.africa-press.net\/cotedivoire\/\",\"name\":\"C\u00f4te d&#039;Ivoire\",\"description\":\"Just another Africa News Agency Sites site\",\"potentialAction\":[{\"@type\":\"SearchAction\",\"target\":{\"@type\":\"EntryPoint\",\"urlTemplate\":\"https:\/\/www.africa-press.net\/cotedivoire\/?s={search_term_string}\"},\"query-input\":{\"@type\":\"PropertyValueSpecification\",\"valueRequired\":true,\"valueName\":\"search_term_string\"}}],\"inLanguage\":\"fr-FR\"},{\"@type\":\"Person\",\"@id\":\"https:\/\/www.africa-press.net\/cotedivoire\/#\/schema\/person\/2b1cf3cd81a31e3cd26889ca66d677f1\",\"name\":\"cfeditorfr\"}]}<\/script>\n<!-- \/ Yoast SEO Premium plugin. -->","yoast_head_json":{"title":"Clarifications du Parquet g\u00e9n\u00e9ral d'Abidjan sur TikTok - C\u00f4te d&#039;Ivoire","description":"Le Procureur ge\u0301ne\u0301ral pre\u0300s la Cour d\u2019appel d\u2019Abidjan a rendu public un communique\u0301 officiel visant a\u0300 re\u0301tablir les fa ...","robots":{"index":"index","follow":"follow","max-snippet":"max-snippet:-1","max-image-preview":"max-image-preview:large","max-video-preview":"max-video-preview:-1"},"canonical":"https:\/\/www.africa-press.net\/cotedivoire\/politique\/clarifications-du-parquet-general-dabidjan-sur-tiktok","og_locale":"fr_FR","og_type":"article","og_title":"Clarifications du Parquet g\u00e9n\u00e9ral d'Abidjan sur TikTok","og_description":"Le Procureur ge\u0301ne\u0301ral pre\u0300s la Cour d\u2019appel d\u2019Abidjan a rendu public un communique\u0301 officiel visant a\u0300 re\u0301tablir les fa ...","og_url":"https:\/\/www.africa-press.net\/cotedivoire\/politique\/clarifications-du-parquet-general-dabidjan-sur-tiktok","og_site_name":"C\u00f4te d&#039;Ivoire","article_published_time":"2025-12-11T18:09:48+00:00","article_modified_time":"2025-12-11T18:29:57+00:00","og_image":[{"width":720,"height":478,"url":"https:\/\/static.africa-press.net\/cote\/sites\/43\/2025\/12\/sm_1765465170.038558.jpg","type":"image\/jpeg"}],"author":"cfeditorfr","twitter_card":"summary_large_image","twitter_misc":{"\u00c9crit par":"cfeditorfr","Dur\u00e9e de lecture estim\u00e9e":"3 minutes"},"schema":{"@context":"https:\/\/schema.org","@graph":[{"@type":"Article","@id":"https:\/\/www.africa-press.net\/cotedivoire\/politique\/clarifications-du-parquet-general-dabidjan-sur-tiktok#article","isPartOf":{"@id":"https:\/\/www.africa-press.net\/cotedivoire\/politique\/clarifications-du-parquet-general-dabidjan-sur-tiktok"},"author":{"name":"cfeditorfr","@id":"https:\/\/www.africa-press.net\/cotedivoire\/#\/schema\/person\/2b1cf3cd81a31e3cd26889ca66d677f1"},"headline":"Clarifications du Parquet g\u00e9n\u00e9ral d&rsquo;Abidjan sur TikTok","datePublished":"2025-12-11T18:09:48+00:00","dateModified":"2025-12-11T18:29:57+00:00","mainEntityOfPage":{"@id":"https:\/\/www.africa-press.net\/cotedivoire\/politique\/clarifications-du-parquet-general-dabidjan-sur-tiktok"},"wordCount":563,"commentCount":0,"image":{"@id":"https:\/\/www.africa-press.net\/cotedivoire\/politique\/clarifications-du-parquet-general-dabidjan-sur-tiktok#primaryimage"},"thumbnailUrl":"https:\/\/static.africa-press.net\/cote\/sites\/43\/2025\/12\/sm_1765465170.038558.jpg","keywords":["Bingerville","Commerce","C\u00d4TE D'IVOIRE","Cour d'Appel Abidjan","Droit Ivoirien","judiciaire","Justice","Procureur g\u00e9n\u00e9ral","saisie vente","TikTok","Tribunal"],"articleSection":["Politique","Toutes les actualit\u00e9s"],"inLanguage":"fr-FR","potentialAction":[{"@type":"CommentAction","name":"Comment","target":["https:\/\/www.africa-press.net\/cotedivoire\/politique\/clarifications-du-parquet-general-dabidjan-sur-tiktok#respond"]}]},{"@type":"WebPage","@id":"https:\/\/www.africa-press.net\/cotedivoire\/politique\/clarifications-du-parquet-general-dabidjan-sur-tiktok","url":"https:\/\/www.africa-press.net\/cotedivoire\/politique\/clarifications-du-parquet-general-dabidjan-sur-tiktok","name":"Clarifications du Parquet g\u00e9n\u00e9ral d'Abidjan sur TikTok - C\u00f4te d&#039;Ivoire","isPartOf":{"@id":"https:\/\/www.africa-press.net\/cotedivoire\/#website"},"primaryImageOfPage":{"@id":"https:\/\/www.africa-press.net\/cotedivoire\/politique\/clarifications-du-parquet-general-dabidjan-sur-tiktok#primaryimage"},"image":{"@id":"https:\/\/www.africa-press.net\/cotedivoire\/politique\/clarifications-du-parquet-general-dabidjan-sur-tiktok#primaryimage"},"thumbnailUrl":"https:\/\/static.africa-press.net\/cote\/sites\/43\/2025\/12\/sm_1765465170.038558.jpg","datePublished":"2025-12-11T18:09:48+00:00","dateModified":"2025-12-11T18:29:57+00:00","author":{"@id":"https:\/\/www.africa-press.net\/cotedivoire\/#\/schema\/person\/2b1cf3cd81a31e3cd26889ca66d677f1"},"description":"Le Procureur ge\u0301ne\u0301ral pre\u0300s la Cour d\u2019appel d\u2019Abidjan a rendu public un communique\u0301 officiel visant a\u0300 re\u0301tablir les fa ...","breadcrumb":{"@id":"https:\/\/www.africa-press.net\/cotedivoire\/politique\/clarifications-du-parquet-general-dabidjan-sur-tiktok#breadcrumb"},"inLanguage":"fr-FR","potentialAction":[{"@type":"ReadAction","target":["https:\/\/www.africa-press.net\/cotedivoire\/politique\/clarifications-du-parquet-general-dabidjan-sur-tiktok"]}]},{"@type":"ImageObject","inLanguage":"fr-FR","@id":"https:\/\/www.africa-press.net\/cotedivoire\/politique\/clarifications-du-parquet-general-dabidjan-sur-tiktok#primaryimage","url":"https:\/\/static.africa-press.net\/cote\/sites\/43\/2025\/12\/sm_1765465170.038558.jpg","contentUrl":"https:\/\/static.africa-press.net\/cote\/sites\/43\/2025\/12\/sm_1765465170.038558.jpg","width":720,"height":478,"caption":"Clarifications du Parquet g\u00e9n\u00e9ral d'Abidjan sur TikTok"},{"@type":"BreadcrumbList","@id":"https:\/\/www.africa-press.net\/cotedivoire\/politique\/clarifications-du-parquet-general-dabidjan-sur-tiktok#breadcrumb","itemListElement":[{"@type":"ListItem","position":1,"name":"Accueil","item":"https:\/\/www.africa-press.net\/cotedivoire\/"},{"@type":"ListItem","position":2,"name":"Clarifications du Parquet g\u00e9n\u00e9ral d&#8217;Abidjan sur TikTok"}]},{"@type":"WebSite","@id":"https:\/\/www.africa-press.net\/cotedivoire\/#website","url":"https:\/\/www.africa-press.net\/cotedivoire\/","name":"C\u00f4te d&#039;Ivoire","description":"Just another Africa News Agency Sites site","potentialAction":[{"@type":"SearchAction","target":{"@type":"EntryPoint","urlTemplate":"https:\/\/www.africa-press.net\/cotedivoire\/?s={search_term_string}"},"query-input":{"@type":"PropertyValueSpecification","valueRequired":true,"valueName":"search_term_string"}}],"inLanguage":"fr-FR"},{"@type":"Person","@id":"https:\/\/www.africa-press.net\/cotedivoire\/#\/schema\/person\/2b1cf3cd81a31e3cd26889ca66d677f1","name":"cfeditorfr"}]}},"_links":{"self":[{"href":"https:\/\/www.africa-press.net\/cotedivoire\/wp-json\/wp\/v2\/posts\/110110","targetHints":{"allow":["GET"]}}],"collection":[{"href":"https:\/\/www.africa-press.net\/cotedivoire\/wp-json\/wp\/v2\/posts"}],"about":[{"href":"https:\/\/www.africa-press.net\/cotedivoire\/wp-json\/wp\/v2\/types\/post"}],"author":[{"embeddable":true,"href":"https:\/\/www.africa-press.net\/cotedivoire\/wp-json\/wp\/v2\/users\/82"}],"replies":[{"embeddable":true,"href":"https:\/\/www.africa-press.net\/cotedivoire\/wp-json\/wp\/v2\/comments?post=110110"}],"version-history":[{"count":0,"href":"https:\/\/www.africa-press.net\/cotedivoire\/wp-json\/wp\/v2\/posts\/110110\/revisions"}],"wp:featuredmedia":[{"embeddable":true,"href":"https:\/\/www.africa-press.net\/cotedivoire\/wp-json\/wp\/v2\/media\/110108"}],"wp:attachment":[{"href":"https:\/\/www.africa-press.net\/cotedivoire\/wp-json\/wp\/v2\/media?parent=110110"}],"wp:term":[{"taxonomy":"category","embeddable":true,"href":"https:\/\/www.africa-press.net\/cotedivoire\/wp-json\/wp\/v2\/categories?post=110110"},{"taxonomy":"post_tag","embeddable":true,"href":"https:\/\/www.africa-press.net\/cotedivoire\/wp-json\/wp\/v2\/tags?post=110110"}],"curies":[{"name":"wp","href":"https:\/\/api.w.org\/{rel}","templated":true}]}}