{"id":110113,"date":"2025-12-11T18:10:10","date_gmt":"2025-12-11T18:10:10","guid":{"rendered":"https:\/\/www.africa-press.net\/cotedivoire\/politique\/abidjan-accelere-sa-transformation-urbaine-avec-deux-projets"},"modified":"2025-12-11T18:30:20","modified_gmt":"2025-12-11T18:30:20","slug":"abidjan-accelere-sa-transformation-urbaine-avec-deux-projets","status":"publish","type":"post","link":"https:\/\/www.africa-press.net\/cotedivoire\/economie\/abidjan-accelere-sa-transformation-urbaine-avec-deux-projets","title":{"rendered":"Abidjan Acc\u00e9l\u00e8re Sa Transformation Urbaine Avec Deux Projets"},"content":{"rendered":"<p><span style=\"color: #ff6600\"><strong>Africa-Press &#8211; C\u00f4te d&rsquo;Ivoire. <\/strong><\/span>La Directrice ge\u0301ne\u0301rale des Ope\u0301rations de la Banque mondiale, Anna Bjerde, a effectue\u0301 ce mardi une visite de terrain sur les sites des deux projets de transport les plus structurants du Grand Abidjan: la future ligne de Bus Rapid Transit (BRT) Yopougon\u2013Bingerville et l\u2019autoroute pe\u0301riphe\u0301rique Y4, pie\u0300ce mai\u0302tresse du Projet d\u2019Inte\u0301gration Ville-Port d\u2019Abidjan (PACOGA).<\/p>\n<p>Cette visite illustre l\u2019engagement du Groupe de la Banque mondiale (GBM) a\u0300 soutenir une mobilite\u0301 inclusive, durable et cre\u0301atrice d\u2019emplois dans l\u2019une des me\u0301tropoles africaines les plus dynamiques.<\/p>\n<p>Capitale e\u0301conomique du pays et moteur de croissance re\u0301gionale, Abidjan concentre 36 % de la population urbaine ivoirienne. La congestion chronique qui paralyse la capitale cou\u0302te entre 4 % et 5 % du PIB chaque anne\u0301e. Les habitants y passent en moyenne trois heures par jour dans les transports, et les me\u0301nages vulne\u0301rables consacrent jusqu\u2019a\u0300 30 % de leurs revenus a\u0300 se de\u0301placer.<\/p>\n<p>Face a\u0300 ces de\u0301fis, deux projets structurants sont en cours de re\u0301alisation:<\/p>\n<p>Le BRT Yopougon-Bingerville (PMUA). Finance\u0301 a\u0300 hauteur de 482,6 millions d\u2019euros, dont 267,6 millions d\u2019euros apporte\u0301s par l\u2019IDA et cofinance\u0301 avec l\u2019Agence Franc\u0327aise de De\u0301veloppement (AFD), ce projet repre\u0301sente une ve\u0301ritable re\u0301volution pour la mobilite\u0301 abidjanaise.<\/p>\n<p>Il pre\u0301voit, 100 autobus articule\u0301s 100 % e\u0301lectriques, une capacite\u0301 de 500 000 passagers par jour, des temps de trajet re\u0301duits de 3 heures a\u0300 40\u201345 minutes.<\/p>\n<p>Les travaux de ge\u0301nie civil progressent rapidement, notamment au niveau du coffrage du tablier, e\u0301tape cle\u0301 de l\u2019infrastructure.<\/p>\n<p>L\u2019autoroute de contournement Y4 (PACOGA). Cette rocade vise a\u0300 de\u0301tourner le trafic de poids lourds hors du centre, fluidifier la mobilite\u0301 interne, ame\u0301liorer l\u2019acce\u0300s au Port d\u2019Abidjan, pilier e\u0301conomique national, renforcer les connexions avec les principaux axes e\u0301conomiques du pays.<\/p>\n<p>La quasi-totalite\u0301 des investissements du PACOGA est de\u0301ja\u0300 finalise\u0301e, sous la responsabilite\u0301 du ministe\u0300re de l\u2019E\u0301quipement et de l\u2019Entretien routier.<\/p>\n<p>Accompagne\u0301e d\u2019Ousmane Diagana, Vice-pre\u0301sident de la Banque mondiale pour l\u2019Afrique de l\u2019Ouest et du Centre, et de Nathalie Kouassi Akon, Directrice Re\u0301gionale de l\u2019IFC, Anna Bjerde a salue\u0301 un projet \u00ab porteur d\u2019un impact transformateur \u00bb.<\/p>\n<p>Dans son allocution, la Directrice ge\u0301ne\u0301rale a souligne\u0301, la re\u0301duction spectaculaire des temps de trajet, l\u2019impact environnemental positif gra\u0302ce a\u0300 la diminution du nombre de ve\u0301hicules en circulation, l\u2019ame\u0301lioration de l\u2019accessibilite\u0301 pour les femmes et les populations vulne\u0301rables.<\/p>\n<p>\u00ab Ce programme mettra en place un syste\u0300me inclusif et accessible a\u0300 toutes et a\u0300 tous. C\u2019est essentiel pour le bien-e\u0302tre des habitants d\u2019Abidjan. Nous resterons aux co\u0302te\u0301s du gouvernement pour soutenir ces initiatives essentielles. \u00bb, a souligne\u0301, Anna Bjerde<\/p>\n<p>Elle a e\u0301galement rappele\u0301 la cohe\u0301rence du projet avec les priorite\u0301s annonce\u0301es par le Pre\u0301sident de la Re\u0301publique, notamment la lutte contre la pauvrete\u0301 et la re\u0301duction des ine\u0301galite\u0301s urbaines.<\/p>\n<p>Le Ministre des Transports, Amadou Kone\u0301, pre\u0301sent sur le site a rendu un hommage appuye\u0301 au ro\u0302le de la Banque mondiale dans la modernisation des infrastructures ivoiriennes depuis plus d\u2019une de\u0301cennie.<\/p>\n<p>Il a rappele\u0301 plusieurs faits saillants, la reconstruction d\u2019infrastructures apre\u0300s la crise post-e\u0301lectorale, le renforcement des villes de l\u2019inte\u0301rieur via le PIDUCAS, l\u2019e\u0301laboration et la mise en \u0153uvre du Sche\u0301ma directeur du Grand Abidjan et les projets structurants tels que le PAMOSET, le PACOGA, et aujourd\u2019hui le PMUA.<\/p>\n<p>Le ministre a aussi mentionne\u0301 les avance\u0301es dans la modernisation du parc automobile, l\u2019introduction de ve\u0301hicules plus propres et les efforts pour re\u0301duire le nombre e\u0301leve\u0301 d\u2019accidents.\u00ab La Banque mondiale nous accompagne depuis longtemps. Nous sommes pleinement engage\u0301s pour assurer la bonne exe\u0301cution de ces programmes dans les de\u0301lais. \u00bb, a precise\u0301 Amadou Kone\u0301.<\/p>\n<p>Il a enfin re\u0301affirme\u0301 la mobilisation totale du gouvernement et exprime\u0301 sa gratitude envers les e\u0301quipes de la Banque mondiale.<\/p>\n<p>Ces investissements majeurs re\u0301pondent a\u0300 un enjeu fondamental, transformer la mobilite\u0301 pour libe\u0301rer le potentiel e\u0301conomique d\u2019Abidjan et ame\u0301liorer la qualite\u0301 de vie de millions de personnes.<\/p>\n<p>Selon des analyses e\u0301conomiques souvent cite\u0301es, chaque milliard de dollars investi dans le transport public peut ge\u0301ne\u0301rer jusqu\u2019a\u0300 50 000 emplois directs, un levier essentiel pour un pays en pleine croissance de\u0301mographique et urbaine.<\/p>\n<p>La visite d\u2019Anna Bjerde marque une e\u0301tape importante dans la mise en \u0153uvre de projets qui fac\u0327onneront le visage d\u2019Abidjan pour les prochaines de\u0301cennies.<\/p>\n<p>Alors que la ville continue de croi\u0302tre et de s\u2019e\u0301tendre, les infrastructures de transport deviennent un pivot central de son de\u0301veloppement durable.<\/p>\n<p>Avec l\u2019avance\u0301e simultane\u0301e du BRT et de la Y4, Abidjan se rapproche de sa vision, d&rsquo;une me\u0301tropole fluide, moderne, inclusive et compe\u0301titive.<\/p>\n<p><strong>Pour plus d&rsquo;informations et d&rsquo;analyses sur la <span style=\"color: #ff6600\">C\u00f4te d&rsquo;Ivoire<\/span>, suivez <span style=\"color: #ff6600\">Africa-Press<\/span><\/strong><\/p>\n","protected":false},"excerpt":{"rendered":"<p>Africa-Press &#8211; C\u00f4te d&rsquo;Ivoire. La Directrice ge\u0301ne\u0301rale des Ope\u0301rations de la Banque mondiale, Anna Bjerde, a effectue\u0301 ce mardi une visite de terrain sur les sites des deux projets de transport les plus structurants du Grand Abidjan: la future ligne de Bus Rapid Transit (BRT) Yopougon\u2013Bingerville et l\u2019autoroute pe\u0301riphe\u0301rique Y4, pie\u0300ce mai\u0302tresse du Projet d\u2019Inte\u0301gration [&hellip;]<\/p>\n","protected":false},"author":82,"featured_media":110111,"comment_status":"open","ping_status":"closed","sticky":false,"template":"","format":"standard","meta":{"footnotes":""},"categories":[3,10],"tags":[30,390,19790,782,7411,29,1583,2780,15076,2218,8070],"class_list":["post-110113","post","type-post","status-publish","format-standard","has-post-thumbnail","hentry","category-economie","category-toutes-les-actualites","tag-abidjan","tag-amadou-kone","tag-anna-bjerde","tag-banque-mondiale","tag-brt","tag-cote-divoire","tag-developpement","tag-infrastructures","tag-mobilite-urbaine","tag-transport","tag-y4"],"yoast_head":"<!-- This site is optimized with the Yoast SEO Premium plugin v26.1 (Yoast SEO v27.0) - https:\/\/yoast.com\/product\/yoast-seo-premium-wordpress\/ -->\n<title>Abidjan Acc\u00e9l\u00e8re Sa Transformation Urbaine Avec Deux Projets - C\u00f4te d&#039;Ivoire<\/title>\n<meta name=\"description\" content=\"La Directrice ge\u0301ne\u0301rale des Ope\u0301rations de la Banque mondiale, Anna Bjerde, a effectue\u0301 ce mardi une visite de terrain ...\" \/>\n<meta name=\"robots\" content=\"index, follow, max-snippet:-1, max-image-preview:large, max-video-preview:-1\" \/>\n<link rel=\"canonical\" href=\"https:\/\/www.africa-press.net\/cotedivoire\/economie\/abidjan-accelere-sa-transformation-urbaine-avec-deux-projets\" \/>\n<meta property=\"og:locale\" content=\"fr_FR\" \/>\n<meta property=\"og:type\" content=\"article\" \/>\n<meta property=\"og:title\" content=\"Abidjan Acc\u00e9l\u00e8re Sa Transformation Urbaine Avec Deux Projets\" \/>\n<meta property=\"og:description\" content=\"La Directrice ge\u0301ne\u0301rale des Ope\u0301rations de la Banque mondiale, Anna Bjerde, a effectue\u0301 ce mardi une visite de terrain ...\" \/>\n<meta property=\"og:url\" content=\"https:\/\/www.africa-press.net\/cotedivoire\/economie\/abidjan-accelere-sa-transformation-urbaine-avec-deux-projets\" \/>\n<meta property=\"og:site_name\" content=\"C\u00f4te d&#039;Ivoire\" \/>\n<meta property=\"article:published_time\" content=\"2025-12-11T18:10:10+00:00\" \/>\n<meta property=\"article:modified_time\" content=\"2025-12-11T18:30:20+00:00\" \/>\n<meta property=\"og:image\" content=\"https:\/\/static.africa-press.net\/cote\/sites\/43\/2025\/12\/sm_1765465183.872785.jpg\" \/>\n\t<meta property=\"og:image:width\" content=\"720\" \/>\n\t<meta property=\"og:image:height\" content=\"352\" \/>\n\t<meta property=\"og:image:type\" content=\"image\/jpeg\" \/>\n<meta name=\"author\" content=\"cfeditorfr\" \/>\n<meta name=\"twitter:card\" content=\"summary_large_image\" \/>\n<meta name=\"twitter:label1\" content=\"\u00c9crit par\" \/>\n\t<meta name=\"twitter:data1\" content=\"cfeditorfr\" \/>\n\t<meta name=\"twitter:label2\" content=\"Dur\u00e9e de lecture estim\u00e9e\" \/>\n\t<meta name=\"twitter:data2\" content=\"4 minutes\" \/>\n<script type=\"application\/ld+json\" class=\"yoast-schema-graph\">{\"@context\":\"https:\/\/schema.org\",\"@graph\":[{\"@type\":\"Article\",\"@id\":\"https:\/\/www.africa-press.net\/cotedivoire\/economie\/abidjan-accelere-sa-transformation-urbaine-avec-deux-projets#article\",\"isPartOf\":{\"@id\":\"https:\/\/www.africa-press.net\/cotedivoire\/economie\/abidjan-accelere-sa-transformation-urbaine-avec-deux-projets\"},\"author\":{\"name\":\"cfeditorfr\",\"@id\":\"https:\/\/www.africa-press.net\/cotedivoire\/#\/schema\/person\/2b1cf3cd81a31e3cd26889ca66d677f1\"},\"headline\":\"Abidjan Acc\u00e9l\u00e8re Sa Transformation Urbaine Avec Deux Projets\",\"datePublished\":\"2025-12-11T18:10:10+00:00\",\"dateModified\":\"2025-12-11T18:30:20+00:00\",\"mainEntityOfPage\":{\"@id\":\"https:\/\/www.africa-press.net\/cotedivoire\/economie\/abidjan-accelere-sa-transformation-urbaine-avec-deux-projets\"},\"wordCount\":872,\"commentCount\":0,\"image\":{\"@id\":\"https:\/\/www.africa-press.net\/cotedivoire\/economie\/abidjan-accelere-sa-transformation-urbaine-avec-deux-projets#primaryimage\"},\"thumbnailUrl\":\"https:\/\/static.africa-press.net\/cote\/sites\/43\/2025\/12\/sm_1765465183.872785.jpg\",\"keywords\":[\"Abidjan\",\"Amadou Kon\u00e9\",\"Anna Bjerde\",\"Banque Mondiale\",\"BRT\",\"C\u00d4TE D'IVOIRE\",\"d\u00e9veloppement\",\"infrastructures\",\"Mobilit\u00e9 urbaine\",\"transport\",\"Y4\"],\"articleSection\":[\"\u00c9conomie\",\"Toutes les actualit\u00e9s\"],\"inLanguage\":\"fr-FR\",\"potentialAction\":[{\"@type\":\"CommentAction\",\"name\":\"Comment\",\"target\":[\"https:\/\/www.africa-press.net\/cotedivoire\/economie\/abidjan-accelere-sa-transformation-urbaine-avec-deux-projets#respond\"]}]},{\"@type\":\"WebPage\",\"@id\":\"https:\/\/www.africa-press.net\/cotedivoire\/economie\/abidjan-accelere-sa-transformation-urbaine-avec-deux-projets\",\"url\":\"https:\/\/www.africa-press.net\/cotedivoire\/economie\/abidjan-accelere-sa-transformation-urbaine-avec-deux-projets\",\"name\":\"Abidjan Acc\u00e9l\u00e8re Sa Transformation Urbaine Avec Deux Projets - C\u00f4te d&#039;Ivoire\",\"isPartOf\":{\"@id\":\"https:\/\/www.africa-press.net\/cotedivoire\/#website\"},\"primaryImageOfPage\":{\"@id\":\"https:\/\/www.africa-press.net\/cotedivoire\/economie\/abidjan-accelere-sa-transformation-urbaine-avec-deux-projets#primaryimage\"},\"image\":{\"@id\":\"https:\/\/www.africa-press.net\/cotedivoire\/economie\/abidjan-accelere-sa-transformation-urbaine-avec-deux-projets#primaryimage\"},\"thumbnailUrl\":\"https:\/\/static.africa-press.net\/cote\/sites\/43\/2025\/12\/sm_1765465183.872785.jpg\",\"datePublished\":\"2025-12-11T18:10:10+00:00\",\"dateModified\":\"2025-12-11T18:30:20+00:00\",\"author\":{\"@id\":\"https:\/\/www.africa-press.net\/cotedivoire\/#\/schema\/person\/2b1cf3cd81a31e3cd26889ca66d677f1\"},\"description\":\"La Directrice ge\u0301ne\u0301rale des Ope\u0301rations de la Banque mondiale, Anna Bjerde, a effectue\u0301 ce mardi une visite de terrain ...\",\"breadcrumb\":{\"@id\":\"https:\/\/www.africa-press.net\/cotedivoire\/economie\/abidjan-accelere-sa-transformation-urbaine-avec-deux-projets#breadcrumb\"},\"inLanguage\":\"fr-FR\",\"potentialAction\":[{\"@type\":\"ReadAction\",\"target\":[\"https:\/\/www.africa-press.net\/cotedivoire\/economie\/abidjan-accelere-sa-transformation-urbaine-avec-deux-projets\"]}]},{\"@type\":\"ImageObject\",\"inLanguage\":\"fr-FR\",\"@id\":\"https:\/\/www.africa-press.net\/cotedivoire\/economie\/abidjan-accelere-sa-transformation-urbaine-avec-deux-projets#primaryimage\",\"url\":\"https:\/\/static.africa-press.net\/cote\/sites\/43\/2025\/12\/sm_1765465183.872785.jpg\",\"contentUrl\":\"https:\/\/static.africa-press.net\/cote\/sites\/43\/2025\/12\/sm_1765465183.872785.jpg\",\"width\":720,\"height\":352,\"caption\":\"Abidjan Acc\u00e9l\u00e8re Sa Transformation Urbaine Avec Deux Projets\"},{\"@type\":\"BreadcrumbList\",\"@id\":\"https:\/\/www.africa-press.net\/cotedivoire\/economie\/abidjan-accelere-sa-transformation-urbaine-avec-deux-projets#breadcrumb\",\"itemListElement\":[{\"@type\":\"ListItem\",\"position\":1,\"name\":\"Accueil\",\"item\":\"https:\/\/www.africa-press.net\/cotedivoire\/\"},{\"@type\":\"ListItem\",\"position\":2,\"name\":\"Abidjan Acc\u00e9l\u00e8re Sa Transformation Urbaine Avec Deux Projets\"}]},{\"@type\":\"WebSite\",\"@id\":\"https:\/\/www.africa-press.net\/cotedivoire\/#website\",\"url\":\"https:\/\/www.africa-press.net\/cotedivoire\/\",\"name\":\"C\u00f4te d&#039;Ivoire\",\"description\":\"Just another Africa News Agency Sites site\",\"potentialAction\":[{\"@type\":\"SearchAction\",\"target\":{\"@type\":\"EntryPoint\",\"urlTemplate\":\"https:\/\/www.africa-press.net\/cotedivoire\/?s={search_term_string}\"},\"query-input\":{\"@type\":\"PropertyValueSpecification\",\"valueRequired\":true,\"valueName\":\"search_term_string\"}}],\"inLanguage\":\"fr-FR\"},{\"@type\":\"Person\",\"@id\":\"https:\/\/www.africa-press.net\/cotedivoire\/#\/schema\/person\/2b1cf3cd81a31e3cd26889ca66d677f1\",\"name\":\"cfeditorfr\"}]}<\/script>\n<!-- \/ Yoast SEO Premium plugin. -->","yoast_head_json":{"title":"Abidjan Acc\u00e9l\u00e8re Sa Transformation Urbaine Avec Deux Projets - C\u00f4te d&#039;Ivoire","description":"La Directrice ge\u0301ne\u0301rale des Ope\u0301rations de la Banque mondiale, Anna Bjerde, a effectue\u0301 ce mardi une visite de terrain ...","robots":{"index":"index","follow":"follow","max-snippet":"max-snippet:-1","max-image-preview":"max-image-preview:large","max-video-preview":"max-video-preview:-1"},"canonical":"https:\/\/www.africa-press.net\/cotedivoire\/economie\/abidjan-accelere-sa-transformation-urbaine-avec-deux-projets","og_locale":"fr_FR","og_type":"article","og_title":"Abidjan Acc\u00e9l\u00e8re Sa Transformation Urbaine Avec Deux Projets","og_description":"La Directrice ge\u0301ne\u0301rale des Ope\u0301rations de la Banque mondiale, Anna Bjerde, a effectue\u0301 ce mardi une visite de terrain ...","og_url":"https:\/\/www.africa-press.net\/cotedivoire\/economie\/abidjan-accelere-sa-transformation-urbaine-avec-deux-projets","og_site_name":"C\u00f4te d&#039;Ivoire","article_published_time":"2025-12-11T18:10:10+00:00","article_modified_time":"2025-12-11T18:30:20+00:00","og_image":[{"width":720,"height":352,"url":"https:\/\/static.africa-press.net\/cote\/sites\/43\/2025\/12\/sm_1765465183.872785.jpg","type":"image\/jpeg"}],"author":"cfeditorfr","twitter_card":"summary_large_image","twitter_misc":{"\u00c9crit par":"cfeditorfr","Dur\u00e9e de lecture estim\u00e9e":"4 minutes"},"schema":{"@context":"https:\/\/schema.org","@graph":[{"@type":"Article","@id":"https:\/\/www.africa-press.net\/cotedivoire\/economie\/abidjan-accelere-sa-transformation-urbaine-avec-deux-projets#article","isPartOf":{"@id":"https:\/\/www.africa-press.net\/cotedivoire\/economie\/abidjan-accelere-sa-transformation-urbaine-avec-deux-projets"},"author":{"name":"cfeditorfr","@id":"https:\/\/www.africa-press.net\/cotedivoire\/#\/schema\/person\/2b1cf3cd81a31e3cd26889ca66d677f1"},"headline":"Abidjan Acc\u00e9l\u00e8re Sa Transformation Urbaine Avec Deux Projets","datePublished":"2025-12-11T18:10:10+00:00","dateModified":"2025-12-11T18:30:20+00:00","mainEntityOfPage":{"@id":"https:\/\/www.africa-press.net\/cotedivoire\/economie\/abidjan-accelere-sa-transformation-urbaine-avec-deux-projets"},"wordCount":872,"commentCount":0,"image":{"@id":"https:\/\/www.africa-press.net\/cotedivoire\/economie\/abidjan-accelere-sa-transformation-urbaine-avec-deux-projets#primaryimage"},"thumbnailUrl":"https:\/\/static.africa-press.net\/cote\/sites\/43\/2025\/12\/sm_1765465183.872785.jpg","keywords":["Abidjan","Amadou Kon\u00e9","Anna Bjerde","Banque Mondiale","BRT","C\u00d4TE D'IVOIRE","d\u00e9veloppement","infrastructures","Mobilit\u00e9 urbaine","transport","Y4"],"articleSection":["\u00c9conomie","Toutes les actualit\u00e9s"],"inLanguage":"fr-FR","potentialAction":[{"@type":"CommentAction","name":"Comment","target":["https:\/\/www.africa-press.net\/cotedivoire\/economie\/abidjan-accelere-sa-transformation-urbaine-avec-deux-projets#respond"]}]},{"@type":"WebPage","@id":"https:\/\/www.africa-press.net\/cotedivoire\/economie\/abidjan-accelere-sa-transformation-urbaine-avec-deux-projets","url":"https:\/\/www.africa-press.net\/cotedivoire\/economie\/abidjan-accelere-sa-transformation-urbaine-avec-deux-projets","name":"Abidjan Acc\u00e9l\u00e8re Sa Transformation Urbaine Avec Deux Projets - C\u00f4te d&#039;Ivoire","isPartOf":{"@id":"https:\/\/www.africa-press.net\/cotedivoire\/#website"},"primaryImageOfPage":{"@id":"https:\/\/www.africa-press.net\/cotedivoire\/economie\/abidjan-accelere-sa-transformation-urbaine-avec-deux-projets#primaryimage"},"image":{"@id":"https:\/\/www.africa-press.net\/cotedivoire\/economie\/abidjan-accelere-sa-transformation-urbaine-avec-deux-projets#primaryimage"},"thumbnailUrl":"https:\/\/static.africa-press.net\/cote\/sites\/43\/2025\/12\/sm_1765465183.872785.jpg","datePublished":"2025-12-11T18:10:10+00:00","dateModified":"2025-12-11T18:30:20+00:00","author":{"@id":"https:\/\/www.africa-press.net\/cotedivoire\/#\/schema\/person\/2b1cf3cd81a31e3cd26889ca66d677f1"},"description":"La Directrice ge\u0301ne\u0301rale des Ope\u0301rations de la Banque mondiale, Anna Bjerde, a effectue\u0301 ce mardi une visite de terrain ...","breadcrumb":{"@id":"https:\/\/www.africa-press.net\/cotedivoire\/economie\/abidjan-accelere-sa-transformation-urbaine-avec-deux-projets#breadcrumb"},"inLanguage":"fr-FR","potentialAction":[{"@type":"ReadAction","target":["https:\/\/www.africa-press.net\/cotedivoire\/economie\/abidjan-accelere-sa-transformation-urbaine-avec-deux-projets"]}]},{"@type":"ImageObject","inLanguage":"fr-FR","@id":"https:\/\/www.africa-press.net\/cotedivoire\/economie\/abidjan-accelere-sa-transformation-urbaine-avec-deux-projets#primaryimage","url":"https:\/\/static.africa-press.net\/cote\/sites\/43\/2025\/12\/sm_1765465183.872785.jpg","contentUrl":"https:\/\/static.africa-press.net\/cote\/sites\/43\/2025\/12\/sm_1765465183.872785.jpg","width":720,"height":352,"caption":"Abidjan Acc\u00e9l\u00e8re Sa Transformation Urbaine Avec Deux Projets"},{"@type":"BreadcrumbList","@id":"https:\/\/www.africa-press.net\/cotedivoire\/economie\/abidjan-accelere-sa-transformation-urbaine-avec-deux-projets#breadcrumb","itemListElement":[{"@type":"ListItem","position":1,"name":"Accueil","item":"https:\/\/www.africa-press.net\/cotedivoire\/"},{"@type":"ListItem","position":2,"name":"Abidjan Acc\u00e9l\u00e8re Sa Transformation Urbaine Avec Deux Projets"}]},{"@type":"WebSite","@id":"https:\/\/www.africa-press.net\/cotedivoire\/#website","url":"https:\/\/www.africa-press.net\/cotedivoire\/","name":"C\u00f4te d&#039;Ivoire","description":"Just another Africa News Agency Sites site","potentialAction":[{"@type":"SearchAction","target":{"@type":"EntryPoint","urlTemplate":"https:\/\/www.africa-press.net\/cotedivoire\/?s={search_term_string}"},"query-input":{"@type":"PropertyValueSpecification","valueRequired":true,"valueName":"search_term_string"}}],"inLanguage":"fr-FR"},{"@type":"Person","@id":"https:\/\/www.africa-press.net\/cotedivoire\/#\/schema\/person\/2b1cf3cd81a31e3cd26889ca66d677f1","name":"cfeditorfr"}]}},"_links":{"self":[{"href":"https:\/\/www.africa-press.net\/cotedivoire\/wp-json\/wp\/v2\/posts\/110113","targetHints":{"allow":["GET"]}}],"collection":[{"href":"https:\/\/www.africa-press.net\/cotedivoire\/wp-json\/wp\/v2\/posts"}],"about":[{"href":"https:\/\/www.africa-press.net\/cotedivoire\/wp-json\/wp\/v2\/types\/post"}],"author":[{"embeddable":true,"href":"https:\/\/www.africa-press.net\/cotedivoire\/wp-json\/wp\/v2\/users\/82"}],"replies":[{"embeddable":true,"href":"https:\/\/www.africa-press.net\/cotedivoire\/wp-json\/wp\/v2\/comments?post=110113"}],"version-history":[{"count":0,"href":"https:\/\/www.africa-press.net\/cotedivoire\/wp-json\/wp\/v2\/posts\/110113\/revisions"}],"wp:featuredmedia":[{"embeddable":true,"href":"https:\/\/www.africa-press.net\/cotedivoire\/wp-json\/wp\/v2\/media\/110111"}],"wp:attachment":[{"href":"https:\/\/www.africa-press.net\/cotedivoire\/wp-json\/wp\/v2\/media?parent=110113"}],"wp:term":[{"taxonomy":"category","embeddable":true,"href":"https:\/\/www.africa-press.net\/cotedivoire\/wp-json\/wp\/v2\/categories?post=110113"},{"taxonomy":"post_tag","embeddable":true,"href":"https:\/\/www.africa-press.net\/cotedivoire\/wp-json\/wp\/v2\/tags?post=110113"}],"curies":[{"name":"wp","href":"https:\/\/api.w.org\/{rel}","templated":true}]}}