{"id":110115,"date":"2025-12-11T18:11:55","date_gmt":"2025-12-11T18:11:55","guid":{"rendered":"https:\/\/www.africa-press.net\/cotedivoire\/politique\/cote-divoire-et-usa-renforcent-le-dialogue-strategique"},"modified":"2025-12-11T18:30:37","modified_gmt":"2025-12-11T18:30:37","slug":"cote-divoire-et-usa-renforcent-le-dialogue-strategique","status":"publish","type":"post","link":"https:\/\/www.africa-press.net\/cotedivoire\/politique\/cote-divoire-et-usa-renforcent-le-dialogue-strategique","title":{"rendered":"C\u00f4te d&rsquo;Ivoire et USA Renforcent le Dialogue Strat\u00e9gique"},"content":{"rendered":"<p><span style=\"color: #ff6600\"><strong>Africa-Press &#8211; C\u00f4te d&rsquo;Ivoire. <\/strong><\/span>Le Ge\u0301ne\u0301ral de Corps d\u2019Arme\u0301e Lassina Doumbia, Chef d\u2019E\u0301tat-Major Ge\u0301ne\u0301ral des Arme\u0301es a accorde\u0301, ce mardi 9 de\u0301cembre 2025, dans la salle d\u2019honneur de l\u2019E\u0301tat-Major Ge\u0301ne\u0301ral des Arme\u0301es, une audience a\u0300 Monsieur William Steven, Sous-Secre\u0301taire d\u2019E\u0301tat adjoint du Bureau des Affaires africaines des E\u0301tats-Unis accompagne\u0301 de Mme Jessica Davis Ba, Ambassadrice des E\u0301tats-Unis en Co\u0302te d\u2019Ivoire.<\/p>\n<p>Ils e\u0301taient a\u0300 la te\u0302te d\u2019une importante de\u0301le\u0301gation compose\u0301e du Lieutenant-Colonel Thomas Dyrenforth, Attache\u0301 de De\u0301fense des Etats-Unis en Co\u0302te d\u2019Ivoire; du Lieutenant-Colonel Anthony Bowman, Chef du Bureau Afrique de l\u2019Ouest a\u0300 l\u2019US-AFRICOM ; ainsi que de M. Scott Haviland, Attache\u0301 politique de l\u2019Ambassade des E\u0301tats-Unis en Co\u0302te d\u2019Ivoire, rapporte une note des Forces Arme\u0301es de Co\u0302te d\u2019Ivoire (FACI) consulte\u0301e par KOACI.<\/p>\n<p>Cette visite s\u2019inscrit dans la dynamique d\u2019un dialogue strate\u0301gique renforce\u0301 entre Washington et Abidjan, axe\u0301 sur les enjeux se\u0301curitaires re\u0301gionaux et sur le partenariat militaire qui lie l\u2019Arme\u0301e ame\u0301ricaine aux Forces Arme\u0301es de Co\u0302te d\u2019Ivoire.<\/p>\n<p>En ouverture, le Commandant Otchelio Hugues Jocelyn du Cabinet du Chef d\u2019E\u0301tat-Major Ge\u0301ne\u0301ral des Arme\u0301es, a, au nom du Chef d\u2019Etat-Major Ge\u0301ne\u0301ral des Arme\u0301es, souhaite\u0301 la bienvenue aux visiteurs du jour tout en rappelant la qualite\u0301 de la coope\u0301ration bilate\u0301rale, marque\u0301e par des formations, des exercices conjoints, un appui logistique substantiel et un accompagnement constant ayant contribue\u0301 a\u0300 la monte\u0301e en puissance des FACI.<\/p>\n<p>Poursuivant les e\u0301changes, le Chef d\u2019E\u0301tat-Major Ge\u0301ne\u0301ral des Arme\u0301es s\u2019est fe\u0301licite\u0301 du niveau remarquable de coope\u0301ration entre les Forces Arme\u0301es de Co\u0302te d\u2019Ivoire et l\u2019Arme\u0301e ame\u0301ricaine ; une collaboration qui, au fil des anne\u0301es, a significativement renforce\u0301 les capacite\u0301s ope\u0301rationnelles et strate\u0301giques des FACI.<\/p>\n<p>Pour sa part, Monsieur William Steven a salue\u0301 cette dynamique constructive et a re\u0301affirme\u0301 la volonte\u0301 des E\u0301tats-Unis a\u0300 poursuivre et a\u0300 e\u0301largir ce partenariat, afin de faire face aux de\u0301fis se\u0301curitaires re\u0301gionaux.<\/p>\n<p>La rencontre s\u2019est acheve\u0301e par un geste symbolique, avec la remise d\u2019un tableau par les FACI au Sous-Secre\u0301taire d\u2019E\u0301tat adjoint, illustrant la solidite\u0301 d\u2019un partenariat en constante e\u0301volution.<\/p>\n<p><strong>Pour plus d&rsquo;informations et d&rsquo;analyses sur la <span style=\"color: #ff6600\">C\u00f4te d&rsquo;Ivoire<\/span>, suivez <span style=\"color: #ff6600\">Africa-Press<\/span><\/strong><\/p>\n","protected":false},"excerpt":{"rendered":"<p>Africa-Press &#8211; C\u00f4te d&rsquo;Ivoire. Le Ge\u0301ne\u0301ral de Corps d\u2019Arme\u0301e Lassina Doumbia, Chef d\u2019E\u0301tat-Major Ge\u0301ne\u0301ral des Arme\u0301es a accorde\u0301, ce mardi 9 de\u0301cembre 2025, dans la salle d\u2019honneur de l\u2019E\u0301tat-Major Ge\u0301ne\u0301ral des Arme\u0301es, une audience a\u0300 Monsieur William Steven, Sous-Secre\u0301taire d\u2019E\u0301tat adjoint du Bureau des Affaires africaines des E\u0301tats-Unis accompagne\u0301 de Mme Jessica Davis Ba, Ambassadrice [&hellip;]<\/p>\n","protected":false},"author":82,"featured_media":110114,"comment_status":"open","ping_status":"closed","sticky":false,"template":"","format":"standard","meta":{"footnotes":""},"categories":[2,20,10],"tags":[12443,164,29,1152,7257,1898,9222],"class_list":["post-110115","post","type-post","status-publish","format-standard","has-post-thumbnail","hentry","category-politique","category-top-nouvelles","category-toutes-les-actualites","tag-americaine","tag-armee","tag-cote-divoire","tag-faci","tag-ivoirienne","tag-lassina-doumbia","tag-strategique"],"yoast_head":"<!-- This site is optimized with the Yoast SEO Premium plugin v26.1 (Yoast SEO v27.0) - https:\/\/yoast.com\/product\/yoast-seo-premium-wordpress\/ -->\n<title>C\u00f4te d&#039;Ivoire et USA Renforcent le Dialogue Strat\u00e9gique - C\u00f4te d&#039;Ivoire<\/title>\n<meta name=\"description\" content=\"Le Ge\u0301ne\u0301ral de Corps d\u2019Arme\u0301e Lassina Doumbia, Chef d\u2019E\u0301tat-Major Ge\u0301ne\u0301ral des Arme\u0301es a accorde\u0301, ce mardi 9 de\u0301cembr ...\" \/>\n<meta name=\"robots\" content=\"index, follow, max-snippet:-1, max-image-preview:large, max-video-preview:-1\" \/>\n<link rel=\"canonical\" href=\"https:\/\/www.africa-press.net\/cotedivoire\/politique\/cote-divoire-et-usa-renforcent-le-dialogue-strategique\" \/>\n<meta property=\"og:locale\" content=\"fr_FR\" \/>\n<meta property=\"og:type\" content=\"article\" \/>\n<meta property=\"og:title\" content=\"C\u00f4te d&#039;Ivoire et USA Renforcent le Dialogue Strat\u00e9gique\" \/>\n<meta property=\"og:description\" content=\"Le Ge\u0301ne\u0301ral de Corps d\u2019Arme\u0301e Lassina Doumbia, Chef d\u2019E\u0301tat-Major Ge\u0301ne\u0301ral des Arme\u0301es a accorde\u0301, ce mardi 9 de\u0301cembr ...\" \/>\n<meta property=\"og:url\" content=\"https:\/\/www.africa-press.net\/cotedivoire\/politique\/cote-divoire-et-usa-renforcent-le-dialogue-strategique\" \/>\n<meta property=\"og:site_name\" content=\"C\u00f4te d&#039;Ivoire\" \/>\n<meta property=\"article:published_time\" content=\"2025-12-11T18:11:55+00:00\" \/>\n<meta property=\"article:modified_time\" content=\"2025-12-11T18:30:37+00:00\" \/>\n<meta property=\"og:image\" content=\"https:\/\/static.africa-press.net\/cote\/sites\/43\/2025\/12\/sm_1765465197.236119.jpg\" \/>\n\t<meta property=\"og:image:width\" content=\"720\" \/>\n\t<meta property=\"og:image:height\" content=\"450\" \/>\n\t<meta property=\"og:image:type\" content=\"image\/jpeg\" \/>\n<meta name=\"author\" content=\"cfeditorfr\" \/>\n<meta name=\"twitter:card\" content=\"summary_large_image\" \/>\n<meta name=\"twitter:label1\" content=\"\u00c9crit par\" \/>\n\t<meta name=\"twitter:data1\" content=\"cfeditorfr\" \/>\n\t<meta name=\"twitter:label2\" content=\"Dur\u00e9e de lecture estim\u00e9e\" \/>\n\t<meta name=\"twitter:data2\" content=\"2 minutes\" \/>\n<script type=\"application\/ld+json\" class=\"yoast-schema-graph\">{\"@context\":\"https:\/\/schema.org\",\"@graph\":[{\"@type\":\"Article\",\"@id\":\"https:\/\/www.africa-press.net\/cotedivoire\/politique\/cote-divoire-et-usa-renforcent-le-dialogue-strategique#article\",\"isPartOf\":{\"@id\":\"https:\/\/www.africa-press.net\/cotedivoire\/politique\/cote-divoire-et-usa-renforcent-le-dialogue-strategique\"},\"author\":{\"name\":\"cfeditorfr\",\"@id\":\"https:\/\/www.africa-press.net\/cotedivoire\/#\/schema\/person\/2b1cf3cd81a31e3cd26889ca66d677f1\"},\"headline\":\"C\u00f4te d&rsquo;Ivoire et USA Renforcent le Dialogue Strat\u00e9gique\",\"datePublished\":\"2025-12-11T18:11:55+00:00\",\"dateModified\":\"2025-12-11T18:30:37+00:00\",\"mainEntityOfPage\":{\"@id\":\"https:\/\/www.africa-press.net\/cotedivoire\/politique\/cote-divoire-et-usa-renforcent-le-dialogue-strategique\"},\"wordCount\":449,\"commentCount\":0,\"image\":{\"@id\":\"https:\/\/www.africa-press.net\/cotedivoire\/politique\/cote-divoire-et-usa-renforcent-le-dialogue-strategique#primaryimage\"},\"thumbnailUrl\":\"https:\/\/static.africa-press.net\/cote\/sites\/43\/2025\/12\/sm_1765465197.236119.jpg\",\"keywords\":[\"Am\u00e9ricaine\",\"Arm\u00e9e\",\"C\u00d4TE D'IVOIRE\",\"Faci\",\"ivoirienne\",\"Lassina Doumbia\",\"strat\u00e9gique\"],\"articleSection\":[\"Politique\",\"Top Nouvelles\",\"Toutes les actualit\u00e9s\"],\"inLanguage\":\"fr-FR\",\"potentialAction\":[{\"@type\":\"CommentAction\",\"name\":\"Comment\",\"target\":[\"https:\/\/www.africa-press.net\/cotedivoire\/politique\/cote-divoire-et-usa-renforcent-le-dialogue-strategique#respond\"]}]},{\"@type\":\"WebPage\",\"@id\":\"https:\/\/www.africa-press.net\/cotedivoire\/politique\/cote-divoire-et-usa-renforcent-le-dialogue-strategique\",\"url\":\"https:\/\/www.africa-press.net\/cotedivoire\/politique\/cote-divoire-et-usa-renforcent-le-dialogue-strategique\",\"name\":\"C\u00f4te d'Ivoire et USA Renforcent le Dialogue Strat\u00e9gique - C\u00f4te d&#039;Ivoire\",\"isPartOf\":{\"@id\":\"https:\/\/www.africa-press.net\/cotedivoire\/#website\"},\"primaryImageOfPage\":{\"@id\":\"https:\/\/www.africa-press.net\/cotedivoire\/politique\/cote-divoire-et-usa-renforcent-le-dialogue-strategique#primaryimage\"},\"image\":{\"@id\":\"https:\/\/www.africa-press.net\/cotedivoire\/politique\/cote-divoire-et-usa-renforcent-le-dialogue-strategique#primaryimage\"},\"thumbnailUrl\":\"https:\/\/static.africa-press.net\/cote\/sites\/43\/2025\/12\/sm_1765465197.236119.jpg\",\"datePublished\":\"2025-12-11T18:11:55+00:00\",\"dateModified\":\"2025-12-11T18:30:37+00:00\",\"author\":{\"@id\":\"https:\/\/www.africa-press.net\/cotedivoire\/#\/schema\/person\/2b1cf3cd81a31e3cd26889ca66d677f1\"},\"description\":\"Le Ge\u0301ne\u0301ral de Corps d\u2019Arme\u0301e Lassina Doumbia, Chef d\u2019E\u0301tat-Major Ge\u0301ne\u0301ral des Arme\u0301es a accorde\u0301, ce mardi 9 de\u0301cembr ...\",\"breadcrumb\":{\"@id\":\"https:\/\/www.africa-press.net\/cotedivoire\/politique\/cote-divoire-et-usa-renforcent-le-dialogue-strategique#breadcrumb\"},\"inLanguage\":\"fr-FR\",\"potentialAction\":[{\"@type\":\"ReadAction\",\"target\":[\"https:\/\/www.africa-press.net\/cotedivoire\/politique\/cote-divoire-et-usa-renforcent-le-dialogue-strategique\"]}]},{\"@type\":\"ImageObject\",\"inLanguage\":\"fr-FR\",\"@id\":\"https:\/\/www.africa-press.net\/cotedivoire\/politique\/cote-divoire-et-usa-renforcent-le-dialogue-strategique#primaryimage\",\"url\":\"https:\/\/static.africa-press.net\/cote\/sites\/43\/2025\/12\/sm_1765465197.236119.jpg\",\"contentUrl\":\"https:\/\/static.africa-press.net\/cote\/sites\/43\/2025\/12\/sm_1765465197.236119.jpg\",\"width\":720,\"height\":450,\"caption\":\"C\u00f4te d'Ivoire et USA Renforcent le Dialogue Strat\u00e9gique\"},{\"@type\":\"BreadcrumbList\",\"@id\":\"https:\/\/www.africa-press.net\/cotedivoire\/politique\/cote-divoire-et-usa-renforcent-le-dialogue-strategique#breadcrumb\",\"itemListElement\":[{\"@type\":\"ListItem\",\"position\":1,\"name\":\"Accueil\",\"item\":\"https:\/\/www.africa-press.net\/cotedivoire\/\"},{\"@type\":\"ListItem\",\"position\":2,\"name\":\"C\u00f4te d&#8217;Ivoire et USA Renforcent le Dialogue Strat\u00e9gique\"}]},{\"@type\":\"WebSite\",\"@id\":\"https:\/\/www.africa-press.net\/cotedivoire\/#website\",\"url\":\"https:\/\/www.africa-press.net\/cotedivoire\/\",\"name\":\"C\u00f4te d&#039;Ivoire\",\"description\":\"Just another Africa News Agency Sites site\",\"potentialAction\":[{\"@type\":\"SearchAction\",\"target\":{\"@type\":\"EntryPoint\",\"urlTemplate\":\"https:\/\/www.africa-press.net\/cotedivoire\/?s={search_term_string}\"},\"query-input\":{\"@type\":\"PropertyValueSpecification\",\"valueRequired\":true,\"valueName\":\"search_term_string\"}}],\"inLanguage\":\"fr-FR\"},{\"@type\":\"Person\",\"@id\":\"https:\/\/www.africa-press.net\/cotedivoire\/#\/schema\/person\/2b1cf3cd81a31e3cd26889ca66d677f1\",\"name\":\"cfeditorfr\"}]}<\/script>\n<!-- \/ Yoast SEO Premium plugin. -->","yoast_head_json":{"title":"C\u00f4te d'Ivoire et USA Renforcent le Dialogue Strat\u00e9gique - C\u00f4te d&#039;Ivoire","description":"Le Ge\u0301ne\u0301ral de Corps d\u2019Arme\u0301e Lassina Doumbia, Chef d\u2019E\u0301tat-Major Ge\u0301ne\u0301ral des Arme\u0301es a accorde\u0301, ce mardi 9 de\u0301cembr ...","robots":{"index":"index","follow":"follow","max-snippet":"max-snippet:-1","max-image-preview":"max-image-preview:large","max-video-preview":"max-video-preview:-1"},"canonical":"https:\/\/www.africa-press.net\/cotedivoire\/politique\/cote-divoire-et-usa-renforcent-le-dialogue-strategique","og_locale":"fr_FR","og_type":"article","og_title":"C\u00f4te d'Ivoire et USA Renforcent le Dialogue Strat\u00e9gique","og_description":"Le Ge\u0301ne\u0301ral de Corps d\u2019Arme\u0301e Lassina Doumbia, Chef d\u2019E\u0301tat-Major Ge\u0301ne\u0301ral des Arme\u0301es a accorde\u0301, ce mardi 9 de\u0301cembr ...","og_url":"https:\/\/www.africa-press.net\/cotedivoire\/politique\/cote-divoire-et-usa-renforcent-le-dialogue-strategique","og_site_name":"C\u00f4te d&#039;Ivoire","article_published_time":"2025-12-11T18:11:55+00:00","article_modified_time":"2025-12-11T18:30:37+00:00","og_image":[{"width":720,"height":450,"url":"https:\/\/static.africa-press.net\/cote\/sites\/43\/2025\/12\/sm_1765465197.236119.jpg","type":"image\/jpeg"}],"author":"cfeditorfr","twitter_card":"summary_large_image","twitter_misc":{"\u00c9crit par":"cfeditorfr","Dur\u00e9e de lecture estim\u00e9e":"2 minutes"},"schema":{"@context":"https:\/\/schema.org","@graph":[{"@type":"Article","@id":"https:\/\/www.africa-press.net\/cotedivoire\/politique\/cote-divoire-et-usa-renforcent-le-dialogue-strategique#article","isPartOf":{"@id":"https:\/\/www.africa-press.net\/cotedivoire\/politique\/cote-divoire-et-usa-renforcent-le-dialogue-strategique"},"author":{"name":"cfeditorfr","@id":"https:\/\/www.africa-press.net\/cotedivoire\/#\/schema\/person\/2b1cf3cd81a31e3cd26889ca66d677f1"},"headline":"C\u00f4te d&rsquo;Ivoire et USA Renforcent le Dialogue Strat\u00e9gique","datePublished":"2025-12-11T18:11:55+00:00","dateModified":"2025-12-11T18:30:37+00:00","mainEntityOfPage":{"@id":"https:\/\/www.africa-press.net\/cotedivoire\/politique\/cote-divoire-et-usa-renforcent-le-dialogue-strategique"},"wordCount":449,"commentCount":0,"image":{"@id":"https:\/\/www.africa-press.net\/cotedivoire\/politique\/cote-divoire-et-usa-renforcent-le-dialogue-strategique#primaryimage"},"thumbnailUrl":"https:\/\/static.africa-press.net\/cote\/sites\/43\/2025\/12\/sm_1765465197.236119.jpg","keywords":["Am\u00e9ricaine","Arm\u00e9e","C\u00d4TE D'IVOIRE","Faci","ivoirienne","Lassina Doumbia","strat\u00e9gique"],"articleSection":["Politique","Top Nouvelles","Toutes les actualit\u00e9s"],"inLanguage":"fr-FR","potentialAction":[{"@type":"CommentAction","name":"Comment","target":["https:\/\/www.africa-press.net\/cotedivoire\/politique\/cote-divoire-et-usa-renforcent-le-dialogue-strategique#respond"]}]},{"@type":"WebPage","@id":"https:\/\/www.africa-press.net\/cotedivoire\/politique\/cote-divoire-et-usa-renforcent-le-dialogue-strategique","url":"https:\/\/www.africa-press.net\/cotedivoire\/politique\/cote-divoire-et-usa-renforcent-le-dialogue-strategique","name":"C\u00f4te d'Ivoire et USA Renforcent le Dialogue Strat\u00e9gique - C\u00f4te d&#039;Ivoire","isPartOf":{"@id":"https:\/\/www.africa-press.net\/cotedivoire\/#website"},"primaryImageOfPage":{"@id":"https:\/\/www.africa-press.net\/cotedivoire\/politique\/cote-divoire-et-usa-renforcent-le-dialogue-strategique#primaryimage"},"image":{"@id":"https:\/\/www.africa-press.net\/cotedivoire\/politique\/cote-divoire-et-usa-renforcent-le-dialogue-strategique#primaryimage"},"thumbnailUrl":"https:\/\/static.africa-press.net\/cote\/sites\/43\/2025\/12\/sm_1765465197.236119.jpg","datePublished":"2025-12-11T18:11:55+00:00","dateModified":"2025-12-11T18:30:37+00:00","author":{"@id":"https:\/\/www.africa-press.net\/cotedivoire\/#\/schema\/person\/2b1cf3cd81a31e3cd26889ca66d677f1"},"description":"Le Ge\u0301ne\u0301ral de Corps d\u2019Arme\u0301e Lassina Doumbia, Chef d\u2019E\u0301tat-Major Ge\u0301ne\u0301ral des Arme\u0301es a accorde\u0301, ce mardi 9 de\u0301cembr ...","breadcrumb":{"@id":"https:\/\/www.africa-press.net\/cotedivoire\/politique\/cote-divoire-et-usa-renforcent-le-dialogue-strategique#breadcrumb"},"inLanguage":"fr-FR","potentialAction":[{"@type":"ReadAction","target":["https:\/\/www.africa-press.net\/cotedivoire\/politique\/cote-divoire-et-usa-renforcent-le-dialogue-strategique"]}]},{"@type":"ImageObject","inLanguage":"fr-FR","@id":"https:\/\/www.africa-press.net\/cotedivoire\/politique\/cote-divoire-et-usa-renforcent-le-dialogue-strategique#primaryimage","url":"https:\/\/static.africa-press.net\/cote\/sites\/43\/2025\/12\/sm_1765465197.236119.jpg","contentUrl":"https:\/\/static.africa-press.net\/cote\/sites\/43\/2025\/12\/sm_1765465197.236119.jpg","width":720,"height":450,"caption":"C\u00f4te d'Ivoire et USA Renforcent le Dialogue Strat\u00e9gique"},{"@type":"BreadcrumbList","@id":"https:\/\/www.africa-press.net\/cotedivoire\/politique\/cote-divoire-et-usa-renforcent-le-dialogue-strategique#breadcrumb","itemListElement":[{"@type":"ListItem","position":1,"name":"Accueil","item":"https:\/\/www.africa-press.net\/cotedivoire\/"},{"@type":"ListItem","position":2,"name":"C\u00f4te d&#8217;Ivoire et USA Renforcent le Dialogue Strat\u00e9gique"}]},{"@type":"WebSite","@id":"https:\/\/www.africa-press.net\/cotedivoire\/#website","url":"https:\/\/www.africa-press.net\/cotedivoire\/","name":"C\u00f4te d&#039;Ivoire","description":"Just another Africa News Agency Sites site","potentialAction":[{"@type":"SearchAction","target":{"@type":"EntryPoint","urlTemplate":"https:\/\/www.africa-press.net\/cotedivoire\/?s={search_term_string}"},"query-input":{"@type":"PropertyValueSpecification","valueRequired":true,"valueName":"search_term_string"}}],"inLanguage":"fr-FR"},{"@type":"Person","@id":"https:\/\/www.africa-press.net\/cotedivoire\/#\/schema\/person\/2b1cf3cd81a31e3cd26889ca66d677f1","name":"cfeditorfr"}]}},"_links":{"self":[{"href":"https:\/\/www.africa-press.net\/cotedivoire\/wp-json\/wp\/v2\/posts\/110115","targetHints":{"allow":["GET"]}}],"collection":[{"href":"https:\/\/www.africa-press.net\/cotedivoire\/wp-json\/wp\/v2\/posts"}],"about":[{"href":"https:\/\/www.africa-press.net\/cotedivoire\/wp-json\/wp\/v2\/types\/post"}],"author":[{"embeddable":true,"href":"https:\/\/www.africa-press.net\/cotedivoire\/wp-json\/wp\/v2\/users\/82"}],"replies":[{"embeddable":true,"href":"https:\/\/www.africa-press.net\/cotedivoire\/wp-json\/wp\/v2\/comments?post=110115"}],"version-history":[{"count":0,"href":"https:\/\/www.africa-press.net\/cotedivoire\/wp-json\/wp\/v2\/posts\/110115\/revisions"}],"wp:featuredmedia":[{"embeddable":true,"href":"https:\/\/www.africa-press.net\/cotedivoire\/wp-json\/wp\/v2\/media\/110114"}],"wp:attachment":[{"href":"https:\/\/www.africa-press.net\/cotedivoire\/wp-json\/wp\/v2\/media?parent=110115"}],"wp:term":[{"taxonomy":"category","embeddable":true,"href":"https:\/\/www.africa-press.net\/cotedivoire\/wp-json\/wp\/v2\/categories?post=110115"},{"taxonomy":"post_tag","embeddable":true,"href":"https:\/\/www.africa-press.net\/cotedivoire\/wp-json\/wp\/v2\/tags?post=110115"}],"curies":[{"name":"wp","href":"https:\/\/api.w.org\/{rel}","templated":true}]}}