{"id":11014,"date":"2021-08-08T17:55:00","date_gmt":"2021-08-08T17:55:00","guid":{"rendered":"https:\/\/www.africa-press.net\/cotedivoire\/?p=11014"},"modified":"2021-08-08T18:32:04","modified_gmt":"2021-08-08T18:32:04","slug":"rti-frat-mat-aip-sont-elles-otages-des-pouvoirs-successifs","status":"publish","type":"post","link":"https:\/\/www.africa-press.net\/cotedivoire\/politique\/rti-frat-mat-aip-sont-elles-otages-des-pouvoirs-successifs","title":{"rendered":"RTI, Frat Mat, AIP sont-elles otages des pouvoirs successifs ?"},"content":{"rendered":"<p><span style=\"color: #ff6600\"><strong><a href=\"https:\/\/www.africa-press.net\/\">Africa-Press<\/a> &#8211; <a href=\"https:\/\/www.africa-press.net\/cotedivoire\">C\u00f4te d&rsquo;Ivoire<\/a>. <\/strong><\/span>Afin d\u2019avoir un jeu politique \u00e9quilibr\u00e9 et \u00e9viter les frustrations, l\u2019injustice, je propose que la t\u00e9l\u00e9vision, l\u2019agence ivoirienne de presse mais aussi Frat Mat et la Radio soient totalement lib\u00e9r\u00e9es des jougs politiques partisanes. Ici aux USA, la plupart des cha\u00eenes de t\u00e9l\u00e9visions priv\u00e9es sont affili\u00e9es \u00e0 des partis politiques. Par exemple, la CNN est d\u2019ob\u00e9dience d\u00e9mocrate alors que la Fox News est d\u2019ob\u00e9dience r\u00e9publicaine. Il en est de m\u00eame pour les journaux \u00e9crits.<\/p>\n<p>En C\u00f4te d\u2019Ivoire, La RTI devient une cha\u00eene du parti au pouvoir chaque fois qu\u2019il y a un nouveau pr\u00e9sident. Hier, c\u2019\u00e9tait le PDCI, puis le FPI et aujourd\u2019hui c\u2019est le RDR. Ce n\u2019est pas la faute \u00e0 ces partis politiques mais \u00e7a a toujours \u00e9t\u00e9 ainsi sans que \u00e7a ne d\u00e9range personne alors que source de beaucoup de frustrationss. Je n\u2019accuse donc pas les partis qui \u00e9taient hier au pouvoir ni le parti qui est actuellement au pouvoir. A la CND, Conscience Nationale pour le D\u00e9veloppement, on ne s\u2019en prend \u00e0 personne. C\u2019est le syst\u00e8me dans son ensemble que nous d\u00e9non\u00e7ons.<\/p>\n<p>Notre syst\u00e8me politique et administratif comporte trop de germes d\u2019injustice et cela ne d\u00e9range personne mais cr\u00e9e des probl\u00e8mes pourtant. Le parti au pouvoir profite des retomb\u00e9es, manipule le syst\u00e8me comme l\u2019ont fait les pr\u00e9c\u00e9dents partis au pouvoir. C\u2019est donc de bonne guerre. Vous comprenez donc que ce n\u2019est pas la faute au RDR si pendant son r\u00e8gne actuel la RTI, la Radio et Frat Mat sont sous ses ordres. Notre syst\u00e8me a toujours fonctionn\u00e9 comme cela. Il faut qu\u2019une partie ait le courage de mettre fin \u00e0 cette injustice.<\/p>\n<p>A la CND, nous disons que chaque chose a un temps du d\u00e9but jusqu\u2019\u00e0 la fin. Il est temps de corriger cette injustice . Ces cha\u00eenes de m\u00e9dias publics sont financ\u00e9es sur fonds du contribuable ivoirien mais tous les ivoiriens n\u2019en profitent pas \u00e9quitablement. C\u2019est au niveau politique que cette injustice est frappante. Les activit\u00e9s des partis d\u2019opposition ne sont pas couvertes par la RTI, ni la Radio encore moins Frat Mat alors que le parti au pouvoir en fait son domaine de propri\u00e9t\u00e9 priv\u00e9e. Si elles veulent en parler, c\u2019est juste pour ironiser, minimiser et banaliser. Le PDCI et le FPI ne se plaignent \u00e0 peine car ils savent et se souviennent de ce qu\u2019ils ont fait hier au RDR.<\/p>\n<p>En tant que soci\u00e9t\u00e9 civile, nous estimons qu\u2019il y a frustration alors qu\u2019on parle de r\u00e9conciliation. Quel est ce pays o\u00f9 certains pleurent et d\u2019autres sont contents du malheur des autres et vice versa? Demain le RDR perd le pouvoir, il aura les m\u00eames probl\u00e8mes que les partis d\u2019opposition ont actuellement et cela n\u2019est pas normal car ces cha\u00eenes publiques sont des biens communs pour tous les citoyens. R\u00e9gler l\u2019injustice c\u2019est aller vers la d\u00e9mocratie, un pays de droit o\u00f9 tous les citoyens sont \u00e9gaux devant la loi. Je me demande bien si les travailleurs de la RTI, de Frat Mat et de la Radio sont vraiment libres avec leur conscience en tant que professionnels mais aussi en tant qu\u2019 intellectuels pour certains d\u2019entre eux. J\u2019ai d\u00e9nonc\u00e9 ceci au temps du r\u00e8gne du PDCI mais aussi au temps du r\u00e8gne du FPI. Nous devons \u00eatre murs dans nos mentalit\u00e9s.<\/p>\n<p>R\u00e9cemment les pr\u00e9sidents B\u00e9di\u00e9 et Gbagbo ont pass\u00e9 une semaine ensemble \u00e0 Daoukro. Aucun m\u00e9dia d\u2019\u00c9tat n\u2019a eu le courage de couvrir leurs activit\u00e9s alors qu\u2019il y avait grand monde. Est ce normal pour des m\u00e9dias publics pour lesquels tous les travailleurs de C\u00f4te cotisent malgr\u00e9 eux? Notre syst\u00e8me contient trop de germes d\u2019injustice et il faut que cela soit corrig\u00e9. Je comprends l\u2019autre raison pour laquelle tous ces hommes politiques opposition et pouvoir se battent pour avoir le pouvoir parce que l\u2019une des retomb\u00e9es c\u2019est le contr\u00f4le des m\u00e9dias d\u2019\u00e9tat notamment la RTI, la Radio et Frat Mat.<\/p>\n<p>Il est vivement temps d\u2019ailleurs que chaque parti politique ait sa propre cha\u00eene de t\u00e9l\u00e9vision un peu comme ici aux USA. Ici il y a des cha\u00eenes ind\u00e9pendantes, libres, des cha\u00eenes affili\u00e9es \u00e0 des partis politiques et donc les cha\u00eenes publiques jouent convenablement leurs r\u00f4les d\u2019\u00e9claireurs publiques. J\u2019invite les partis d\u2019opposition et le parti au pouvoir \u00e0 y r\u00e9fl\u00e9chir s\u00e9rieusement. Tout le monde dit aimer le pays mais personne n\u2019est pr\u00eat \u00e0 c\u00e9der quoi que ce soit pour qu\u2019il ait une r\u00e9conciliation, une paix d\u00e9finitive.<\/p>\n<p>Hier j\u2019ai d\u00e9nonc\u00e9 la constitution qui est personnelle avec les pouvoirs excessifs de l\u2019ex\u00e9cutif. Aujourd\u2019hui je d\u00e9nonce l\u2019usage abusif de nos m\u00e9dias d\u2019\u00c9tat par le parti qui parvient \u00e0 \u00eatre au pouvoir. Pourquoi, 12 mois avant les \u00e9lections pr\u00e9sidentielles prochaines, on ne travaillerait pas s\u00e9rieusement et \u00e9quitablement sur ces questions avant d\u2019aller aux \u00e9lections sans palabres? Souvenons-nous que les m\u00eames causes produisent toujours les m\u00eames effets.<\/p>\n<p>&nbsp;<\/p>\n","protected":false},"excerpt":{"rendered":"<p>Africa-Press &#8211; C\u00f4te d&rsquo;Ivoire. Afin d\u2019avoir un jeu politique \u00e9quilibr\u00e9 et \u00e9viter les frustrations, l\u2019injustice, je propose que la t\u00e9l\u00e9vision, l\u2019agence ivoirienne de presse mais aussi Frat Mat et la Radio soient totalement lib\u00e9r\u00e9es des jougs politiques partisanes. Ici aux USA, la plupart des cha\u00eenes de t\u00e9l\u00e9visions priv\u00e9es sont affili\u00e9es \u00e0 des partis politiques. Par [&hellip;]<\/p>\n","protected":false},"author":82,"featured_media":11013,"comment_status":"open","ping_status":"closed","sticky":false,"template":"","format":"standard","meta":{"footnotes":""},"categories":[11,2,10],"tags":[56,63,29],"class_list":["post-11014","post","type-post","status-publish","format-standard","has-post-thumbnail","hentry","category-homepage-french","category-politique","category-toutes-les-actualites","tag-africa-press","tag-africa-press-cote-divoire","tag-cote-divoire"],"yoast_head":"<!-- This site is optimized with the Yoast SEO Premium plugin v26.1 (Yoast SEO v27.0) - https:\/\/yoast.com\/product\/yoast-seo-premium-wordpress\/ -->\n<title>RTI, Frat Mat, AIP sont-elles otages des pouvoirs successifs ? - C\u00f4te d&#039;Ivoire<\/title>\n<meta name=\"description\" content=\"Afin d\u2019avoir un jeu politique \u00e9quilibr\u00e9 et \u00e9viter les frustrations, l\u2019injustice, je propose que la t\u00e9l\u00e9vision, l\u2019agence ...\" \/>\n<meta name=\"robots\" content=\"index, follow, max-snippet:-1, max-image-preview:large, max-video-preview:-1\" \/>\n<link rel=\"canonical\" href=\"https:\/\/www.africa-press.net\/cotedivoire\/politique\/rti-frat-mat-aip-sont-elles-otages-des-pouvoirs-successifs\" \/>\n<meta property=\"og:locale\" content=\"fr_FR\" \/>\n<meta property=\"og:type\" content=\"article\" \/>\n<meta property=\"og:title\" content=\"RTI, Frat Mat, AIP sont-elles otages des pouvoirs successifs ?\" \/>\n<meta property=\"og:description\" content=\"Afin d\u2019avoir un jeu politique \u00e9quilibr\u00e9 et \u00e9viter les frustrations, l\u2019injustice, je propose que la t\u00e9l\u00e9vision, l\u2019agence ...\" \/>\n<meta property=\"og:url\" content=\"https:\/\/www.africa-press.net\/cotedivoire\/politique\/rti-frat-mat-aip-sont-elles-otages-des-pouvoirs-successifs\" \/>\n<meta property=\"og:site_name\" content=\"C\u00f4te d&#039;Ivoire\" \/>\n<meta property=\"article:published_time\" content=\"2021-08-08T17:55:00+00:00\" \/>\n<meta property=\"article:modified_time\" content=\"2021-08-08T18:32:04+00:00\" \/>\n<meta property=\"og:image\" content=\"https:\/\/static.africa-press.net\/cote\/sites\/43\/2021\/08\/img-611015c9247da.jpg\" \/>\n\t<meta property=\"og:image:width\" content=\"1024\" \/>\n\t<meta property=\"og:image:height\" content=\"682\" \/>\n\t<meta property=\"og:image:type\" content=\"image\/jpeg\" \/>\n<meta name=\"author\" content=\"cfeditorfr\" \/>\n<meta name=\"twitter:card\" content=\"summary_large_image\" \/>\n<meta name=\"twitter:label1\" content=\"\u00c9crit par\" \/>\n\t<meta name=\"twitter:data1\" content=\"cfeditorfr\" \/>\n\t<meta name=\"twitter:label2\" content=\"Dur\u00e9e de lecture estim\u00e9e\" \/>\n\t<meta name=\"twitter:data2\" content=\"5 minutes\" \/>\n<script type=\"application\/ld+json\" class=\"yoast-schema-graph\">{\"@context\":\"https:\/\/schema.org\",\"@graph\":[{\"@type\":\"Article\",\"@id\":\"https:\/\/www.africa-press.net\/cotedivoire\/politique\/rti-frat-mat-aip-sont-elles-otages-des-pouvoirs-successifs#article\",\"isPartOf\":{\"@id\":\"https:\/\/www.africa-press.net\/cotedivoire\/politique\/rti-frat-mat-aip-sont-elles-otages-des-pouvoirs-successifs\"},\"author\":{\"name\":\"cfeditorfr\",\"@id\":\"https:\/\/www.africa-press.net\/cotedivoire\/#\/schema\/person\/2b1cf3cd81a31e3cd26889ca66d677f1\"},\"headline\":\"RTI, Frat Mat, AIP sont-elles otages des pouvoirs successifs ?\",\"datePublished\":\"2021-08-08T17:55:00+00:00\",\"dateModified\":\"2021-08-08T18:32:04+00:00\",\"mainEntityOfPage\":{\"@id\":\"https:\/\/www.africa-press.net\/cotedivoire\/politique\/rti-frat-mat-aip-sont-elles-otages-des-pouvoirs-successifs\"},\"wordCount\":928,\"commentCount\":0,\"image\":{\"@id\":\"https:\/\/www.africa-press.net\/cotedivoire\/politique\/rti-frat-mat-aip-sont-elles-otages-des-pouvoirs-successifs#primaryimage\"},\"thumbnailUrl\":\"https:\/\/static.africa-press.net\/cote\/sites\/43\/2021\/08\/img-611015c9247da.jpg\",\"keywords\":[\"Africa Press\",\"Africa Press-C\u00f4te d'Ivoire\",\"C\u00d4TE D'IVOIRE\"],\"articleSection\":[\"homepage-french\",\"Politique\",\"Toutes les actualit\u00e9s\"],\"inLanguage\":\"fr-FR\",\"potentialAction\":[{\"@type\":\"CommentAction\",\"name\":\"Comment\",\"target\":[\"https:\/\/www.africa-press.net\/cotedivoire\/politique\/rti-frat-mat-aip-sont-elles-otages-des-pouvoirs-successifs#respond\"]}]},{\"@type\":\"WebPage\",\"@id\":\"https:\/\/www.africa-press.net\/cotedivoire\/politique\/rti-frat-mat-aip-sont-elles-otages-des-pouvoirs-successifs\",\"url\":\"https:\/\/www.africa-press.net\/cotedivoire\/politique\/rti-frat-mat-aip-sont-elles-otages-des-pouvoirs-successifs\",\"name\":\"RTI, Frat Mat, AIP sont-elles otages des pouvoirs successifs ? - C\u00f4te d&#039;Ivoire\",\"isPartOf\":{\"@id\":\"https:\/\/www.africa-press.net\/cotedivoire\/#website\"},\"primaryImageOfPage\":{\"@id\":\"https:\/\/www.africa-press.net\/cotedivoire\/politique\/rti-frat-mat-aip-sont-elles-otages-des-pouvoirs-successifs#primaryimage\"},\"image\":{\"@id\":\"https:\/\/www.africa-press.net\/cotedivoire\/politique\/rti-frat-mat-aip-sont-elles-otages-des-pouvoirs-successifs#primaryimage\"},\"thumbnailUrl\":\"https:\/\/static.africa-press.net\/cote\/sites\/43\/2021\/08\/img-611015c9247da.jpg\",\"datePublished\":\"2021-08-08T17:55:00+00:00\",\"dateModified\":\"2021-08-08T18:32:04+00:00\",\"author\":{\"@id\":\"https:\/\/www.africa-press.net\/cotedivoire\/#\/schema\/person\/2b1cf3cd81a31e3cd26889ca66d677f1\"},\"description\":\"Afin d\u2019avoir un jeu politique \u00e9quilibr\u00e9 et \u00e9viter les frustrations, l\u2019injustice, je propose que la t\u00e9l\u00e9vision, l\u2019agence ...\",\"breadcrumb\":{\"@id\":\"https:\/\/www.africa-press.net\/cotedivoire\/politique\/rti-frat-mat-aip-sont-elles-otages-des-pouvoirs-successifs#breadcrumb\"},\"inLanguage\":\"fr-FR\",\"potentialAction\":[{\"@type\":\"ReadAction\",\"target\":[\"https:\/\/www.africa-press.net\/cotedivoire\/politique\/rti-frat-mat-aip-sont-elles-otages-des-pouvoirs-successifs\"]}]},{\"@type\":\"ImageObject\",\"inLanguage\":\"fr-FR\",\"@id\":\"https:\/\/www.africa-press.net\/cotedivoire\/politique\/rti-frat-mat-aip-sont-elles-otages-des-pouvoirs-successifs#primaryimage\",\"url\":\"https:\/\/static.africa-press.net\/cote\/sites\/43\/2021\/08\/img-611015c9247da.jpg\",\"contentUrl\":\"https:\/\/static.africa-press.net\/cote\/sites\/43\/2021\/08\/img-611015c9247da.jpg\",\"width\":1024,\"height\":682,\"caption\":\"RTI, Frat Mat, AIP sont-elles otages des pouvoirs successifs ?\"},{\"@type\":\"BreadcrumbList\",\"@id\":\"https:\/\/www.africa-press.net\/cotedivoire\/politique\/rti-frat-mat-aip-sont-elles-otages-des-pouvoirs-successifs#breadcrumb\",\"itemListElement\":[{\"@type\":\"ListItem\",\"position\":1,\"name\":\"Accueil\",\"item\":\"https:\/\/www.africa-press.net\/cotedivoire\/\"},{\"@type\":\"ListItem\",\"position\":2,\"name\":\"RTI, Frat Mat, AIP sont-elles otages des pouvoirs successifs ?\"}]},{\"@type\":\"WebSite\",\"@id\":\"https:\/\/www.africa-press.net\/cotedivoire\/#website\",\"url\":\"https:\/\/www.africa-press.net\/cotedivoire\/\",\"name\":\"C\u00f4te d&#039;Ivoire\",\"description\":\"Just another Africa News Agency Sites site\",\"potentialAction\":[{\"@type\":\"SearchAction\",\"target\":{\"@type\":\"EntryPoint\",\"urlTemplate\":\"https:\/\/www.africa-press.net\/cotedivoire\/?s={search_term_string}\"},\"query-input\":{\"@type\":\"PropertyValueSpecification\",\"valueRequired\":true,\"valueName\":\"search_term_string\"}}],\"inLanguage\":\"fr-FR\"},{\"@type\":\"Person\",\"@id\":\"https:\/\/www.africa-press.net\/cotedivoire\/#\/schema\/person\/2b1cf3cd81a31e3cd26889ca66d677f1\",\"name\":\"cfeditorfr\"}]}<\/script>\n<!-- \/ Yoast SEO Premium plugin. -->","yoast_head_json":{"title":"RTI, Frat Mat, AIP sont-elles otages des pouvoirs successifs ? - C\u00f4te d&#039;Ivoire","description":"Afin d\u2019avoir un jeu politique \u00e9quilibr\u00e9 et \u00e9viter les frustrations, l\u2019injustice, je propose que la t\u00e9l\u00e9vision, l\u2019agence ...","robots":{"index":"index","follow":"follow","max-snippet":"max-snippet:-1","max-image-preview":"max-image-preview:large","max-video-preview":"max-video-preview:-1"},"canonical":"https:\/\/www.africa-press.net\/cotedivoire\/politique\/rti-frat-mat-aip-sont-elles-otages-des-pouvoirs-successifs","og_locale":"fr_FR","og_type":"article","og_title":"RTI, Frat Mat, AIP sont-elles otages des pouvoirs successifs ?","og_description":"Afin d\u2019avoir un jeu politique \u00e9quilibr\u00e9 et \u00e9viter les frustrations, l\u2019injustice, je propose que la t\u00e9l\u00e9vision, l\u2019agence ...","og_url":"https:\/\/www.africa-press.net\/cotedivoire\/politique\/rti-frat-mat-aip-sont-elles-otages-des-pouvoirs-successifs","og_site_name":"C\u00f4te d&#039;Ivoire","article_published_time":"2021-08-08T17:55:00+00:00","article_modified_time":"2021-08-08T18:32:04+00:00","og_image":[{"width":1024,"height":682,"url":"https:\/\/static.africa-press.net\/cote\/sites\/43\/2021\/08\/img-611015c9247da.jpg","type":"image\/jpeg"}],"author":"cfeditorfr","twitter_card":"summary_large_image","twitter_misc":{"\u00c9crit par":"cfeditorfr","Dur\u00e9e de lecture estim\u00e9e":"5 minutes"},"schema":{"@context":"https:\/\/schema.org","@graph":[{"@type":"Article","@id":"https:\/\/www.africa-press.net\/cotedivoire\/politique\/rti-frat-mat-aip-sont-elles-otages-des-pouvoirs-successifs#article","isPartOf":{"@id":"https:\/\/www.africa-press.net\/cotedivoire\/politique\/rti-frat-mat-aip-sont-elles-otages-des-pouvoirs-successifs"},"author":{"name":"cfeditorfr","@id":"https:\/\/www.africa-press.net\/cotedivoire\/#\/schema\/person\/2b1cf3cd81a31e3cd26889ca66d677f1"},"headline":"RTI, Frat Mat, AIP sont-elles otages des pouvoirs successifs ?","datePublished":"2021-08-08T17:55:00+00:00","dateModified":"2021-08-08T18:32:04+00:00","mainEntityOfPage":{"@id":"https:\/\/www.africa-press.net\/cotedivoire\/politique\/rti-frat-mat-aip-sont-elles-otages-des-pouvoirs-successifs"},"wordCount":928,"commentCount":0,"image":{"@id":"https:\/\/www.africa-press.net\/cotedivoire\/politique\/rti-frat-mat-aip-sont-elles-otages-des-pouvoirs-successifs#primaryimage"},"thumbnailUrl":"https:\/\/static.africa-press.net\/cote\/sites\/43\/2021\/08\/img-611015c9247da.jpg","keywords":["Africa Press","Africa Press-C\u00f4te d'Ivoire","C\u00d4TE D'IVOIRE"],"articleSection":["homepage-french","Politique","Toutes les actualit\u00e9s"],"inLanguage":"fr-FR","potentialAction":[{"@type":"CommentAction","name":"Comment","target":["https:\/\/www.africa-press.net\/cotedivoire\/politique\/rti-frat-mat-aip-sont-elles-otages-des-pouvoirs-successifs#respond"]}]},{"@type":"WebPage","@id":"https:\/\/www.africa-press.net\/cotedivoire\/politique\/rti-frat-mat-aip-sont-elles-otages-des-pouvoirs-successifs","url":"https:\/\/www.africa-press.net\/cotedivoire\/politique\/rti-frat-mat-aip-sont-elles-otages-des-pouvoirs-successifs","name":"RTI, Frat Mat, AIP sont-elles otages des pouvoirs successifs ? - C\u00f4te d&#039;Ivoire","isPartOf":{"@id":"https:\/\/www.africa-press.net\/cotedivoire\/#website"},"primaryImageOfPage":{"@id":"https:\/\/www.africa-press.net\/cotedivoire\/politique\/rti-frat-mat-aip-sont-elles-otages-des-pouvoirs-successifs#primaryimage"},"image":{"@id":"https:\/\/www.africa-press.net\/cotedivoire\/politique\/rti-frat-mat-aip-sont-elles-otages-des-pouvoirs-successifs#primaryimage"},"thumbnailUrl":"https:\/\/static.africa-press.net\/cote\/sites\/43\/2021\/08\/img-611015c9247da.jpg","datePublished":"2021-08-08T17:55:00+00:00","dateModified":"2021-08-08T18:32:04+00:00","author":{"@id":"https:\/\/www.africa-press.net\/cotedivoire\/#\/schema\/person\/2b1cf3cd81a31e3cd26889ca66d677f1"},"description":"Afin d\u2019avoir un jeu politique \u00e9quilibr\u00e9 et \u00e9viter les frustrations, l\u2019injustice, je propose que la t\u00e9l\u00e9vision, l\u2019agence ...","breadcrumb":{"@id":"https:\/\/www.africa-press.net\/cotedivoire\/politique\/rti-frat-mat-aip-sont-elles-otages-des-pouvoirs-successifs#breadcrumb"},"inLanguage":"fr-FR","potentialAction":[{"@type":"ReadAction","target":["https:\/\/www.africa-press.net\/cotedivoire\/politique\/rti-frat-mat-aip-sont-elles-otages-des-pouvoirs-successifs"]}]},{"@type":"ImageObject","inLanguage":"fr-FR","@id":"https:\/\/www.africa-press.net\/cotedivoire\/politique\/rti-frat-mat-aip-sont-elles-otages-des-pouvoirs-successifs#primaryimage","url":"https:\/\/static.africa-press.net\/cote\/sites\/43\/2021\/08\/img-611015c9247da.jpg","contentUrl":"https:\/\/static.africa-press.net\/cote\/sites\/43\/2021\/08\/img-611015c9247da.jpg","width":1024,"height":682,"caption":"RTI, Frat Mat, AIP sont-elles otages des pouvoirs successifs ?"},{"@type":"BreadcrumbList","@id":"https:\/\/www.africa-press.net\/cotedivoire\/politique\/rti-frat-mat-aip-sont-elles-otages-des-pouvoirs-successifs#breadcrumb","itemListElement":[{"@type":"ListItem","position":1,"name":"Accueil","item":"https:\/\/www.africa-press.net\/cotedivoire\/"},{"@type":"ListItem","position":2,"name":"RTI, Frat Mat, AIP sont-elles otages des pouvoirs successifs ?"}]},{"@type":"WebSite","@id":"https:\/\/www.africa-press.net\/cotedivoire\/#website","url":"https:\/\/www.africa-press.net\/cotedivoire\/","name":"C\u00f4te d&#039;Ivoire","description":"Just another Africa News Agency Sites site","potentialAction":[{"@type":"SearchAction","target":{"@type":"EntryPoint","urlTemplate":"https:\/\/www.africa-press.net\/cotedivoire\/?s={search_term_string}"},"query-input":{"@type":"PropertyValueSpecification","valueRequired":true,"valueName":"search_term_string"}}],"inLanguage":"fr-FR"},{"@type":"Person","@id":"https:\/\/www.africa-press.net\/cotedivoire\/#\/schema\/person\/2b1cf3cd81a31e3cd26889ca66d677f1","name":"cfeditorfr"}]}},"_links":{"self":[{"href":"https:\/\/www.africa-press.net\/cotedivoire\/wp-json\/wp\/v2\/posts\/11014","targetHints":{"allow":["GET"]}}],"collection":[{"href":"https:\/\/www.africa-press.net\/cotedivoire\/wp-json\/wp\/v2\/posts"}],"about":[{"href":"https:\/\/www.africa-press.net\/cotedivoire\/wp-json\/wp\/v2\/types\/post"}],"author":[{"embeddable":true,"href":"https:\/\/www.africa-press.net\/cotedivoire\/wp-json\/wp\/v2\/users\/82"}],"replies":[{"embeddable":true,"href":"https:\/\/www.africa-press.net\/cotedivoire\/wp-json\/wp\/v2\/comments?post=11014"}],"version-history":[{"count":0,"href":"https:\/\/www.africa-press.net\/cotedivoire\/wp-json\/wp\/v2\/posts\/11014\/revisions"}],"wp:featuredmedia":[{"embeddable":true,"href":"https:\/\/www.africa-press.net\/cotedivoire\/wp-json\/wp\/v2\/media\/11013"}],"wp:attachment":[{"href":"https:\/\/www.africa-press.net\/cotedivoire\/wp-json\/wp\/v2\/media?parent=11014"}],"wp:term":[{"taxonomy":"category","embeddable":true,"href":"https:\/\/www.africa-press.net\/cotedivoire\/wp-json\/wp\/v2\/categories?post=11014"},{"taxonomy":"post_tag","embeddable":true,"href":"https:\/\/www.africa-press.net\/cotedivoire\/wp-json\/wp\/v2\/tags?post=11014"}],"curies":[{"name":"wp","href":"https:\/\/api.w.org\/{rel}","templated":true}]}}