{"id":11017,"date":"2021-08-08T18:02:14","date_gmt":"2021-08-08T18:02:14","guid":{"rendered":"https:\/\/www.africa-press.net\/cotedivoire\/?p=11017"},"modified":"2021-08-08T18:32:13","modified_gmt":"2021-08-08T18:32:13","slug":"cote-divoire-sentant-le-souffle-chaud-de-gbagbo-affi-fait-les-yeux-doux-a-ouattara","status":"publish","type":"post","link":"https:\/\/www.africa-press.net\/cotedivoire\/politique\/cote-divoire-sentant-le-souffle-chaud-de-gbagbo-affi-fait-les-yeux-doux-a-ouattara","title":{"rendered":"Sentant le souffle chaud de Gbagbo, Affi fait les yeux doux \u00e0 Ouattara"},"content":{"rendered":"<p><span style=\"color: #ff6600\"><strong><a href=\"https:\/\/www.africa-press.net\/\">Africa-Press<\/a> &#8211; <a href=\"https:\/\/www.africa-press.net\/cotedivoire\">C\u00f4te d&rsquo;Ivoire<\/a>. <\/strong><\/span>Le pr\u00e9sident l\u00e9galement reconnu du Front populaire ivoirien (FPI) Pascal Affi N\u2019Guessan, a souhait\u00e9 samedi au cours de son adresse aux Ivoiriens et Ivoiriennes \u00e0 l\u2019occasion de la f\u00eate de l\u2019Ind\u00e9pendance depuis Yopougon, que l\u2019opposition se fasse violence pour \u00ab accompagner la d\u00e9marche de d\u00e9crispation entam\u00e9e voil\u00e0 plusieurs mois \u00bb par le chef de l\u2019\u00c9tat Alassane Ouattara.<\/p>\n<p>L\u2019ancien Premier ministre qui conteste la pr\u00e9sidence du Front Populaire Ivoirien \u00e0 Laurent Gbagbo, a pr\u00e9cis\u00e9 que son appel \u00e0 soutenir le chef de l\u2019\u00c9tat a pour but \u00ab d\u2019apaiser le climat politique \u00bb en C\u00f4te-d\u2019Ivoire.<\/p>\n<p>Selon plusieurs observateurs monsieur Affi est sur le point de perdre la bataille pour le contr\u00f4le l\u00e9gal du FPI, le pouvoir d\u2019Abidjan, ayant d\u00e9cid\u00e9 de reconna\u00eetre la tendance Laurent Gbagbo, comme branche l\u00e9gale.<\/p>\n<p>Monsieur Affi a d\u00e9finitivement perdu la confiance du Pr\u00e9sident Alassane Ouattara, suite \u00e0 son appel \u00e0 l\u2019insurrection en tant que porte-parole du d\u00e9funt Conseil national de transition (CNT) pendant la pr\u00e9sidentielle d\u2019octobre 2020.<\/p>\n<p>L\u2019ancien PM qui pr\u00e9side le FPI depuis 2001, ne s\u2019\u00e9tait pas en effet, dissoci\u00e9 de Soro Guillaume lorsque l\u2019ancien chef rebelle en cavale depuis plusieurs mois hors de la C\u00f4te-d\u2019Ivoire, avait appel\u00e9 dans un message vid\u00e9o les forces de d\u00e9fense au soul\u00e8vement.<\/p>\n<p>Sylvie Kouam\u00e9<\/p>\n<p><b>F\u00eate de l\u2019ind\u00e9pendance, le message du pr\u00e9sident du FPI, Pascal Affi N\u2019Guessan:<\/b><\/p>\n<p>En cette journ\u00e9e du 7 ao\u00fbt, j\u2019adresse \u00e0 tous nos compatriotes de C\u00f4te d\u2019Ivoire tous mes v\u0153ux d\u2019une tr\u00e8s heureuse f\u00eate de l\u2019ind\u00e9pendance.<\/p>\n<p>Cette journ\u00e9e est pour tous les enfants de ce pays un jour de fiert\u00e9, de c\u00e9l\u00e9bration et de joie. Ce doit devenir un moment fort d\u2019unit\u00e9 autour de valeurs partag\u00e9es, celles de notre jeune R\u00e9publique.<\/p>\n<p>Je me r\u00e9jouis des mesures de cl\u00e9mence prises \u00e0 l\u2019occasion de cette journ\u00e9e envers 78 personnes arr\u00eat\u00e9es lors de la crise \u00e9lectorale de l\u2019ann\u00e9e derni\u00e8re. Faisons ensemble en sorte que cette crise soit la derni\u00e8re.<\/p>\n<p>Je salue les actes de d\u00e9crispation que le pr\u00e9sident de la R\u00e9publique pose depuis plusieurs mois afin d\u2019apaiser le climat politique dans notre pays. Il appartient \u00e0 chacun d\u2019entre nous, dans l\u2019opposition, de savoir accompagner cette d\u00e9marche. Cela exige de privil\u00e9gier dans chacun de nos actes, chacun de nos mots, l\u2019esprit de responsabilit\u00e9 et la volont\u00e9 de paix. Pour ma part, je m\u2019y emploierai. La paix est la condition de notre d\u00e9veloppement.<\/p>\n<p>Je souhaite qu\u2019ensemble dans l\u2019avenir, nous soyons capables de b\u00e2tir une C\u00f4te d\u2019Ivoire encore plus confiante en elle-m\u00eame, parce-que vraiment unie et r\u00e9concili\u00e9e.<\/p>\n<p>&nbsp;<\/p>\n","protected":false},"excerpt":{"rendered":"<p>Africa-Press &#8211; C\u00f4te d&rsquo;Ivoire. Le pr\u00e9sident l\u00e9galement reconnu du Front populaire ivoirien (FPI) Pascal Affi N\u2019Guessan, a souhait\u00e9 samedi au cours de son adresse aux Ivoiriens et Ivoiriennes \u00e0 l\u2019occasion de la f\u00eate de l\u2019Ind\u00e9pendance depuis Yopougon, que l\u2019opposition se fasse violence pour \u00ab accompagner la d\u00e9marche de d\u00e9crispation entam\u00e9e voil\u00e0 plusieurs mois \u00bb par [&hellip;]<\/p>\n","protected":false},"author":82,"featured_media":11016,"comment_status":"open","ping_status":"closed","sticky":false,"template":"","format":"standard","meta":{"footnotes":""},"categories":[11,2,20,10],"tags":[56,63,29],"class_list":["post-11017","post","type-post","status-publish","format-standard","has-post-thumbnail","hentry","category-homepage-french","category-politique","category-top-nouvelles","category-toutes-les-actualites","tag-africa-press","tag-africa-press-cote-divoire","tag-cote-divoire"],"yoast_head":"<!-- This site is optimized with the Yoast SEO Premium plugin v26.1 (Yoast SEO v27.0) - https:\/\/yoast.com\/product\/yoast-seo-premium-wordpress\/ -->\n<title>Sentant le souffle chaud de Gbagbo, Affi fait les yeux doux \u00e0 Ouattara - C\u00f4te d&#039;Ivoire<\/title>\n<meta name=\"description\" content=\"Le pr\u00e9sident l\u00e9galement reconnu du Front populaire ivoirien (FPI) Pascal Affi N\u2019Guessan, a souhait\u00e9 samedi au cours de s ...\" \/>\n<meta name=\"robots\" content=\"index, follow, max-snippet:-1, max-image-preview:large, max-video-preview:-1\" \/>\n<link rel=\"canonical\" href=\"https:\/\/www.africa-press.net\/cotedivoire\/politique\/cote-divoire-sentant-le-souffle-chaud-de-gbagbo-affi-fait-les-yeux-doux-a-ouattara\" \/>\n<meta property=\"og:locale\" content=\"fr_FR\" \/>\n<meta property=\"og:type\" content=\"article\" \/>\n<meta property=\"og:title\" content=\"Sentant le souffle chaud de Gbagbo, Affi fait les yeux doux \u00e0 Ouattara\" \/>\n<meta property=\"og:description\" content=\"Le pr\u00e9sident l\u00e9galement reconnu du Front populaire ivoirien (FPI) Pascal Affi N\u2019Guessan, a souhait\u00e9 samedi au cours de s ...\" \/>\n<meta property=\"og:url\" content=\"https:\/\/www.africa-press.net\/cotedivoire\/politique\/cote-divoire-sentant-le-souffle-chaud-de-gbagbo-affi-fait-les-yeux-doux-a-ouattara\" \/>\n<meta property=\"og:site_name\" content=\"C\u00f4te d&#039;Ivoire\" \/>\n<meta property=\"article:published_time\" content=\"2021-08-08T18:02:14+00:00\" \/>\n<meta property=\"article:modified_time\" content=\"2021-08-08T18:32:13+00:00\" \/>\n<meta property=\"og:image\" content=\"https:\/\/static.africa-press.net\/cote\/sites\/43\/2021\/08\/img-611016a382837.jpg\" \/>\n\t<meta property=\"og:image:width\" content=\"720\" \/>\n\t<meta property=\"og:image:height\" content=\"678\" \/>\n\t<meta property=\"og:image:type\" content=\"image\/jpeg\" \/>\n<meta name=\"author\" content=\"cfeditorfr\" \/>\n<meta name=\"twitter:card\" content=\"summary_large_image\" \/>\n<meta name=\"twitter:label1\" content=\"\u00c9crit par\" \/>\n\t<meta name=\"twitter:data1\" content=\"cfeditorfr\" \/>\n\t<meta name=\"twitter:label2\" content=\"Dur\u00e9e de lecture estim\u00e9e\" \/>\n\t<meta name=\"twitter:data2\" content=\"2 minutes\" \/>\n<script type=\"application\/ld+json\" class=\"yoast-schema-graph\">{\"@context\":\"https:\/\/schema.org\",\"@graph\":[{\"@type\":\"Article\",\"@id\":\"https:\/\/www.africa-press.net\/cotedivoire\/politique\/cote-divoire-sentant-le-souffle-chaud-de-gbagbo-affi-fait-les-yeux-doux-a-ouattara#article\",\"isPartOf\":{\"@id\":\"https:\/\/www.africa-press.net\/cotedivoire\/politique\/cote-divoire-sentant-le-souffle-chaud-de-gbagbo-affi-fait-les-yeux-doux-a-ouattara\"},\"author\":{\"name\":\"cfeditorfr\",\"@id\":\"https:\/\/www.africa-press.net\/cotedivoire\/#\/schema\/person\/2b1cf3cd81a31e3cd26889ca66d677f1\"},\"headline\":\"Sentant le souffle chaud de Gbagbo, Affi fait les yeux doux \u00e0 Ouattara\",\"datePublished\":\"2021-08-08T18:02:14+00:00\",\"dateModified\":\"2021-08-08T18:32:13+00:00\",\"mainEntityOfPage\":{\"@id\":\"https:\/\/www.africa-press.net\/cotedivoire\/politique\/cote-divoire-sentant-le-souffle-chaud-de-gbagbo-affi-fait-les-yeux-doux-a-ouattara\"},\"wordCount\":497,\"commentCount\":0,\"image\":{\"@id\":\"https:\/\/www.africa-press.net\/cotedivoire\/politique\/cote-divoire-sentant-le-souffle-chaud-de-gbagbo-affi-fait-les-yeux-doux-a-ouattara#primaryimage\"},\"thumbnailUrl\":\"https:\/\/static.africa-press.net\/cote\/sites\/43\/2021\/08\/img-611016a382837.jpg\",\"keywords\":[\"Africa Press\",\"Africa Press-C\u00f4te d'Ivoire\",\"C\u00d4TE D'IVOIRE\"],\"articleSection\":[\"homepage-french\",\"Politique\",\"Top Nouvelles\",\"Toutes les actualit\u00e9s\"],\"inLanguage\":\"fr-FR\",\"potentialAction\":[{\"@type\":\"CommentAction\",\"name\":\"Comment\",\"target\":[\"https:\/\/www.africa-press.net\/cotedivoire\/politique\/cote-divoire-sentant-le-souffle-chaud-de-gbagbo-affi-fait-les-yeux-doux-a-ouattara#respond\"]}]},{\"@type\":\"WebPage\",\"@id\":\"https:\/\/www.africa-press.net\/cotedivoire\/politique\/cote-divoire-sentant-le-souffle-chaud-de-gbagbo-affi-fait-les-yeux-doux-a-ouattara\",\"url\":\"https:\/\/www.africa-press.net\/cotedivoire\/politique\/cote-divoire-sentant-le-souffle-chaud-de-gbagbo-affi-fait-les-yeux-doux-a-ouattara\",\"name\":\"Sentant le souffle chaud de Gbagbo, Affi fait les yeux doux \u00e0 Ouattara - C\u00f4te d&#039;Ivoire\",\"isPartOf\":{\"@id\":\"https:\/\/www.africa-press.net\/cotedivoire\/#website\"},\"primaryImageOfPage\":{\"@id\":\"https:\/\/www.africa-press.net\/cotedivoire\/politique\/cote-divoire-sentant-le-souffle-chaud-de-gbagbo-affi-fait-les-yeux-doux-a-ouattara#primaryimage\"},\"image\":{\"@id\":\"https:\/\/www.africa-press.net\/cotedivoire\/politique\/cote-divoire-sentant-le-souffle-chaud-de-gbagbo-affi-fait-les-yeux-doux-a-ouattara#primaryimage\"},\"thumbnailUrl\":\"https:\/\/static.africa-press.net\/cote\/sites\/43\/2021\/08\/img-611016a382837.jpg\",\"datePublished\":\"2021-08-08T18:02:14+00:00\",\"dateModified\":\"2021-08-08T18:32:13+00:00\",\"author\":{\"@id\":\"https:\/\/www.africa-press.net\/cotedivoire\/#\/schema\/person\/2b1cf3cd81a31e3cd26889ca66d677f1\"},\"description\":\"Le pr\u00e9sident l\u00e9galement reconnu du Front populaire ivoirien (FPI) Pascal Affi N\u2019Guessan, a souhait\u00e9 samedi au cours de s ...\",\"breadcrumb\":{\"@id\":\"https:\/\/www.africa-press.net\/cotedivoire\/politique\/cote-divoire-sentant-le-souffle-chaud-de-gbagbo-affi-fait-les-yeux-doux-a-ouattara#breadcrumb\"},\"inLanguage\":\"fr-FR\",\"potentialAction\":[{\"@type\":\"ReadAction\",\"target\":[\"https:\/\/www.africa-press.net\/cotedivoire\/politique\/cote-divoire-sentant-le-souffle-chaud-de-gbagbo-affi-fait-les-yeux-doux-a-ouattara\"]}]},{\"@type\":\"ImageObject\",\"inLanguage\":\"fr-FR\",\"@id\":\"https:\/\/www.africa-press.net\/cotedivoire\/politique\/cote-divoire-sentant-le-souffle-chaud-de-gbagbo-affi-fait-les-yeux-doux-a-ouattara#primaryimage\",\"url\":\"https:\/\/static.africa-press.net\/cote\/sites\/43\/2021\/08\/img-611016a382837.jpg\",\"contentUrl\":\"https:\/\/static.africa-press.net\/cote\/sites\/43\/2021\/08\/img-611016a382837.jpg\",\"width\":720,\"height\":678,\"caption\":\"C\u00f4te-d\u2019Ivoire: Sentant le souffle chaud de Gbagbo, Affi fait les yeux doux \u00e0 Ouattara\"},{\"@type\":\"BreadcrumbList\",\"@id\":\"https:\/\/www.africa-press.net\/cotedivoire\/politique\/cote-divoire-sentant-le-souffle-chaud-de-gbagbo-affi-fait-les-yeux-doux-a-ouattara#breadcrumb\",\"itemListElement\":[{\"@type\":\"ListItem\",\"position\":1,\"name\":\"Accueil\",\"item\":\"https:\/\/www.africa-press.net\/cotedivoire\/\"},{\"@type\":\"ListItem\",\"position\":2,\"name\":\"Sentant le souffle chaud de Gbagbo, Affi fait les yeux doux \u00e0 Ouattara\"}]},{\"@type\":\"WebSite\",\"@id\":\"https:\/\/www.africa-press.net\/cotedivoire\/#website\",\"url\":\"https:\/\/www.africa-press.net\/cotedivoire\/\",\"name\":\"C\u00f4te d&#039;Ivoire\",\"description\":\"Just another Africa News Agency Sites site\",\"potentialAction\":[{\"@type\":\"SearchAction\",\"target\":{\"@type\":\"EntryPoint\",\"urlTemplate\":\"https:\/\/www.africa-press.net\/cotedivoire\/?s={search_term_string}\"},\"query-input\":{\"@type\":\"PropertyValueSpecification\",\"valueRequired\":true,\"valueName\":\"search_term_string\"}}],\"inLanguage\":\"fr-FR\"},{\"@type\":\"Person\",\"@id\":\"https:\/\/www.africa-press.net\/cotedivoire\/#\/schema\/person\/2b1cf3cd81a31e3cd26889ca66d677f1\",\"name\":\"cfeditorfr\"}]}<\/script>\n<!-- \/ Yoast SEO Premium plugin. -->","yoast_head_json":{"title":"Sentant le souffle chaud de Gbagbo, Affi fait les yeux doux \u00e0 Ouattara - C\u00f4te d&#039;Ivoire","description":"Le pr\u00e9sident l\u00e9galement reconnu du Front populaire ivoirien (FPI) Pascal Affi N\u2019Guessan, a souhait\u00e9 samedi au cours de s ...","robots":{"index":"index","follow":"follow","max-snippet":"max-snippet:-1","max-image-preview":"max-image-preview:large","max-video-preview":"max-video-preview:-1"},"canonical":"https:\/\/www.africa-press.net\/cotedivoire\/politique\/cote-divoire-sentant-le-souffle-chaud-de-gbagbo-affi-fait-les-yeux-doux-a-ouattara","og_locale":"fr_FR","og_type":"article","og_title":"Sentant le souffle chaud de Gbagbo, Affi fait les yeux doux \u00e0 Ouattara","og_description":"Le pr\u00e9sident l\u00e9galement reconnu du Front populaire ivoirien (FPI) Pascal Affi N\u2019Guessan, a souhait\u00e9 samedi au cours de s ...","og_url":"https:\/\/www.africa-press.net\/cotedivoire\/politique\/cote-divoire-sentant-le-souffle-chaud-de-gbagbo-affi-fait-les-yeux-doux-a-ouattara","og_site_name":"C\u00f4te d&#039;Ivoire","article_published_time":"2021-08-08T18:02:14+00:00","article_modified_time":"2021-08-08T18:32:13+00:00","og_image":[{"width":720,"height":678,"url":"https:\/\/static.africa-press.net\/cote\/sites\/43\/2021\/08\/img-611016a382837.jpg","type":"image\/jpeg"}],"author":"cfeditorfr","twitter_card":"summary_large_image","twitter_misc":{"\u00c9crit par":"cfeditorfr","Dur\u00e9e de lecture estim\u00e9e":"2 minutes"},"schema":{"@context":"https:\/\/schema.org","@graph":[{"@type":"Article","@id":"https:\/\/www.africa-press.net\/cotedivoire\/politique\/cote-divoire-sentant-le-souffle-chaud-de-gbagbo-affi-fait-les-yeux-doux-a-ouattara#article","isPartOf":{"@id":"https:\/\/www.africa-press.net\/cotedivoire\/politique\/cote-divoire-sentant-le-souffle-chaud-de-gbagbo-affi-fait-les-yeux-doux-a-ouattara"},"author":{"name":"cfeditorfr","@id":"https:\/\/www.africa-press.net\/cotedivoire\/#\/schema\/person\/2b1cf3cd81a31e3cd26889ca66d677f1"},"headline":"Sentant le souffle chaud de Gbagbo, Affi fait les yeux doux \u00e0 Ouattara","datePublished":"2021-08-08T18:02:14+00:00","dateModified":"2021-08-08T18:32:13+00:00","mainEntityOfPage":{"@id":"https:\/\/www.africa-press.net\/cotedivoire\/politique\/cote-divoire-sentant-le-souffle-chaud-de-gbagbo-affi-fait-les-yeux-doux-a-ouattara"},"wordCount":497,"commentCount":0,"image":{"@id":"https:\/\/www.africa-press.net\/cotedivoire\/politique\/cote-divoire-sentant-le-souffle-chaud-de-gbagbo-affi-fait-les-yeux-doux-a-ouattara#primaryimage"},"thumbnailUrl":"https:\/\/static.africa-press.net\/cote\/sites\/43\/2021\/08\/img-611016a382837.jpg","keywords":["Africa Press","Africa Press-C\u00f4te d'Ivoire","C\u00d4TE D'IVOIRE"],"articleSection":["homepage-french","Politique","Top Nouvelles","Toutes les actualit\u00e9s"],"inLanguage":"fr-FR","potentialAction":[{"@type":"CommentAction","name":"Comment","target":["https:\/\/www.africa-press.net\/cotedivoire\/politique\/cote-divoire-sentant-le-souffle-chaud-de-gbagbo-affi-fait-les-yeux-doux-a-ouattara#respond"]}]},{"@type":"WebPage","@id":"https:\/\/www.africa-press.net\/cotedivoire\/politique\/cote-divoire-sentant-le-souffle-chaud-de-gbagbo-affi-fait-les-yeux-doux-a-ouattara","url":"https:\/\/www.africa-press.net\/cotedivoire\/politique\/cote-divoire-sentant-le-souffle-chaud-de-gbagbo-affi-fait-les-yeux-doux-a-ouattara","name":"Sentant le souffle chaud de Gbagbo, Affi fait les yeux doux \u00e0 Ouattara - C\u00f4te d&#039;Ivoire","isPartOf":{"@id":"https:\/\/www.africa-press.net\/cotedivoire\/#website"},"primaryImageOfPage":{"@id":"https:\/\/www.africa-press.net\/cotedivoire\/politique\/cote-divoire-sentant-le-souffle-chaud-de-gbagbo-affi-fait-les-yeux-doux-a-ouattara#primaryimage"},"image":{"@id":"https:\/\/www.africa-press.net\/cotedivoire\/politique\/cote-divoire-sentant-le-souffle-chaud-de-gbagbo-affi-fait-les-yeux-doux-a-ouattara#primaryimage"},"thumbnailUrl":"https:\/\/static.africa-press.net\/cote\/sites\/43\/2021\/08\/img-611016a382837.jpg","datePublished":"2021-08-08T18:02:14+00:00","dateModified":"2021-08-08T18:32:13+00:00","author":{"@id":"https:\/\/www.africa-press.net\/cotedivoire\/#\/schema\/person\/2b1cf3cd81a31e3cd26889ca66d677f1"},"description":"Le pr\u00e9sident l\u00e9galement reconnu du Front populaire ivoirien (FPI) Pascal Affi N\u2019Guessan, a souhait\u00e9 samedi au cours de s ...","breadcrumb":{"@id":"https:\/\/www.africa-press.net\/cotedivoire\/politique\/cote-divoire-sentant-le-souffle-chaud-de-gbagbo-affi-fait-les-yeux-doux-a-ouattara#breadcrumb"},"inLanguage":"fr-FR","potentialAction":[{"@type":"ReadAction","target":["https:\/\/www.africa-press.net\/cotedivoire\/politique\/cote-divoire-sentant-le-souffle-chaud-de-gbagbo-affi-fait-les-yeux-doux-a-ouattara"]}]},{"@type":"ImageObject","inLanguage":"fr-FR","@id":"https:\/\/www.africa-press.net\/cotedivoire\/politique\/cote-divoire-sentant-le-souffle-chaud-de-gbagbo-affi-fait-les-yeux-doux-a-ouattara#primaryimage","url":"https:\/\/static.africa-press.net\/cote\/sites\/43\/2021\/08\/img-611016a382837.jpg","contentUrl":"https:\/\/static.africa-press.net\/cote\/sites\/43\/2021\/08\/img-611016a382837.jpg","width":720,"height":678,"caption":"C\u00f4te-d\u2019Ivoire: Sentant le souffle chaud de Gbagbo, Affi fait les yeux doux \u00e0 Ouattara"},{"@type":"BreadcrumbList","@id":"https:\/\/www.africa-press.net\/cotedivoire\/politique\/cote-divoire-sentant-le-souffle-chaud-de-gbagbo-affi-fait-les-yeux-doux-a-ouattara#breadcrumb","itemListElement":[{"@type":"ListItem","position":1,"name":"Accueil","item":"https:\/\/www.africa-press.net\/cotedivoire\/"},{"@type":"ListItem","position":2,"name":"Sentant le souffle chaud de Gbagbo, Affi fait les yeux doux \u00e0 Ouattara"}]},{"@type":"WebSite","@id":"https:\/\/www.africa-press.net\/cotedivoire\/#website","url":"https:\/\/www.africa-press.net\/cotedivoire\/","name":"C\u00f4te d&#039;Ivoire","description":"Just another Africa News Agency Sites site","potentialAction":[{"@type":"SearchAction","target":{"@type":"EntryPoint","urlTemplate":"https:\/\/www.africa-press.net\/cotedivoire\/?s={search_term_string}"},"query-input":{"@type":"PropertyValueSpecification","valueRequired":true,"valueName":"search_term_string"}}],"inLanguage":"fr-FR"},{"@type":"Person","@id":"https:\/\/www.africa-press.net\/cotedivoire\/#\/schema\/person\/2b1cf3cd81a31e3cd26889ca66d677f1","name":"cfeditorfr"}]}},"_links":{"self":[{"href":"https:\/\/www.africa-press.net\/cotedivoire\/wp-json\/wp\/v2\/posts\/11017","targetHints":{"allow":["GET"]}}],"collection":[{"href":"https:\/\/www.africa-press.net\/cotedivoire\/wp-json\/wp\/v2\/posts"}],"about":[{"href":"https:\/\/www.africa-press.net\/cotedivoire\/wp-json\/wp\/v2\/types\/post"}],"author":[{"embeddable":true,"href":"https:\/\/www.africa-press.net\/cotedivoire\/wp-json\/wp\/v2\/users\/82"}],"replies":[{"embeddable":true,"href":"https:\/\/www.africa-press.net\/cotedivoire\/wp-json\/wp\/v2\/comments?post=11017"}],"version-history":[{"count":0,"href":"https:\/\/www.africa-press.net\/cotedivoire\/wp-json\/wp\/v2\/posts\/11017\/revisions"}],"wp:featuredmedia":[{"embeddable":true,"href":"https:\/\/www.africa-press.net\/cotedivoire\/wp-json\/wp\/v2\/media\/11016"}],"wp:attachment":[{"href":"https:\/\/www.africa-press.net\/cotedivoire\/wp-json\/wp\/v2\/media?parent=11017"}],"wp:term":[{"taxonomy":"category","embeddable":true,"href":"https:\/\/www.africa-press.net\/cotedivoire\/wp-json\/wp\/v2\/categories?post=11017"},{"taxonomy":"post_tag","embeddable":true,"href":"https:\/\/www.africa-press.net\/cotedivoire\/wp-json\/wp\/v2\/tags?post=11017"}],"curies":[{"name":"wp","href":"https:\/\/api.w.org\/{rel}","templated":true}]}}