{"id":110178,"date":"2025-12-13T17:46:15","date_gmt":"2025-12-13T17:46:15","guid":{"rendered":"https:\/\/www.africa-press.net\/cotedivoire\/politique\/candidature-du-maire-de-bondoukou-invalidee-pour-2025"},"modified":"2025-12-13T18:55:26","modified_gmt":"2025-12-13T18:55:26","slug":"candidature-du-maire-de-bondoukou-invalidee-pour-2025","status":"publish","type":"post","link":"https:\/\/www.africa-press.net\/cotedivoire\/politique\/candidature-du-maire-de-bondoukou-invalidee-pour-2025","title":{"rendered":"Candidature du Maire de Bondoukou Invalid\u00e9e pour 2025"},"content":{"rendered":"<p><span style=\"color: #ff6600\"><strong>Africa-Press &#8211; C\u00f4te d&rsquo;Ivoire. <\/strong><\/span>La liste du Maire de Bondoukou Anzoumana Ouattara et celle de son supple\u0301ant, Bazard Bourahima Ouattara pour les Le\u0301gislatives 2025 du 27 decembre a e\u0301te\u0301 invalide\u0301e par le Conseil Constitutionnel.<\/p>\n<p>Cette de\u0301cision, rendue a\u0300 la suite d\u2019une reque\u0302te de l\u2019e\u0301lecteur Kossonou Sinan, entrai\u0302ne e\u0301galement l\u2019invalidation de son supple\u0301ant, Bazard Bourahima Ouattara, ne figurant pas sur la liste e\u0301lectorale, et par conse\u0301quent de toute la liste transmise a\u0300 la Commission e\u0301lectorale inde\u0301pendante (CEI).<\/p>\n<p>Le candidat titulaire actuellement hors du pays a dans une vide\u0301o invite\u0301 ses potentiels e\u0301lecteurs au calme car selon lui, cette situation rele\u0300ve d\u2019un proble\u0300me local et qu\u2019elle ne concerne pas le RHDP au niveau national. Il a invite\u0301 les populations a\u0300 patienter pour recevoir ses orientations sur la manie\u0300re de voter afin de de\u0301fendre les inte\u0301re\u0302ts de la commune lors du scrutin.<\/p>\n<p>1124 dossiers ont e\u0301te\u0301 retenus sur 1162 dossiers rec\u0327us, par la Commission Electorale Inde\u0301pendante (CEI), pour le scrutin Le\u0301gislatif du 27 decembre 2025.<\/p>\n<p><strong>Pour plus d&rsquo;informations et d&rsquo;analyses sur la <span style=\"color: #ff6600\">C\u00f4te d&rsquo;Ivoire<\/span>, suivez <span style=\"color: #ff6600\">Africa-Press<\/span><\/strong><\/p>\n","protected":false},"excerpt":{"rendered":"<p>Africa-Press &#8211; C\u00f4te d&rsquo;Ivoire. La liste du Maire de Bondoukou Anzoumana Ouattara et celle de son supple\u0301ant, Bazard Bourahima Ouattara pour les Le\u0301gislatives 2025 du 27 decembre a e\u0301te\u0301 invalide\u0301e par le Conseil Constitutionnel. Cette de\u0301cision, rendue a\u0300 la suite d\u2019une reque\u0302te de l\u2019e\u0301lecteur Kossonou Sinan, entrai\u0302ne e\u0301galement l\u2019invalidation de son supple\u0301ant, Bazard Bourahima Ouattara, [&hellip;]<\/p>\n","protected":false},"author":82,"featured_media":110177,"comment_status":"open","ping_status":"closed","sticky":false,"template":"","format":"standard","meta":{"footnotes":""},"categories":[2,10],"tags":[19735,839,1316,7348,29,7830,19356],"class_list":["post-110178","post","type-post","status-publish","format-standard","has-post-thumbnail","hentry","category-politique","category-toutes-les-actualites","tag-anzoumana-ouattara","tag-bondoukou","tag-cei","tag-conseil-constitutionnel","tag-cote-divoire","tag-electeur","tag-legislatives-2025"],"yoast_head":"<!-- This site is optimized with the Yoast SEO Premium plugin v26.1 (Yoast SEO v27.0) - https:\/\/yoast.com\/product\/yoast-seo-premium-wordpress\/ -->\n<title>Candidature du Maire de Bondoukou Invalid\u00e9e pour 2025 - C\u00f4te d&#039;Ivoire<\/title>\n<meta name=\"description\" content=\"La liste du Maire de Bondoukou Anzoumana Ouattara et celle de son supple\u0301ant, Bazard Bourahima Ouattara pour les Le\u0301gisl ...\" \/>\n<meta name=\"robots\" content=\"index, follow, max-snippet:-1, max-image-preview:large, max-video-preview:-1\" \/>\n<link rel=\"canonical\" href=\"https:\/\/www.africa-press.net\/cotedivoire\/politique\/candidature-du-maire-de-bondoukou-invalidee-pour-2025\" \/>\n<meta property=\"og:locale\" content=\"fr_FR\" \/>\n<meta property=\"og:type\" content=\"article\" \/>\n<meta property=\"og:title\" content=\"Candidature du Maire de Bondoukou Invalid\u00e9e pour 2025\" \/>\n<meta property=\"og:description\" content=\"La liste du Maire de Bondoukou Anzoumana Ouattara et celle de son supple\u0301ant, Bazard Bourahima Ouattara pour les Le\u0301gisl ...\" \/>\n<meta property=\"og:url\" content=\"https:\/\/www.africa-press.net\/cotedivoire\/politique\/candidature-du-maire-de-bondoukou-invalidee-pour-2025\" \/>\n<meta property=\"og:site_name\" content=\"C\u00f4te d&#039;Ivoire\" \/>\n<meta property=\"article:published_time\" content=\"2025-12-13T17:46:15+00:00\" \/>\n<meta property=\"article:modified_time\" content=\"2025-12-13T18:55:26+00:00\" \/>\n<meta property=\"og:image\" content=\"https:\/\/static.africa-press.net\/cote\/sites\/43\/2025\/12\/sm_1765639502.418926.jpg\" \/>\n\t<meta property=\"og:image:width\" content=\"720\" \/>\n\t<meta property=\"og:image:height\" content=\"480\" \/>\n\t<meta property=\"og:image:type\" content=\"image\/jpeg\" \/>\n<meta name=\"author\" content=\"cfeditorfr\" \/>\n<meta name=\"twitter:card\" content=\"summary_large_image\" \/>\n<meta name=\"twitter:label1\" content=\"\u00c9crit par\" \/>\n\t<meta name=\"twitter:data1\" content=\"cfeditorfr\" \/>\n\t<meta name=\"twitter:label2\" content=\"Dur\u00e9e de lecture estim\u00e9e\" \/>\n\t<meta name=\"twitter:data2\" content=\"2 minutes\" \/>\n<script type=\"application\/ld+json\" class=\"yoast-schema-graph\">{\"@context\":\"https:\/\/schema.org\",\"@graph\":[{\"@type\":\"Article\",\"@id\":\"https:\/\/www.africa-press.net\/cotedivoire\/politique\/candidature-du-maire-de-bondoukou-invalidee-pour-2025#article\",\"isPartOf\":{\"@id\":\"https:\/\/www.africa-press.net\/cotedivoire\/politique\/candidature-du-maire-de-bondoukou-invalidee-pour-2025\"},\"author\":{\"name\":\"cfeditorfr\",\"@id\":\"https:\/\/www.africa-press.net\/cotedivoire\/#\/schema\/person\/2b1cf3cd81a31e3cd26889ca66d677f1\"},\"headline\":\"Candidature du Maire de Bondoukou Invalid\u00e9e pour 2025\",\"datePublished\":\"2025-12-13T17:46:15+00:00\",\"dateModified\":\"2025-12-13T18:55:26+00:00\",\"mainEntityOfPage\":{\"@id\":\"https:\/\/www.africa-press.net\/cotedivoire\/politique\/candidature-du-maire-de-bondoukou-invalidee-pour-2025\"},\"wordCount\":212,\"commentCount\":0,\"image\":{\"@id\":\"https:\/\/www.africa-press.net\/cotedivoire\/politique\/candidature-du-maire-de-bondoukou-invalidee-pour-2025#primaryimage\"},\"thumbnailUrl\":\"https:\/\/static.africa-press.net\/cote\/sites\/43\/2025\/12\/sm_1765639502.418926.jpg\",\"keywords\":[\"Anzoumana Ouattara\",\"Bondoukou\",\"Cei\",\"conseil constitutionnel\",\"C\u00d4TE D'IVOIRE\",\"\u00e9lecteur\",\"L\u00e9gislatives 2025\"],\"articleSection\":[\"Politique\",\"Toutes les actualit\u00e9s\"],\"inLanguage\":\"fr-FR\",\"potentialAction\":[{\"@type\":\"CommentAction\",\"name\":\"Comment\",\"target\":[\"https:\/\/www.africa-press.net\/cotedivoire\/politique\/candidature-du-maire-de-bondoukou-invalidee-pour-2025#respond\"]}]},{\"@type\":\"WebPage\",\"@id\":\"https:\/\/www.africa-press.net\/cotedivoire\/politique\/candidature-du-maire-de-bondoukou-invalidee-pour-2025\",\"url\":\"https:\/\/www.africa-press.net\/cotedivoire\/politique\/candidature-du-maire-de-bondoukou-invalidee-pour-2025\",\"name\":\"Candidature du Maire de Bondoukou Invalid\u00e9e pour 2025 - C\u00f4te d&#039;Ivoire\",\"isPartOf\":{\"@id\":\"https:\/\/www.africa-press.net\/cotedivoire\/#website\"},\"primaryImageOfPage\":{\"@id\":\"https:\/\/www.africa-press.net\/cotedivoire\/politique\/candidature-du-maire-de-bondoukou-invalidee-pour-2025#primaryimage\"},\"image\":{\"@id\":\"https:\/\/www.africa-press.net\/cotedivoire\/politique\/candidature-du-maire-de-bondoukou-invalidee-pour-2025#primaryimage\"},\"thumbnailUrl\":\"https:\/\/static.africa-press.net\/cote\/sites\/43\/2025\/12\/sm_1765639502.418926.jpg\",\"datePublished\":\"2025-12-13T17:46:15+00:00\",\"dateModified\":\"2025-12-13T18:55:26+00:00\",\"author\":{\"@id\":\"https:\/\/www.africa-press.net\/cotedivoire\/#\/schema\/person\/2b1cf3cd81a31e3cd26889ca66d677f1\"},\"description\":\"La liste du Maire de Bondoukou Anzoumana Ouattara et celle de son supple\u0301ant, Bazard Bourahima Ouattara pour les Le\u0301gisl ...\",\"breadcrumb\":{\"@id\":\"https:\/\/www.africa-press.net\/cotedivoire\/politique\/candidature-du-maire-de-bondoukou-invalidee-pour-2025#breadcrumb\"},\"inLanguage\":\"fr-FR\",\"potentialAction\":[{\"@type\":\"ReadAction\",\"target\":[\"https:\/\/www.africa-press.net\/cotedivoire\/politique\/candidature-du-maire-de-bondoukou-invalidee-pour-2025\"]}]},{\"@type\":\"ImageObject\",\"inLanguage\":\"fr-FR\",\"@id\":\"https:\/\/www.africa-press.net\/cotedivoire\/politique\/candidature-du-maire-de-bondoukou-invalidee-pour-2025#primaryimage\",\"url\":\"https:\/\/static.africa-press.net\/cote\/sites\/43\/2025\/12\/sm_1765639502.418926.jpg\",\"contentUrl\":\"https:\/\/static.africa-press.net\/cote\/sites\/43\/2025\/12\/sm_1765639502.418926.jpg\",\"width\":720,\"height\":480,\"caption\":\"Candidature du Maire de Bondoukou Invalid\u00e9e pour 2025\"},{\"@type\":\"BreadcrumbList\",\"@id\":\"https:\/\/www.africa-press.net\/cotedivoire\/politique\/candidature-du-maire-de-bondoukou-invalidee-pour-2025#breadcrumb\",\"itemListElement\":[{\"@type\":\"ListItem\",\"position\":1,\"name\":\"Accueil\",\"item\":\"https:\/\/www.africa-press.net\/cotedivoire\/\"},{\"@type\":\"ListItem\",\"position\":2,\"name\":\"Candidature du Maire de Bondoukou Invalid\u00e9e pour 2025\"}]},{\"@type\":\"WebSite\",\"@id\":\"https:\/\/www.africa-press.net\/cotedivoire\/#website\",\"url\":\"https:\/\/www.africa-press.net\/cotedivoire\/\",\"name\":\"C\u00f4te d&#039;Ivoire\",\"description\":\"Just another Africa News Agency Sites site\",\"potentialAction\":[{\"@type\":\"SearchAction\",\"target\":{\"@type\":\"EntryPoint\",\"urlTemplate\":\"https:\/\/www.africa-press.net\/cotedivoire\/?s={search_term_string}\"},\"query-input\":{\"@type\":\"PropertyValueSpecification\",\"valueRequired\":true,\"valueName\":\"search_term_string\"}}],\"inLanguage\":\"fr-FR\"},{\"@type\":\"Person\",\"@id\":\"https:\/\/www.africa-press.net\/cotedivoire\/#\/schema\/person\/2b1cf3cd81a31e3cd26889ca66d677f1\",\"name\":\"cfeditorfr\"}]}<\/script>\n<!-- \/ Yoast SEO Premium plugin. -->","yoast_head_json":{"title":"Candidature du Maire de Bondoukou Invalid\u00e9e pour 2025 - C\u00f4te d&#039;Ivoire","description":"La liste du Maire de Bondoukou Anzoumana Ouattara et celle de son supple\u0301ant, Bazard Bourahima Ouattara pour les Le\u0301gisl ...","robots":{"index":"index","follow":"follow","max-snippet":"max-snippet:-1","max-image-preview":"max-image-preview:large","max-video-preview":"max-video-preview:-1"},"canonical":"https:\/\/www.africa-press.net\/cotedivoire\/politique\/candidature-du-maire-de-bondoukou-invalidee-pour-2025","og_locale":"fr_FR","og_type":"article","og_title":"Candidature du Maire de Bondoukou Invalid\u00e9e pour 2025","og_description":"La liste du Maire de Bondoukou Anzoumana Ouattara et celle de son supple\u0301ant, Bazard Bourahima Ouattara pour les Le\u0301gisl ...","og_url":"https:\/\/www.africa-press.net\/cotedivoire\/politique\/candidature-du-maire-de-bondoukou-invalidee-pour-2025","og_site_name":"C\u00f4te d&#039;Ivoire","article_published_time":"2025-12-13T17:46:15+00:00","article_modified_time":"2025-12-13T18:55:26+00:00","og_image":[{"width":720,"height":480,"url":"https:\/\/static.africa-press.net\/cote\/sites\/43\/2025\/12\/sm_1765639502.418926.jpg","type":"image\/jpeg"}],"author":"cfeditorfr","twitter_card":"summary_large_image","twitter_misc":{"\u00c9crit par":"cfeditorfr","Dur\u00e9e de lecture estim\u00e9e":"2 minutes"},"schema":{"@context":"https:\/\/schema.org","@graph":[{"@type":"Article","@id":"https:\/\/www.africa-press.net\/cotedivoire\/politique\/candidature-du-maire-de-bondoukou-invalidee-pour-2025#article","isPartOf":{"@id":"https:\/\/www.africa-press.net\/cotedivoire\/politique\/candidature-du-maire-de-bondoukou-invalidee-pour-2025"},"author":{"name":"cfeditorfr","@id":"https:\/\/www.africa-press.net\/cotedivoire\/#\/schema\/person\/2b1cf3cd81a31e3cd26889ca66d677f1"},"headline":"Candidature du Maire de Bondoukou Invalid\u00e9e pour 2025","datePublished":"2025-12-13T17:46:15+00:00","dateModified":"2025-12-13T18:55:26+00:00","mainEntityOfPage":{"@id":"https:\/\/www.africa-press.net\/cotedivoire\/politique\/candidature-du-maire-de-bondoukou-invalidee-pour-2025"},"wordCount":212,"commentCount":0,"image":{"@id":"https:\/\/www.africa-press.net\/cotedivoire\/politique\/candidature-du-maire-de-bondoukou-invalidee-pour-2025#primaryimage"},"thumbnailUrl":"https:\/\/static.africa-press.net\/cote\/sites\/43\/2025\/12\/sm_1765639502.418926.jpg","keywords":["Anzoumana Ouattara","Bondoukou","Cei","conseil constitutionnel","C\u00d4TE D'IVOIRE","\u00e9lecteur","L\u00e9gislatives 2025"],"articleSection":["Politique","Toutes les actualit\u00e9s"],"inLanguage":"fr-FR","potentialAction":[{"@type":"CommentAction","name":"Comment","target":["https:\/\/www.africa-press.net\/cotedivoire\/politique\/candidature-du-maire-de-bondoukou-invalidee-pour-2025#respond"]}]},{"@type":"WebPage","@id":"https:\/\/www.africa-press.net\/cotedivoire\/politique\/candidature-du-maire-de-bondoukou-invalidee-pour-2025","url":"https:\/\/www.africa-press.net\/cotedivoire\/politique\/candidature-du-maire-de-bondoukou-invalidee-pour-2025","name":"Candidature du Maire de Bondoukou Invalid\u00e9e pour 2025 - C\u00f4te d&#039;Ivoire","isPartOf":{"@id":"https:\/\/www.africa-press.net\/cotedivoire\/#website"},"primaryImageOfPage":{"@id":"https:\/\/www.africa-press.net\/cotedivoire\/politique\/candidature-du-maire-de-bondoukou-invalidee-pour-2025#primaryimage"},"image":{"@id":"https:\/\/www.africa-press.net\/cotedivoire\/politique\/candidature-du-maire-de-bondoukou-invalidee-pour-2025#primaryimage"},"thumbnailUrl":"https:\/\/static.africa-press.net\/cote\/sites\/43\/2025\/12\/sm_1765639502.418926.jpg","datePublished":"2025-12-13T17:46:15+00:00","dateModified":"2025-12-13T18:55:26+00:00","author":{"@id":"https:\/\/www.africa-press.net\/cotedivoire\/#\/schema\/person\/2b1cf3cd81a31e3cd26889ca66d677f1"},"description":"La liste du Maire de Bondoukou Anzoumana Ouattara et celle de son supple\u0301ant, Bazard Bourahima Ouattara pour les Le\u0301gisl ...","breadcrumb":{"@id":"https:\/\/www.africa-press.net\/cotedivoire\/politique\/candidature-du-maire-de-bondoukou-invalidee-pour-2025#breadcrumb"},"inLanguage":"fr-FR","potentialAction":[{"@type":"ReadAction","target":["https:\/\/www.africa-press.net\/cotedivoire\/politique\/candidature-du-maire-de-bondoukou-invalidee-pour-2025"]}]},{"@type":"ImageObject","inLanguage":"fr-FR","@id":"https:\/\/www.africa-press.net\/cotedivoire\/politique\/candidature-du-maire-de-bondoukou-invalidee-pour-2025#primaryimage","url":"https:\/\/static.africa-press.net\/cote\/sites\/43\/2025\/12\/sm_1765639502.418926.jpg","contentUrl":"https:\/\/static.africa-press.net\/cote\/sites\/43\/2025\/12\/sm_1765639502.418926.jpg","width":720,"height":480,"caption":"Candidature du Maire de Bondoukou Invalid\u00e9e pour 2025"},{"@type":"BreadcrumbList","@id":"https:\/\/www.africa-press.net\/cotedivoire\/politique\/candidature-du-maire-de-bondoukou-invalidee-pour-2025#breadcrumb","itemListElement":[{"@type":"ListItem","position":1,"name":"Accueil","item":"https:\/\/www.africa-press.net\/cotedivoire\/"},{"@type":"ListItem","position":2,"name":"Candidature du Maire de Bondoukou Invalid\u00e9e pour 2025"}]},{"@type":"WebSite","@id":"https:\/\/www.africa-press.net\/cotedivoire\/#website","url":"https:\/\/www.africa-press.net\/cotedivoire\/","name":"C\u00f4te d&#039;Ivoire","description":"Just another Africa News Agency Sites site","potentialAction":[{"@type":"SearchAction","target":{"@type":"EntryPoint","urlTemplate":"https:\/\/www.africa-press.net\/cotedivoire\/?s={search_term_string}"},"query-input":{"@type":"PropertyValueSpecification","valueRequired":true,"valueName":"search_term_string"}}],"inLanguage":"fr-FR"},{"@type":"Person","@id":"https:\/\/www.africa-press.net\/cotedivoire\/#\/schema\/person\/2b1cf3cd81a31e3cd26889ca66d677f1","name":"cfeditorfr"}]}},"_links":{"self":[{"href":"https:\/\/www.africa-press.net\/cotedivoire\/wp-json\/wp\/v2\/posts\/110178","targetHints":{"allow":["GET"]}}],"collection":[{"href":"https:\/\/www.africa-press.net\/cotedivoire\/wp-json\/wp\/v2\/posts"}],"about":[{"href":"https:\/\/www.africa-press.net\/cotedivoire\/wp-json\/wp\/v2\/types\/post"}],"author":[{"embeddable":true,"href":"https:\/\/www.africa-press.net\/cotedivoire\/wp-json\/wp\/v2\/users\/82"}],"replies":[{"embeddable":true,"href":"https:\/\/www.africa-press.net\/cotedivoire\/wp-json\/wp\/v2\/comments?post=110178"}],"version-history":[{"count":0,"href":"https:\/\/www.africa-press.net\/cotedivoire\/wp-json\/wp\/v2\/posts\/110178\/revisions"}],"wp:featuredmedia":[{"embeddable":true,"href":"https:\/\/www.africa-press.net\/cotedivoire\/wp-json\/wp\/v2\/media\/110177"}],"wp:attachment":[{"href":"https:\/\/www.africa-press.net\/cotedivoire\/wp-json\/wp\/v2\/media?parent=110178"}],"wp:term":[{"taxonomy":"category","embeddable":true,"href":"https:\/\/www.africa-press.net\/cotedivoire\/wp-json\/wp\/v2\/categories?post=110178"},{"taxonomy":"post_tag","embeddable":true,"href":"https:\/\/www.africa-press.net\/cotedivoire\/wp-json\/wp\/v2\/tags?post=110178"}],"curies":[{"name":"wp","href":"https:\/\/api.w.org\/{rel}","templated":true}]}}