{"id":110187,"date":"2025-12-13T18:12:17","date_gmt":"2025-12-13T18:12:17","guid":{"rendered":"https:\/\/www.africa-press.net\/cotedivoire\/politique\/elokate-renait-avec-un-mega-projet-damenagement"},"modified":"2025-12-13T18:56:10","modified_gmt":"2025-12-13T18:56:10","slug":"elokate-renait-avec-un-mega-projet-damenagement","status":"publish","type":"post","link":"https:\/\/www.africa-press.net\/cotedivoire\/economie\/elokate-renait-avec-un-mega-projet-damenagement","title":{"rendered":"Elokat\u00e9 Renait Avec Un Mega-Projet D&rsquo;Am\u00e9nagement"},"content":{"rendered":"<p><span style=\"color: #ff6600\"><strong>Africa-Press &#8211; C\u00f4te d&rsquo;Ivoire. <\/strong><\/span>Le carrefour Bac\u2013Elokate\u0301 a servi de cadre, ce mercredi 10 de\u0301cembre 2025, au lancement officiel du projet d\u2019ame\u0301nagement du site d\u2019Elokate\u0301 de Bingerville. Une e\u0301tape de\u0301cisive qui marque l\u2019ouverture d\u2019une e\u0300re nouvelle pour ce village apre\u0300s plusieurs anne\u0301es de litige foncier. L\u2019e\u0301ve\u0301nement, organise\u0301 par Zara Entreprise en collaboration avec la communaute\u0301 villageoise, a enregistre\u0301 la pre\u0301sence du De\u0301pute\u0301-Maire de Bingerville, de plusieurs autorite\u0301s administratives, ainsi que des cadres locaux.<\/p>\n<p>Dans son adresse aux populations, le PDG de Zara Entreprise, N\u2019Guettia Kouassi Ange-Paco\u0302me, natif du village, a exprime\u0301 sa profonde satisfaction quant au de\u0301nouement du conflit foncier qui paralysait le de\u0301veloppement de la zone.<\/p>\n<p>\u00ab Apre\u0300s plusieurs mois d\u2019incertitudes, nous nous retrouvons a\u0300 Elokate\u0301 pour amorcer le train du de\u0301veloppement \u00bb, a-t-il de\u0301clare\u0301.<\/p>\n<p>Le chef d\u2019entreprise a tenu a\u0300 exprimer sa gratitude au Sous-Pre\u0301fet de Bingerville pour sa diligence dans la gestion du dossier, ainsi qu\u2019au De\u0301pute\u0301-Maire dont il a salue\u0301 l\u2019engagement constant aupre\u0300s des populations. Il a e\u0301galement rendu hommage a\u0300 la justice ivoirienne pour avoir permis aux proprie\u0301taires terriens de recouvrer leurs droits le\u0301gitimes.<\/p>\n<p>Selon lui, la ce\u0301re\u0301monie marque le point de de\u0301part d\u2019un projet prometteur:\u00ab Aujourd\u2019hui, c\u2019est une nouvelle e\u0300re qui s\u2019ouvre sur Elokate\u0301. J\u2019invite tous les ope\u0301rateurs e\u0301conomiques a\u0300 venir investir dans ce village paisible qui aspire au de\u0301veloppement. Que Dieu be\u0301nisse Elokate\u0301 ! \u00bb<\/p>\n<p>Intervenant a\u0300 son tour, Soro Nanga, ge\u0301ome\u0300tre expert agre\u0301e\u0301, est revenu sur les e\u0301tapes techniques ayant permis l\u2019avance\u0301e du projet. Sollicite\u0301 dans le cadre de la re\u0301solution du conflit foncier, il a accompagne\u0301 les parties dans la production des documents indispensables au re\u0300glement du litige.<\/p>\n<p>\u00ab Nous avons re\u0301alise\u0301 l\u2019ensemble des expertises foncie\u0300res ne\u0301cessaires: de\u0301limitation des superficies, recensement des titres fonciers existants, et mise en image des espaces concerne\u0301s gra\u0302ce a\u0300 des prises de vue par drone \u00bb, a-t-il explique\u0301.<\/p>\n<p>Le projet couvre 530 hectares, incluant le village lui-me\u0302me et ses abords imme\u0301diats. L\u2019expert a de\u0301taille\u0301 la re\u0301partition issue de la de\u0301cision de justice, pre\u0301cisant qu\u2019une partie des terres a e\u0301te\u0301 attribue\u0301e aux proprie\u0301taires terriens et une autre a\u0300 la partie adverse.<\/p>\n<p>Il a assure\u0301 que toutes les normes d\u2019ame\u0301nagement seront respecte\u0301es: \u00ab Nous travaillons avec un urbaniste pour que ce futur ame\u0301nagement prenne la forme d\u2019une ve\u0301ritable ville paisible, structure\u0301e et conforme aux standards. Nous sommes aux co\u0302te\u0301s des proprie\u0301taires terriens pour garantir un re\u0301sultat fiable et durable. \u00bb<\/p>\n<p>Prenant la parole au nom des autorite\u0301s administratives, le De\u0301pute\u0301-Maire de Bingerville, Issouf Doumbia, a rappele\u0301 le ro\u0302le de\u0301terminant joue\u0301 par l\u2019E\u0301tat et les institutions nationales dans la re\u0301solution du conflit.<\/p>\n<p>Il a salue\u0301 l\u2019action du Pre\u0301sident de la Re\u0301publique, Alassane Ouattara, ainsi que l\u2019appui du Ministre d\u2019E\u0301tat Te\u0301ne\u0301 Birahima Ouattara, et du Ministre de la Construction, dont l\u2019implication a permis de restaurer les droits des populations d\u2019Elokate\u0301.<\/p>\n<p>\u00ab Nous avons travaille\u0301 main dans la main avec le Sous-Pre\u0301fet pour que les proprie\u0301taires terriens soient re\u0301tablis dans leurs droits, et cela a e\u0301te\u0301 fait. Je le dis clairement: ce litige est de\u0301finitivement derrie\u0300re nous \u00bb, a-t-il insiste\u0301.<\/p>\n<p>Le maire a encourage\u0301 la collaboration entre les acteurs publics, les chefs coutumiers et Zara Entreprise, seul mandataire de\u0301signe\u0301 pour accompagner les proprie\u0301taires terriens dans la mise en \u0153uvre du projet.<\/p>\n<p>\u00ab C\u2019est un vaste chantier, mais nous serons aux co\u0302te\u0301s du PDG de Zara Entreprise pour garantir sa re\u0301ussite, pour le bonheur de nos populations et de nos parents \u00bb, a-t-il conclu.<\/p>\n<p>Lancement symbolique mais hautement significatif, cette ce\u0301re\u0301monie ouvre la voie a\u0300 un programme d\u2019ame\u0301nagement ambitieux qui promet de transformer Elokate\u0301 en un ve\u0301ritable po\u0302le urbain. Entre l\u2019appui institutionnel, l\u2019expertise technique et l\u2019engagement de Zara Entreprise, les habitants nourrissent de\u0301sormais l\u2019espoir de voir leur localite\u0301 renai\u0302tre apre\u0300s des anne\u0301es de blocage.<\/p>\n<p>Elokate\u0301 entre dans une nouvelle phase de son histoire, celle du de\u0301veloppement structure\u0301 et de l\u2019exploitation harmonieuse de ses terres.<\/p>\n<p><strong>Pour plus d&rsquo;informations et d&rsquo;analyses sur la <span style=\"color: #ff6600\">C\u00f4te d&rsquo;Ivoire<\/span>, suivez <span style=\"color: #ff6600\">Africa-Press<\/span><\/strong><\/p>\n","protected":false},"excerpt":{"rendered":"<p>Africa-Press &#8211; C\u00f4te d&rsquo;Ivoire. Le carrefour Bac\u2013Elokate\u0301 a servi de cadre, ce mercredi 10 de\u0301cembre 2025, au lancement officiel du projet d\u2019ame\u0301nagement du site d\u2019Elokate\u0301 de Bingerville. Une e\u0301tape de\u0301cisive qui marque l\u2019ouverture d\u2019une e\u0300re nouvelle pour ce village apre\u0300s plusieurs anne\u0301es de litige foncier. L\u2019e\u0301ve\u0301nement, organise\u0301 par Zara Entreprise en collaboration avec la communaute\u0301 [&hellip;]<\/p>\n","protected":false},"author":82,"featured_media":110186,"comment_status":"open","ping_status":"closed","sticky":false,"template":"","format":"standard","meta":{"footnotes":""},"categories":[3,10],"tags":[5055,1731,29,1583,1534,947,7281,7817,19179],"class_list":["post-110187","post","type-post","status-publish","format-standard","has-post-thumbnail","hentry","category-economie","category-toutes-les-actualites","tag-amenagement","tag-bingerville","tag-cote-divoire","tag-developpement","tag-elokate","tag-foncier","tag-litige-foncier","tag-local","tag-zara-entreprise"],"yoast_head":"<!-- This site is optimized with the Yoast SEO Premium plugin v26.1 (Yoast SEO v27.0) - https:\/\/yoast.com\/product\/yoast-seo-premium-wordpress\/ -->\n<title>Elokat\u00e9 Renait Avec Un Mega-Projet D&#039;Am\u00e9nagement - C\u00f4te d&#039;Ivoire<\/title>\n<meta name=\"description\" content=\"Le carrefour Bac\u2013Elokate\u0301 a servi de cadre, ce mercredi 10 de\u0301cembre 2025, au lancement officiel du projet d\u2019ame\u0301nagemen ...\" \/>\n<meta name=\"robots\" content=\"index, follow, max-snippet:-1, max-image-preview:large, max-video-preview:-1\" \/>\n<link rel=\"canonical\" href=\"https:\/\/www.africa-press.net\/cotedivoire\/economie\/elokate-renait-avec-un-mega-projet-damenagement\" \/>\n<meta property=\"og:locale\" content=\"fr_FR\" \/>\n<meta property=\"og:type\" content=\"article\" \/>\n<meta property=\"og:title\" content=\"Elokat\u00e9 Renait Avec Un Mega-Projet D&#039;Am\u00e9nagement\" \/>\n<meta property=\"og:description\" content=\"Le carrefour Bac\u2013Elokate\u0301 a servi de cadre, ce mercredi 10 de\u0301cembre 2025, au lancement officiel du projet d\u2019ame\u0301nagemen ...\" \/>\n<meta property=\"og:url\" content=\"https:\/\/www.africa-press.net\/cotedivoire\/economie\/elokate-renait-avec-un-mega-projet-damenagement\" \/>\n<meta property=\"og:site_name\" content=\"C\u00f4te d&#039;Ivoire\" \/>\n<meta property=\"article:published_time\" content=\"2025-12-13T18:12:17+00:00\" \/>\n<meta property=\"article:modified_time\" content=\"2025-12-13T18:56:10+00:00\" \/>\n<meta property=\"og:image\" content=\"https:\/\/static.africa-press.net\/cote\/sites\/43\/2025\/12\/sm_1765639545.575644.jpg\" \/>\n\t<meta property=\"og:image:width\" content=\"720\" \/>\n\t<meta property=\"og:image:height\" content=\"354\" \/>\n\t<meta property=\"og:image:type\" content=\"image\/jpeg\" \/>\n<meta name=\"author\" content=\"cfeditorfr\" \/>\n<meta name=\"twitter:card\" content=\"summary_large_image\" \/>\n<meta name=\"twitter:label1\" content=\"\u00c9crit par\" \/>\n\t<meta name=\"twitter:data1\" content=\"cfeditorfr\" \/>\n\t<meta name=\"twitter:label2\" content=\"Dur\u00e9e de lecture estim\u00e9e\" \/>\n\t<meta name=\"twitter:data2\" content=\"4 minutes\" \/>\n<script type=\"application\/ld+json\" class=\"yoast-schema-graph\">{\"@context\":\"https:\/\/schema.org\",\"@graph\":[{\"@type\":\"Article\",\"@id\":\"https:\/\/www.africa-press.net\/cotedivoire\/economie\/elokate-renait-avec-un-mega-projet-damenagement#article\",\"isPartOf\":{\"@id\":\"https:\/\/www.africa-press.net\/cotedivoire\/economie\/elokate-renait-avec-un-mega-projet-damenagement\"},\"author\":{\"name\":\"cfeditorfr\",\"@id\":\"https:\/\/www.africa-press.net\/cotedivoire\/#\/schema\/person\/2b1cf3cd81a31e3cd26889ca66d677f1\"},\"headline\":\"Elokat\u00e9 Renait Avec Un Mega-Projet D&rsquo;Am\u00e9nagement\",\"datePublished\":\"2025-12-13T18:12:17+00:00\",\"dateModified\":\"2025-12-13T18:56:10+00:00\",\"mainEntityOfPage\":{\"@id\":\"https:\/\/www.africa-press.net\/cotedivoire\/economie\/elokate-renait-avec-un-mega-projet-damenagement\"},\"wordCount\":774,\"commentCount\":0,\"image\":{\"@id\":\"https:\/\/www.africa-press.net\/cotedivoire\/economie\/elokate-renait-avec-un-mega-projet-damenagement#primaryimage\"},\"thumbnailUrl\":\"https:\/\/static.africa-press.net\/cote\/sites\/43\/2025\/12\/sm_1765639545.575644.jpg\",\"keywords\":[\"amenagement\",\"Bingerville\",\"C\u00d4TE D'IVOIRE\",\"d\u00e9veloppement\",\"Elokat\u00e9\",\"foncier\",\"litige foncier\",\"local\",\"Zara entreprise\"],\"articleSection\":[\"\u00c9conomie\",\"Toutes les actualit\u00e9s\"],\"inLanguage\":\"fr-FR\",\"potentialAction\":[{\"@type\":\"CommentAction\",\"name\":\"Comment\",\"target\":[\"https:\/\/www.africa-press.net\/cotedivoire\/economie\/elokate-renait-avec-un-mega-projet-damenagement#respond\"]}]},{\"@type\":\"WebPage\",\"@id\":\"https:\/\/www.africa-press.net\/cotedivoire\/economie\/elokate-renait-avec-un-mega-projet-damenagement\",\"url\":\"https:\/\/www.africa-press.net\/cotedivoire\/economie\/elokate-renait-avec-un-mega-projet-damenagement\",\"name\":\"Elokat\u00e9 Renait Avec Un Mega-Projet D'Am\u00e9nagement - C\u00f4te d&#039;Ivoire\",\"isPartOf\":{\"@id\":\"https:\/\/www.africa-press.net\/cotedivoire\/#website\"},\"primaryImageOfPage\":{\"@id\":\"https:\/\/www.africa-press.net\/cotedivoire\/economie\/elokate-renait-avec-un-mega-projet-damenagement#primaryimage\"},\"image\":{\"@id\":\"https:\/\/www.africa-press.net\/cotedivoire\/economie\/elokate-renait-avec-un-mega-projet-damenagement#primaryimage\"},\"thumbnailUrl\":\"https:\/\/static.africa-press.net\/cote\/sites\/43\/2025\/12\/sm_1765639545.575644.jpg\",\"datePublished\":\"2025-12-13T18:12:17+00:00\",\"dateModified\":\"2025-12-13T18:56:10+00:00\",\"author\":{\"@id\":\"https:\/\/www.africa-press.net\/cotedivoire\/#\/schema\/person\/2b1cf3cd81a31e3cd26889ca66d677f1\"},\"description\":\"Le carrefour Bac\u2013Elokate\u0301 a servi de cadre, ce mercredi 10 de\u0301cembre 2025, au lancement officiel du projet d\u2019ame\u0301nagemen ...\",\"breadcrumb\":{\"@id\":\"https:\/\/www.africa-press.net\/cotedivoire\/economie\/elokate-renait-avec-un-mega-projet-damenagement#breadcrumb\"},\"inLanguage\":\"fr-FR\",\"potentialAction\":[{\"@type\":\"ReadAction\",\"target\":[\"https:\/\/www.africa-press.net\/cotedivoire\/economie\/elokate-renait-avec-un-mega-projet-damenagement\"]}]},{\"@type\":\"ImageObject\",\"inLanguage\":\"fr-FR\",\"@id\":\"https:\/\/www.africa-press.net\/cotedivoire\/economie\/elokate-renait-avec-un-mega-projet-damenagement#primaryimage\",\"url\":\"https:\/\/static.africa-press.net\/cote\/sites\/43\/2025\/12\/sm_1765639545.575644.jpg\",\"contentUrl\":\"https:\/\/static.africa-press.net\/cote\/sites\/43\/2025\/12\/sm_1765639545.575644.jpg\",\"width\":720,\"height\":354,\"caption\":\"Elokat\u00e9 Renait Avec Un Mega-Projet D'Am\u00e9nagement\"},{\"@type\":\"BreadcrumbList\",\"@id\":\"https:\/\/www.africa-press.net\/cotedivoire\/economie\/elokate-renait-avec-un-mega-projet-damenagement#breadcrumb\",\"itemListElement\":[{\"@type\":\"ListItem\",\"position\":1,\"name\":\"Accueil\",\"item\":\"https:\/\/www.africa-press.net\/cotedivoire\/\"},{\"@type\":\"ListItem\",\"position\":2,\"name\":\"Elokat\u00e9 Renait Avec Un Mega-Projet D&#8217;Am\u00e9nagement\"}]},{\"@type\":\"WebSite\",\"@id\":\"https:\/\/www.africa-press.net\/cotedivoire\/#website\",\"url\":\"https:\/\/www.africa-press.net\/cotedivoire\/\",\"name\":\"C\u00f4te d&#039;Ivoire\",\"description\":\"Just another Africa News Agency Sites site\",\"potentialAction\":[{\"@type\":\"SearchAction\",\"target\":{\"@type\":\"EntryPoint\",\"urlTemplate\":\"https:\/\/www.africa-press.net\/cotedivoire\/?s={search_term_string}\"},\"query-input\":{\"@type\":\"PropertyValueSpecification\",\"valueRequired\":true,\"valueName\":\"search_term_string\"}}],\"inLanguage\":\"fr-FR\"},{\"@type\":\"Person\",\"@id\":\"https:\/\/www.africa-press.net\/cotedivoire\/#\/schema\/person\/2b1cf3cd81a31e3cd26889ca66d677f1\",\"name\":\"cfeditorfr\"}]}<\/script>\n<!-- \/ Yoast SEO Premium plugin. -->","yoast_head_json":{"title":"Elokat\u00e9 Renait Avec Un Mega-Projet D'Am\u00e9nagement - C\u00f4te d&#039;Ivoire","description":"Le carrefour Bac\u2013Elokate\u0301 a servi de cadre, ce mercredi 10 de\u0301cembre 2025, au lancement officiel du projet d\u2019ame\u0301nagemen ...","robots":{"index":"index","follow":"follow","max-snippet":"max-snippet:-1","max-image-preview":"max-image-preview:large","max-video-preview":"max-video-preview:-1"},"canonical":"https:\/\/www.africa-press.net\/cotedivoire\/economie\/elokate-renait-avec-un-mega-projet-damenagement","og_locale":"fr_FR","og_type":"article","og_title":"Elokat\u00e9 Renait Avec Un Mega-Projet D'Am\u00e9nagement","og_description":"Le carrefour Bac\u2013Elokate\u0301 a servi de cadre, ce mercredi 10 de\u0301cembre 2025, au lancement officiel du projet d\u2019ame\u0301nagemen ...","og_url":"https:\/\/www.africa-press.net\/cotedivoire\/economie\/elokate-renait-avec-un-mega-projet-damenagement","og_site_name":"C\u00f4te d&#039;Ivoire","article_published_time":"2025-12-13T18:12:17+00:00","article_modified_time":"2025-12-13T18:56:10+00:00","og_image":[{"width":720,"height":354,"url":"https:\/\/static.africa-press.net\/cote\/sites\/43\/2025\/12\/sm_1765639545.575644.jpg","type":"image\/jpeg"}],"author":"cfeditorfr","twitter_card":"summary_large_image","twitter_misc":{"\u00c9crit par":"cfeditorfr","Dur\u00e9e de lecture estim\u00e9e":"4 minutes"},"schema":{"@context":"https:\/\/schema.org","@graph":[{"@type":"Article","@id":"https:\/\/www.africa-press.net\/cotedivoire\/economie\/elokate-renait-avec-un-mega-projet-damenagement#article","isPartOf":{"@id":"https:\/\/www.africa-press.net\/cotedivoire\/economie\/elokate-renait-avec-un-mega-projet-damenagement"},"author":{"name":"cfeditorfr","@id":"https:\/\/www.africa-press.net\/cotedivoire\/#\/schema\/person\/2b1cf3cd81a31e3cd26889ca66d677f1"},"headline":"Elokat\u00e9 Renait Avec Un Mega-Projet D&rsquo;Am\u00e9nagement","datePublished":"2025-12-13T18:12:17+00:00","dateModified":"2025-12-13T18:56:10+00:00","mainEntityOfPage":{"@id":"https:\/\/www.africa-press.net\/cotedivoire\/economie\/elokate-renait-avec-un-mega-projet-damenagement"},"wordCount":774,"commentCount":0,"image":{"@id":"https:\/\/www.africa-press.net\/cotedivoire\/economie\/elokate-renait-avec-un-mega-projet-damenagement#primaryimage"},"thumbnailUrl":"https:\/\/static.africa-press.net\/cote\/sites\/43\/2025\/12\/sm_1765639545.575644.jpg","keywords":["amenagement","Bingerville","C\u00d4TE D'IVOIRE","d\u00e9veloppement","Elokat\u00e9","foncier","litige foncier","local","Zara entreprise"],"articleSection":["\u00c9conomie","Toutes les actualit\u00e9s"],"inLanguage":"fr-FR","potentialAction":[{"@type":"CommentAction","name":"Comment","target":["https:\/\/www.africa-press.net\/cotedivoire\/economie\/elokate-renait-avec-un-mega-projet-damenagement#respond"]}]},{"@type":"WebPage","@id":"https:\/\/www.africa-press.net\/cotedivoire\/economie\/elokate-renait-avec-un-mega-projet-damenagement","url":"https:\/\/www.africa-press.net\/cotedivoire\/economie\/elokate-renait-avec-un-mega-projet-damenagement","name":"Elokat\u00e9 Renait Avec Un Mega-Projet D'Am\u00e9nagement - C\u00f4te d&#039;Ivoire","isPartOf":{"@id":"https:\/\/www.africa-press.net\/cotedivoire\/#website"},"primaryImageOfPage":{"@id":"https:\/\/www.africa-press.net\/cotedivoire\/economie\/elokate-renait-avec-un-mega-projet-damenagement#primaryimage"},"image":{"@id":"https:\/\/www.africa-press.net\/cotedivoire\/economie\/elokate-renait-avec-un-mega-projet-damenagement#primaryimage"},"thumbnailUrl":"https:\/\/static.africa-press.net\/cote\/sites\/43\/2025\/12\/sm_1765639545.575644.jpg","datePublished":"2025-12-13T18:12:17+00:00","dateModified":"2025-12-13T18:56:10+00:00","author":{"@id":"https:\/\/www.africa-press.net\/cotedivoire\/#\/schema\/person\/2b1cf3cd81a31e3cd26889ca66d677f1"},"description":"Le carrefour Bac\u2013Elokate\u0301 a servi de cadre, ce mercredi 10 de\u0301cembre 2025, au lancement officiel du projet d\u2019ame\u0301nagemen ...","breadcrumb":{"@id":"https:\/\/www.africa-press.net\/cotedivoire\/economie\/elokate-renait-avec-un-mega-projet-damenagement#breadcrumb"},"inLanguage":"fr-FR","potentialAction":[{"@type":"ReadAction","target":["https:\/\/www.africa-press.net\/cotedivoire\/economie\/elokate-renait-avec-un-mega-projet-damenagement"]}]},{"@type":"ImageObject","inLanguage":"fr-FR","@id":"https:\/\/www.africa-press.net\/cotedivoire\/economie\/elokate-renait-avec-un-mega-projet-damenagement#primaryimage","url":"https:\/\/static.africa-press.net\/cote\/sites\/43\/2025\/12\/sm_1765639545.575644.jpg","contentUrl":"https:\/\/static.africa-press.net\/cote\/sites\/43\/2025\/12\/sm_1765639545.575644.jpg","width":720,"height":354,"caption":"Elokat\u00e9 Renait Avec Un Mega-Projet D'Am\u00e9nagement"},{"@type":"BreadcrumbList","@id":"https:\/\/www.africa-press.net\/cotedivoire\/economie\/elokate-renait-avec-un-mega-projet-damenagement#breadcrumb","itemListElement":[{"@type":"ListItem","position":1,"name":"Accueil","item":"https:\/\/www.africa-press.net\/cotedivoire\/"},{"@type":"ListItem","position":2,"name":"Elokat\u00e9 Renait Avec Un Mega-Projet D&#8217;Am\u00e9nagement"}]},{"@type":"WebSite","@id":"https:\/\/www.africa-press.net\/cotedivoire\/#website","url":"https:\/\/www.africa-press.net\/cotedivoire\/","name":"C\u00f4te d&#039;Ivoire","description":"Just another Africa News Agency Sites site","potentialAction":[{"@type":"SearchAction","target":{"@type":"EntryPoint","urlTemplate":"https:\/\/www.africa-press.net\/cotedivoire\/?s={search_term_string}"},"query-input":{"@type":"PropertyValueSpecification","valueRequired":true,"valueName":"search_term_string"}}],"inLanguage":"fr-FR"},{"@type":"Person","@id":"https:\/\/www.africa-press.net\/cotedivoire\/#\/schema\/person\/2b1cf3cd81a31e3cd26889ca66d677f1","name":"cfeditorfr"}]}},"_links":{"self":[{"href":"https:\/\/www.africa-press.net\/cotedivoire\/wp-json\/wp\/v2\/posts\/110187","targetHints":{"allow":["GET"]}}],"collection":[{"href":"https:\/\/www.africa-press.net\/cotedivoire\/wp-json\/wp\/v2\/posts"}],"about":[{"href":"https:\/\/www.africa-press.net\/cotedivoire\/wp-json\/wp\/v2\/types\/post"}],"author":[{"embeddable":true,"href":"https:\/\/www.africa-press.net\/cotedivoire\/wp-json\/wp\/v2\/users\/82"}],"replies":[{"embeddable":true,"href":"https:\/\/www.africa-press.net\/cotedivoire\/wp-json\/wp\/v2\/comments?post=110187"}],"version-history":[{"count":0,"href":"https:\/\/www.africa-press.net\/cotedivoire\/wp-json\/wp\/v2\/posts\/110187\/revisions"}],"wp:featuredmedia":[{"embeddable":true,"href":"https:\/\/www.africa-press.net\/cotedivoire\/wp-json\/wp\/v2\/media\/110186"}],"wp:attachment":[{"href":"https:\/\/www.africa-press.net\/cotedivoire\/wp-json\/wp\/v2\/media?parent=110187"}],"wp:term":[{"taxonomy":"category","embeddable":true,"href":"https:\/\/www.africa-press.net\/cotedivoire\/wp-json\/wp\/v2\/categories?post=110187"},{"taxonomy":"post_tag","embeddable":true,"href":"https:\/\/www.africa-press.net\/cotedivoire\/wp-json\/wp\/v2\/tags?post=110187"}],"curies":[{"name":"wp","href":"https:\/\/api.w.org\/{rel}","templated":true}]}}