{"id":110198,"date":"2025-12-13T18:15:55","date_gmt":"2025-12-13T18:15:55","guid":{"rendered":"https:\/\/www.africa-press.net\/cotedivoire\/politique\/retrait-documents-electoraux-legislatives-2025-des-lundi"},"modified":"2025-12-13T18:57:17","modified_gmt":"2025-12-13T18:57:17","slug":"retrait-documents-electoraux-legislatives-2025-des-lundi","status":"publish","type":"post","link":"https:\/\/www.africa-press.net\/cotedivoire\/politique\/retrait-documents-electoraux-legislatives-2025-des-lundi","title":{"rendered":"Retrait Documents \u00c9lectoraux L\u00e9gislatives 2025 D\u00e8s Lundi"},"content":{"rendered":"<p><span style=\"color: #ff6600\"><strong>Africa-Press &#8211; C\u00f4te d&rsquo;Ivoire. <\/strong><\/span>Apre\u0300s la publication officielle des candidats retenus par le Conseil Constitutionnel, la Commission Electorale Inde\u0301pendante (CEI) met le cap sur le retrait des documents e\u0301lectoraux.<\/p>\n<p>C\u2019est dans ce cadre que la CEI informe les candidats et les candidates aux e\u0301lections des de\u0301pute\u0301s a\u0300 l(Assemble\u0301e Nationale, pre\u0301vue le 27 decembre 2025, qu\u2019ils ou elles peuvent proce\u0301der au retrait de leurs documents e\u0301lectoraux ( spe\u0301cimens de bulletins de vote et affiches) a\u0300 compter du lundi 15 decembre 2025, a\u0300 partir de 11 heures a\u0300 son sie\u0300ge sis a\u0300 Abidjan-Cocody (Deux-Plateaux).<\/p>\n<p>La CEI pre\u0301cise que lors du retrait des documents, il sera exige\u0301 la Carte Nationale d\u2019Identite\u0301 (CNI). Quant aux repre\u0301sentants des candidat(e)s, ils devront se munir d\u2019un mandat du\u0302ment signe\u0301.<\/p>\n<p><strong>Pour plus d&rsquo;informations et d&rsquo;analyses sur la <span style=\"color: #ff6600\">C\u00f4te d&rsquo;Ivoire<\/span>, suivez <span style=\"color: #ff6600\">Africa-Press<\/span><\/strong><\/p>\n","protected":false},"excerpt":{"rendered":"<p>Africa-Press &#8211; C\u00f4te d&rsquo;Ivoire. Apre\u0300s la publication officielle des candidats retenus par le Conseil Constitutionnel, la Commission Electorale Inde\u0301pendante (CEI) met le cap sur le retrait des documents e\u0301lectoraux. C\u2019est dans ce cadre que la CEI informe les candidats et les candidates aux e\u0301lections des de\u0301pute\u0301s a\u0300 l(Assemble\u0301e Nationale, pre\u0301vue le 27 decembre 2025, qu\u2019ils [&hellip;]<\/p>\n","protected":false},"author":82,"featured_media":110197,"comment_status":"open","ping_status":"closed","sticky":false,"template":"","format":"standard","meta":{"footnotes":""},"categories":[2,10],"tags":[1229,1316,1744,3832,29,1540,17657,19356],"class_list":["post-110198","post","type-post","status-publish","format-standard","has-post-thumbnail","hentry","category-politique","category-toutes-les-actualites","tag-candidats","tag-cei","tag-conseil","tag-constitutionnel","tag-cote-divoire","tag-documents","tag-electoraux","tag-legislatives-2025"],"yoast_head":"<!-- This site is optimized with the Yoast SEO Premium plugin v26.1 (Yoast SEO v27.0) - https:\/\/yoast.com\/product\/yoast-seo-premium-wordpress\/ -->\n<title>Retrait Documents \u00c9lectoraux L\u00e9gislatives 2025 D\u00e8s Lundi - C\u00f4te d&#039;Ivoire<\/title>\n<meta name=\"description\" content=\"Apre\u0300s la publication officielle des candidats retenus par le Conseil Constitutionnel, la Commission Electorale Inde\u0301pen ...\" \/>\n<meta name=\"robots\" content=\"index, follow, max-snippet:-1, max-image-preview:large, max-video-preview:-1\" \/>\n<link rel=\"canonical\" href=\"https:\/\/www.africa-press.net\/cotedivoire\/politique\/retrait-documents-electoraux-legislatives-2025-des-lundi\" \/>\n<meta property=\"og:locale\" content=\"fr_FR\" \/>\n<meta property=\"og:type\" content=\"article\" \/>\n<meta property=\"og:title\" content=\"Retrait Documents \u00c9lectoraux L\u00e9gislatives 2025 D\u00e8s Lundi\" \/>\n<meta property=\"og:description\" content=\"Apre\u0300s la publication officielle des candidats retenus par le Conseil Constitutionnel, la Commission Electorale Inde\u0301pen ...\" \/>\n<meta property=\"og:url\" content=\"https:\/\/www.africa-press.net\/cotedivoire\/politique\/retrait-documents-electoraux-legislatives-2025-des-lundi\" \/>\n<meta property=\"og:site_name\" content=\"C\u00f4te d&#039;Ivoire\" \/>\n<meta property=\"article:published_time\" content=\"2025-12-13T18:15:55+00:00\" \/>\n<meta property=\"article:modified_time\" content=\"2025-12-13T18:57:17+00:00\" \/>\n<meta property=\"og:image\" content=\"https:\/\/static.africa-press.net\/cote\/sites\/43\/2025\/12\/sm_1765639597.922896.jpg\" \/>\n\t<meta property=\"og:image:width\" content=\"720\" \/>\n\t<meta property=\"og:image:height\" content=\"339\" \/>\n\t<meta property=\"og:image:type\" content=\"image\/jpeg\" \/>\n<meta name=\"author\" content=\"cfeditorfr\" \/>\n<meta name=\"twitter:card\" content=\"summary_large_image\" \/>\n<meta name=\"twitter:label1\" content=\"\u00c9crit par\" \/>\n\t<meta name=\"twitter:data1\" content=\"cfeditorfr\" \/>\n\t<meta name=\"twitter:label2\" content=\"Dur\u00e9e de lecture estim\u00e9e\" \/>\n\t<meta name=\"twitter:data2\" content=\"1 minute\" \/>\n<script type=\"application\/ld+json\" class=\"yoast-schema-graph\">{\"@context\":\"https:\/\/schema.org\",\"@graph\":[{\"@type\":\"Article\",\"@id\":\"https:\/\/www.africa-press.net\/cotedivoire\/politique\/retrait-documents-electoraux-legislatives-2025-des-lundi#article\",\"isPartOf\":{\"@id\":\"https:\/\/www.africa-press.net\/cotedivoire\/politique\/retrait-documents-electoraux-legislatives-2025-des-lundi\"},\"author\":{\"name\":\"cfeditorfr\",\"@id\":\"https:\/\/www.africa-press.net\/cotedivoire\/#\/schema\/person\/2b1cf3cd81a31e3cd26889ca66d677f1\"},\"headline\":\"Retrait Documents \u00c9lectoraux L\u00e9gislatives 2025 D\u00e8s Lundi\",\"datePublished\":\"2025-12-13T18:15:55+00:00\",\"dateModified\":\"2025-12-13T18:57:17+00:00\",\"mainEntityOfPage\":{\"@id\":\"https:\/\/www.africa-press.net\/cotedivoire\/politique\/retrait-documents-electoraux-legislatives-2025-des-lundi\"},\"wordCount\":163,\"commentCount\":0,\"image\":{\"@id\":\"https:\/\/www.africa-press.net\/cotedivoire\/politique\/retrait-documents-electoraux-legislatives-2025-des-lundi#primaryimage\"},\"thumbnailUrl\":\"https:\/\/static.africa-press.net\/cote\/sites\/43\/2025\/12\/sm_1765639597.922896.jpg\",\"keywords\":[\"candidats\",\"Cei\",\"Conseil\",\"constitutionnel\",\"C\u00d4TE D'IVOIRE\",\"documents\",\"\u00e9lectoraux\",\"L\u00e9gislatives 2025\"],\"articleSection\":[\"Politique\",\"Toutes les actualit\u00e9s\"],\"inLanguage\":\"fr-FR\",\"potentialAction\":[{\"@type\":\"CommentAction\",\"name\":\"Comment\",\"target\":[\"https:\/\/www.africa-press.net\/cotedivoire\/politique\/retrait-documents-electoraux-legislatives-2025-des-lundi#respond\"]}]},{\"@type\":\"WebPage\",\"@id\":\"https:\/\/www.africa-press.net\/cotedivoire\/politique\/retrait-documents-electoraux-legislatives-2025-des-lundi\",\"url\":\"https:\/\/www.africa-press.net\/cotedivoire\/politique\/retrait-documents-electoraux-legislatives-2025-des-lundi\",\"name\":\"Retrait Documents \u00c9lectoraux L\u00e9gislatives 2025 D\u00e8s Lundi - C\u00f4te d&#039;Ivoire\",\"isPartOf\":{\"@id\":\"https:\/\/www.africa-press.net\/cotedivoire\/#website\"},\"primaryImageOfPage\":{\"@id\":\"https:\/\/www.africa-press.net\/cotedivoire\/politique\/retrait-documents-electoraux-legislatives-2025-des-lundi#primaryimage\"},\"image\":{\"@id\":\"https:\/\/www.africa-press.net\/cotedivoire\/politique\/retrait-documents-electoraux-legislatives-2025-des-lundi#primaryimage\"},\"thumbnailUrl\":\"https:\/\/static.africa-press.net\/cote\/sites\/43\/2025\/12\/sm_1765639597.922896.jpg\",\"datePublished\":\"2025-12-13T18:15:55+00:00\",\"dateModified\":\"2025-12-13T18:57:17+00:00\",\"author\":{\"@id\":\"https:\/\/www.africa-press.net\/cotedivoire\/#\/schema\/person\/2b1cf3cd81a31e3cd26889ca66d677f1\"},\"description\":\"Apre\u0300s la publication officielle des candidats retenus par le Conseil Constitutionnel, la Commission Electorale Inde\u0301pen ...\",\"breadcrumb\":{\"@id\":\"https:\/\/www.africa-press.net\/cotedivoire\/politique\/retrait-documents-electoraux-legislatives-2025-des-lundi#breadcrumb\"},\"inLanguage\":\"fr-FR\",\"potentialAction\":[{\"@type\":\"ReadAction\",\"target\":[\"https:\/\/www.africa-press.net\/cotedivoire\/politique\/retrait-documents-electoraux-legislatives-2025-des-lundi\"]}]},{\"@type\":\"ImageObject\",\"inLanguage\":\"fr-FR\",\"@id\":\"https:\/\/www.africa-press.net\/cotedivoire\/politique\/retrait-documents-electoraux-legislatives-2025-des-lundi#primaryimage\",\"url\":\"https:\/\/static.africa-press.net\/cote\/sites\/43\/2025\/12\/sm_1765639597.922896.jpg\",\"contentUrl\":\"https:\/\/static.africa-press.net\/cote\/sites\/43\/2025\/12\/sm_1765639597.922896.jpg\",\"width\":720,\"height\":339,\"caption\":\"Retrait Documents \u00c9lectoraux L\u00e9gislatives 2025 D\u00e8s Lundi\"},{\"@type\":\"BreadcrumbList\",\"@id\":\"https:\/\/www.africa-press.net\/cotedivoire\/politique\/retrait-documents-electoraux-legislatives-2025-des-lundi#breadcrumb\",\"itemListElement\":[{\"@type\":\"ListItem\",\"position\":1,\"name\":\"Accueil\",\"item\":\"https:\/\/www.africa-press.net\/cotedivoire\/\"},{\"@type\":\"ListItem\",\"position\":2,\"name\":\"Retrait Documents \u00c9lectoraux L\u00e9gislatives 2025 D\u00e8s Lundi\"}]},{\"@type\":\"WebSite\",\"@id\":\"https:\/\/www.africa-press.net\/cotedivoire\/#website\",\"url\":\"https:\/\/www.africa-press.net\/cotedivoire\/\",\"name\":\"C\u00f4te d&#039;Ivoire\",\"description\":\"Just another Africa News Agency Sites site\",\"potentialAction\":[{\"@type\":\"SearchAction\",\"target\":{\"@type\":\"EntryPoint\",\"urlTemplate\":\"https:\/\/www.africa-press.net\/cotedivoire\/?s={search_term_string}\"},\"query-input\":{\"@type\":\"PropertyValueSpecification\",\"valueRequired\":true,\"valueName\":\"search_term_string\"}}],\"inLanguage\":\"fr-FR\"},{\"@type\":\"Person\",\"@id\":\"https:\/\/www.africa-press.net\/cotedivoire\/#\/schema\/person\/2b1cf3cd81a31e3cd26889ca66d677f1\",\"name\":\"cfeditorfr\"}]}<\/script>\n<!-- \/ Yoast SEO Premium plugin. -->","yoast_head_json":{"title":"Retrait Documents \u00c9lectoraux L\u00e9gislatives 2025 D\u00e8s Lundi - C\u00f4te d&#039;Ivoire","description":"Apre\u0300s la publication officielle des candidats retenus par le Conseil Constitutionnel, la Commission Electorale Inde\u0301pen ...","robots":{"index":"index","follow":"follow","max-snippet":"max-snippet:-1","max-image-preview":"max-image-preview:large","max-video-preview":"max-video-preview:-1"},"canonical":"https:\/\/www.africa-press.net\/cotedivoire\/politique\/retrait-documents-electoraux-legislatives-2025-des-lundi","og_locale":"fr_FR","og_type":"article","og_title":"Retrait Documents \u00c9lectoraux L\u00e9gislatives 2025 D\u00e8s Lundi","og_description":"Apre\u0300s la publication officielle des candidats retenus par le Conseil Constitutionnel, la Commission Electorale Inde\u0301pen ...","og_url":"https:\/\/www.africa-press.net\/cotedivoire\/politique\/retrait-documents-electoraux-legislatives-2025-des-lundi","og_site_name":"C\u00f4te d&#039;Ivoire","article_published_time":"2025-12-13T18:15:55+00:00","article_modified_time":"2025-12-13T18:57:17+00:00","og_image":[{"width":720,"height":339,"url":"https:\/\/static.africa-press.net\/cote\/sites\/43\/2025\/12\/sm_1765639597.922896.jpg","type":"image\/jpeg"}],"author":"cfeditorfr","twitter_card":"summary_large_image","twitter_misc":{"\u00c9crit par":"cfeditorfr","Dur\u00e9e de lecture estim\u00e9e":"1 minute"},"schema":{"@context":"https:\/\/schema.org","@graph":[{"@type":"Article","@id":"https:\/\/www.africa-press.net\/cotedivoire\/politique\/retrait-documents-electoraux-legislatives-2025-des-lundi#article","isPartOf":{"@id":"https:\/\/www.africa-press.net\/cotedivoire\/politique\/retrait-documents-electoraux-legislatives-2025-des-lundi"},"author":{"name":"cfeditorfr","@id":"https:\/\/www.africa-press.net\/cotedivoire\/#\/schema\/person\/2b1cf3cd81a31e3cd26889ca66d677f1"},"headline":"Retrait Documents \u00c9lectoraux L\u00e9gislatives 2025 D\u00e8s Lundi","datePublished":"2025-12-13T18:15:55+00:00","dateModified":"2025-12-13T18:57:17+00:00","mainEntityOfPage":{"@id":"https:\/\/www.africa-press.net\/cotedivoire\/politique\/retrait-documents-electoraux-legislatives-2025-des-lundi"},"wordCount":163,"commentCount":0,"image":{"@id":"https:\/\/www.africa-press.net\/cotedivoire\/politique\/retrait-documents-electoraux-legislatives-2025-des-lundi#primaryimage"},"thumbnailUrl":"https:\/\/static.africa-press.net\/cote\/sites\/43\/2025\/12\/sm_1765639597.922896.jpg","keywords":["candidats","Cei","Conseil","constitutionnel","C\u00d4TE D'IVOIRE","documents","\u00e9lectoraux","L\u00e9gislatives 2025"],"articleSection":["Politique","Toutes les actualit\u00e9s"],"inLanguage":"fr-FR","potentialAction":[{"@type":"CommentAction","name":"Comment","target":["https:\/\/www.africa-press.net\/cotedivoire\/politique\/retrait-documents-electoraux-legislatives-2025-des-lundi#respond"]}]},{"@type":"WebPage","@id":"https:\/\/www.africa-press.net\/cotedivoire\/politique\/retrait-documents-electoraux-legislatives-2025-des-lundi","url":"https:\/\/www.africa-press.net\/cotedivoire\/politique\/retrait-documents-electoraux-legislatives-2025-des-lundi","name":"Retrait Documents \u00c9lectoraux L\u00e9gislatives 2025 D\u00e8s Lundi - C\u00f4te d&#039;Ivoire","isPartOf":{"@id":"https:\/\/www.africa-press.net\/cotedivoire\/#website"},"primaryImageOfPage":{"@id":"https:\/\/www.africa-press.net\/cotedivoire\/politique\/retrait-documents-electoraux-legislatives-2025-des-lundi#primaryimage"},"image":{"@id":"https:\/\/www.africa-press.net\/cotedivoire\/politique\/retrait-documents-electoraux-legislatives-2025-des-lundi#primaryimage"},"thumbnailUrl":"https:\/\/static.africa-press.net\/cote\/sites\/43\/2025\/12\/sm_1765639597.922896.jpg","datePublished":"2025-12-13T18:15:55+00:00","dateModified":"2025-12-13T18:57:17+00:00","author":{"@id":"https:\/\/www.africa-press.net\/cotedivoire\/#\/schema\/person\/2b1cf3cd81a31e3cd26889ca66d677f1"},"description":"Apre\u0300s la publication officielle des candidats retenus par le Conseil Constitutionnel, la Commission Electorale Inde\u0301pen ...","breadcrumb":{"@id":"https:\/\/www.africa-press.net\/cotedivoire\/politique\/retrait-documents-electoraux-legislatives-2025-des-lundi#breadcrumb"},"inLanguage":"fr-FR","potentialAction":[{"@type":"ReadAction","target":["https:\/\/www.africa-press.net\/cotedivoire\/politique\/retrait-documents-electoraux-legislatives-2025-des-lundi"]}]},{"@type":"ImageObject","inLanguage":"fr-FR","@id":"https:\/\/www.africa-press.net\/cotedivoire\/politique\/retrait-documents-electoraux-legislatives-2025-des-lundi#primaryimage","url":"https:\/\/static.africa-press.net\/cote\/sites\/43\/2025\/12\/sm_1765639597.922896.jpg","contentUrl":"https:\/\/static.africa-press.net\/cote\/sites\/43\/2025\/12\/sm_1765639597.922896.jpg","width":720,"height":339,"caption":"Retrait Documents \u00c9lectoraux L\u00e9gislatives 2025 D\u00e8s Lundi"},{"@type":"BreadcrumbList","@id":"https:\/\/www.africa-press.net\/cotedivoire\/politique\/retrait-documents-electoraux-legislatives-2025-des-lundi#breadcrumb","itemListElement":[{"@type":"ListItem","position":1,"name":"Accueil","item":"https:\/\/www.africa-press.net\/cotedivoire\/"},{"@type":"ListItem","position":2,"name":"Retrait Documents \u00c9lectoraux L\u00e9gislatives 2025 D\u00e8s Lundi"}]},{"@type":"WebSite","@id":"https:\/\/www.africa-press.net\/cotedivoire\/#website","url":"https:\/\/www.africa-press.net\/cotedivoire\/","name":"C\u00f4te d&#039;Ivoire","description":"Just another Africa News Agency Sites site","potentialAction":[{"@type":"SearchAction","target":{"@type":"EntryPoint","urlTemplate":"https:\/\/www.africa-press.net\/cotedivoire\/?s={search_term_string}"},"query-input":{"@type":"PropertyValueSpecification","valueRequired":true,"valueName":"search_term_string"}}],"inLanguage":"fr-FR"},{"@type":"Person","@id":"https:\/\/www.africa-press.net\/cotedivoire\/#\/schema\/person\/2b1cf3cd81a31e3cd26889ca66d677f1","name":"cfeditorfr"}]}},"_links":{"self":[{"href":"https:\/\/www.africa-press.net\/cotedivoire\/wp-json\/wp\/v2\/posts\/110198","targetHints":{"allow":["GET"]}}],"collection":[{"href":"https:\/\/www.africa-press.net\/cotedivoire\/wp-json\/wp\/v2\/posts"}],"about":[{"href":"https:\/\/www.africa-press.net\/cotedivoire\/wp-json\/wp\/v2\/types\/post"}],"author":[{"embeddable":true,"href":"https:\/\/www.africa-press.net\/cotedivoire\/wp-json\/wp\/v2\/users\/82"}],"replies":[{"embeddable":true,"href":"https:\/\/www.africa-press.net\/cotedivoire\/wp-json\/wp\/v2\/comments?post=110198"}],"version-history":[{"count":0,"href":"https:\/\/www.africa-press.net\/cotedivoire\/wp-json\/wp\/v2\/posts\/110198\/revisions"}],"wp:featuredmedia":[{"embeddable":true,"href":"https:\/\/www.africa-press.net\/cotedivoire\/wp-json\/wp\/v2\/media\/110197"}],"wp:attachment":[{"href":"https:\/\/www.africa-press.net\/cotedivoire\/wp-json\/wp\/v2\/media?parent=110198"}],"wp:term":[{"taxonomy":"category","embeddable":true,"href":"https:\/\/www.africa-press.net\/cotedivoire\/wp-json\/wp\/v2\/categories?post=110198"},{"taxonomy":"post_tag","embeddable":true,"href":"https:\/\/www.africa-press.net\/cotedivoire\/wp-json\/wp\/v2\/tags?post=110198"}],"curies":[{"name":"wp","href":"https:\/\/api.w.org\/{rel}","templated":true}]}}