{"id":11020,"date":"2021-08-08T18:11:13","date_gmt":"2021-08-08T18:11:13","guid":{"rendered":"https:\/\/www.africa-press.net\/cotedivoire\/?p=11020"},"modified":"2021-08-08T18:32:29","modified_gmt":"2021-08-08T18:32:29","slug":"football-la-fifa-suspend-lex-president-de-la-caf-issa-hayatou-pour-un-an","status":"publish","type":"post","link":"https:\/\/www.africa-press.net\/cotedivoire\/sports\/football-la-fifa-suspend-lex-president-de-la-caf-issa-hayatou-pour-un-an","title":{"rendered":"Football: La FIFA suspend l\u2019ex pr\u00e9sident de la CAF Issa Hayatou pour un an"},"content":{"rendered":"<p><span style=\"color: #ff6600\"><strong><a href=\"https:\/\/www.africa-press.net\/\">Africa-Press<\/a> &#8211; <a href=\"https:\/\/www.africa-press.net\/cotedivoire\">C\u00f4te d&rsquo;Ivoire<\/a>. <\/strong><\/span>La F\u00e9d\u00e9ration internationale de football association (FIFA) a condamn\u00e9 mardi 3 ao\u00fbt 2021, l\u2019ancien pr\u00e9sident de la Conf\u00e9d\u00e9ration africaine (1988-2017), Issa Hayatou, \u00e0 une suspension d\u2019un an de toute activit\u00e9 relative au football, rapporte l\u2019Agence guin\u00e9enne de presse (AGP).<\/p>\n<p>La chambre de jugement de la Commission d\u2019\u00e9thique de la FIFA a pris cette sanction en raison de l\u2019action de l\u2019homme, dans la signature d\u2019un contrat avec Lagard\u00e8re Sports en septembre 2016, contraire aux principes concurrentiels.<\/p>\n<p>Ce contrat garantissait \u00e0 l\u2019entreprise fran\u00e7aise la gestion des droits t\u00e9l\u00e9 et marketing des comp\u00e9titions organis\u00e9es par la CAF jusqu\u2019en 2028.<\/p>\n<p>Le dirigeant camerounais de 74 ans devra \u00e9galement s\u2019acquitter d\u2019une amende de 30 000 francs suisses (environ 28 000 euros).<\/p>\n<p>M. Hayatou est aussi accus\u00e9 d\u2019abus de position puisqu\u2019il a boucl\u00e9 ce dossier sans tenir inform\u00e9 plusieurs membres du comit\u00e9 ex\u00e9cutif de la CAF.<\/p>\n<p>La FIFA a ainsi soulign\u00e9 les \u00ab r\u00e9percussions d\u00e9sastreuses pour la CAF, \u00e0 la fois d\u2019un point de vue financier (EGP 200 millions) et de son image \u00bb suite \u00e0 la signature de ce contrat.<\/p>\n<p>Cette sanction oblige le dirigeant \u00e0 quitter temporairement ses fonctions de pr\u00e9sident du conseil de l\u2019administration de l\u2019Acad\u00e9mie Nationale camerounaise de Foot (Anafoot) et de membre du comit\u00e9 local d\u2019organisation de la CAN 2021.<\/p>\n<p>&nbsp;<\/p>\n","protected":false},"excerpt":{"rendered":"<p>Africa-Press &#8211; C\u00f4te d&rsquo;Ivoire. La F\u00e9d\u00e9ration internationale de football association (FIFA) a condamn\u00e9 mardi 3 ao\u00fbt 2021, l\u2019ancien pr\u00e9sident de la Conf\u00e9d\u00e9ration africaine (1988-2017), Issa Hayatou, \u00e0 une suspension d\u2019un an de toute activit\u00e9 relative au football, rapporte l\u2019Agence guin\u00e9enne de presse (AGP). La chambre de jugement de la Commission d\u2019\u00e9thique de la FIFA a [&hellip;]<\/p>\n","protected":false},"author":82,"featured_media":11019,"comment_status":"open","ping_status":"closed","sticky":false,"template":"","format":"standard","meta":{"footnotes":""},"categories":[11,6,10],"tags":[56,63,29],"class_list":["post-11020","post","type-post","status-publish","format-standard","has-post-thumbnail","hentry","category-homepage-french","category-sports","category-toutes-les-actualites","tag-africa-press","tag-africa-press-cote-divoire","tag-cote-divoire"],"yoast_head":"<!-- This site is optimized with the Yoast SEO Premium plugin v26.1 (Yoast SEO v27.0) - https:\/\/yoast.com\/product\/yoast-seo-premium-wordpress\/ -->\n<title>Football: La FIFA suspend l\u2019ex pr\u00e9sident de la CAF Issa Hayatou pour un an - C\u00f4te d&#039;Ivoire<\/title>\n<meta name=\"description\" content=\"La F\u00e9d\u00e9ration internationale de football association (FIFA) a condamn\u00e9 mardi 3 ao\u00fbt 2021, l\u2019ancien pr\u00e9sident de la Conf\u00e9 ...\" \/>\n<meta name=\"robots\" content=\"index, follow, max-snippet:-1, max-image-preview:large, max-video-preview:-1\" \/>\n<link rel=\"canonical\" href=\"https:\/\/www.africa-press.net\/cotedivoire\/sports\/football-la-fifa-suspend-lex-president-de-la-caf-issa-hayatou-pour-un-an\" \/>\n<meta property=\"og:locale\" content=\"fr_FR\" \/>\n<meta property=\"og:type\" content=\"article\" \/>\n<meta property=\"og:title\" content=\"Football: La FIFA suspend l\u2019ex pr\u00e9sident de la CAF Issa Hayatou pour un an\" \/>\n<meta property=\"og:description\" content=\"La F\u00e9d\u00e9ration internationale de football association (FIFA) a condamn\u00e9 mardi 3 ao\u00fbt 2021, l\u2019ancien pr\u00e9sident de la Conf\u00e9 ...\" \/>\n<meta property=\"og:url\" content=\"https:\/\/www.africa-press.net\/cotedivoire\/sports\/football-la-fifa-suspend-lex-president-de-la-caf-issa-hayatou-pour-un-an\" \/>\n<meta property=\"og:site_name\" content=\"C\u00f4te d&#039;Ivoire\" \/>\n<meta property=\"article:published_time\" content=\"2021-08-08T18:11:13+00:00\" \/>\n<meta property=\"article:modified_time\" content=\"2021-08-08T18:32:29+00:00\" \/>\n<meta property=\"og:image\" content=\"https:\/\/static.africa-press.net\/cote\/sites\/43\/2021\/08\/img-6110171b7b797.jpg\" \/>\n\t<meta property=\"og:image:width\" content=\"720\" \/>\n\t<meta property=\"og:image:height\" content=\"405\" \/>\n\t<meta property=\"og:image:type\" content=\"image\/jpeg\" \/>\n<meta name=\"author\" content=\"cfeditorfr\" \/>\n<meta name=\"twitter:card\" content=\"summary_large_image\" \/>\n<meta name=\"twitter:label1\" content=\"\u00c9crit par\" \/>\n\t<meta name=\"twitter:data1\" content=\"cfeditorfr\" \/>\n\t<meta name=\"twitter:label2\" content=\"Dur\u00e9e de lecture estim\u00e9e\" \/>\n\t<meta name=\"twitter:data2\" content=\"1 minute\" \/>\n<script type=\"application\/ld+json\" class=\"yoast-schema-graph\">{\"@context\":\"https:\/\/schema.org\",\"@graph\":[{\"@type\":\"Article\",\"@id\":\"https:\/\/www.africa-press.net\/cotedivoire\/sports\/football-la-fifa-suspend-lex-president-de-la-caf-issa-hayatou-pour-un-an#article\",\"isPartOf\":{\"@id\":\"https:\/\/www.africa-press.net\/cotedivoire\/sports\/football-la-fifa-suspend-lex-president-de-la-caf-issa-hayatou-pour-un-an\"},\"author\":{\"name\":\"cfeditorfr\",\"@id\":\"https:\/\/www.africa-press.net\/cotedivoire\/#\/schema\/person\/2b1cf3cd81a31e3cd26889ca66d677f1\"},\"headline\":\"Football: La FIFA suspend l\u2019ex pr\u00e9sident de la CAF Issa Hayatou pour un an\",\"datePublished\":\"2021-08-08T18:11:13+00:00\",\"dateModified\":\"2021-08-08T18:32:29+00:00\",\"mainEntityOfPage\":{\"@id\":\"https:\/\/www.africa-press.net\/cotedivoire\/sports\/football-la-fifa-suspend-lex-president-de-la-caf-issa-hayatou-pour-un-an\"},\"wordCount\":248,\"commentCount\":0,\"image\":{\"@id\":\"https:\/\/www.africa-press.net\/cotedivoire\/sports\/football-la-fifa-suspend-lex-president-de-la-caf-issa-hayatou-pour-un-an#primaryimage\"},\"thumbnailUrl\":\"https:\/\/static.africa-press.net\/cote\/sites\/43\/2021\/08\/img-6110171b7b797.jpg\",\"keywords\":[\"Africa Press\",\"Africa Press-C\u00f4te d'Ivoire\",\"C\u00d4TE D'IVOIRE\"],\"articleSection\":[\"homepage-french\",\"Sports\",\"Toutes les actualit\u00e9s\"],\"inLanguage\":\"fr-FR\",\"potentialAction\":[{\"@type\":\"CommentAction\",\"name\":\"Comment\",\"target\":[\"https:\/\/www.africa-press.net\/cotedivoire\/sports\/football-la-fifa-suspend-lex-president-de-la-caf-issa-hayatou-pour-un-an#respond\"]}]},{\"@type\":\"WebPage\",\"@id\":\"https:\/\/www.africa-press.net\/cotedivoire\/sports\/football-la-fifa-suspend-lex-president-de-la-caf-issa-hayatou-pour-un-an\",\"url\":\"https:\/\/www.africa-press.net\/cotedivoire\/sports\/football-la-fifa-suspend-lex-president-de-la-caf-issa-hayatou-pour-un-an\",\"name\":\"Football: La FIFA suspend l\u2019ex pr\u00e9sident de la CAF Issa Hayatou pour un an - C\u00f4te d&#039;Ivoire\",\"isPartOf\":{\"@id\":\"https:\/\/www.africa-press.net\/cotedivoire\/#website\"},\"primaryImageOfPage\":{\"@id\":\"https:\/\/www.africa-press.net\/cotedivoire\/sports\/football-la-fifa-suspend-lex-president-de-la-caf-issa-hayatou-pour-un-an#primaryimage\"},\"image\":{\"@id\":\"https:\/\/www.africa-press.net\/cotedivoire\/sports\/football-la-fifa-suspend-lex-president-de-la-caf-issa-hayatou-pour-un-an#primaryimage\"},\"thumbnailUrl\":\"https:\/\/static.africa-press.net\/cote\/sites\/43\/2021\/08\/img-6110171b7b797.jpg\",\"datePublished\":\"2021-08-08T18:11:13+00:00\",\"dateModified\":\"2021-08-08T18:32:29+00:00\",\"author\":{\"@id\":\"https:\/\/www.africa-press.net\/cotedivoire\/#\/schema\/person\/2b1cf3cd81a31e3cd26889ca66d677f1\"},\"description\":\"La F\u00e9d\u00e9ration internationale de football association (FIFA) a condamn\u00e9 mardi 3 ao\u00fbt 2021, l\u2019ancien pr\u00e9sident de la Conf\u00e9 ...\",\"breadcrumb\":{\"@id\":\"https:\/\/www.africa-press.net\/cotedivoire\/sports\/football-la-fifa-suspend-lex-president-de-la-caf-issa-hayatou-pour-un-an#breadcrumb\"},\"inLanguage\":\"fr-FR\",\"potentialAction\":[{\"@type\":\"ReadAction\",\"target\":[\"https:\/\/www.africa-press.net\/cotedivoire\/sports\/football-la-fifa-suspend-lex-president-de-la-caf-issa-hayatou-pour-un-an\"]}]},{\"@type\":\"ImageObject\",\"inLanguage\":\"fr-FR\",\"@id\":\"https:\/\/www.africa-press.net\/cotedivoire\/sports\/football-la-fifa-suspend-lex-president-de-la-caf-issa-hayatou-pour-un-an#primaryimage\",\"url\":\"https:\/\/static.africa-press.net\/cote\/sites\/43\/2021\/08\/img-6110171b7b797.jpg\",\"contentUrl\":\"https:\/\/static.africa-press.net\/cote\/sites\/43\/2021\/08\/img-6110171b7b797.jpg\",\"width\":720,\"height\":405,\"caption\":\"Football: La FIFA suspend l\u2019ex pr\u00e9sident de la CAF Issa Hayatou pour un an\"},{\"@type\":\"BreadcrumbList\",\"@id\":\"https:\/\/www.africa-press.net\/cotedivoire\/sports\/football-la-fifa-suspend-lex-president-de-la-caf-issa-hayatou-pour-un-an#breadcrumb\",\"itemListElement\":[{\"@type\":\"ListItem\",\"position\":1,\"name\":\"Accueil\",\"item\":\"https:\/\/www.africa-press.net\/cotedivoire\/\"},{\"@type\":\"ListItem\",\"position\":2,\"name\":\"Football: La FIFA suspend l\u2019ex pr\u00e9sident de la CAF Issa Hayatou pour un an\"}]},{\"@type\":\"WebSite\",\"@id\":\"https:\/\/www.africa-press.net\/cotedivoire\/#website\",\"url\":\"https:\/\/www.africa-press.net\/cotedivoire\/\",\"name\":\"C\u00f4te d&#039;Ivoire\",\"description\":\"Just another Africa News Agency Sites site\",\"potentialAction\":[{\"@type\":\"SearchAction\",\"target\":{\"@type\":\"EntryPoint\",\"urlTemplate\":\"https:\/\/www.africa-press.net\/cotedivoire\/?s={search_term_string}\"},\"query-input\":{\"@type\":\"PropertyValueSpecification\",\"valueRequired\":true,\"valueName\":\"search_term_string\"}}],\"inLanguage\":\"fr-FR\"},{\"@type\":\"Person\",\"@id\":\"https:\/\/www.africa-press.net\/cotedivoire\/#\/schema\/person\/2b1cf3cd81a31e3cd26889ca66d677f1\",\"name\":\"cfeditorfr\"}]}<\/script>\n<!-- \/ Yoast SEO Premium plugin. -->","yoast_head_json":{"title":"Football: La FIFA suspend l\u2019ex pr\u00e9sident de la CAF Issa Hayatou pour un an - C\u00f4te d&#039;Ivoire","description":"La F\u00e9d\u00e9ration internationale de football association (FIFA) a condamn\u00e9 mardi 3 ao\u00fbt 2021, l\u2019ancien pr\u00e9sident de la Conf\u00e9 ...","robots":{"index":"index","follow":"follow","max-snippet":"max-snippet:-1","max-image-preview":"max-image-preview:large","max-video-preview":"max-video-preview:-1"},"canonical":"https:\/\/www.africa-press.net\/cotedivoire\/sports\/football-la-fifa-suspend-lex-president-de-la-caf-issa-hayatou-pour-un-an","og_locale":"fr_FR","og_type":"article","og_title":"Football: La FIFA suspend l\u2019ex pr\u00e9sident de la CAF Issa Hayatou pour un an","og_description":"La F\u00e9d\u00e9ration internationale de football association (FIFA) a condamn\u00e9 mardi 3 ao\u00fbt 2021, l\u2019ancien pr\u00e9sident de la Conf\u00e9 ...","og_url":"https:\/\/www.africa-press.net\/cotedivoire\/sports\/football-la-fifa-suspend-lex-president-de-la-caf-issa-hayatou-pour-un-an","og_site_name":"C\u00f4te d&#039;Ivoire","article_published_time":"2021-08-08T18:11:13+00:00","article_modified_time":"2021-08-08T18:32:29+00:00","og_image":[{"width":720,"height":405,"url":"https:\/\/static.africa-press.net\/cote\/sites\/43\/2021\/08\/img-6110171b7b797.jpg","type":"image\/jpeg"}],"author":"cfeditorfr","twitter_card":"summary_large_image","twitter_misc":{"\u00c9crit par":"cfeditorfr","Dur\u00e9e de lecture estim\u00e9e":"1 minute"},"schema":{"@context":"https:\/\/schema.org","@graph":[{"@type":"Article","@id":"https:\/\/www.africa-press.net\/cotedivoire\/sports\/football-la-fifa-suspend-lex-president-de-la-caf-issa-hayatou-pour-un-an#article","isPartOf":{"@id":"https:\/\/www.africa-press.net\/cotedivoire\/sports\/football-la-fifa-suspend-lex-president-de-la-caf-issa-hayatou-pour-un-an"},"author":{"name":"cfeditorfr","@id":"https:\/\/www.africa-press.net\/cotedivoire\/#\/schema\/person\/2b1cf3cd81a31e3cd26889ca66d677f1"},"headline":"Football: La FIFA suspend l\u2019ex pr\u00e9sident de la CAF Issa Hayatou pour un an","datePublished":"2021-08-08T18:11:13+00:00","dateModified":"2021-08-08T18:32:29+00:00","mainEntityOfPage":{"@id":"https:\/\/www.africa-press.net\/cotedivoire\/sports\/football-la-fifa-suspend-lex-president-de-la-caf-issa-hayatou-pour-un-an"},"wordCount":248,"commentCount":0,"image":{"@id":"https:\/\/www.africa-press.net\/cotedivoire\/sports\/football-la-fifa-suspend-lex-president-de-la-caf-issa-hayatou-pour-un-an#primaryimage"},"thumbnailUrl":"https:\/\/static.africa-press.net\/cote\/sites\/43\/2021\/08\/img-6110171b7b797.jpg","keywords":["Africa Press","Africa Press-C\u00f4te d'Ivoire","C\u00d4TE D'IVOIRE"],"articleSection":["homepage-french","Sports","Toutes les actualit\u00e9s"],"inLanguage":"fr-FR","potentialAction":[{"@type":"CommentAction","name":"Comment","target":["https:\/\/www.africa-press.net\/cotedivoire\/sports\/football-la-fifa-suspend-lex-president-de-la-caf-issa-hayatou-pour-un-an#respond"]}]},{"@type":"WebPage","@id":"https:\/\/www.africa-press.net\/cotedivoire\/sports\/football-la-fifa-suspend-lex-president-de-la-caf-issa-hayatou-pour-un-an","url":"https:\/\/www.africa-press.net\/cotedivoire\/sports\/football-la-fifa-suspend-lex-president-de-la-caf-issa-hayatou-pour-un-an","name":"Football: La FIFA suspend l\u2019ex pr\u00e9sident de la CAF Issa Hayatou pour un an - C\u00f4te d&#039;Ivoire","isPartOf":{"@id":"https:\/\/www.africa-press.net\/cotedivoire\/#website"},"primaryImageOfPage":{"@id":"https:\/\/www.africa-press.net\/cotedivoire\/sports\/football-la-fifa-suspend-lex-president-de-la-caf-issa-hayatou-pour-un-an#primaryimage"},"image":{"@id":"https:\/\/www.africa-press.net\/cotedivoire\/sports\/football-la-fifa-suspend-lex-president-de-la-caf-issa-hayatou-pour-un-an#primaryimage"},"thumbnailUrl":"https:\/\/static.africa-press.net\/cote\/sites\/43\/2021\/08\/img-6110171b7b797.jpg","datePublished":"2021-08-08T18:11:13+00:00","dateModified":"2021-08-08T18:32:29+00:00","author":{"@id":"https:\/\/www.africa-press.net\/cotedivoire\/#\/schema\/person\/2b1cf3cd81a31e3cd26889ca66d677f1"},"description":"La F\u00e9d\u00e9ration internationale de football association (FIFA) a condamn\u00e9 mardi 3 ao\u00fbt 2021, l\u2019ancien pr\u00e9sident de la Conf\u00e9 ...","breadcrumb":{"@id":"https:\/\/www.africa-press.net\/cotedivoire\/sports\/football-la-fifa-suspend-lex-president-de-la-caf-issa-hayatou-pour-un-an#breadcrumb"},"inLanguage":"fr-FR","potentialAction":[{"@type":"ReadAction","target":["https:\/\/www.africa-press.net\/cotedivoire\/sports\/football-la-fifa-suspend-lex-president-de-la-caf-issa-hayatou-pour-un-an"]}]},{"@type":"ImageObject","inLanguage":"fr-FR","@id":"https:\/\/www.africa-press.net\/cotedivoire\/sports\/football-la-fifa-suspend-lex-president-de-la-caf-issa-hayatou-pour-un-an#primaryimage","url":"https:\/\/static.africa-press.net\/cote\/sites\/43\/2021\/08\/img-6110171b7b797.jpg","contentUrl":"https:\/\/static.africa-press.net\/cote\/sites\/43\/2021\/08\/img-6110171b7b797.jpg","width":720,"height":405,"caption":"Football: La FIFA suspend l\u2019ex pr\u00e9sident de la CAF Issa Hayatou pour un an"},{"@type":"BreadcrumbList","@id":"https:\/\/www.africa-press.net\/cotedivoire\/sports\/football-la-fifa-suspend-lex-president-de-la-caf-issa-hayatou-pour-un-an#breadcrumb","itemListElement":[{"@type":"ListItem","position":1,"name":"Accueil","item":"https:\/\/www.africa-press.net\/cotedivoire\/"},{"@type":"ListItem","position":2,"name":"Football: La FIFA suspend l\u2019ex pr\u00e9sident de la CAF Issa Hayatou pour un an"}]},{"@type":"WebSite","@id":"https:\/\/www.africa-press.net\/cotedivoire\/#website","url":"https:\/\/www.africa-press.net\/cotedivoire\/","name":"C\u00f4te d&#039;Ivoire","description":"Just another Africa News Agency Sites site","potentialAction":[{"@type":"SearchAction","target":{"@type":"EntryPoint","urlTemplate":"https:\/\/www.africa-press.net\/cotedivoire\/?s={search_term_string}"},"query-input":{"@type":"PropertyValueSpecification","valueRequired":true,"valueName":"search_term_string"}}],"inLanguage":"fr-FR"},{"@type":"Person","@id":"https:\/\/www.africa-press.net\/cotedivoire\/#\/schema\/person\/2b1cf3cd81a31e3cd26889ca66d677f1","name":"cfeditorfr"}]}},"_links":{"self":[{"href":"https:\/\/www.africa-press.net\/cotedivoire\/wp-json\/wp\/v2\/posts\/11020","targetHints":{"allow":["GET"]}}],"collection":[{"href":"https:\/\/www.africa-press.net\/cotedivoire\/wp-json\/wp\/v2\/posts"}],"about":[{"href":"https:\/\/www.africa-press.net\/cotedivoire\/wp-json\/wp\/v2\/types\/post"}],"author":[{"embeddable":true,"href":"https:\/\/www.africa-press.net\/cotedivoire\/wp-json\/wp\/v2\/users\/82"}],"replies":[{"embeddable":true,"href":"https:\/\/www.africa-press.net\/cotedivoire\/wp-json\/wp\/v2\/comments?post=11020"}],"version-history":[{"count":0,"href":"https:\/\/www.africa-press.net\/cotedivoire\/wp-json\/wp\/v2\/posts\/11020\/revisions"}],"wp:featuredmedia":[{"embeddable":true,"href":"https:\/\/www.africa-press.net\/cotedivoire\/wp-json\/wp\/v2\/media\/11019"}],"wp:attachment":[{"href":"https:\/\/www.africa-press.net\/cotedivoire\/wp-json\/wp\/v2\/media?parent=11020"}],"wp:term":[{"taxonomy":"category","embeddable":true,"href":"https:\/\/www.africa-press.net\/cotedivoire\/wp-json\/wp\/v2\/categories?post=11020"},{"taxonomy":"post_tag","embeddable":true,"href":"https:\/\/www.africa-press.net\/cotedivoire\/wp-json\/wp\/v2\/tags?post=11020"}],"curies":[{"name":"wp","href":"https:\/\/api.w.org\/{rel}","templated":true}]}}