{"id":110213,"date":"2025-12-13T18:20:46","date_gmt":"2025-12-13T18:20:46","guid":{"rendered":"https:\/\/www.africa-press.net\/cotedivoire\/politique\/moreau-candidat-des-jeunes-et-femmes-a-assahara-mbatto"},"modified":"2025-12-13T18:58:41","modified_gmt":"2025-12-13T18:58:41","slug":"moreau-candidat-des-jeunes-et-femmes-a-assahara-mbatto","status":"publish","type":"post","link":"https:\/\/www.africa-press.net\/cotedivoire\/politique\/moreau-candidat-des-jeunes-et-femmes-a-assahara-mbatto","title":{"rendered":"Moreau Candidat Des Jeunes Et Femmes \u00c0 Assahara-M&rsquo;Batto"},"content":{"rendered":"<p><span style=\"color: #ff6600\"><strong>Africa-Press &#8211; C\u00f4te d&rsquo;Ivoire. <\/strong><\/span>Apre\u0300s la publication de\u0301finitive de la liste des candidats aux e\u0301lections Le\u0301gislatives du 27 decembre 2025, par la Commission Electorale Inde\u0301pendante (CEI), les heureux retenus par le Conseil Constitutionnel se de\u0301voilent.<\/p>\n<p>C\u2019est le cas du Docteur Moreau Kablan Charles Enseignant-chercheur a\u0300 l&rsquo;INPHB de Yamoussoukro qui brigue la de\u0301putation dans la circonscription e\u0301lectorale n\u00b0162, couvrant Assahara, M\u2019Batto communes et sous-pre\u0301fectures, re\u0301gion du Moronou.<\/p>\n<p>Le Docteur \u2013 Inge\u0301nieur, spe\u0301cialiste des sciences de l\u2019information et de la communication, se positionne comme le candidat des jeunes et des femmes de sa re\u0301gion.<\/p>\n<p>Natif de M&rsquo;Batto, ou\u0300 il a passe\u0301 une partie de son enfance et de son parcours scolaire, le Dr Moreau revendique une proximite\u0301 naturelle avec les populations qu\u2019il aspire a\u0300 repre\u0301senter.<\/p>\n<p>Fort d\u2019un cursus universitaire exemplaire, inge\u0301nieur, DESS, mai\u0302trise, master puis doctorat en communication politique et des organisations, le candidat s\u2019appuie aujourd\u2019hui sur une expertise solide en gouvernance, en strate\u0301gie et en accompagnement institutionnel. Pour les populations de la circonscription, cette compe\u0301tence est un atout majeur. \u00ab Un de\u0301pute\u0301 peut influencer les autorite\u0301s locales et porter les priorite\u0301s de sa communaute\u0301 devant les instances supe\u0301rieures. Il est l\u2019interface entre le gouvernement et le peuple. Il ne doit jamais rester silencieux \u00bb, affirme le candidat surnomme\u0301 Dr Charly Charly.<\/p>\n<p>Au-dela\u0300 des infrastructures, le Dr Moreau place au c\u0153ur de son programme l\u2019autonomisation des jeunes et des femmes, qu\u2019il conside\u0300re comme \u00ab le maillon essentiel du de\u0301veloppement local \u00bb. Selon lui, l\u2019avenir de M\u2019Batto et d\u2019Assahara repose sur la cre\u0301ation d\u2019opportunite\u0301s e\u0301conomiques durables, la formation, l\u2019entrepreneuriat et la valorisation du potentiel local.<\/p>\n<p>Sur le terrain, son message rencontre un e\u0301cho favorable. \u00ab Les parents me disent qu\u2019ils aspirent re\u0301ellement a\u0300 un changement. Ils me demandent de prendre cette mission et de les repre\u0301senter. Ils me disent que c\u2019est la premie\u0300re fois qu\u2019un candidat vient vers eux avec un discours aussi clair. Ils me donnent leur be\u0301ne\u0301diction \u00bb, confie-t-il. Porte\u0301 par ce soutien populaire, le candidat se dit confiant: \u00ab Je crois vraiment e\u0302tre le futur de\u0301pute\u0301 de cette circonscription. \u00bb<\/p>\n<p>Engage\u0301, compe\u0301tent et enracine\u0301, le Dr Moreau Kablan Bile\u0301 Charles Armel, , se pre\u0301sente comme le candidat des jeunes, des femmes et des cadres. A\u0300 quelques jours du scrutin, il apparai\u0302t comme l\u2019un des visages du renouveau espe\u0301re\u0301 par les populations d\u2019Assahara et de M\u2019Batto.<\/p>\n<p>Il invite les femmes et les jeunes a\u0300 placer leur confiance en lui afin qu\u2019il porte les diffe\u0301rentes pre\u0301occupations de la re\u0301gion au Parlement apre\u0300s sa victoire au soir du 27 decembre 2025.<\/p>\n<p><strong>Pour plus d&rsquo;informations et d&rsquo;analyses sur la <span style=\"color: #ff6600\">C\u00f4te d&rsquo;Ivoire<\/span>, suivez <span style=\"color: #ff6600\">Africa-Press<\/span><\/strong><\/p>\n","protected":false},"excerpt":{"rendered":"<p>Africa-Press &#8211; C\u00f4te d&rsquo;Ivoire. Apre\u0300s la publication de\u0301finitive de la liste des candidats aux e\u0301lections Le\u0301gislatives du 27 decembre 2025, par la Commission Electorale Inde\u0301pendante (CEI), les heureux retenus par le Conseil Constitutionnel se de\u0301voilent. C\u2019est le cas du Docteur Moreau Kablan Charles Enseignant-chercheur a\u0300 l&rsquo;INPHB de Yamoussoukro qui brigue la de\u0301putation dans la circonscription [&hellip;]<\/p>\n","protected":false},"author":82,"featured_media":110211,"comment_status":"open","ping_status":"closed","sticky":false,"template":"","format":"standard","meta":{"footnotes":""},"categories":[2,10],"tags":[19806,5252,29,19356,1311,19807],"class_list":["post-110213","post","type-post","status-publish","format-standard","has-post-thumbnail","hentry","category-politique","category-toutes-les-actualites","tag-assahara","tag-candidat","tag-cote-divoire","tag-legislatives-2025","tag-mbatto","tag-moreau-kablan"],"yoast_head":"<!-- This site is optimized with the Yoast SEO Premium plugin v26.1 (Yoast SEO v27.0) - https:\/\/yoast.com\/product\/yoast-seo-premium-wordpress\/ -->\n<title>Moreau Candidat Des Jeunes Et Femmes \u00c0 Assahara-M&#039;Batto - C\u00f4te d&#039;Ivoire<\/title>\n<meta name=\"description\" content=\"Apre\u0300s la publication de\u0301finitive de la liste des candidats aux e\u0301lections Le\u0301gislatives du 27 decembre 2025, par la Com ...\" \/>\n<meta name=\"robots\" content=\"index, follow, max-snippet:-1, max-image-preview:large, max-video-preview:-1\" \/>\n<link rel=\"canonical\" href=\"https:\/\/www.africa-press.net\/cotedivoire\/politique\/moreau-candidat-des-jeunes-et-femmes-a-assahara-mbatto\" \/>\n<meta property=\"og:locale\" content=\"fr_FR\" \/>\n<meta property=\"og:type\" content=\"article\" \/>\n<meta property=\"og:title\" content=\"Moreau Candidat Des Jeunes Et Femmes \u00c0 Assahara-M&#039;Batto\" \/>\n<meta property=\"og:description\" content=\"Apre\u0300s la publication de\u0301finitive de la liste des candidats aux e\u0301lections Le\u0301gislatives du 27 decembre 2025, par la Com ...\" \/>\n<meta property=\"og:url\" content=\"https:\/\/www.africa-press.net\/cotedivoire\/politique\/moreau-candidat-des-jeunes-et-femmes-a-assahara-mbatto\" \/>\n<meta property=\"og:site_name\" content=\"C\u00f4te d&#039;Ivoire\" \/>\n<meta property=\"article:published_time\" content=\"2025-12-13T18:20:46+00:00\" \/>\n<meta property=\"article:modified_time\" content=\"2025-12-13T18:58:41+00:00\" \/>\n<meta property=\"og:image\" content=\"https:\/\/static.africa-press.net\/cote\/sites\/43\/2025\/12\/sm_1765639666.538752.jpg\" \/>\n\t<meta property=\"og:image:width\" content=\"720\" \/>\n\t<meta property=\"og:image:height\" content=\"391\" \/>\n\t<meta property=\"og:image:type\" content=\"image\/jpeg\" \/>\n<meta name=\"author\" content=\"cfeditorfr\" \/>\n<meta name=\"twitter:card\" content=\"summary_large_image\" \/>\n<meta name=\"twitter:label1\" content=\"\u00c9crit par\" \/>\n\t<meta name=\"twitter:data1\" content=\"cfeditorfr\" \/>\n\t<meta name=\"twitter:label2\" content=\"Dur\u00e9e de lecture estim\u00e9e\" \/>\n\t<meta name=\"twitter:data2\" content=\"3 minutes\" \/>\n<script type=\"application\/ld+json\" class=\"yoast-schema-graph\">{\"@context\":\"https:\/\/schema.org\",\"@graph\":[{\"@type\":\"Article\",\"@id\":\"https:\/\/www.africa-press.net\/cotedivoire\/politique\/moreau-candidat-des-jeunes-et-femmes-a-assahara-mbatto#article\",\"isPartOf\":{\"@id\":\"https:\/\/www.africa-press.net\/cotedivoire\/politique\/moreau-candidat-des-jeunes-et-femmes-a-assahara-mbatto\"},\"author\":{\"name\":\"cfeditorfr\",\"@id\":\"https:\/\/www.africa-press.net\/cotedivoire\/#\/schema\/person\/2b1cf3cd81a31e3cd26889ca66d677f1\"},\"headline\":\"Moreau Candidat Des Jeunes Et Femmes \u00c0 Assahara-M&rsquo;Batto\",\"datePublished\":\"2025-12-13T18:20:46+00:00\",\"dateModified\":\"2025-12-13T18:58:41+00:00\",\"mainEntityOfPage\":{\"@id\":\"https:\/\/www.africa-press.net\/cotedivoire\/politique\/moreau-candidat-des-jeunes-et-femmes-a-assahara-mbatto\"},\"wordCount\":497,\"commentCount\":0,\"image\":{\"@id\":\"https:\/\/www.africa-press.net\/cotedivoire\/politique\/moreau-candidat-des-jeunes-et-femmes-a-assahara-mbatto#primaryimage\"},\"thumbnailUrl\":\"https:\/\/static.africa-press.net\/cote\/sites\/43\/2025\/12\/sm_1765639666.538752.jpg\",\"keywords\":[\"Assahara\",\"candidat\",\"C\u00d4TE D'IVOIRE\",\"L\u00e9gislatives 2025\",\"M'Batto\",\"Moreau Kablan\"],\"articleSection\":[\"Politique\",\"Toutes les actualit\u00e9s\"],\"inLanguage\":\"fr-FR\",\"potentialAction\":[{\"@type\":\"CommentAction\",\"name\":\"Comment\",\"target\":[\"https:\/\/www.africa-press.net\/cotedivoire\/politique\/moreau-candidat-des-jeunes-et-femmes-a-assahara-mbatto#respond\"]}]},{\"@type\":\"WebPage\",\"@id\":\"https:\/\/www.africa-press.net\/cotedivoire\/politique\/moreau-candidat-des-jeunes-et-femmes-a-assahara-mbatto\",\"url\":\"https:\/\/www.africa-press.net\/cotedivoire\/politique\/moreau-candidat-des-jeunes-et-femmes-a-assahara-mbatto\",\"name\":\"Moreau Candidat Des Jeunes Et Femmes \u00c0 Assahara-M'Batto - C\u00f4te d&#039;Ivoire\",\"isPartOf\":{\"@id\":\"https:\/\/www.africa-press.net\/cotedivoire\/#website\"},\"primaryImageOfPage\":{\"@id\":\"https:\/\/www.africa-press.net\/cotedivoire\/politique\/moreau-candidat-des-jeunes-et-femmes-a-assahara-mbatto#primaryimage\"},\"image\":{\"@id\":\"https:\/\/www.africa-press.net\/cotedivoire\/politique\/moreau-candidat-des-jeunes-et-femmes-a-assahara-mbatto#primaryimage\"},\"thumbnailUrl\":\"https:\/\/static.africa-press.net\/cote\/sites\/43\/2025\/12\/sm_1765639666.538752.jpg\",\"datePublished\":\"2025-12-13T18:20:46+00:00\",\"dateModified\":\"2025-12-13T18:58:41+00:00\",\"author\":{\"@id\":\"https:\/\/www.africa-press.net\/cotedivoire\/#\/schema\/person\/2b1cf3cd81a31e3cd26889ca66d677f1\"},\"description\":\"Apre\u0300s la publication de\u0301finitive de la liste des candidats aux e\u0301lections Le\u0301gislatives du 27 decembre 2025, par la Com ...\",\"breadcrumb\":{\"@id\":\"https:\/\/www.africa-press.net\/cotedivoire\/politique\/moreau-candidat-des-jeunes-et-femmes-a-assahara-mbatto#breadcrumb\"},\"inLanguage\":\"fr-FR\",\"potentialAction\":[{\"@type\":\"ReadAction\",\"target\":[\"https:\/\/www.africa-press.net\/cotedivoire\/politique\/moreau-candidat-des-jeunes-et-femmes-a-assahara-mbatto\"]}]},{\"@type\":\"ImageObject\",\"inLanguage\":\"fr-FR\",\"@id\":\"https:\/\/www.africa-press.net\/cotedivoire\/politique\/moreau-candidat-des-jeunes-et-femmes-a-assahara-mbatto#primaryimage\",\"url\":\"https:\/\/static.africa-press.net\/cote\/sites\/43\/2025\/12\/sm_1765639666.538752.jpg\",\"contentUrl\":\"https:\/\/static.africa-press.net\/cote\/sites\/43\/2025\/12\/sm_1765639666.538752.jpg\",\"width\":720,\"height\":391,\"caption\":\"Moreau Candidat Des Jeunes Et Femmes \u00c0 Assahara-M'Batto\"},{\"@type\":\"BreadcrumbList\",\"@id\":\"https:\/\/www.africa-press.net\/cotedivoire\/politique\/moreau-candidat-des-jeunes-et-femmes-a-assahara-mbatto#breadcrumb\",\"itemListElement\":[{\"@type\":\"ListItem\",\"position\":1,\"name\":\"Accueil\",\"item\":\"https:\/\/www.africa-press.net\/cotedivoire\/\"},{\"@type\":\"ListItem\",\"position\":2,\"name\":\"Moreau Candidat Des Jeunes Et Femmes \u00c0 Assahara-M&#8217;Batto\"}]},{\"@type\":\"WebSite\",\"@id\":\"https:\/\/www.africa-press.net\/cotedivoire\/#website\",\"url\":\"https:\/\/www.africa-press.net\/cotedivoire\/\",\"name\":\"C\u00f4te d&#039;Ivoire\",\"description\":\"Just another Africa News Agency Sites site\",\"potentialAction\":[{\"@type\":\"SearchAction\",\"target\":{\"@type\":\"EntryPoint\",\"urlTemplate\":\"https:\/\/www.africa-press.net\/cotedivoire\/?s={search_term_string}\"},\"query-input\":{\"@type\":\"PropertyValueSpecification\",\"valueRequired\":true,\"valueName\":\"search_term_string\"}}],\"inLanguage\":\"fr-FR\"},{\"@type\":\"Person\",\"@id\":\"https:\/\/www.africa-press.net\/cotedivoire\/#\/schema\/person\/2b1cf3cd81a31e3cd26889ca66d677f1\",\"name\":\"cfeditorfr\"}]}<\/script>\n<!-- \/ Yoast SEO Premium plugin. -->","yoast_head_json":{"title":"Moreau Candidat Des Jeunes Et Femmes \u00c0 Assahara-M'Batto - C\u00f4te d&#039;Ivoire","description":"Apre\u0300s la publication de\u0301finitive de la liste des candidats aux e\u0301lections Le\u0301gislatives du 27 decembre 2025, par la Com ...","robots":{"index":"index","follow":"follow","max-snippet":"max-snippet:-1","max-image-preview":"max-image-preview:large","max-video-preview":"max-video-preview:-1"},"canonical":"https:\/\/www.africa-press.net\/cotedivoire\/politique\/moreau-candidat-des-jeunes-et-femmes-a-assahara-mbatto","og_locale":"fr_FR","og_type":"article","og_title":"Moreau Candidat Des Jeunes Et Femmes \u00c0 Assahara-M'Batto","og_description":"Apre\u0300s la publication de\u0301finitive de la liste des candidats aux e\u0301lections Le\u0301gislatives du 27 decembre 2025, par la Com ...","og_url":"https:\/\/www.africa-press.net\/cotedivoire\/politique\/moreau-candidat-des-jeunes-et-femmes-a-assahara-mbatto","og_site_name":"C\u00f4te d&#039;Ivoire","article_published_time":"2025-12-13T18:20:46+00:00","article_modified_time":"2025-12-13T18:58:41+00:00","og_image":[{"width":720,"height":391,"url":"https:\/\/static.africa-press.net\/cote\/sites\/43\/2025\/12\/sm_1765639666.538752.jpg","type":"image\/jpeg"}],"author":"cfeditorfr","twitter_card":"summary_large_image","twitter_misc":{"\u00c9crit par":"cfeditorfr","Dur\u00e9e de lecture estim\u00e9e":"3 minutes"},"schema":{"@context":"https:\/\/schema.org","@graph":[{"@type":"Article","@id":"https:\/\/www.africa-press.net\/cotedivoire\/politique\/moreau-candidat-des-jeunes-et-femmes-a-assahara-mbatto#article","isPartOf":{"@id":"https:\/\/www.africa-press.net\/cotedivoire\/politique\/moreau-candidat-des-jeunes-et-femmes-a-assahara-mbatto"},"author":{"name":"cfeditorfr","@id":"https:\/\/www.africa-press.net\/cotedivoire\/#\/schema\/person\/2b1cf3cd81a31e3cd26889ca66d677f1"},"headline":"Moreau Candidat Des Jeunes Et Femmes \u00c0 Assahara-M&rsquo;Batto","datePublished":"2025-12-13T18:20:46+00:00","dateModified":"2025-12-13T18:58:41+00:00","mainEntityOfPage":{"@id":"https:\/\/www.africa-press.net\/cotedivoire\/politique\/moreau-candidat-des-jeunes-et-femmes-a-assahara-mbatto"},"wordCount":497,"commentCount":0,"image":{"@id":"https:\/\/www.africa-press.net\/cotedivoire\/politique\/moreau-candidat-des-jeunes-et-femmes-a-assahara-mbatto#primaryimage"},"thumbnailUrl":"https:\/\/static.africa-press.net\/cote\/sites\/43\/2025\/12\/sm_1765639666.538752.jpg","keywords":["Assahara","candidat","C\u00d4TE D'IVOIRE","L\u00e9gislatives 2025","M'Batto","Moreau Kablan"],"articleSection":["Politique","Toutes les actualit\u00e9s"],"inLanguage":"fr-FR","potentialAction":[{"@type":"CommentAction","name":"Comment","target":["https:\/\/www.africa-press.net\/cotedivoire\/politique\/moreau-candidat-des-jeunes-et-femmes-a-assahara-mbatto#respond"]}]},{"@type":"WebPage","@id":"https:\/\/www.africa-press.net\/cotedivoire\/politique\/moreau-candidat-des-jeunes-et-femmes-a-assahara-mbatto","url":"https:\/\/www.africa-press.net\/cotedivoire\/politique\/moreau-candidat-des-jeunes-et-femmes-a-assahara-mbatto","name":"Moreau Candidat Des Jeunes Et Femmes \u00c0 Assahara-M'Batto - C\u00f4te d&#039;Ivoire","isPartOf":{"@id":"https:\/\/www.africa-press.net\/cotedivoire\/#website"},"primaryImageOfPage":{"@id":"https:\/\/www.africa-press.net\/cotedivoire\/politique\/moreau-candidat-des-jeunes-et-femmes-a-assahara-mbatto#primaryimage"},"image":{"@id":"https:\/\/www.africa-press.net\/cotedivoire\/politique\/moreau-candidat-des-jeunes-et-femmes-a-assahara-mbatto#primaryimage"},"thumbnailUrl":"https:\/\/static.africa-press.net\/cote\/sites\/43\/2025\/12\/sm_1765639666.538752.jpg","datePublished":"2025-12-13T18:20:46+00:00","dateModified":"2025-12-13T18:58:41+00:00","author":{"@id":"https:\/\/www.africa-press.net\/cotedivoire\/#\/schema\/person\/2b1cf3cd81a31e3cd26889ca66d677f1"},"description":"Apre\u0300s la publication de\u0301finitive de la liste des candidats aux e\u0301lections Le\u0301gislatives du 27 decembre 2025, par la Com ...","breadcrumb":{"@id":"https:\/\/www.africa-press.net\/cotedivoire\/politique\/moreau-candidat-des-jeunes-et-femmes-a-assahara-mbatto#breadcrumb"},"inLanguage":"fr-FR","potentialAction":[{"@type":"ReadAction","target":["https:\/\/www.africa-press.net\/cotedivoire\/politique\/moreau-candidat-des-jeunes-et-femmes-a-assahara-mbatto"]}]},{"@type":"ImageObject","inLanguage":"fr-FR","@id":"https:\/\/www.africa-press.net\/cotedivoire\/politique\/moreau-candidat-des-jeunes-et-femmes-a-assahara-mbatto#primaryimage","url":"https:\/\/static.africa-press.net\/cote\/sites\/43\/2025\/12\/sm_1765639666.538752.jpg","contentUrl":"https:\/\/static.africa-press.net\/cote\/sites\/43\/2025\/12\/sm_1765639666.538752.jpg","width":720,"height":391,"caption":"Moreau Candidat Des Jeunes Et Femmes \u00c0 Assahara-M'Batto"},{"@type":"BreadcrumbList","@id":"https:\/\/www.africa-press.net\/cotedivoire\/politique\/moreau-candidat-des-jeunes-et-femmes-a-assahara-mbatto#breadcrumb","itemListElement":[{"@type":"ListItem","position":1,"name":"Accueil","item":"https:\/\/www.africa-press.net\/cotedivoire\/"},{"@type":"ListItem","position":2,"name":"Moreau Candidat Des Jeunes Et Femmes \u00c0 Assahara-M&#8217;Batto"}]},{"@type":"WebSite","@id":"https:\/\/www.africa-press.net\/cotedivoire\/#website","url":"https:\/\/www.africa-press.net\/cotedivoire\/","name":"C\u00f4te d&#039;Ivoire","description":"Just another Africa News Agency Sites site","potentialAction":[{"@type":"SearchAction","target":{"@type":"EntryPoint","urlTemplate":"https:\/\/www.africa-press.net\/cotedivoire\/?s={search_term_string}"},"query-input":{"@type":"PropertyValueSpecification","valueRequired":true,"valueName":"search_term_string"}}],"inLanguage":"fr-FR"},{"@type":"Person","@id":"https:\/\/www.africa-press.net\/cotedivoire\/#\/schema\/person\/2b1cf3cd81a31e3cd26889ca66d677f1","name":"cfeditorfr"}]}},"_links":{"self":[{"href":"https:\/\/www.africa-press.net\/cotedivoire\/wp-json\/wp\/v2\/posts\/110213","targetHints":{"allow":["GET"]}}],"collection":[{"href":"https:\/\/www.africa-press.net\/cotedivoire\/wp-json\/wp\/v2\/posts"}],"about":[{"href":"https:\/\/www.africa-press.net\/cotedivoire\/wp-json\/wp\/v2\/types\/post"}],"author":[{"embeddable":true,"href":"https:\/\/www.africa-press.net\/cotedivoire\/wp-json\/wp\/v2\/users\/82"}],"replies":[{"embeddable":true,"href":"https:\/\/www.africa-press.net\/cotedivoire\/wp-json\/wp\/v2\/comments?post=110213"}],"version-history":[{"count":0,"href":"https:\/\/www.africa-press.net\/cotedivoire\/wp-json\/wp\/v2\/posts\/110213\/revisions"}],"wp:featuredmedia":[{"embeddable":true,"href":"https:\/\/www.africa-press.net\/cotedivoire\/wp-json\/wp\/v2\/media\/110211"}],"wp:attachment":[{"href":"https:\/\/www.africa-press.net\/cotedivoire\/wp-json\/wp\/v2\/media?parent=110213"}],"wp:term":[{"taxonomy":"category","embeddable":true,"href":"https:\/\/www.africa-press.net\/cotedivoire\/wp-json\/wp\/v2\/categories?post=110213"},{"taxonomy":"post_tag","embeddable":true,"href":"https:\/\/www.africa-press.net\/cotedivoire\/wp-json\/wp\/v2\/tags?post=110213"}],"curies":[{"name":"wp","href":"https:\/\/api.w.org\/{rel}","templated":true}]}}