{"id":110221,"date":"2025-12-13T18:22:26","date_gmt":"2025-12-13T18:22:26","guid":{"rendered":"https:\/\/www.africa-press.net\/cotedivoire\/politique\/legislatives-2025-echanges-sur-un-processus-electoral-securise"},"modified":"2025-12-13T18:59:29","modified_gmt":"2025-12-13T18:59:29","slug":"legislatives-2025-echanges-sur-un-processus-electoral-securise","status":"publish","type":"post","link":"https:\/\/www.africa-press.net\/cotedivoire\/politique\/legislatives-2025-echanges-sur-un-processus-electoral-securise","title":{"rendered":"Le\u0301gislatives 2025: E\u0301changes sur un Processus E\u0301lectoral Se\u0301curise\u0301"},"content":{"rendered":"<p><span style=\"color: #ff6600\"><strong>Africa-Press &#8211; C\u00f4te d&rsquo;Ivoire. <\/strong><\/span>Le Procureur de la Re\u0301publique et les candidats mercredi a\u0300 Abidjan (DR)<\/p>\n<p>Le Procureur de la Re\u0301publique pre\u0300s le Tribunal de Premie\u0300re Instance d\u2019Abidjan, M. Kone\u0301 Braman Oumar, a e\u0301change\u0301 mercredi 10 decembre 2025, avec des candidats de la ville d\u2019Abidjan aux Le\u0301gislatives du 27 decembre.<\/p>\n<p>Selon le candidat te\u0302te de liste du RHDP de de la commune d\u2019Adjame\u0301, Farikou Soumahoro, les e\u0301changes porte\u0301 sur les exigences d\u2019un processus e\u0301lectoral apaise\u0301, se\u0301curise\u0301 et conforme aux valeurs re\u0301publicaines.<\/p>\n<p>En sa qualite\u0301 de te\u0302te de liste du RHDP pour les le\u0301gislatives 2025 a\u0300 Adjame\u0301, il dit avoir re\u0301affirme\u0301 l\u2019engagement a\u0300 mener une campagne responsable, tourne\u0301e vers la paix, la discipline, la cohe\u0301sion sociale et le respect strict des institutions de la Re\u0301publique.<\/p>\n<p>\u00ab Je salue cette initiative du Parquet, qui vient renforcer notre volonte\u0301 commune de garantir a\u0300 nos populations des e\u0301lections transparentes, inclusives et sereines. Avec le RHDP Adjame\u0301, je reste pleinement de\u0301termine\u0301 a\u0300 accompagner toutes les actions en faveur d\u2019un scrutin cre\u0301dible, respectueux et porteur d\u2019espoir \u00bb, a conclu le De\u0301pute\u0301 sortant d\u2019Adjame\u0301.<\/p>\n<p><strong>Pour plus d&rsquo;informations et d&rsquo;analyses sur la <span style=\"color: #ff6600\">C\u00f4te d&rsquo;Ivoire<\/span>, suivez <span style=\"color: #ff6600\">Africa-Press<\/span><\/strong><\/p>\n","protected":false},"excerpt":{"rendered":"<p>Africa-Press &#8211; C\u00f4te d&rsquo;Ivoire. Le Procureur de la Re\u0301publique et les candidats mercredi a\u0300 Abidjan (DR) Le Procureur de la Re\u0301publique pre\u0300s le Tribunal de Premie\u0300re Instance d\u2019Abidjan, M. Kone\u0301 Braman Oumar, a e\u0301change\u0301 mercredi 10 decembre 2025, avec des candidats de la ville d\u2019Abidjan aux Le\u0301gislatives du 27 decembre. Selon le candidat te\u0302te de [&hellip;]<\/p>\n","protected":false},"author":82,"featured_media":110220,"comment_status":"open","ping_status":"closed","sticky":false,"template":"","format":"standard","meta":{"footnotes":""},"categories":[2,10],"tags":[30,5252,29,2700,10821,19356,949],"class_list":["post-110221","post","type-post","status-publish","format-standard","has-post-thumbnail","hentry","category-politique","category-toutes-les-actualites","tag-abidjan","tag-candidat","tag-cote-divoire","tag-farikou-soumahoro","tag-kone-braman-oumar","tag-legislatives-2025","tag-procureur"],"yoast_head":"<!-- This site is optimized with the Yoast SEO Premium plugin v26.1 (Yoast SEO v27.0) - https:\/\/yoast.com\/product\/yoast-seo-premium-wordpress\/ -->\n<title>Le\u0301gislatives 2025: E\u0301changes sur un Processus E\u0301lectoral Se\u0301curise\u0301 - C\u00f4te d&#039;Ivoire<\/title>\n<meta name=\"description\" content=\"Le Procureur de la Re\u0301publique et les candidats mercredi a\u0300 Abidjan (DR) Le Procureur de la Re\u0301publique pre\u0300s le Tribun ...\" \/>\n<meta name=\"robots\" content=\"index, follow, max-snippet:-1, max-image-preview:large, max-video-preview:-1\" \/>\n<link rel=\"canonical\" href=\"https:\/\/www.africa-press.net\/cotedivoire\/politique\/legislatives-2025-echanges-sur-un-processus-electoral-securise\" \/>\n<meta property=\"og:locale\" content=\"fr_FR\" \/>\n<meta property=\"og:type\" content=\"article\" \/>\n<meta property=\"og:title\" content=\"Le\u0301gislatives 2025: E\u0301changes sur un Processus E\u0301lectoral Se\u0301curise\u0301\" \/>\n<meta property=\"og:description\" content=\"Le Procureur de la Re\u0301publique et les candidats mercredi a\u0300 Abidjan (DR) Le Procureur de la Re\u0301publique pre\u0300s le Tribun ...\" \/>\n<meta property=\"og:url\" content=\"https:\/\/www.africa-press.net\/cotedivoire\/politique\/legislatives-2025-echanges-sur-un-processus-electoral-securise\" \/>\n<meta property=\"og:site_name\" content=\"C\u00f4te d&#039;Ivoire\" \/>\n<meta property=\"article:published_time\" content=\"2025-12-13T18:22:26+00:00\" \/>\n<meta property=\"article:modified_time\" content=\"2025-12-13T18:59:29+00:00\" \/>\n<meta property=\"og:image\" content=\"https:\/\/static.africa-press.net\/cote\/sites\/43\/2025\/12\/sm_1765639717.022758.jpg\" \/>\n\t<meta property=\"og:image:width\" content=\"720\" \/>\n\t<meta property=\"og:image:height\" content=\"481\" \/>\n\t<meta property=\"og:image:type\" content=\"image\/jpeg\" \/>\n<meta name=\"author\" content=\"cfeditorfr\" \/>\n<meta name=\"twitter:card\" content=\"summary_large_image\" \/>\n<meta name=\"twitter:label1\" content=\"\u00c9crit par\" \/>\n\t<meta name=\"twitter:data1\" content=\"cfeditorfr\" \/>\n\t<meta name=\"twitter:label2\" content=\"Dur\u00e9e de lecture estim\u00e9e\" \/>\n\t<meta name=\"twitter:data2\" content=\"2 minutes\" \/>\n<script type=\"application\/ld+json\" class=\"yoast-schema-graph\">{\"@context\":\"https:\/\/schema.org\",\"@graph\":[{\"@type\":\"Article\",\"@id\":\"https:\/\/www.africa-press.net\/cotedivoire\/politique\/legislatives-2025-echanges-sur-un-processus-electoral-securise#article\",\"isPartOf\":{\"@id\":\"https:\/\/www.africa-press.net\/cotedivoire\/politique\/legislatives-2025-echanges-sur-un-processus-electoral-securise\"},\"author\":{\"name\":\"cfeditorfr\",\"@id\":\"https:\/\/www.africa-press.net\/cotedivoire\/#\/schema\/person\/2b1cf3cd81a31e3cd26889ca66d677f1\"},\"headline\":\"Le\u0301gislatives 2025: E\u0301changes sur un Processus E\u0301lectoral Se\u0301curise\u0301\",\"datePublished\":\"2025-12-13T18:22:26+00:00\",\"dateModified\":\"2025-12-13T18:59:29+00:00\",\"mainEntityOfPage\":{\"@id\":\"https:\/\/www.africa-press.net\/cotedivoire\/politique\/legislatives-2025-echanges-sur-un-processus-electoral-securise\"},\"wordCount\":228,\"commentCount\":0,\"image\":{\"@id\":\"https:\/\/www.africa-press.net\/cotedivoire\/politique\/legislatives-2025-echanges-sur-un-processus-electoral-securise#primaryimage\"},\"thumbnailUrl\":\"https:\/\/static.africa-press.net\/cote\/sites\/43\/2025\/12\/sm_1765639717.022758.jpg\",\"keywords\":[\"Abidjan\",\"candidat\",\"C\u00d4TE D'IVOIRE\",\"Farikou Soumahoro\",\"Kon\u00e9 Braman Oumar\",\"L\u00e9gislatives 2025\",\"Procureur\"],\"articleSection\":[\"Politique\",\"Toutes les actualit\u00e9s\"],\"inLanguage\":\"fr-FR\",\"potentialAction\":[{\"@type\":\"CommentAction\",\"name\":\"Comment\",\"target\":[\"https:\/\/www.africa-press.net\/cotedivoire\/politique\/legislatives-2025-echanges-sur-un-processus-electoral-securise#respond\"]}]},{\"@type\":\"WebPage\",\"@id\":\"https:\/\/www.africa-press.net\/cotedivoire\/politique\/legislatives-2025-echanges-sur-un-processus-electoral-securise\",\"url\":\"https:\/\/www.africa-press.net\/cotedivoire\/politique\/legislatives-2025-echanges-sur-un-processus-electoral-securise\",\"name\":\"Le\u0301gislatives 2025: E\u0301changes sur un Processus E\u0301lectoral Se\u0301curise\u0301 - C\u00f4te d&#039;Ivoire\",\"isPartOf\":{\"@id\":\"https:\/\/www.africa-press.net\/cotedivoire\/#website\"},\"primaryImageOfPage\":{\"@id\":\"https:\/\/www.africa-press.net\/cotedivoire\/politique\/legislatives-2025-echanges-sur-un-processus-electoral-securise#primaryimage\"},\"image\":{\"@id\":\"https:\/\/www.africa-press.net\/cotedivoire\/politique\/legislatives-2025-echanges-sur-un-processus-electoral-securise#primaryimage\"},\"thumbnailUrl\":\"https:\/\/static.africa-press.net\/cote\/sites\/43\/2025\/12\/sm_1765639717.022758.jpg\",\"datePublished\":\"2025-12-13T18:22:26+00:00\",\"dateModified\":\"2025-12-13T18:59:29+00:00\",\"author\":{\"@id\":\"https:\/\/www.africa-press.net\/cotedivoire\/#\/schema\/person\/2b1cf3cd81a31e3cd26889ca66d677f1\"},\"description\":\"Le Procureur de la Re\u0301publique et les candidats mercredi a\u0300 Abidjan (DR) Le Procureur de la Re\u0301publique pre\u0300s le Tribun ...\",\"breadcrumb\":{\"@id\":\"https:\/\/www.africa-press.net\/cotedivoire\/politique\/legislatives-2025-echanges-sur-un-processus-electoral-securise#breadcrumb\"},\"inLanguage\":\"fr-FR\",\"potentialAction\":[{\"@type\":\"ReadAction\",\"target\":[\"https:\/\/www.africa-press.net\/cotedivoire\/politique\/legislatives-2025-echanges-sur-un-processus-electoral-securise\"]}]},{\"@type\":\"ImageObject\",\"inLanguage\":\"fr-FR\",\"@id\":\"https:\/\/www.africa-press.net\/cotedivoire\/politique\/legislatives-2025-echanges-sur-un-processus-electoral-securise#primaryimage\",\"url\":\"https:\/\/static.africa-press.net\/cote\/sites\/43\/2025\/12\/sm_1765639717.022758.jpg\",\"contentUrl\":\"https:\/\/static.africa-press.net\/cote\/sites\/43\/2025\/12\/sm_1765639717.022758.jpg\",\"width\":720,\"height\":481,\"caption\":\"Le\u0301gislatives 2025: E\u0301changes sur un Processus E\u0301lectoral Se\u0301curise\u0301\"},{\"@type\":\"BreadcrumbList\",\"@id\":\"https:\/\/www.africa-press.net\/cotedivoire\/politique\/legislatives-2025-echanges-sur-un-processus-electoral-securise#breadcrumb\",\"itemListElement\":[{\"@type\":\"ListItem\",\"position\":1,\"name\":\"Accueil\",\"item\":\"https:\/\/www.africa-press.net\/cotedivoire\/\"},{\"@type\":\"ListItem\",\"position\":2,\"name\":\"Le\u0301gislatives 2025: E\u0301changes sur un Processus E\u0301lectoral Se\u0301curise\u0301\"}]},{\"@type\":\"WebSite\",\"@id\":\"https:\/\/www.africa-press.net\/cotedivoire\/#website\",\"url\":\"https:\/\/www.africa-press.net\/cotedivoire\/\",\"name\":\"C\u00f4te d&#039;Ivoire\",\"description\":\"Just another Africa News Agency Sites site\",\"potentialAction\":[{\"@type\":\"SearchAction\",\"target\":{\"@type\":\"EntryPoint\",\"urlTemplate\":\"https:\/\/www.africa-press.net\/cotedivoire\/?s={search_term_string}\"},\"query-input\":{\"@type\":\"PropertyValueSpecification\",\"valueRequired\":true,\"valueName\":\"search_term_string\"}}],\"inLanguage\":\"fr-FR\"},{\"@type\":\"Person\",\"@id\":\"https:\/\/www.africa-press.net\/cotedivoire\/#\/schema\/person\/2b1cf3cd81a31e3cd26889ca66d677f1\",\"name\":\"cfeditorfr\"}]}<\/script>\n<!-- \/ Yoast SEO Premium plugin. -->","yoast_head_json":{"title":"Le\u0301gislatives 2025: E\u0301changes sur un Processus E\u0301lectoral Se\u0301curise\u0301 - C\u00f4te d&#039;Ivoire","description":"Le Procureur de la Re\u0301publique et les candidats mercredi a\u0300 Abidjan (DR) Le Procureur de la Re\u0301publique pre\u0300s le Tribun ...","robots":{"index":"index","follow":"follow","max-snippet":"max-snippet:-1","max-image-preview":"max-image-preview:large","max-video-preview":"max-video-preview:-1"},"canonical":"https:\/\/www.africa-press.net\/cotedivoire\/politique\/legislatives-2025-echanges-sur-un-processus-electoral-securise","og_locale":"fr_FR","og_type":"article","og_title":"Le\u0301gislatives 2025: E\u0301changes sur un Processus E\u0301lectoral Se\u0301curise\u0301","og_description":"Le Procureur de la Re\u0301publique et les candidats mercredi a\u0300 Abidjan (DR) Le Procureur de la Re\u0301publique pre\u0300s le Tribun ...","og_url":"https:\/\/www.africa-press.net\/cotedivoire\/politique\/legislatives-2025-echanges-sur-un-processus-electoral-securise","og_site_name":"C\u00f4te d&#039;Ivoire","article_published_time":"2025-12-13T18:22:26+00:00","article_modified_time":"2025-12-13T18:59:29+00:00","og_image":[{"width":720,"height":481,"url":"https:\/\/static.africa-press.net\/cote\/sites\/43\/2025\/12\/sm_1765639717.022758.jpg","type":"image\/jpeg"}],"author":"cfeditorfr","twitter_card":"summary_large_image","twitter_misc":{"\u00c9crit par":"cfeditorfr","Dur\u00e9e de lecture estim\u00e9e":"2 minutes"},"schema":{"@context":"https:\/\/schema.org","@graph":[{"@type":"Article","@id":"https:\/\/www.africa-press.net\/cotedivoire\/politique\/legislatives-2025-echanges-sur-un-processus-electoral-securise#article","isPartOf":{"@id":"https:\/\/www.africa-press.net\/cotedivoire\/politique\/legislatives-2025-echanges-sur-un-processus-electoral-securise"},"author":{"name":"cfeditorfr","@id":"https:\/\/www.africa-press.net\/cotedivoire\/#\/schema\/person\/2b1cf3cd81a31e3cd26889ca66d677f1"},"headline":"Le\u0301gislatives 2025: E\u0301changes sur un Processus E\u0301lectoral Se\u0301curise\u0301","datePublished":"2025-12-13T18:22:26+00:00","dateModified":"2025-12-13T18:59:29+00:00","mainEntityOfPage":{"@id":"https:\/\/www.africa-press.net\/cotedivoire\/politique\/legislatives-2025-echanges-sur-un-processus-electoral-securise"},"wordCount":228,"commentCount":0,"image":{"@id":"https:\/\/www.africa-press.net\/cotedivoire\/politique\/legislatives-2025-echanges-sur-un-processus-electoral-securise#primaryimage"},"thumbnailUrl":"https:\/\/static.africa-press.net\/cote\/sites\/43\/2025\/12\/sm_1765639717.022758.jpg","keywords":["Abidjan","candidat","C\u00d4TE D'IVOIRE","Farikou Soumahoro","Kon\u00e9 Braman Oumar","L\u00e9gislatives 2025","Procureur"],"articleSection":["Politique","Toutes les actualit\u00e9s"],"inLanguage":"fr-FR","potentialAction":[{"@type":"CommentAction","name":"Comment","target":["https:\/\/www.africa-press.net\/cotedivoire\/politique\/legislatives-2025-echanges-sur-un-processus-electoral-securise#respond"]}]},{"@type":"WebPage","@id":"https:\/\/www.africa-press.net\/cotedivoire\/politique\/legislatives-2025-echanges-sur-un-processus-electoral-securise","url":"https:\/\/www.africa-press.net\/cotedivoire\/politique\/legislatives-2025-echanges-sur-un-processus-electoral-securise","name":"Le\u0301gislatives 2025: E\u0301changes sur un Processus E\u0301lectoral Se\u0301curise\u0301 - C\u00f4te d&#039;Ivoire","isPartOf":{"@id":"https:\/\/www.africa-press.net\/cotedivoire\/#website"},"primaryImageOfPage":{"@id":"https:\/\/www.africa-press.net\/cotedivoire\/politique\/legislatives-2025-echanges-sur-un-processus-electoral-securise#primaryimage"},"image":{"@id":"https:\/\/www.africa-press.net\/cotedivoire\/politique\/legislatives-2025-echanges-sur-un-processus-electoral-securise#primaryimage"},"thumbnailUrl":"https:\/\/static.africa-press.net\/cote\/sites\/43\/2025\/12\/sm_1765639717.022758.jpg","datePublished":"2025-12-13T18:22:26+00:00","dateModified":"2025-12-13T18:59:29+00:00","author":{"@id":"https:\/\/www.africa-press.net\/cotedivoire\/#\/schema\/person\/2b1cf3cd81a31e3cd26889ca66d677f1"},"description":"Le Procureur de la Re\u0301publique et les candidats mercredi a\u0300 Abidjan (DR) Le Procureur de la Re\u0301publique pre\u0300s le Tribun ...","breadcrumb":{"@id":"https:\/\/www.africa-press.net\/cotedivoire\/politique\/legislatives-2025-echanges-sur-un-processus-electoral-securise#breadcrumb"},"inLanguage":"fr-FR","potentialAction":[{"@type":"ReadAction","target":["https:\/\/www.africa-press.net\/cotedivoire\/politique\/legislatives-2025-echanges-sur-un-processus-electoral-securise"]}]},{"@type":"ImageObject","inLanguage":"fr-FR","@id":"https:\/\/www.africa-press.net\/cotedivoire\/politique\/legislatives-2025-echanges-sur-un-processus-electoral-securise#primaryimage","url":"https:\/\/static.africa-press.net\/cote\/sites\/43\/2025\/12\/sm_1765639717.022758.jpg","contentUrl":"https:\/\/static.africa-press.net\/cote\/sites\/43\/2025\/12\/sm_1765639717.022758.jpg","width":720,"height":481,"caption":"Le\u0301gislatives 2025: E\u0301changes sur un Processus E\u0301lectoral Se\u0301curise\u0301"},{"@type":"BreadcrumbList","@id":"https:\/\/www.africa-press.net\/cotedivoire\/politique\/legislatives-2025-echanges-sur-un-processus-electoral-securise#breadcrumb","itemListElement":[{"@type":"ListItem","position":1,"name":"Accueil","item":"https:\/\/www.africa-press.net\/cotedivoire\/"},{"@type":"ListItem","position":2,"name":"Le\u0301gislatives 2025: E\u0301changes sur un Processus E\u0301lectoral Se\u0301curise\u0301"}]},{"@type":"WebSite","@id":"https:\/\/www.africa-press.net\/cotedivoire\/#website","url":"https:\/\/www.africa-press.net\/cotedivoire\/","name":"C\u00f4te d&#039;Ivoire","description":"Just another Africa News Agency Sites site","potentialAction":[{"@type":"SearchAction","target":{"@type":"EntryPoint","urlTemplate":"https:\/\/www.africa-press.net\/cotedivoire\/?s={search_term_string}"},"query-input":{"@type":"PropertyValueSpecification","valueRequired":true,"valueName":"search_term_string"}}],"inLanguage":"fr-FR"},{"@type":"Person","@id":"https:\/\/www.africa-press.net\/cotedivoire\/#\/schema\/person\/2b1cf3cd81a31e3cd26889ca66d677f1","name":"cfeditorfr"}]}},"_links":{"self":[{"href":"https:\/\/www.africa-press.net\/cotedivoire\/wp-json\/wp\/v2\/posts\/110221","targetHints":{"allow":["GET"]}}],"collection":[{"href":"https:\/\/www.africa-press.net\/cotedivoire\/wp-json\/wp\/v2\/posts"}],"about":[{"href":"https:\/\/www.africa-press.net\/cotedivoire\/wp-json\/wp\/v2\/types\/post"}],"author":[{"embeddable":true,"href":"https:\/\/www.africa-press.net\/cotedivoire\/wp-json\/wp\/v2\/users\/82"}],"replies":[{"embeddable":true,"href":"https:\/\/www.africa-press.net\/cotedivoire\/wp-json\/wp\/v2\/comments?post=110221"}],"version-history":[{"count":0,"href":"https:\/\/www.africa-press.net\/cotedivoire\/wp-json\/wp\/v2\/posts\/110221\/revisions"}],"wp:featuredmedia":[{"embeddable":true,"href":"https:\/\/www.africa-press.net\/cotedivoire\/wp-json\/wp\/v2\/media\/110220"}],"wp:attachment":[{"href":"https:\/\/www.africa-press.net\/cotedivoire\/wp-json\/wp\/v2\/media?parent=110221"}],"wp:term":[{"taxonomy":"category","embeddable":true,"href":"https:\/\/www.africa-press.net\/cotedivoire\/wp-json\/wp\/v2\/categories?post=110221"},{"taxonomy":"post_tag","embeddable":true,"href":"https:\/\/www.africa-press.net\/cotedivoire\/wp-json\/wp\/v2\/tags?post=110221"}],"curies":[{"name":"wp","href":"https:\/\/api.w.org\/{rel}","templated":true}]}}