{"id":110273,"date":"2025-12-14T17:36:24","date_gmt":"2025-12-14T17:36:24","guid":{"rendered":"https:\/\/www.africa-press.net\/cotedivoire\/politique\/legislatives-2025-unite-et-mobilisation-du-rhdp-a-yopougon"},"modified":"2025-12-14T17:49:50","modified_gmt":"2025-12-14T17:49:50","slug":"legislatives-2025-unite-et-mobilisation-du-rhdp-a-yopougon","status":"publish","type":"post","link":"https:\/\/www.africa-press.net\/cotedivoire\/politique\/legislatives-2025-unite-et-mobilisation-du-rhdp-a-yopougon","title":{"rendered":"L\u00e9gislatives 2025 Unit\u00e9 et Mobilisation du RHDP \u00e0 Yopougon"},"content":{"rendered":"<p><span style=\"color: #ff6600\"><strong>Africa-Press &#8211; C\u00f4te d&rsquo;Ivoire. <\/strong><\/span>La maison des enseignants de Yopougon, situe\u0301e au premier pont, a accueilli ce jeudi 11 de\u0301cembre 2025 la ce\u0301re\u0301monie officielle de pre\u0301sentation des candidats du RHDP pour les e\u0301lections le\u0301gislatives du 27 de\u0301cembre prochain. L\u2019e\u0301ve\u0301nement, organise\u0301 devant un public nombreux compose\u0301 de chefs de communaute\u0301, leaders locaux, structures du parti et militants mobilise\u0301s, a marque\u0301 le ve\u0301ritable coup d\u2019envoi de la campagne dans la plus grande commune du pays.<\/p>\n<p>Au cours de cette rencontre politique tre\u0300s attendue, Adama Bictogo, de\u0301pute\u0301-maire de Yopougon et candidat RHDP, a livre\u0301 un discours fort, me\u0302lant reconnaissance, appel a\u0300 la cohe\u0301sion et de\u0301termination pour la victoire.<\/p>\n<p>De\u0300s l\u2019entame de son intervention, Adama Bictogo a tenu a\u0300 fe\u0301liciter la direction centrale de l\u2019e\u0301ve\u0301nementiel et celle de la communication pour la qualite\u0301 de l\u2019organisation.<\/p>\n<p>\u00ab Vous venez une fois de plus de de\u0301montrer votre professionnalisme. La sce\u0301narisation mise en place montre que, chez nous, nous savons organiser de grandes ce\u0301re\u0301monies, et cela fait honneur a\u0300 toute la Co\u0302te d\u2019Ivoire \u00bb, a-t-il de\u0301clare\u0301, sous les applaudissements des militants.<\/p>\n<p>Le de\u0301pute\u0301-maire a ensuite rappele\u0301 que le pouvoir politique va de pair avec un sens aigu de responsabilite\u0301.<\/p>\n<p>Il a insiste\u0301 sur la de\u0301termination du RHDP a\u0300 de\u0301fendre ce qui est juste et a\u0300 \u0153uvrer pour l\u2019avancement de Yopougon.<\/p>\n<p>\u00ab Nous sommes de\u0301termine\u0301s, nous sommes engage\u0301s, et oui, nous pouvons nous battre pour de\u0301fendre ce qui est juste et pour faire avancer Yopougon \u00bb, a-t-il affirme\u0301.<\/p>\n<p>L\u2019un des passages les plus marquants du discours d\u2019Adama Bictogo a porte\u0301 sur la nouvelle image de Yopougon, longtemps perc\u0327ue comme un bastion de tension politique.<\/p>\n<p>Il a rappele\u0301 que, pour la premie\u0300re fois en 25 ans, l\u2019e\u0301lection pre\u0301sidentielle s\u2019est tenue sans heurts majeurs dans la commune, soulignant la maturite\u0301 des habitants.<\/p>\n<p>\u00ab Ici, il n\u2019y a pas de couleur politique, pas de diffe\u0301rence ethnique ou re\u0301gionale qui tienne. Depuis deux ans, nous montrons a\u0300 la Co\u0302te d\u2019Ivoire et a\u0300 l\u2019Afrique qu\u2019on peut penser diffe\u0301remment, appartenir a\u0300 des partis diffe\u0301rents, mais vivre ensemble dans la paix.\u00bb<\/p>\n<p>Selon lui, Yopougon est aujourd\u2019hui un exemple national de vivre-ensemble, un succe\u0300s qu\u2019il attribue a\u0300 l\u2019ensemble des populations.<\/p>\n<p>Adama Bictogo a re\u0301affirme\u0301 la place centrale qu\u2019occupent les femmes dans la strate\u0301gie politique du parti a\u0300 Yopougon.<\/p>\n<p>Il a rappele\u0301 que sept femmes y occupent des postes majeurs au sein de la direction de campagne, un fait unique dans le pays.<\/p>\n<p>\u00ab Nous sommes fiers de nos femmes, de leur engagement, de leur force et de leur capacite\u0301 a\u0300 rassembler \u00bb, a-t-il insiste\u0301.<\/p>\n<p>Il a e\u0301galement promis de poursuivre, durant le prochain mandat, une de\u0301marche de proximite\u0301 avec les habitants a\u0300 travers des rencontres re\u0301gulie\u0300res dans tous les quartiers.<\/p>\n<p>Dans la dernie\u0300re partie de son allocution, le de\u0301pute\u0301-maire a exhorte\u0301 les militants a\u0300 rester mobilise\u0301s chaque jour jusqu\u2019au scrutin.<\/p>\n<p>Il a salue\u0301 leur endurance et leur fide\u0301lite\u0301. \u00ab Vous n\u2019avez jamais baisse\u0301 les bras. Vous e\u0302tes reste\u0301s debout. Vous e\u0302tes reste\u0301s mobilise\u0301s. \u00bb<\/p>\n<p>Remerciant les sympathisants pour leur confiance et leur disponibilite\u0301, il s\u2019est engage\u0301 a\u0300 e\u0302tre a\u0300 la hauteur des attentes.<\/p>\n<p>Adama Bictogo a conclu son discours sur une note d\u2019assurance et d\u2019optimisme. \u00ab A\u0300 partir de ce jour, chaque jour doit e\u0302tre un jour d\u2019engagement, un jour d\u2019action, un jour de mobilisation. (&#8230;) Je vous donne rendez-vous le 27 de\u0301cembre: parce que oui, ce jour-la\u0300, nous allons gagner ! \u00bb<\/p>\n<p>Une de\u0301claration qui a galvanise\u0301 la salle et lance\u0301 de\u0301finitivement la dynamique de campagne du RHDP a\u0300 Yopougon.<\/p>\n<p><strong>Pour plus d&rsquo;informations et d&rsquo;analyses sur la <span style=\"color: #ff6600\">C\u00f4te d&rsquo;Ivoire<\/span>, suivez <span style=\"color: #ff6600\">Africa-Press<\/span><\/strong><\/p>\n","protected":false},"excerpt":{"rendered":"<p>Africa-Press &#8211; C\u00f4te d&rsquo;Ivoire. La maison des enseignants de Yopougon, situe\u0301e au premier pont, a accueilli ce jeudi 11 de\u0301cembre 2025 la ce\u0301re\u0301monie officielle de pre\u0301sentation des candidats du RHDP pour les e\u0301lections le\u0301gislatives du 27 de\u0301cembre prochain. L\u2019e\u0301ve\u0301nement, organise\u0301 devant un public nombreux compose\u0301 de chefs de communaute\u0301, leaders locaux, structures du parti et [&hellip;]<\/p>\n","protected":false},"author":82,"featured_media":110272,"comment_status":"open","ping_status":"closed","sticky":false,"template":"","format":"standard","meta":{"footnotes":""},"categories":[2,10],"tags":[1265,2603,1229,29,19356,7054,16272,371,3016,540],"class_list":["post-110273","post","type-post","status-publish","format-standard","has-post-thumbnail","hentry","category-politique","category-toutes-les-actualites","tag-adama-bictogo","tag-appel","tag-candidats","tag-cote-divoire","tag-legislatives-2025","tag-mobilisation","tag-presentation","tag-rhdp","tag-unite","tag-yopougon"],"yoast_head":"<!-- This site is optimized with the Yoast SEO Premium plugin v26.1 (Yoast SEO v27.0) - https:\/\/yoast.com\/product\/yoast-seo-premium-wordpress\/ -->\n<title>L\u00e9gislatives 2025 Unit\u00e9 et Mobilisation du RHDP \u00e0 Yopougon - C\u00f4te d&#039;Ivoire<\/title>\n<meta name=\"description\" content=\"La maison des enseignants de Yopougon, situe\u0301e au premier pont, a accueilli ce jeudi 11 de\u0301cembre 2025 la ce\u0301re\u0301monie of ...\" \/>\n<meta name=\"robots\" content=\"index, follow, max-snippet:-1, max-image-preview:large, max-video-preview:-1\" \/>\n<link rel=\"canonical\" href=\"https:\/\/www.africa-press.net\/cotedivoire\/politique\/legislatives-2025-unite-et-mobilisation-du-rhdp-a-yopougon\" \/>\n<meta property=\"og:locale\" content=\"fr_FR\" \/>\n<meta property=\"og:type\" content=\"article\" \/>\n<meta property=\"og:title\" content=\"L\u00e9gislatives 2025 Unit\u00e9 et Mobilisation du RHDP \u00e0 Yopougon\" \/>\n<meta property=\"og:description\" content=\"La maison des enseignants de Yopougon, situe\u0301e au premier pont, a accueilli ce jeudi 11 de\u0301cembre 2025 la ce\u0301re\u0301monie of ...\" \/>\n<meta property=\"og:url\" content=\"https:\/\/www.africa-press.net\/cotedivoire\/politique\/legislatives-2025-unite-et-mobilisation-du-rhdp-a-yopougon\" \/>\n<meta property=\"og:site_name\" content=\"C\u00f4te d&#039;Ivoire\" \/>\n<meta property=\"article:published_time\" content=\"2025-12-14T17:36:24+00:00\" \/>\n<meta property=\"article:modified_time\" content=\"2025-12-14T17:49:50+00:00\" \/>\n<meta property=\"og:image\" content=\"https:\/\/static.africa-press.net\/cote\/sites\/43\/2025\/12\/sm_1765721964.048952.jpg\" \/>\n\t<meta property=\"og:image:width\" content=\"720\" \/>\n\t<meta property=\"og:image:height\" content=\"480\" \/>\n\t<meta property=\"og:image:type\" content=\"image\/jpeg\" \/>\n<meta name=\"author\" content=\"cfeditorfr\" \/>\n<meta name=\"twitter:card\" content=\"summary_large_image\" \/>\n<meta name=\"twitter:label1\" content=\"\u00c9crit par\" \/>\n\t<meta name=\"twitter:data1\" content=\"cfeditorfr\" \/>\n\t<meta name=\"twitter:label2\" content=\"Dur\u00e9e de lecture estim\u00e9e\" \/>\n\t<meta name=\"twitter:data2\" content=\"4 minutes\" \/>\n<script type=\"application\/ld+json\" class=\"yoast-schema-graph\">{\"@context\":\"https:\/\/schema.org\",\"@graph\":[{\"@type\":\"Article\",\"@id\":\"https:\/\/www.africa-press.net\/cotedivoire\/politique\/legislatives-2025-unite-et-mobilisation-du-rhdp-a-yopougon#article\",\"isPartOf\":{\"@id\":\"https:\/\/www.africa-press.net\/cotedivoire\/politique\/legislatives-2025-unite-et-mobilisation-du-rhdp-a-yopougon\"},\"author\":{\"name\":\"cfeditorfr\",\"@id\":\"https:\/\/www.africa-press.net\/cotedivoire\/#\/schema\/person\/2b1cf3cd81a31e3cd26889ca66d677f1\"},\"headline\":\"L\u00e9gislatives 2025 Unit\u00e9 et Mobilisation du RHDP \u00e0 Yopougon\",\"datePublished\":\"2025-12-14T17:36:24+00:00\",\"dateModified\":\"2025-12-14T17:49:50+00:00\",\"mainEntityOfPage\":{\"@id\":\"https:\/\/www.africa-press.net\/cotedivoire\/politique\/legislatives-2025-unite-et-mobilisation-du-rhdp-a-yopougon\"},\"wordCount\":675,\"commentCount\":0,\"image\":{\"@id\":\"https:\/\/www.africa-press.net\/cotedivoire\/politique\/legislatives-2025-unite-et-mobilisation-du-rhdp-a-yopougon#primaryimage\"},\"thumbnailUrl\":\"https:\/\/static.africa-press.net\/cote\/sites\/43\/2025\/12\/sm_1765721964.048952.jpg\",\"keywords\":[\"Adama Bictogo\",\"appel\",\"candidats\",\"C\u00d4TE D'IVOIRE\",\"L\u00e9gislatives 2025\",\"mobilisation\",\"pr\u00e9sentation\",\"RHDP\",\"unit\u00e9\",\"Yopougon\"],\"articleSection\":[\"Politique\",\"Toutes les actualit\u00e9s\"],\"inLanguage\":\"fr-FR\",\"potentialAction\":[{\"@type\":\"CommentAction\",\"name\":\"Comment\",\"target\":[\"https:\/\/www.africa-press.net\/cotedivoire\/politique\/legislatives-2025-unite-et-mobilisation-du-rhdp-a-yopougon#respond\"]}]},{\"@type\":\"WebPage\",\"@id\":\"https:\/\/www.africa-press.net\/cotedivoire\/politique\/legislatives-2025-unite-et-mobilisation-du-rhdp-a-yopougon\",\"url\":\"https:\/\/www.africa-press.net\/cotedivoire\/politique\/legislatives-2025-unite-et-mobilisation-du-rhdp-a-yopougon\",\"name\":\"L\u00e9gislatives 2025 Unit\u00e9 et Mobilisation du RHDP \u00e0 Yopougon - C\u00f4te d&#039;Ivoire\",\"isPartOf\":{\"@id\":\"https:\/\/www.africa-press.net\/cotedivoire\/#website\"},\"primaryImageOfPage\":{\"@id\":\"https:\/\/www.africa-press.net\/cotedivoire\/politique\/legislatives-2025-unite-et-mobilisation-du-rhdp-a-yopougon#primaryimage\"},\"image\":{\"@id\":\"https:\/\/www.africa-press.net\/cotedivoire\/politique\/legislatives-2025-unite-et-mobilisation-du-rhdp-a-yopougon#primaryimage\"},\"thumbnailUrl\":\"https:\/\/static.africa-press.net\/cote\/sites\/43\/2025\/12\/sm_1765721964.048952.jpg\",\"datePublished\":\"2025-12-14T17:36:24+00:00\",\"dateModified\":\"2025-12-14T17:49:50+00:00\",\"author\":{\"@id\":\"https:\/\/www.africa-press.net\/cotedivoire\/#\/schema\/person\/2b1cf3cd81a31e3cd26889ca66d677f1\"},\"description\":\"La maison des enseignants de Yopougon, situe\u0301e au premier pont, a accueilli ce jeudi 11 de\u0301cembre 2025 la ce\u0301re\u0301monie of ...\",\"breadcrumb\":{\"@id\":\"https:\/\/www.africa-press.net\/cotedivoire\/politique\/legislatives-2025-unite-et-mobilisation-du-rhdp-a-yopougon#breadcrumb\"},\"inLanguage\":\"fr-FR\",\"potentialAction\":[{\"@type\":\"ReadAction\",\"target\":[\"https:\/\/www.africa-press.net\/cotedivoire\/politique\/legislatives-2025-unite-et-mobilisation-du-rhdp-a-yopougon\"]}]},{\"@type\":\"ImageObject\",\"inLanguage\":\"fr-FR\",\"@id\":\"https:\/\/www.africa-press.net\/cotedivoire\/politique\/legislatives-2025-unite-et-mobilisation-du-rhdp-a-yopougon#primaryimage\",\"url\":\"https:\/\/static.africa-press.net\/cote\/sites\/43\/2025\/12\/sm_1765721964.048952.jpg\",\"contentUrl\":\"https:\/\/static.africa-press.net\/cote\/sites\/43\/2025\/12\/sm_1765721964.048952.jpg\",\"width\":720,\"height\":480,\"caption\":\"L\u00e9gislatives 2025 Unit\u00e9 et Mobilisation du RHDP \u00e0 Yopougon\"},{\"@type\":\"BreadcrumbList\",\"@id\":\"https:\/\/www.africa-press.net\/cotedivoire\/politique\/legislatives-2025-unite-et-mobilisation-du-rhdp-a-yopougon#breadcrumb\",\"itemListElement\":[{\"@type\":\"ListItem\",\"position\":1,\"name\":\"Accueil\",\"item\":\"https:\/\/www.africa-press.net\/cotedivoire\/\"},{\"@type\":\"ListItem\",\"position\":2,\"name\":\"L\u00e9gislatives 2025 Unit\u00e9 et Mobilisation du RHDP \u00e0 Yopougon\"}]},{\"@type\":\"WebSite\",\"@id\":\"https:\/\/www.africa-press.net\/cotedivoire\/#website\",\"url\":\"https:\/\/www.africa-press.net\/cotedivoire\/\",\"name\":\"C\u00f4te d&#039;Ivoire\",\"description\":\"Just another Africa News Agency Sites site\",\"potentialAction\":[{\"@type\":\"SearchAction\",\"target\":{\"@type\":\"EntryPoint\",\"urlTemplate\":\"https:\/\/www.africa-press.net\/cotedivoire\/?s={search_term_string}\"},\"query-input\":{\"@type\":\"PropertyValueSpecification\",\"valueRequired\":true,\"valueName\":\"search_term_string\"}}],\"inLanguage\":\"fr-FR\"},{\"@type\":\"Person\",\"@id\":\"https:\/\/www.africa-press.net\/cotedivoire\/#\/schema\/person\/2b1cf3cd81a31e3cd26889ca66d677f1\",\"name\":\"cfeditorfr\"}]}<\/script>\n<!-- \/ Yoast SEO Premium plugin. -->","yoast_head_json":{"title":"L\u00e9gislatives 2025 Unit\u00e9 et Mobilisation du RHDP \u00e0 Yopougon - C\u00f4te d&#039;Ivoire","description":"La maison des enseignants de Yopougon, situe\u0301e au premier pont, a accueilli ce jeudi 11 de\u0301cembre 2025 la ce\u0301re\u0301monie of ...","robots":{"index":"index","follow":"follow","max-snippet":"max-snippet:-1","max-image-preview":"max-image-preview:large","max-video-preview":"max-video-preview:-1"},"canonical":"https:\/\/www.africa-press.net\/cotedivoire\/politique\/legislatives-2025-unite-et-mobilisation-du-rhdp-a-yopougon","og_locale":"fr_FR","og_type":"article","og_title":"L\u00e9gislatives 2025 Unit\u00e9 et Mobilisation du RHDP \u00e0 Yopougon","og_description":"La maison des enseignants de Yopougon, situe\u0301e au premier pont, a accueilli ce jeudi 11 de\u0301cembre 2025 la ce\u0301re\u0301monie of ...","og_url":"https:\/\/www.africa-press.net\/cotedivoire\/politique\/legislatives-2025-unite-et-mobilisation-du-rhdp-a-yopougon","og_site_name":"C\u00f4te d&#039;Ivoire","article_published_time":"2025-12-14T17:36:24+00:00","article_modified_time":"2025-12-14T17:49:50+00:00","og_image":[{"width":720,"height":480,"url":"https:\/\/static.africa-press.net\/cote\/sites\/43\/2025\/12\/sm_1765721964.048952.jpg","type":"image\/jpeg"}],"author":"cfeditorfr","twitter_card":"summary_large_image","twitter_misc":{"\u00c9crit par":"cfeditorfr","Dur\u00e9e de lecture estim\u00e9e":"4 minutes"},"schema":{"@context":"https:\/\/schema.org","@graph":[{"@type":"Article","@id":"https:\/\/www.africa-press.net\/cotedivoire\/politique\/legislatives-2025-unite-et-mobilisation-du-rhdp-a-yopougon#article","isPartOf":{"@id":"https:\/\/www.africa-press.net\/cotedivoire\/politique\/legislatives-2025-unite-et-mobilisation-du-rhdp-a-yopougon"},"author":{"name":"cfeditorfr","@id":"https:\/\/www.africa-press.net\/cotedivoire\/#\/schema\/person\/2b1cf3cd81a31e3cd26889ca66d677f1"},"headline":"L\u00e9gislatives 2025 Unit\u00e9 et Mobilisation du RHDP \u00e0 Yopougon","datePublished":"2025-12-14T17:36:24+00:00","dateModified":"2025-12-14T17:49:50+00:00","mainEntityOfPage":{"@id":"https:\/\/www.africa-press.net\/cotedivoire\/politique\/legislatives-2025-unite-et-mobilisation-du-rhdp-a-yopougon"},"wordCount":675,"commentCount":0,"image":{"@id":"https:\/\/www.africa-press.net\/cotedivoire\/politique\/legislatives-2025-unite-et-mobilisation-du-rhdp-a-yopougon#primaryimage"},"thumbnailUrl":"https:\/\/static.africa-press.net\/cote\/sites\/43\/2025\/12\/sm_1765721964.048952.jpg","keywords":["Adama Bictogo","appel","candidats","C\u00d4TE D'IVOIRE","L\u00e9gislatives 2025","mobilisation","pr\u00e9sentation","RHDP","unit\u00e9","Yopougon"],"articleSection":["Politique","Toutes les actualit\u00e9s"],"inLanguage":"fr-FR","potentialAction":[{"@type":"CommentAction","name":"Comment","target":["https:\/\/www.africa-press.net\/cotedivoire\/politique\/legislatives-2025-unite-et-mobilisation-du-rhdp-a-yopougon#respond"]}]},{"@type":"WebPage","@id":"https:\/\/www.africa-press.net\/cotedivoire\/politique\/legislatives-2025-unite-et-mobilisation-du-rhdp-a-yopougon","url":"https:\/\/www.africa-press.net\/cotedivoire\/politique\/legislatives-2025-unite-et-mobilisation-du-rhdp-a-yopougon","name":"L\u00e9gislatives 2025 Unit\u00e9 et Mobilisation du RHDP \u00e0 Yopougon - C\u00f4te d&#039;Ivoire","isPartOf":{"@id":"https:\/\/www.africa-press.net\/cotedivoire\/#website"},"primaryImageOfPage":{"@id":"https:\/\/www.africa-press.net\/cotedivoire\/politique\/legislatives-2025-unite-et-mobilisation-du-rhdp-a-yopougon#primaryimage"},"image":{"@id":"https:\/\/www.africa-press.net\/cotedivoire\/politique\/legislatives-2025-unite-et-mobilisation-du-rhdp-a-yopougon#primaryimage"},"thumbnailUrl":"https:\/\/static.africa-press.net\/cote\/sites\/43\/2025\/12\/sm_1765721964.048952.jpg","datePublished":"2025-12-14T17:36:24+00:00","dateModified":"2025-12-14T17:49:50+00:00","author":{"@id":"https:\/\/www.africa-press.net\/cotedivoire\/#\/schema\/person\/2b1cf3cd81a31e3cd26889ca66d677f1"},"description":"La maison des enseignants de Yopougon, situe\u0301e au premier pont, a accueilli ce jeudi 11 de\u0301cembre 2025 la ce\u0301re\u0301monie of ...","breadcrumb":{"@id":"https:\/\/www.africa-press.net\/cotedivoire\/politique\/legislatives-2025-unite-et-mobilisation-du-rhdp-a-yopougon#breadcrumb"},"inLanguage":"fr-FR","potentialAction":[{"@type":"ReadAction","target":["https:\/\/www.africa-press.net\/cotedivoire\/politique\/legislatives-2025-unite-et-mobilisation-du-rhdp-a-yopougon"]}]},{"@type":"ImageObject","inLanguage":"fr-FR","@id":"https:\/\/www.africa-press.net\/cotedivoire\/politique\/legislatives-2025-unite-et-mobilisation-du-rhdp-a-yopougon#primaryimage","url":"https:\/\/static.africa-press.net\/cote\/sites\/43\/2025\/12\/sm_1765721964.048952.jpg","contentUrl":"https:\/\/static.africa-press.net\/cote\/sites\/43\/2025\/12\/sm_1765721964.048952.jpg","width":720,"height":480,"caption":"L\u00e9gislatives 2025 Unit\u00e9 et Mobilisation du RHDP \u00e0 Yopougon"},{"@type":"BreadcrumbList","@id":"https:\/\/www.africa-press.net\/cotedivoire\/politique\/legislatives-2025-unite-et-mobilisation-du-rhdp-a-yopougon#breadcrumb","itemListElement":[{"@type":"ListItem","position":1,"name":"Accueil","item":"https:\/\/www.africa-press.net\/cotedivoire\/"},{"@type":"ListItem","position":2,"name":"L\u00e9gislatives 2025 Unit\u00e9 et Mobilisation du RHDP \u00e0 Yopougon"}]},{"@type":"WebSite","@id":"https:\/\/www.africa-press.net\/cotedivoire\/#website","url":"https:\/\/www.africa-press.net\/cotedivoire\/","name":"C\u00f4te d&#039;Ivoire","description":"Just another Africa News Agency Sites site","potentialAction":[{"@type":"SearchAction","target":{"@type":"EntryPoint","urlTemplate":"https:\/\/www.africa-press.net\/cotedivoire\/?s={search_term_string}"},"query-input":{"@type":"PropertyValueSpecification","valueRequired":true,"valueName":"search_term_string"}}],"inLanguage":"fr-FR"},{"@type":"Person","@id":"https:\/\/www.africa-press.net\/cotedivoire\/#\/schema\/person\/2b1cf3cd81a31e3cd26889ca66d677f1","name":"cfeditorfr"}]}},"_links":{"self":[{"href":"https:\/\/www.africa-press.net\/cotedivoire\/wp-json\/wp\/v2\/posts\/110273","targetHints":{"allow":["GET"]}}],"collection":[{"href":"https:\/\/www.africa-press.net\/cotedivoire\/wp-json\/wp\/v2\/posts"}],"about":[{"href":"https:\/\/www.africa-press.net\/cotedivoire\/wp-json\/wp\/v2\/types\/post"}],"author":[{"embeddable":true,"href":"https:\/\/www.africa-press.net\/cotedivoire\/wp-json\/wp\/v2\/users\/82"}],"replies":[{"embeddable":true,"href":"https:\/\/www.africa-press.net\/cotedivoire\/wp-json\/wp\/v2\/comments?post=110273"}],"version-history":[{"count":0,"href":"https:\/\/www.africa-press.net\/cotedivoire\/wp-json\/wp\/v2\/posts\/110273\/revisions"}],"wp:featuredmedia":[{"embeddable":true,"href":"https:\/\/www.africa-press.net\/cotedivoire\/wp-json\/wp\/v2\/media\/110272"}],"wp:attachment":[{"href":"https:\/\/www.africa-press.net\/cotedivoire\/wp-json\/wp\/v2\/media?parent=110273"}],"wp:term":[{"taxonomy":"category","embeddable":true,"href":"https:\/\/www.africa-press.net\/cotedivoire\/wp-json\/wp\/v2\/categories?post=110273"},{"taxonomy":"post_tag","embeddable":true,"href":"https:\/\/www.africa-press.net\/cotedivoire\/wp-json\/wp\/v2\/tags?post=110273"}],"curies":[{"name":"wp","href":"https:\/\/api.w.org\/{rel}","templated":true}]}}