{"id":110288,"date":"2025-12-14T17:43:15","date_gmt":"2025-12-14T17:43:15","guid":{"rendered":"https:\/\/www.africa-press.net\/cotedivoire\/politique\/inauguration-du-lycee-technique-debimpe-par-meyliet-kone"},"modified":"2025-12-14T17:51:00","modified_gmt":"2025-12-14T17:51:00","slug":"inauguration-du-lycee-technique-debimpe-par-meyliet-kone","status":"publish","type":"post","link":"https:\/\/www.africa-press.net\/cotedivoire\/economie\/inauguration-du-lycee-technique-debimpe-par-meyliet-kone","title":{"rendered":"Inauguration du Lyc\u00e9e Technique d&rsquo;Ebimp\u00e9 par Meyliet Kon\u00e9"},"content":{"rendered":"<p><span style=\"color: #ff6600\"><strong>Africa-Press &#8211; C\u00f4te d&rsquo;Ivoire. <\/strong><\/span>La cite\u0301 d\u2019Ebimpe\u0301 a ve\u0301cu, ce jeudi 11 de\u0301cembre, une journe\u0301e historique avec l\u2019inauguration officielle du Lyce\u0301e Technique et Professionnel, un e\u0301tablissement ultramoderne de\u0301die\u0301 a\u0300 la formation de la jeunesse ivoirienne. Place\u0301e sous la pre\u0301sidence du Vice-pre\u0301sident de la Re\u0301publique, Tie\u0301moko Meyliet Kone\u0301, la ce\u0301re\u0301monie a re\u0301uni de hautes personnalite\u0301s politiques, diplomatiques et coutumie\u0300res, dont l\u2019Ambassadeur de Chine en Co\u0302te d\u2019Ivoire, Wu Jie, et le Ministre de l\u2019Enseignement Technique, de la Formation Professionnelle et de l\u2019Apprentissage.<\/p>\n<p>Dans un discours empreint de vision et de de\u0301termination, le dauphin constitutionnel a rappele\u0301 la place strate\u0301gique de la formation technique dans la marche re\u0301solue de la Co\u0302te d\u2019Ivoire vers une e\u0301conomie moderne et compe\u0301titive.<\/p>\n<p>\u00ab Aucun pays au monde n\u2019a pu ba\u0302tir une prospe\u0301rite\u0301 durable sans investir massivement dans les compe\u0301tences de sa jeunesse \u00bb, a-t-il de\u0301clare\u0301 d\u2019emble\u0301e, soulignant que le Pre\u0301sident Alassane Ouattara a fait le choix strate\u0301gique de placer les filie\u0300res techniques au c\u0153ur du de\u0301veloppement du capital humain.<\/p>\n<p>L&rsquo;homme de confiance du Pre\u0301sident Ouattara a insiste\u0301 sur le ro\u0302le central de cet enseignement dans la transformation structurelle du pays: e\u0301nergie, agro-industrie, maintenance, logistique, BTP, mines et nume\u0301rique. \u00ab L\u2019enseignement technique et professionnel n\u2019est pas une branche marginale ; il est le pilier strate\u0301gique du de\u0301veloppement national \u00bb, a-t-il martele\u0301 devant un public d\u2019apprenants enthousiastes.<\/p>\n<p>A\u0300 l\u2019endroit des formateurs, l&rsquo;ancien Gouverneur de la Bceao a rendu un hommage appuye\u0301: \u00ab Votre sacerdoce, discret mais essentiel, fait de vous les artisans de la transformation qualitative de notre jeunesse. La Co\u0302te d\u2019Ivoire compte sur vous. \u00bb<\/p>\n<p>Tie\u0301moko Meyliet Kone\u0301 a ensuite galvanise\u0301 les e\u0301le\u0300ves: \u00ab Ce lyce\u0301e est de\u0301sormais le vo\u0302tre. Il vous donnera acce\u0300s aux meilleures e\u0301coles supe\u0301rieures, ici et ailleurs. Vous e\u0302tes les ba\u0302tisseurs de la Co\u0302te d\u2019Ivoire de demain. \u00bb<\/p>\n<p>Le Vice-pre\u0301sident a, pour finir, officiellement ouvert l\u2019e\u0301tablissement, saluant \u00ab une pierre supple\u0301mentaire dans l\u2019e\u0301dification d\u2019une Co\u0302te d\u2019Ivoire ambitieuse et solidaire \u00bb.<\/p>\n<p>L\u2019Ambassadeur de Chine en Co\u0302te d\u2019Ivoire, Wu Jie, a pour sa part replace\u0301 l\u2019inauguration du lyce\u0301e dans le cadre de l\u2019amitie\u0301 historique entre la Chine et la Co\u0302te d\u2019Ivoire.<\/p>\n<p>\u00ab Les sept e\u0301tablissements de formation construits par AVIC International te\u0301moignent de la vitalite\u0301 de notre coope\u0301ration \u00bb, a-t-il rappele\u0301, avant de saluer l\u2019implication personnelle du Pre\u0301sident Alassane Ouattara dans la re\u0301ussite de ce programme.<\/p>\n<p>Wu Jie a insiste\u0301 sur l\u2019importance strate\u0301gique de la formation professionnelle dans un pays ou\u0300 75 % de la population a moins de 35 ans: \u00ab La formation technique constitue un levier essentiel pour l\u2019employabilite\u0301, l\u2019innovation et l\u2019entrepreneuriat. \u00bb<\/p>\n<p>Il a e\u0301galement souligne\u0301 que cette inauguration intervient dans un contexte de renforcement diplomatique majeur: lors du Sommet Chine-Afrique 2024 a\u0300 Beijing, les deux pays ont porte\u0301 leurs relations au niveau de partenariat strate\u0301gique.<\/p>\n<p>L\u2019ambassadeur a assure\u0301 que la Chine continuera d\u2019accompagner la Co\u0302te d\u2019Ivoire dans la maintenance des e\u0301quipements, la formation continue des enseignants, la cre\u0301ation d\u2019instituts spe\u0301cialise\u0301s et le de\u0301veloppement d\u2019Ateliers Luban destine\u0301s a\u0300 l\u2019excellence technique africaine.<\/p>\n<p>Le Ministre de l\u2019Enseignement Technique, de la Formation Professionnelle et de l\u2019Apprentissage a exprime\u0301 son immense gratitude au Vice-pre\u0301sident pour sa pre\u0301sence, rappelant que ce geste constitue une marque forte d\u2019attention a\u0300 l\u2019e\u0301gard de toute la communaute\u0301 de la formation professionnelle.<\/p>\n<p>Il a salue\u0301 la contribution de\u0301terminante du Premier Ministre Robert Beugre\u0301 Mambe\u0301 et celle du Ministre-Conseiller Patrick Achi, pre\u0301sent lors de la pose de la premie\u0300re pierre en 2022.<\/p>\n<p>Le Ministre a e\u0301galement rendu hommage aux anciens ministres du secteur, a\u0300 l\u2019Ambassadeur Adama Dosso pour son ro\u0302le diplomatique majeur, au BNETD pour son expertise, aux familles d\u2019Ebimpe\u0301 ayant ce\u0301de\u0301 20 hectares pour le projet et aux e\u0301quipes techniques d\u2019AVIC International.<\/p>\n<p>Il a pre\u0301sente\u0301 les atouts du Lyce\u0301e Technique et Professionnel d\u2019Ebimpe\u0301, 2 000 apprenants, 1 600 lits d\u2019internat, formations en BT, CAP et CQP, dix filie\u0300res modernes: me\u0301canique ge\u0301ne\u0301rale, e\u0301lectricite\u0301 d\u2019e\u0301quipement, e\u0301lectronique, re\u0301frige\u0301ration, maintenance, transformation agro-alimentaire, conducteur d\u2019engins, chaudronnerie-soudure, imprimerie, etc.<\/p>\n<p>Le Ministre a souligne\u0301 que 182 formateurs et 16 gestionnaires ont e\u0301te\u0301 forme\u0301s en Chine pendant plusieurs mois, un transfert de compe\u0301tences essentiel a\u0300 la qualite\u0301 des enseignements.<\/p>\n<p>\u00ab Les jeunes doivent e\u0302tre conscients des efforts consentis par l\u2019E\u0301tat pour offrir un cadre de formation digne des grandes nations industrielles \u00bb, a-t-il affirme\u0301.<\/p>\n<p>L\u2019inauguration du Lyce\u0301e Technique et Professionnel d\u2019Ebimpe\u0301 marque une e\u0301tape de\u0301terminante dans la modernisation de l\u2019appareil e\u0301ducatif ivoirien. Fruit de la coope\u0301ration sino-ivoirienne, cet e\u0301tablissement vient renforcer un re\u0301seau national de sept lyce\u0301es techniques construits dans le cadre du Projet AVIC.<\/p>\n<p>Avec cette infrastructure, la Co\u0302te d\u2019Ivoire confirme sa volonte\u0301 d\u2019investir durablement dans les compe\u0301tences, la qualification et l\u2019innovation, en misant sur une jeunesse nombreuse et ambitieuse.<\/p>\n\r\n                <style type=\"text\/css\">\r\n                    \r\n                    #td_uid_1_69f5bfd132064  .td-doubleSlider-2 .td-item1 {\r\n                        background: url(https:\/\/static.africa-press.net\/cote\/sites\/43\/2025\/12\/sm_1765722028.084459-80x60.jpg) 0 0 no-repeat;\r\n                    }\r\n                    #td_uid_1_69f5bfd132064  .td-doubleSlider-2 .td-item2 {\r\n                        background: url(https:\/\/static.africa-press.net\/cote\/sites\/43\/2025\/12\/sm_1765722036.638451-80x60.jpg) 0 0 no-repeat;\r\n                    }\r\n                <\/style>\r\n\r\n                <div id=\"td_uid_1_69f5bfd132064\" class=\"td-gallery td-slide-on-2-columns\">\r\n                    <div class=\"post_td_gallery\">\r\n                        <div class=\"td-gallery-slide-top\">\r\n                           <div class=\"td-gallery-title\"><\/div>\r\n\r\n                            <div class=\"td-gallery-controls-wrapper\">\r\n                                <div class=\"td-gallery-slide-count\"><span class=\"td-gallery-slide-item-focus\">1<\/span> de 2<\/div>\r\n                                <div class=\"td-gallery-slide-prev-next-but\">\r\n                                    <i class = \"td-icon-left doubleSliderPrevButton\"><\/i>\r\n                                    <i class = \"td-icon-right doubleSliderNextButton\"><\/i>\r\n                                <\/div>\r\n                            <\/div>\r\n                        <\/div>\r\n\r\n                        <div class = \"td-doubleSlider-1 \">\r\n                            <div class = \"td-slider\">\r\n                                \r\n                    <div class = \"td-slide-item td-item1\">\r\n                        <figure class=\"td-slide-galery-figure td-slide-popup-gallery\">\r\n                            <a class=\"slide-gallery-image-link\" href=\"https:\/\/static.africa-press.net\/cote\/sites\/43\/2025\/12\/sm_1765722028.084459.jpg\" title=\"sm_1765722028.084459\"  data-caption=\"\"  data-description=\"\">\r\n                                <img decoding=\"async\" src=\"https:\/\/static.africa-press.net\/cote\/sites\/43\/2025\/12\/sm_1765722028.084459.jpg\" srcset=\"https:\/\/static.africa-press.net\/cote\/sites\/43\/2025\/12\/sm_1765722028.084459.jpg 1000w, https:\/\/static.africa-press.net\/cote\/sites\/43\/2025\/12\/sm_1765722028.084459-300x200.jpg 300w, https:\/\/static.africa-press.net\/cote\/sites\/43\/2025\/12\/sm_1765722028.084459-768x512.jpg 768w\" sizes=\"(max-width: 1000px) 100vw, 1000px\" alt=\"\">\r\n                            <\/a>\r\n                            \r\n                        <\/figure>\r\n                    <\/div>\r\n                    <div class = \"td-slide-item td-item2\">\r\n                        <figure class=\"td-slide-galery-figure td-slide-popup-gallery\">\r\n                            <a class=\"slide-gallery-image-link\" href=\"https:\/\/static.africa-press.net\/cote\/sites\/43\/2025\/12\/sm_1765722036.638451.jpg\" title=\"sm_1765722036.638451\"  data-caption=\"\"  data-description=\"\">\r\n                                <img decoding=\"async\" src=\"https:\/\/static.africa-press.net\/cote\/sites\/43\/2025\/12\/sm_1765722036.638451.jpg\" srcset=\"https:\/\/static.africa-press.net\/cote\/sites\/43\/2025\/12\/sm_1765722036.638451.jpg 1000w, https:\/\/static.africa-press.net\/cote\/sites\/43\/2025\/12\/sm_1765722036.638451-300x156.jpg 300w, https:\/\/static.africa-press.net\/cote\/sites\/43\/2025\/12\/sm_1765722036.638451-768x399.jpg 768w\" sizes=\"(max-width: 1000px) 100vw, 1000px\" alt=\"\">\r\n                            <\/a>\r\n                            \r\n                        <\/figure>\r\n                    <\/div>\r\n                            <\/div>\r\n                        <\/div>\r\n\r\n                        <div class = \"td-doubleSlider-2\">\r\n                            <div class = \"td-slider\">\r\n                                \r\n                    <div class = \"td-button td-item1\">\r\n                        <div class = \"td-border\"><\/div>\r\n                    <\/div>\r\n                    <div class = \"td-button td-item2\">\r\n                        <div class = \"td-border\"><\/div>\r\n                    <\/div>\r\n                            <\/div>\r\n                        <\/div>\r\n\r\n                    <\/div>\r\n\r\n                <\/div>\r\n                \n<p><strong>Pour plus d&rsquo;informations et d&rsquo;analyses sur la <span style=\"color: #ff6600\">C\u00f4te d&rsquo;Ivoire<\/span>, suivez <span style=\"color: #ff6600\">Africa-Press<\/span><\/strong><\/p>\n","protected":false},"excerpt":{"rendered":"<p>Africa-Press &#8211; C\u00f4te d&rsquo;Ivoire. La cite\u0301 d\u2019Ebimpe\u0301 a ve\u0301cu, ce jeudi 11 de\u0301cembre, une journe\u0301e historique avec l\u2019inauguration officielle du Lyce\u0301e Technique et Professionnel, un e\u0301tablissement ultramoderne de\u0301die\u0301 a\u0300 la formation de la jeunesse ivoirienne. Place\u0301e sous la pre\u0301sidence du Vice-pre\u0301sident de la Re\u0301publique, Tie\u0301moko Meyliet Kone\u0301, la ce\u0301re\u0301monie a re\u0301uni de hautes personnalite\u0301s politiques, [&hellip;]<\/p>\n","protected":false},"author":82,"featured_media":110286,"comment_status":"open","ping_status":"closed","sticky":false,"template":"","format":"standard","meta":{"footnotes":""},"categories":[3,8,10],"tags":[19826,3042,29,1412,87,865,4064,19825,856,5615,19827],"class_list":["post-110288","post","type-post","status-publish","format-standard","has-post-thumbnail","hentry","category-economie","category-photo","category-toutes-les-actualites","tag-avic","tag-cooperation","tag-cote-divoire","tag-ebimpe","tag-enseignement","tag-formation","tag-professionnelle","tag-sino-ivoirienne","tag-technique","tag-tiemoko-meyliet-kone","tag-wujie"],"yoast_head":"<!-- This site is optimized with the Yoast SEO Premium plugin v26.1 (Yoast SEO v27.0) - https:\/\/yoast.com\/product\/yoast-seo-premium-wordpress\/ -->\n<title>Inauguration du Lyc\u00e9e Technique d&#039;Ebimp\u00e9 par Meyliet Kon\u00e9 - C\u00f4te d&#039;Ivoire<\/title>\n<meta name=\"description\" content=\"La cite\u0301 d\u2019Ebimpe\u0301 a ve\u0301cu, ce jeudi 11 de\u0301cembre, une journe\u0301e historique avec l\u2019inauguration officielle du Lyce\u0301e Tech ...\" \/>\n<meta name=\"robots\" content=\"index, follow, max-snippet:-1, max-image-preview:large, max-video-preview:-1\" \/>\n<link rel=\"canonical\" href=\"https:\/\/www.africa-press.net\/cotedivoire\/economie\/inauguration-du-lycee-technique-debimpe-par-meyliet-kone\" \/>\n<meta property=\"og:locale\" content=\"fr_FR\" \/>\n<meta property=\"og:type\" content=\"article\" \/>\n<meta property=\"og:title\" content=\"Inauguration du Lyc\u00e9e Technique d&#039;Ebimp\u00e9 par Meyliet Kon\u00e9\" \/>\n<meta property=\"og:description\" content=\"La cite\u0301 d\u2019Ebimpe\u0301 a ve\u0301cu, ce jeudi 11 de\u0301cembre, une journe\u0301e historique avec l\u2019inauguration officielle du Lyce\u0301e Tech ...\" \/>\n<meta property=\"og:url\" content=\"https:\/\/www.africa-press.net\/cotedivoire\/economie\/inauguration-du-lycee-technique-debimpe-par-meyliet-kone\" \/>\n<meta property=\"og:site_name\" content=\"C\u00f4te d&#039;Ivoire\" \/>\n<meta property=\"article:published_time\" content=\"2025-12-14T17:43:15+00:00\" \/>\n<meta property=\"article:modified_time\" content=\"2025-12-14T17:51:00+00:00\" \/>\n<meta property=\"og:image\" content=\"https:\/\/static.africa-press.net\/cote\/sites\/43\/2025\/12\/sm_1765722042.227595.jpg\" \/>\n\t<meta property=\"og:image:width\" content=\"720\" \/>\n\t<meta property=\"og:image:height\" content=\"370\" \/>\n\t<meta property=\"og:image:type\" content=\"image\/jpeg\" \/>\n<meta name=\"author\" content=\"cfeditorfr\" \/>\n<meta name=\"twitter:card\" content=\"summary_large_image\" \/>\n<meta name=\"twitter:label1\" content=\"\u00c9crit par\" \/>\n\t<meta name=\"twitter:data1\" content=\"cfeditorfr\" \/>\n\t<meta name=\"twitter:label2\" content=\"Dur\u00e9e de lecture estim\u00e9e\" \/>\n\t<meta name=\"twitter:data2\" content=\"5 minutes\" \/>\n<script type=\"application\/ld+json\" class=\"yoast-schema-graph\">{\"@context\":\"https:\/\/schema.org\",\"@graph\":[{\"@type\":\"Article\",\"@id\":\"https:\/\/www.africa-press.net\/cotedivoire\/economie\/inauguration-du-lycee-technique-debimpe-par-meyliet-kone#article\",\"isPartOf\":{\"@id\":\"https:\/\/www.africa-press.net\/cotedivoire\/economie\/inauguration-du-lycee-technique-debimpe-par-meyliet-kone\"},\"author\":{\"name\":\"cfeditorfr\",\"@id\":\"https:\/\/www.africa-press.net\/cotedivoire\/#\/schema\/person\/2b1cf3cd81a31e3cd26889ca66d677f1\"},\"headline\":\"Inauguration du Lyc\u00e9e Technique d&rsquo;Ebimp\u00e9 par Meyliet Kon\u00e9\",\"datePublished\":\"2025-12-14T17:43:15+00:00\",\"dateModified\":\"2025-12-14T17:51:00+00:00\",\"mainEntityOfPage\":{\"@id\":\"https:\/\/www.africa-press.net\/cotedivoire\/economie\/inauguration-du-lycee-technique-debimpe-par-meyliet-kone\"},\"wordCount\":933,\"commentCount\":0,\"image\":{\"@id\":\"https:\/\/www.africa-press.net\/cotedivoire\/economie\/inauguration-du-lycee-technique-debimpe-par-meyliet-kone#primaryimage\"},\"thumbnailUrl\":\"https:\/\/static.africa-press.net\/cote\/sites\/43\/2025\/12\/sm_1765722042.227595.jpg\",\"keywords\":[\"AVIC\",\"Coop\u00e9ration\",\"C\u00d4TE D'IVOIRE\",\"Ebimp\u00e9\",\"Enseignement\",\"Formation\",\"professionnelle\",\"Sino Ivoirienne\",\"technique\",\"Ti\u00e9moko Meyliet Kon\u00e9\",\"WuJie\"],\"articleSection\":[\"\u00c9conomie\",\"Photo\",\"Toutes les actualit\u00e9s\"],\"inLanguage\":\"fr-FR\",\"potentialAction\":[{\"@type\":\"CommentAction\",\"name\":\"Comment\",\"target\":[\"https:\/\/www.africa-press.net\/cotedivoire\/economie\/inauguration-du-lycee-technique-debimpe-par-meyliet-kone#respond\"]}]},{\"@type\":\"WebPage\",\"@id\":\"https:\/\/www.africa-press.net\/cotedivoire\/economie\/inauguration-du-lycee-technique-debimpe-par-meyliet-kone\",\"url\":\"https:\/\/www.africa-press.net\/cotedivoire\/economie\/inauguration-du-lycee-technique-debimpe-par-meyliet-kone\",\"name\":\"Inauguration du Lyc\u00e9e Technique d'Ebimp\u00e9 par Meyliet Kon\u00e9 - C\u00f4te d&#039;Ivoire\",\"isPartOf\":{\"@id\":\"https:\/\/www.africa-press.net\/cotedivoire\/#website\"},\"primaryImageOfPage\":{\"@id\":\"https:\/\/www.africa-press.net\/cotedivoire\/economie\/inauguration-du-lycee-technique-debimpe-par-meyliet-kone#primaryimage\"},\"image\":{\"@id\":\"https:\/\/www.africa-press.net\/cotedivoire\/economie\/inauguration-du-lycee-technique-debimpe-par-meyliet-kone#primaryimage\"},\"thumbnailUrl\":\"https:\/\/static.africa-press.net\/cote\/sites\/43\/2025\/12\/sm_1765722042.227595.jpg\",\"datePublished\":\"2025-12-14T17:43:15+00:00\",\"dateModified\":\"2025-12-14T17:51:00+00:00\",\"author\":{\"@id\":\"https:\/\/www.africa-press.net\/cotedivoire\/#\/schema\/person\/2b1cf3cd81a31e3cd26889ca66d677f1\"},\"description\":\"La cite\u0301 d\u2019Ebimpe\u0301 a ve\u0301cu, ce jeudi 11 de\u0301cembre, une journe\u0301e historique avec l\u2019inauguration officielle du Lyce\u0301e Tech ...\",\"breadcrumb\":{\"@id\":\"https:\/\/www.africa-press.net\/cotedivoire\/economie\/inauguration-du-lycee-technique-debimpe-par-meyliet-kone#breadcrumb\"},\"inLanguage\":\"fr-FR\",\"potentialAction\":[{\"@type\":\"ReadAction\",\"target\":[\"https:\/\/www.africa-press.net\/cotedivoire\/economie\/inauguration-du-lycee-technique-debimpe-par-meyliet-kone\"]}]},{\"@type\":\"ImageObject\",\"inLanguage\":\"fr-FR\",\"@id\":\"https:\/\/www.africa-press.net\/cotedivoire\/economie\/inauguration-du-lycee-technique-debimpe-par-meyliet-kone#primaryimage\",\"url\":\"https:\/\/static.africa-press.net\/cote\/sites\/43\/2025\/12\/sm_1765722042.227595.jpg\",\"contentUrl\":\"https:\/\/static.africa-press.net\/cote\/sites\/43\/2025\/12\/sm_1765722042.227595.jpg\",\"width\":720,\"height\":370,\"caption\":\"Inauguration du Lyc\u00e9e Technique d'Ebimp\u00e9 par Meyliet Kon\u00e9\"},{\"@type\":\"BreadcrumbList\",\"@id\":\"https:\/\/www.africa-press.net\/cotedivoire\/economie\/inauguration-du-lycee-technique-debimpe-par-meyliet-kone#breadcrumb\",\"itemListElement\":[{\"@type\":\"ListItem\",\"position\":1,\"name\":\"Accueil\",\"item\":\"https:\/\/www.africa-press.net\/cotedivoire\/\"},{\"@type\":\"ListItem\",\"position\":2,\"name\":\"Inauguration du Lyc\u00e9e Technique d&#8217;Ebimp\u00e9 par Meyliet Kon\u00e9\"}]},{\"@type\":\"WebSite\",\"@id\":\"https:\/\/www.africa-press.net\/cotedivoire\/#website\",\"url\":\"https:\/\/www.africa-press.net\/cotedivoire\/\",\"name\":\"C\u00f4te d&#039;Ivoire\",\"description\":\"Just another Africa News Agency Sites site\",\"potentialAction\":[{\"@type\":\"SearchAction\",\"target\":{\"@type\":\"EntryPoint\",\"urlTemplate\":\"https:\/\/www.africa-press.net\/cotedivoire\/?s={search_term_string}\"},\"query-input\":{\"@type\":\"PropertyValueSpecification\",\"valueRequired\":true,\"valueName\":\"search_term_string\"}}],\"inLanguage\":\"fr-FR\"},{\"@type\":\"Person\",\"@id\":\"https:\/\/www.africa-press.net\/cotedivoire\/#\/schema\/person\/2b1cf3cd81a31e3cd26889ca66d677f1\",\"name\":\"cfeditorfr\"}]}<\/script>\n<!-- \/ Yoast SEO Premium plugin. -->","yoast_head_json":{"title":"Inauguration du Lyc\u00e9e Technique d'Ebimp\u00e9 par Meyliet Kon\u00e9 - C\u00f4te d&#039;Ivoire","description":"La cite\u0301 d\u2019Ebimpe\u0301 a ve\u0301cu, ce jeudi 11 de\u0301cembre, une journe\u0301e historique avec l\u2019inauguration officielle du Lyce\u0301e Tech ...","robots":{"index":"index","follow":"follow","max-snippet":"max-snippet:-1","max-image-preview":"max-image-preview:large","max-video-preview":"max-video-preview:-1"},"canonical":"https:\/\/www.africa-press.net\/cotedivoire\/economie\/inauguration-du-lycee-technique-debimpe-par-meyliet-kone","og_locale":"fr_FR","og_type":"article","og_title":"Inauguration du Lyc\u00e9e Technique d'Ebimp\u00e9 par Meyliet Kon\u00e9","og_description":"La cite\u0301 d\u2019Ebimpe\u0301 a ve\u0301cu, ce jeudi 11 de\u0301cembre, une journe\u0301e historique avec l\u2019inauguration officielle du Lyce\u0301e Tech ...","og_url":"https:\/\/www.africa-press.net\/cotedivoire\/economie\/inauguration-du-lycee-technique-debimpe-par-meyliet-kone","og_site_name":"C\u00f4te d&#039;Ivoire","article_published_time":"2025-12-14T17:43:15+00:00","article_modified_time":"2025-12-14T17:51:00+00:00","og_image":[{"width":720,"height":370,"url":"https:\/\/static.africa-press.net\/cote\/sites\/43\/2025\/12\/sm_1765722042.227595.jpg","type":"image\/jpeg"}],"author":"cfeditorfr","twitter_card":"summary_large_image","twitter_misc":{"\u00c9crit par":"cfeditorfr","Dur\u00e9e de lecture estim\u00e9e":"5 minutes"},"schema":{"@context":"https:\/\/schema.org","@graph":[{"@type":"Article","@id":"https:\/\/www.africa-press.net\/cotedivoire\/economie\/inauguration-du-lycee-technique-debimpe-par-meyliet-kone#article","isPartOf":{"@id":"https:\/\/www.africa-press.net\/cotedivoire\/economie\/inauguration-du-lycee-technique-debimpe-par-meyliet-kone"},"author":{"name":"cfeditorfr","@id":"https:\/\/www.africa-press.net\/cotedivoire\/#\/schema\/person\/2b1cf3cd81a31e3cd26889ca66d677f1"},"headline":"Inauguration du Lyc\u00e9e Technique d&rsquo;Ebimp\u00e9 par Meyliet Kon\u00e9","datePublished":"2025-12-14T17:43:15+00:00","dateModified":"2025-12-14T17:51:00+00:00","mainEntityOfPage":{"@id":"https:\/\/www.africa-press.net\/cotedivoire\/economie\/inauguration-du-lycee-technique-debimpe-par-meyliet-kone"},"wordCount":933,"commentCount":0,"image":{"@id":"https:\/\/www.africa-press.net\/cotedivoire\/economie\/inauguration-du-lycee-technique-debimpe-par-meyliet-kone#primaryimage"},"thumbnailUrl":"https:\/\/static.africa-press.net\/cote\/sites\/43\/2025\/12\/sm_1765722042.227595.jpg","keywords":["AVIC","Coop\u00e9ration","C\u00d4TE D'IVOIRE","Ebimp\u00e9","Enseignement","Formation","professionnelle","Sino Ivoirienne","technique","Ti\u00e9moko Meyliet Kon\u00e9","WuJie"],"articleSection":["\u00c9conomie","Photo","Toutes les actualit\u00e9s"],"inLanguage":"fr-FR","potentialAction":[{"@type":"CommentAction","name":"Comment","target":["https:\/\/www.africa-press.net\/cotedivoire\/economie\/inauguration-du-lycee-technique-debimpe-par-meyliet-kone#respond"]}]},{"@type":"WebPage","@id":"https:\/\/www.africa-press.net\/cotedivoire\/economie\/inauguration-du-lycee-technique-debimpe-par-meyliet-kone","url":"https:\/\/www.africa-press.net\/cotedivoire\/economie\/inauguration-du-lycee-technique-debimpe-par-meyliet-kone","name":"Inauguration du Lyc\u00e9e Technique d'Ebimp\u00e9 par Meyliet Kon\u00e9 - C\u00f4te d&#039;Ivoire","isPartOf":{"@id":"https:\/\/www.africa-press.net\/cotedivoire\/#website"},"primaryImageOfPage":{"@id":"https:\/\/www.africa-press.net\/cotedivoire\/economie\/inauguration-du-lycee-technique-debimpe-par-meyliet-kone#primaryimage"},"image":{"@id":"https:\/\/www.africa-press.net\/cotedivoire\/economie\/inauguration-du-lycee-technique-debimpe-par-meyliet-kone#primaryimage"},"thumbnailUrl":"https:\/\/static.africa-press.net\/cote\/sites\/43\/2025\/12\/sm_1765722042.227595.jpg","datePublished":"2025-12-14T17:43:15+00:00","dateModified":"2025-12-14T17:51:00+00:00","author":{"@id":"https:\/\/www.africa-press.net\/cotedivoire\/#\/schema\/person\/2b1cf3cd81a31e3cd26889ca66d677f1"},"description":"La cite\u0301 d\u2019Ebimpe\u0301 a ve\u0301cu, ce jeudi 11 de\u0301cembre, une journe\u0301e historique avec l\u2019inauguration officielle du Lyce\u0301e Tech ...","breadcrumb":{"@id":"https:\/\/www.africa-press.net\/cotedivoire\/economie\/inauguration-du-lycee-technique-debimpe-par-meyliet-kone#breadcrumb"},"inLanguage":"fr-FR","potentialAction":[{"@type":"ReadAction","target":["https:\/\/www.africa-press.net\/cotedivoire\/economie\/inauguration-du-lycee-technique-debimpe-par-meyliet-kone"]}]},{"@type":"ImageObject","inLanguage":"fr-FR","@id":"https:\/\/www.africa-press.net\/cotedivoire\/economie\/inauguration-du-lycee-technique-debimpe-par-meyliet-kone#primaryimage","url":"https:\/\/static.africa-press.net\/cote\/sites\/43\/2025\/12\/sm_1765722042.227595.jpg","contentUrl":"https:\/\/static.africa-press.net\/cote\/sites\/43\/2025\/12\/sm_1765722042.227595.jpg","width":720,"height":370,"caption":"Inauguration du Lyc\u00e9e Technique d'Ebimp\u00e9 par Meyliet Kon\u00e9"},{"@type":"BreadcrumbList","@id":"https:\/\/www.africa-press.net\/cotedivoire\/economie\/inauguration-du-lycee-technique-debimpe-par-meyliet-kone#breadcrumb","itemListElement":[{"@type":"ListItem","position":1,"name":"Accueil","item":"https:\/\/www.africa-press.net\/cotedivoire\/"},{"@type":"ListItem","position":2,"name":"Inauguration du Lyc\u00e9e Technique d&#8217;Ebimp\u00e9 par Meyliet Kon\u00e9"}]},{"@type":"WebSite","@id":"https:\/\/www.africa-press.net\/cotedivoire\/#website","url":"https:\/\/www.africa-press.net\/cotedivoire\/","name":"C\u00f4te d&#039;Ivoire","description":"Just another Africa News Agency Sites site","potentialAction":[{"@type":"SearchAction","target":{"@type":"EntryPoint","urlTemplate":"https:\/\/www.africa-press.net\/cotedivoire\/?s={search_term_string}"},"query-input":{"@type":"PropertyValueSpecification","valueRequired":true,"valueName":"search_term_string"}}],"inLanguage":"fr-FR"},{"@type":"Person","@id":"https:\/\/www.africa-press.net\/cotedivoire\/#\/schema\/person\/2b1cf3cd81a31e3cd26889ca66d677f1","name":"cfeditorfr"}]}},"_links":{"self":[{"href":"https:\/\/www.africa-press.net\/cotedivoire\/wp-json\/wp\/v2\/posts\/110288","targetHints":{"allow":["GET"]}}],"collection":[{"href":"https:\/\/www.africa-press.net\/cotedivoire\/wp-json\/wp\/v2\/posts"}],"about":[{"href":"https:\/\/www.africa-press.net\/cotedivoire\/wp-json\/wp\/v2\/types\/post"}],"author":[{"embeddable":true,"href":"https:\/\/www.africa-press.net\/cotedivoire\/wp-json\/wp\/v2\/users\/82"}],"replies":[{"embeddable":true,"href":"https:\/\/www.africa-press.net\/cotedivoire\/wp-json\/wp\/v2\/comments?post=110288"}],"version-history":[{"count":0,"href":"https:\/\/www.africa-press.net\/cotedivoire\/wp-json\/wp\/v2\/posts\/110288\/revisions"}],"wp:featuredmedia":[{"embeddable":true,"href":"https:\/\/www.africa-press.net\/cotedivoire\/wp-json\/wp\/v2\/media\/110286"}],"wp:attachment":[{"href":"https:\/\/www.africa-press.net\/cotedivoire\/wp-json\/wp\/v2\/media?parent=110288"}],"wp:term":[{"taxonomy":"category","embeddable":true,"href":"https:\/\/www.africa-press.net\/cotedivoire\/wp-json\/wp\/v2\/categories?post=110288"},{"taxonomy":"post_tag","embeddable":true,"href":"https:\/\/www.africa-press.net\/cotedivoire\/wp-json\/wp\/v2\/tags?post=110288"}],"curies":[{"name":"wp","href":"https:\/\/api.w.org\/{rel}","templated":true}]}}