{"id":110350,"date":"2025-12-15T13:45:15","date_gmt":"2025-12-15T13:45:15","guid":{"rendered":"https:\/\/www.africa-press.net\/cotedivoire\/politique\/hien-ibrahim-lance-ecb-pour-corriger-injustice-2023"},"modified":"2025-12-15T13:54:36","modified_gmt":"2025-12-15T13:54:36","slug":"hien-ibrahim-lance-ecb-pour-corriger-injustice-2023","status":"publish","type":"post","link":"https:\/\/www.africa-press.net\/cotedivoire\/politique\/hien-ibrahim-lance-ecb-pour-corriger-injustice-2023","title":{"rendered":"Hien Ibrahim Lance ECB Pour Corriger Injustice 2023"},"content":{"rendered":"<p><span style=\"color: #ff6600\"><strong>Africa-Press &#8211; C\u00f4te d&rsquo;Ivoire. <\/strong><\/span>Le Mouvement Engagement citoyen pour Bingerville (ECB) a officiellement fait son entre\u0301e dans l\u2019are\u0300ne politique locale, vendredi 11 de\u0301cembre, lors d\u2019une grande ce\u0301re\u0301monie de pre\u0301sentation tenue a\u0300 Akouai Santai. Devant une foule nombreuse et enthousiaste, le pre\u0301sident du mouvement et candidat aux le\u0301gislatives, Hien Ibrahim, a re\u0301affirme\u0301 sa de\u0301termination a\u0300 porter la voix des populations de Bingerville a\u0300 l\u2019Assemble\u0301e nationale.<\/p>\n<p>Ils e\u0301taient plusieurs centaines, proches du millier selon les organisateurs, a\u0300 avoir re\u0301pondu pre\u0301sents a\u0300 l\u2019appel du Mouvement Engagement citoyen pour Bingerville (ECB), vendredi soir a\u0300 Akouai Santai. Chefs traditionnels, guides religieux, responsables de quartiers, syndicats, associations de femmes et de jeunes, enseignants, transporteurs et simples citoyens ont massivement effectue\u0301 le de\u0301placement, te\u0301moignant de l\u2019ancrage populaire croissant de cette organisation citoyenne ne\u0301e il y a environ trois ans.<\/p>\n<p>Dans une ambiance conviviale mais re\u0301solument politique, ECB a profite\u0301 de cette rencontre pour annoncer officiellement sa candidature aux e\u0301lections le\u0301gislatives du 27 de\u0301cembre 2025.<\/p>\n<p>A\u0300 cette occasion, le mouvement a pre\u0301sente\u0301 son candidat titulaire, Hien Ibrahim, ope\u0301rateur e\u0301conomique et pre\u0301sident de l\u2019ECB, ainsi que son candidat supple\u0301ant, Ano Rodrigue, inge\u0301nieur de formation, enseignant-chercheur et fils d\u2019Akouai Santai.<\/p>\n<p>De\u0300s l\u2019entame de la ce\u0301re\u0301monie, le directeur de campagne, Hamza Diaby, a donne\u0301 le ton en saluant la mobilisation exceptionnelle du public.<\/p>\n<p>\u00ab La vedette ce soir, c\u2019est le peuple de Bingerville. Nous attendions 500 personnes, vous e\u0302tes pre\u0300s de 1 000. La dynamique est en marche \u00bb, a-t-il lance\u0301 sous les applaudissements.<\/p>\n<p>Il a rappele\u0301 la philosophie fondatrice de l\u2019ECB: une politique de proximite\u0301, construite avec les populations et non dans des bureaux ferme\u0301s.<\/p>\n<p>\u00ab Quand les habitants se le\u0300vent, la ville avance. Quand les communaute\u0301s parlent, les e\u0301lus doivent e\u0301couter \u00bb, a-t-il insiste\u0301.<\/p>\n<p>Prenant la parole a\u0300 son tour, le candidat supple\u0301ant, Ano Rodrigue, s\u2019est pre\u0301sente\u0301 comme un homme de terrain, profonde\u0301ment enracine\u0301 dans les re\u0301alite\u0301s locales.<\/p>\n<p>\u00ab Bingerville me\u0301rite une e\u0301quipe soude\u0301e, comple\u0301mentaire et connecte\u0301e aux populations. Notre Assemble\u0301e nationale a besoin de de\u0301pute\u0301s utiles, engage\u0301s et pre\u0301sents, ce qui a manque\u0301 ces dix dernie\u0300res anne\u0301es \u00bb, a-t-il de\u0301clare\u0301.<\/p>\n<p>Il a assure\u0301 qu\u2019avec Hien Ibrahim, ils formeraient un duo actif et visible, pre\u0301sent quotidiennement dans les quartiers et villages, loin d\u2019un simple \u00ab bino\u0302me de fac\u0327ade\u00bb.<\/p>\n<p>Moment central de la soire\u0301e, l\u2019intervention de Hien Ibrahim a e\u0301te\u0301 marque\u0301e par un discours a\u0300 la fois politique, personnel et mobilisateur. Le pre\u0301sident de l\u2019ECB a d\u2019abord remercie\u0301 les autorite\u0301s administratives, sanitaires, e\u0301ducatives, les chefs traditionnels, les leaders de jeunesse et les organisations fe\u0301minines pour leur pre\u0301sence.<\/p>\n<p>Revenant sur la gene\u0300se du mouvement, il a explique\u0301 que l\u2019ECB est le fruit de la volonte\u0301 des jeunes et des femmes de Bingerville, issus de toutes les sensibilite\u0301s ethniques, religieuses et sociales, de se mettre au service de leur communaute\u0301.<\/p>\n<p>\u00ab L\u2019engagement citoyen, c\u2019est se mettre au service de notre cite\u0301 pour le bien-e\u0302tre collectif \u00bb, a-t-il souligne\u0301.<\/p>\n<p>Hien Ibrahim n\u2019a pas e\u0301lude\u0301 les e\u0301ve\u0301nements lie\u0301s aux e\u0301lections municipales de 2023, au cours desquelles l\u2019ECB avait participe\u0301 sans obtenir la victoire officielle malgre\u0301, selon lui, un large soutien populaire.<\/p>\n<p>\u00ab Nous avons gagne\u0301 dans les urnes, mais un re\u0301sultat nous a e\u0301te\u0301 impose\u0301. Nous avons respecte\u0301 les voies de recours et accepte\u0301 la de\u0301cision finale. Aujourd\u2019hui, nous revenons plus de\u0301termine\u0301s \u00bb, a-t-il affirme\u0301.<\/p>\n<p>Face aux rumeurs et controverses ayant entoure\u0301 sa candidature aux le\u0301gislatives, il a tenu a\u0300 rassurer ses partisans:<\/p>\n<p>\u00ab L\u2019ECB a bel et bien de\u0301pose\u0301 sa candidature a\u0300 la CEI. Toutes les tentatives pour nous e\u0301carter ont e\u0301choue\u0301, aussi bien devant la CEI que devant le Conseil constitutionnel. Le de\u0301bat est clos. Nous sommes candidats. \u00bb<\/p>\n<p>Dans un passage tre\u0300s applaudi, Hien Ibrahim est revenu sur les attaques personnelles et judiciaires dont il dit avoir e\u0301te\u0301 victime, affirmant avoir choisi de faire confiance a\u0300 la justice et de ne pas ce\u0301der a\u0300 la pole\u0301mique.<\/p>\n<p>\u00ab Je sors de ces e\u0301preuves grandi, bonifie\u0301 et pre\u0302t a\u0300 servir Bingerville. Ceux qui veulent m\u2019e\u0301carter savent que le ve\u0301ritable enjeu, c\u2019est la peur de nous affronter sur le terrain politique \u00bb, a-t-il de\u0301clare\u0301.<\/p>\n<p>Re\u0301solument tourne\u0301 vers l\u2019avenir, le candidat de l\u2019ECB a appele\u0301 a\u0300 une campagne fonde\u0301e sur le respect, la proximite\u0301 et la responsabilite\u0301.<\/p>\n<p>\u00ab Nous voulons un leadership qui se soumet a\u0300 la population, et non un pouvoir qui e\u0301crase. Le 27 de\u0301cembre 2025, nous allons corriger l\u2019injustice de 2023, Inch\u2019Allah \u00bb, a-t-il lance\u0301.<\/p>\n<p>Il a conclu en saluant l\u2019humilite\u0301 et l\u2019engagement de son supple\u0301ant, soulignant que l\u2019ECB ne pre\u0301sente pas \u00ab un candidat et un supple\u0301ant, mais deux candidats au service de Bingerville \u00bb.<\/p>\n<p>A\u0300 travers cette ce\u0301re\u0301monie, l\u2019ECB a officiellement lance\u0301 sa pre\u0301-campagne dans un esprit citoyen, inclusif et pacifique. Les organisateurs ont re\u0301affirme\u0301 leur credo:<\/p>\n<p>l\u2019e\u0301coute avant l\u2019action, la concertation avant la de\u0301cision et l\u2019inte\u0301re\u0302t ge\u0301ne\u0301ral avant les inte\u0301re\u0302ts particuliers.<\/p>\n<p>Les invite\u0301s sont repartis avec des souvenirs, mais surtout avec la conviction qu\u2019une nouvelle dynamique politique est en marche a\u0300 Bingerville.<\/p>\n<p><strong>Pour plus d&rsquo;informations et d&rsquo;analyses sur la <span style=\"color: #ff6600\">C\u00f4te d&rsquo;Ivoire<\/span>, suivez <span style=\"color: #ff6600\">Africa-Press<\/span><\/strong><\/p>\n","protected":false},"excerpt":{"rendered":"<p>Africa-Press &#8211; C\u00f4te d&rsquo;Ivoire. Le Mouvement Engagement citoyen pour Bingerville (ECB) a officiellement fait son entre\u0301e dans l\u2019are\u0300ne politique locale, vendredi 11 de\u0301cembre, lors d\u2019une grande ce\u0301re\u0301monie de pre\u0301sentation tenue a\u0300 Akouai Santai. Devant une foule nombreuse et enthousiaste, le pre\u0301sident du mouvement et candidat aux le\u0301gislatives, Hien Ibrahim, a re\u0301affirme\u0301 sa de\u0301termination a\u0300 porter [&hellip;]<\/p>\n","protected":false},"author":82,"featured_media":110348,"comment_status":"open","ping_status":"closed","sticky":false,"template":"","format":"standard","meta":{"footnotes":""},"categories":[2,10],"tags":[1731,13044,29,7509,19841,13769,19839,19356,6774,15378,60,19840],"class_list":["post-110350","post","type-post","status-publish","format-standard","has-post-thumbnail","hentry","category-politique","category-toutes-les-actualites","tag-bingerville","tag-citoyen","tag-cote-divoire","tag-democratie","tag-ecb","tag-engagement","tag-hien-ibrahim","tag-legislatives-2025","tag-locale","tag-participative","tag-politique","tag-pre-campagne-2"],"yoast_head":"<!-- This site is optimized with the Yoast SEO Premium plugin v26.1 (Yoast SEO v27.0) - https:\/\/yoast.com\/product\/yoast-seo-premium-wordpress\/ -->\n<title>Hien Ibrahim Lance ECB Pour Corriger Injustice 2023 - C\u00f4te d&#039;Ivoire<\/title>\n<meta name=\"description\" content=\"Le Mouvement Engagement citoyen pour Bingerville (ECB) a officiellement fait son entre\u0301e dans l\u2019are\u0300ne politique locale, ...\" \/>\n<meta name=\"robots\" content=\"index, follow, max-snippet:-1, max-image-preview:large, max-video-preview:-1\" \/>\n<link rel=\"canonical\" href=\"https:\/\/www.africa-press.net\/cotedivoire\/politique\/hien-ibrahim-lance-ecb-pour-corriger-injustice-2023\" \/>\n<meta property=\"og:locale\" content=\"fr_FR\" \/>\n<meta property=\"og:type\" content=\"article\" \/>\n<meta property=\"og:title\" content=\"Hien Ibrahim Lance ECB Pour Corriger Injustice 2023\" \/>\n<meta property=\"og:description\" content=\"Le Mouvement Engagement citoyen pour Bingerville (ECB) a officiellement fait son entre\u0301e dans l\u2019are\u0300ne politique locale, ...\" \/>\n<meta property=\"og:url\" content=\"https:\/\/www.africa-press.net\/cotedivoire\/politique\/hien-ibrahim-lance-ecb-pour-corriger-injustice-2023\" \/>\n<meta property=\"og:site_name\" content=\"C\u00f4te d&#039;Ivoire\" \/>\n<meta property=\"article:published_time\" content=\"2025-12-15T13:45:15+00:00\" \/>\n<meta property=\"article:modified_time\" content=\"2025-12-15T13:54:36+00:00\" \/>\n<meta property=\"og:image\" content=\"https:\/\/static.africa-press.net\/cote\/sites\/43\/2025\/12\/sm_1765794248.972749.jpg\" \/>\n\t<meta property=\"og:image:width\" content=\"720\" \/>\n\t<meta property=\"og:image:height\" content=\"352\" \/>\n\t<meta property=\"og:image:type\" content=\"image\/jpeg\" \/>\n<meta name=\"author\" content=\"cfeditorfr\" \/>\n<meta name=\"twitter:card\" content=\"summary_large_image\" \/>\n<meta name=\"twitter:label1\" content=\"\u00c9crit par\" \/>\n\t<meta name=\"twitter:data1\" content=\"cfeditorfr\" \/>\n\t<meta name=\"twitter:label2\" content=\"Dur\u00e9e de lecture estim\u00e9e\" \/>\n\t<meta name=\"twitter:data2\" content=\"5 minutes\" \/>\n<script type=\"application\/ld+json\" class=\"yoast-schema-graph\">{\"@context\":\"https:\/\/schema.org\",\"@graph\":[{\"@type\":\"Article\",\"@id\":\"https:\/\/www.africa-press.net\/cotedivoire\/politique\/hien-ibrahim-lance-ecb-pour-corriger-injustice-2023#article\",\"isPartOf\":{\"@id\":\"https:\/\/www.africa-press.net\/cotedivoire\/politique\/hien-ibrahim-lance-ecb-pour-corriger-injustice-2023\"},\"author\":{\"name\":\"cfeditorfr\",\"@id\":\"https:\/\/www.africa-press.net\/cotedivoire\/#\/schema\/person\/2b1cf3cd81a31e3cd26889ca66d677f1\"},\"headline\":\"Hien Ibrahim Lance ECB Pour Corriger Injustice 2023\",\"datePublished\":\"2025-12-15T13:45:15+00:00\",\"dateModified\":\"2025-12-15T13:54:36+00:00\",\"mainEntityOfPage\":{\"@id\":\"https:\/\/www.africa-press.net\/cotedivoire\/politique\/hien-ibrahim-lance-ecb-pour-corriger-injustice-2023\"},\"wordCount\":958,\"commentCount\":0,\"image\":{\"@id\":\"https:\/\/www.africa-press.net\/cotedivoire\/politique\/hien-ibrahim-lance-ecb-pour-corriger-injustice-2023#primaryimage\"},\"thumbnailUrl\":\"https:\/\/static.africa-press.net\/cote\/sites\/43\/2025\/12\/sm_1765794248.972749.jpg\",\"keywords\":[\"Bingerville\",\"citoyen\",\"C\u00d4TE D'IVOIRE\",\"D\u00e9mocratie\",\"ECB\",\"engagement\",\"Hien Ibrahim\",\"L\u00e9gislatives 2025\",\"locale\",\"participative\",\"Politique\",\"pr\u00e9 campagne\"],\"articleSection\":[\"Politique\",\"Toutes les actualit\u00e9s\"],\"inLanguage\":\"fr-FR\",\"potentialAction\":[{\"@type\":\"CommentAction\",\"name\":\"Comment\",\"target\":[\"https:\/\/www.africa-press.net\/cotedivoire\/politique\/hien-ibrahim-lance-ecb-pour-corriger-injustice-2023#respond\"]}]},{\"@type\":\"WebPage\",\"@id\":\"https:\/\/www.africa-press.net\/cotedivoire\/politique\/hien-ibrahim-lance-ecb-pour-corriger-injustice-2023\",\"url\":\"https:\/\/www.africa-press.net\/cotedivoire\/politique\/hien-ibrahim-lance-ecb-pour-corriger-injustice-2023\",\"name\":\"Hien Ibrahim Lance ECB Pour Corriger Injustice 2023 - C\u00f4te d&#039;Ivoire\",\"isPartOf\":{\"@id\":\"https:\/\/www.africa-press.net\/cotedivoire\/#website\"},\"primaryImageOfPage\":{\"@id\":\"https:\/\/www.africa-press.net\/cotedivoire\/politique\/hien-ibrahim-lance-ecb-pour-corriger-injustice-2023#primaryimage\"},\"image\":{\"@id\":\"https:\/\/www.africa-press.net\/cotedivoire\/politique\/hien-ibrahim-lance-ecb-pour-corriger-injustice-2023#primaryimage\"},\"thumbnailUrl\":\"https:\/\/static.africa-press.net\/cote\/sites\/43\/2025\/12\/sm_1765794248.972749.jpg\",\"datePublished\":\"2025-12-15T13:45:15+00:00\",\"dateModified\":\"2025-12-15T13:54:36+00:00\",\"author\":{\"@id\":\"https:\/\/www.africa-press.net\/cotedivoire\/#\/schema\/person\/2b1cf3cd81a31e3cd26889ca66d677f1\"},\"description\":\"Le Mouvement Engagement citoyen pour Bingerville (ECB) a officiellement fait son entre\u0301e dans l\u2019are\u0300ne politique locale, ...\",\"breadcrumb\":{\"@id\":\"https:\/\/www.africa-press.net\/cotedivoire\/politique\/hien-ibrahim-lance-ecb-pour-corriger-injustice-2023#breadcrumb\"},\"inLanguage\":\"fr-FR\",\"potentialAction\":[{\"@type\":\"ReadAction\",\"target\":[\"https:\/\/www.africa-press.net\/cotedivoire\/politique\/hien-ibrahim-lance-ecb-pour-corriger-injustice-2023\"]}]},{\"@type\":\"ImageObject\",\"inLanguage\":\"fr-FR\",\"@id\":\"https:\/\/www.africa-press.net\/cotedivoire\/politique\/hien-ibrahim-lance-ecb-pour-corriger-injustice-2023#primaryimage\",\"url\":\"https:\/\/static.africa-press.net\/cote\/sites\/43\/2025\/12\/sm_1765794248.972749.jpg\",\"contentUrl\":\"https:\/\/static.africa-press.net\/cote\/sites\/43\/2025\/12\/sm_1765794248.972749.jpg\",\"width\":720,\"height\":352,\"caption\":\"Hien Ibrahim Lance ECB Pour Corriger Injustice 2023\"},{\"@type\":\"BreadcrumbList\",\"@id\":\"https:\/\/www.africa-press.net\/cotedivoire\/politique\/hien-ibrahim-lance-ecb-pour-corriger-injustice-2023#breadcrumb\",\"itemListElement\":[{\"@type\":\"ListItem\",\"position\":1,\"name\":\"Accueil\",\"item\":\"https:\/\/www.africa-press.net\/cotedivoire\/\"},{\"@type\":\"ListItem\",\"position\":2,\"name\":\"Hien Ibrahim Lance ECB Pour Corriger Injustice 2023\"}]},{\"@type\":\"WebSite\",\"@id\":\"https:\/\/www.africa-press.net\/cotedivoire\/#website\",\"url\":\"https:\/\/www.africa-press.net\/cotedivoire\/\",\"name\":\"C\u00f4te d&#039;Ivoire\",\"description\":\"Just another Africa News Agency Sites site\",\"potentialAction\":[{\"@type\":\"SearchAction\",\"target\":{\"@type\":\"EntryPoint\",\"urlTemplate\":\"https:\/\/www.africa-press.net\/cotedivoire\/?s={search_term_string}\"},\"query-input\":{\"@type\":\"PropertyValueSpecification\",\"valueRequired\":true,\"valueName\":\"search_term_string\"}}],\"inLanguage\":\"fr-FR\"},{\"@type\":\"Person\",\"@id\":\"https:\/\/www.africa-press.net\/cotedivoire\/#\/schema\/person\/2b1cf3cd81a31e3cd26889ca66d677f1\",\"name\":\"cfeditorfr\"}]}<\/script>\n<!-- \/ Yoast SEO Premium plugin. -->","yoast_head_json":{"title":"Hien Ibrahim Lance ECB Pour Corriger Injustice 2023 - C\u00f4te d&#039;Ivoire","description":"Le Mouvement Engagement citoyen pour Bingerville (ECB) a officiellement fait son entre\u0301e dans l\u2019are\u0300ne politique locale, ...","robots":{"index":"index","follow":"follow","max-snippet":"max-snippet:-1","max-image-preview":"max-image-preview:large","max-video-preview":"max-video-preview:-1"},"canonical":"https:\/\/www.africa-press.net\/cotedivoire\/politique\/hien-ibrahim-lance-ecb-pour-corriger-injustice-2023","og_locale":"fr_FR","og_type":"article","og_title":"Hien Ibrahim Lance ECB Pour Corriger Injustice 2023","og_description":"Le Mouvement Engagement citoyen pour Bingerville (ECB) a officiellement fait son entre\u0301e dans l\u2019are\u0300ne politique locale, ...","og_url":"https:\/\/www.africa-press.net\/cotedivoire\/politique\/hien-ibrahim-lance-ecb-pour-corriger-injustice-2023","og_site_name":"C\u00f4te d&#039;Ivoire","article_published_time":"2025-12-15T13:45:15+00:00","article_modified_time":"2025-12-15T13:54:36+00:00","og_image":[{"width":720,"height":352,"url":"https:\/\/static.africa-press.net\/cote\/sites\/43\/2025\/12\/sm_1765794248.972749.jpg","type":"image\/jpeg"}],"author":"cfeditorfr","twitter_card":"summary_large_image","twitter_misc":{"\u00c9crit par":"cfeditorfr","Dur\u00e9e de lecture estim\u00e9e":"5 minutes"},"schema":{"@context":"https:\/\/schema.org","@graph":[{"@type":"Article","@id":"https:\/\/www.africa-press.net\/cotedivoire\/politique\/hien-ibrahim-lance-ecb-pour-corriger-injustice-2023#article","isPartOf":{"@id":"https:\/\/www.africa-press.net\/cotedivoire\/politique\/hien-ibrahim-lance-ecb-pour-corriger-injustice-2023"},"author":{"name":"cfeditorfr","@id":"https:\/\/www.africa-press.net\/cotedivoire\/#\/schema\/person\/2b1cf3cd81a31e3cd26889ca66d677f1"},"headline":"Hien Ibrahim Lance ECB Pour Corriger Injustice 2023","datePublished":"2025-12-15T13:45:15+00:00","dateModified":"2025-12-15T13:54:36+00:00","mainEntityOfPage":{"@id":"https:\/\/www.africa-press.net\/cotedivoire\/politique\/hien-ibrahim-lance-ecb-pour-corriger-injustice-2023"},"wordCount":958,"commentCount":0,"image":{"@id":"https:\/\/www.africa-press.net\/cotedivoire\/politique\/hien-ibrahim-lance-ecb-pour-corriger-injustice-2023#primaryimage"},"thumbnailUrl":"https:\/\/static.africa-press.net\/cote\/sites\/43\/2025\/12\/sm_1765794248.972749.jpg","keywords":["Bingerville","citoyen","C\u00d4TE D'IVOIRE","D\u00e9mocratie","ECB","engagement","Hien Ibrahim","L\u00e9gislatives 2025","locale","participative","Politique","pr\u00e9 campagne"],"articleSection":["Politique","Toutes les actualit\u00e9s"],"inLanguage":"fr-FR","potentialAction":[{"@type":"CommentAction","name":"Comment","target":["https:\/\/www.africa-press.net\/cotedivoire\/politique\/hien-ibrahim-lance-ecb-pour-corriger-injustice-2023#respond"]}]},{"@type":"WebPage","@id":"https:\/\/www.africa-press.net\/cotedivoire\/politique\/hien-ibrahim-lance-ecb-pour-corriger-injustice-2023","url":"https:\/\/www.africa-press.net\/cotedivoire\/politique\/hien-ibrahim-lance-ecb-pour-corriger-injustice-2023","name":"Hien Ibrahim Lance ECB Pour Corriger Injustice 2023 - C\u00f4te d&#039;Ivoire","isPartOf":{"@id":"https:\/\/www.africa-press.net\/cotedivoire\/#website"},"primaryImageOfPage":{"@id":"https:\/\/www.africa-press.net\/cotedivoire\/politique\/hien-ibrahim-lance-ecb-pour-corriger-injustice-2023#primaryimage"},"image":{"@id":"https:\/\/www.africa-press.net\/cotedivoire\/politique\/hien-ibrahim-lance-ecb-pour-corriger-injustice-2023#primaryimage"},"thumbnailUrl":"https:\/\/static.africa-press.net\/cote\/sites\/43\/2025\/12\/sm_1765794248.972749.jpg","datePublished":"2025-12-15T13:45:15+00:00","dateModified":"2025-12-15T13:54:36+00:00","author":{"@id":"https:\/\/www.africa-press.net\/cotedivoire\/#\/schema\/person\/2b1cf3cd81a31e3cd26889ca66d677f1"},"description":"Le Mouvement Engagement citoyen pour Bingerville (ECB) a officiellement fait son entre\u0301e dans l\u2019are\u0300ne politique locale, ...","breadcrumb":{"@id":"https:\/\/www.africa-press.net\/cotedivoire\/politique\/hien-ibrahim-lance-ecb-pour-corriger-injustice-2023#breadcrumb"},"inLanguage":"fr-FR","potentialAction":[{"@type":"ReadAction","target":["https:\/\/www.africa-press.net\/cotedivoire\/politique\/hien-ibrahim-lance-ecb-pour-corriger-injustice-2023"]}]},{"@type":"ImageObject","inLanguage":"fr-FR","@id":"https:\/\/www.africa-press.net\/cotedivoire\/politique\/hien-ibrahim-lance-ecb-pour-corriger-injustice-2023#primaryimage","url":"https:\/\/static.africa-press.net\/cote\/sites\/43\/2025\/12\/sm_1765794248.972749.jpg","contentUrl":"https:\/\/static.africa-press.net\/cote\/sites\/43\/2025\/12\/sm_1765794248.972749.jpg","width":720,"height":352,"caption":"Hien Ibrahim Lance ECB Pour Corriger Injustice 2023"},{"@type":"BreadcrumbList","@id":"https:\/\/www.africa-press.net\/cotedivoire\/politique\/hien-ibrahim-lance-ecb-pour-corriger-injustice-2023#breadcrumb","itemListElement":[{"@type":"ListItem","position":1,"name":"Accueil","item":"https:\/\/www.africa-press.net\/cotedivoire\/"},{"@type":"ListItem","position":2,"name":"Hien Ibrahim Lance ECB Pour Corriger Injustice 2023"}]},{"@type":"WebSite","@id":"https:\/\/www.africa-press.net\/cotedivoire\/#website","url":"https:\/\/www.africa-press.net\/cotedivoire\/","name":"C\u00f4te d&#039;Ivoire","description":"Just another Africa News Agency Sites site","potentialAction":[{"@type":"SearchAction","target":{"@type":"EntryPoint","urlTemplate":"https:\/\/www.africa-press.net\/cotedivoire\/?s={search_term_string}"},"query-input":{"@type":"PropertyValueSpecification","valueRequired":true,"valueName":"search_term_string"}}],"inLanguage":"fr-FR"},{"@type":"Person","@id":"https:\/\/www.africa-press.net\/cotedivoire\/#\/schema\/person\/2b1cf3cd81a31e3cd26889ca66d677f1","name":"cfeditorfr"}]}},"_links":{"self":[{"href":"https:\/\/www.africa-press.net\/cotedivoire\/wp-json\/wp\/v2\/posts\/110350","targetHints":{"allow":["GET"]}}],"collection":[{"href":"https:\/\/www.africa-press.net\/cotedivoire\/wp-json\/wp\/v2\/posts"}],"about":[{"href":"https:\/\/www.africa-press.net\/cotedivoire\/wp-json\/wp\/v2\/types\/post"}],"author":[{"embeddable":true,"href":"https:\/\/www.africa-press.net\/cotedivoire\/wp-json\/wp\/v2\/users\/82"}],"replies":[{"embeddable":true,"href":"https:\/\/www.africa-press.net\/cotedivoire\/wp-json\/wp\/v2\/comments?post=110350"}],"version-history":[{"count":0,"href":"https:\/\/www.africa-press.net\/cotedivoire\/wp-json\/wp\/v2\/posts\/110350\/revisions"}],"wp:featuredmedia":[{"embeddable":true,"href":"https:\/\/www.africa-press.net\/cotedivoire\/wp-json\/wp\/v2\/media\/110348"}],"wp:attachment":[{"href":"https:\/\/www.africa-press.net\/cotedivoire\/wp-json\/wp\/v2\/media?parent=110350"}],"wp:term":[{"taxonomy":"category","embeddable":true,"href":"https:\/\/www.africa-press.net\/cotedivoire\/wp-json\/wp\/v2\/categories?post=110350"},{"taxonomy":"post_tag","embeddable":true,"href":"https:\/\/www.africa-press.net\/cotedivoire\/wp-json\/wp\/v2\/tags?post=110350"}],"curies":[{"name":"wp","href":"https:\/\/api.w.org\/{rel}","templated":true}]}}