{"id":110353,"date":"2025-12-15T13:45:30","date_gmt":"2025-12-15T13:45:30","guid":{"rendered":"https:\/\/www.africa-press.net\/cotedivoire\/politique\/fippsh-annonce-pour-2026-a-abobo-pour-handicapes"},"modified":"2025-12-15T13:54:50","modified_gmt":"2025-12-15T13:54:50","slug":"fippsh-annonce-pour-2026-a-abobo-pour-handicapes","status":"publish","type":"post","link":"https:\/\/www.africa-press.net\/cotedivoire\/toutes-les-actualites\/fippsh-annonce-pour-2026-a-abobo-pour-handicapes","title":{"rendered":"FIPPSH Annonc\u00e9 Pour 2026 \u00c0 Abobo Pour Handicap\u00e9s"},"content":{"rendered":"<p><span style=\"color: #ff6600\"><strong>Africa-Press &#8211; C\u00f4te d&rsquo;Ivoire. <\/strong><\/span>La commune d\u2019Abobo a vibre\u0301, le 13 de\u0301cembre 2025, au rythme de la 33e Journe\u0301e internationale des personnes handicape\u0301es (JIPH). Place\u0301e sous le signe de l\u2019inclusion et de l\u2019innovation, cette ce\u0301le\u0301bration a e\u0301te\u0301 marque\u0301e par un discours fort du ministre de l\u2019Emploi et de la Protection sociale, Mai\u0302tre Adama Kamara, des dons d\u2019envergure du gouvernement et une intervention engage\u0301e du pre\u0301sident des organisations de personnes handicape\u0301es, Raphae\u0308l Dobgo.<\/p>\n<p>C\u2019est dans une atmosphe\u0300re de ferveur, de solidarite\u0301 et d\u2019unite\u0301 que s\u2019est tenue a\u0300 Abobo la ce\u0301le\u0301bration de la Journe\u0301e internationale des personnes handicape\u0301es. Autorite\u0301s politiques et administratives, guides religieux, organisations de la socie\u0301te\u0301 civile, partenaires techniques et financiers, mais surtout des milliers de personnes en situation de handicap venues de toutes les re\u0301gions de Co\u0302te d\u2019Ivoire, ont pris part a\u0300 cet e\u0301ve\u0301nement hautement symbolique.<\/p>\n<p>La ce\u0301re\u0301monie s\u2019est de\u0301roule\u0301e sous le parrainage du ministre d\u2019E\u0301tat, ministre de la De\u0301fense, Te\u0301ne\u0301 Birahima Ouattara, et en pre\u0301sence de la pre\u0301sidente du Se\u0301nat et maire de la commune d\u2019Abobo, Kandia Camara.<\/p>\n<p>Dans un discours longuement applaudi, le ministre de l\u2019Emploi et de la Protection sociale, Mai\u0302tre Adama Kamara, a salue\u0301 la mobilisation exceptionnelle des personnes en situation de handicap, qu\u2019il a qualifie\u0301e de \u00ab te\u0301moignage fort d\u2019un engagement citoyen et re\u0301publicain sans faille \u00bb.<\/p>\n<p>Il a mis en exergue un fait historique: l\u2019unification, pour la premie\u0300re fois, de toutes les organisations de personnes handicape\u0301es au sein d\u2019une seule fai\u0302tie\u0300re, l\u2019Union des Organisations et Fai\u0302tie\u0300res des Personnes en Situation de Handicap de Co\u0302te d\u2019Ivoire (UNOPH-CI).<\/p>\n<p>\u00ab Seul, on va plus vite ; ensemble, on va plus loin \u00bb, a-t-il rappele\u0301, appelant l\u2019assemble\u0301e a\u0300 applaudir cette \u00ab victoire de l\u2019unite\u0301 \u00bb.<\/p>\n<p>Mai\u0302tre Adama Kamara a rendu un hommage appuye\u0301 au Pre\u0301sident de la Re\u0301publique, Alassane Ouattara, pour sa vision d\u2019un de\u0301veloppement inclusif et humain. Selon lui, l\u2019action du Chef de l\u2019E\u0301tat a profonde\u0301ment transforme\u0301 la politique d\u2019insertion professionnelle des personnes handicape\u0301es.<\/p>\n<p>Il a rappele\u0301 qu\u2019en 2015, le Pre\u0301sident Ouattara a instaure\u0301 un quota annuel de 200 recrutements a\u0300 la Fonction publique, une premie\u0300re en Co\u0302te d\u2019Ivoire et une exception en Afrique.<\/p>\n<p>Re\u0301sultat: 2 507 personnes en situation de handicap recrute\u0301es entre 2015 et 2025, contre seulement 794 entre 1997 et 2011.<\/p>\n<p>\u00ab La\u0300 ou\u0300 il y avait l\u2019incertitude et les interruptions, le Pre\u0301sident a instaure\u0301 une politique stable, continue et pre\u0301visible \u00bb, a souligne\u0301 le ministre.<\/p>\n<p>Poursuivant, le ministre a annonce\u0301 la mise en place du Fonds d\u2019Insertion Professionnelle des Personnes en Situation de Handicap (FIPPSH), destine\u0301 a\u0300 accompagner le secteur prive\u0301 dans le recrutement, la formation et l\u2019inte\u0301gration durable des personnes handicape\u0301es a\u0300 partir de 2026.<\/p>\n<p>\u00ab Les progre\u0300s sont visibles, mesurables et concrets. Mais nous restons a\u0300 l\u2019e\u0301coute de vos dole\u0301ances \u00bb, a-t-il rassure\u0301, affirmant que les pre\u0301occupations exprime\u0301es seront prises en compte au plus haut niveau de l\u2019E\u0301tat.<\/p>\n<p>Moment tre\u0300s attendu de la ce\u0301re\u0301monie, la remise de dons du gouvernement aux personnes en situation de handicap a illustre\u0301 l\u2019engagement concret des autorite\u0301s. Il s\u2019agit notamment de 1 000 fauteuils roulants orthope\u0301diques, 20 fauteuils roulants e\u0301lectriques, 500 paires de be\u0301quilles, 200 cannes blanches, 100 ramettes de papier braille, 5 tonnes de riz et plusieurs produits de cre\u0300mes solaires pour les personnes albinos.<\/p>\n<p>Ces e\u0301quipements visent a\u0300 ame\u0301liorer la mobilite\u0301, l\u2019autonomie et les conditions de vie des be\u0301ne\u0301ficiaires.<\/p>\n<p>\u00ab Vous e\u0302tes une richesse, une force et un moteur de transformation sociale \u00bb, a conclu Mai\u0302tre Adama Kamara, sous une ovation nourrie.<\/p>\n<p>Prenant la parole au nom des personnes handicape\u0301es, Raphae\u0308l Dobgo a livre\u0301 une allocution empreinte d\u2019e\u0301motion et de de\u0301termination. Il a salue\u0301 la pre\u0301sence massive des de\u0301le\u0301gations venues de toutes les re\u0301gions du pays, symbole d\u2019une mobilisation nationale sans pre\u0301ce\u0301dent.<\/p>\n<p>Il a rappele\u0301 que 2025 marque un tournant historique, avec la cre\u0301ation d\u2019une union unique des organisations fai\u0302tie\u0300res des personnes handicape\u0301es.<\/p>\n<p>\u00ab Notre lutte n\u2019est plus disperse\u0301e. Elle est unie, organise\u0301e et consciente de sa force \u00bb, a-t-il de\u0301clare\u0301.<\/p>\n<p>Tout en remerciant le gouvernement pour les avance\u0301es obtenues, Raphae\u0308l Dobgo a formule\u0301 plusieurs dole\u0301ances, parmi lesquelles, l\u2019inte\u0301gration du handicap dans le Plan national de de\u0301veloppement 2026-2030, l\u2019augmentation du recrutement de\u0301rogatoire a\u0300 300 voire 500 personnes par an, une meilleure prise en charge dans le cadre de la CMU, la nomination de re\u0301fe\u0301rents handicap dans toutes les institutions, un quota de logements sociaux pour les personnes handicape\u0301es et une accessibilite\u0301 universelle accrue.<\/p>\n<p>Pour Abobo, il a plaide\u0301 pour une subvention annuelle a\u0300 la plateforme communale des organisations de personnes handicape\u0301es et une meilleure repre\u0301sentation locale.<\/p>\n<p>A\u0300 l\u2019occasion de la Journe\u0301e internationale des personnes handicape\u0301es, ce\u0301le\u0301bre\u0301e le 13 de\u0301cembre 2025 a\u0300 Abobo, la pre\u0301sidente du Se\u0301nat et maire de la commune, Kandia Camara, a lance\u0301 un appel fort en faveur de l\u2019inclusion, de la solidarite\u0301 et du respect de la dignite\u0301 humaine.<\/p>\n<p>Devant un public nombreux, elle a rappele\u0301 que le handicap concerne pre\u0300s d\u2019un milliard de personnes dans le monde et constitue un enjeu majeur de justice sociale, particulie\u0300rement dans les pays en de\u0301veloppement. Soulignant la vision du Pre\u0301sident Alassane Ouattara, elle a salue\u0301 les avance\u0301es re\u0301alise\u0301es en Co\u0302te d\u2019Ivoire en matie\u0300re de protection des droits des personnes handicape\u0301es et d\u2019investissements sociaux.<\/p>\n<p>Pour Kandia Camara, cette journe\u0301e va au-dela\u0300 d\u2019une simple comme\u0301moration: elle repre\u0301sente un engagement moral et collectif. Elle a exhorte\u0301 les familles a\u0300 soutenir leurs proches en situation de handicap, invite\u0301 les communaute\u0301s a\u0300 changer de regard, et appele\u0301 les institutions, partenaires et me\u0301dias a\u0300 redoubler d\u2019efforts pour ba\u0302tir une socie\u0301te\u0301 accessible et e\u0301quitable.<\/p>\n<p>S\u2019adressant directement aux personnes handicape\u0301es, elle a affirme\u0301:<\/p>\n<p>\u00ab Vous n\u2019e\u0302tes pas seuls. Vous e\u0302tes des citoyens a\u0300 part entie\u0300re, avec des droits, des talents et un potentiel immense. \u00bb<\/p>\n<p>Elle a conclu en re\u0301affirmant l\u2019engagement d\u2019Abobo et de l\u2019E\u0301tat ivoirien a\u0300 poursuivre la construction d\u2019une Co\u0302te d\u2019Ivoire plus juste, plus inclusive et plus fraternelle, ou\u0300 personne ne sera laisse\u0301 de co\u0302te\u0301.<\/p>\n<p>Cette 33e Journe\u0301e internationale des personnes handicape\u0301es a\u0300 Abobo aura e\u0301te\u0301 bien plus qu\u2019une comme\u0301moration. Elle a re\u0301affirme\u0301 la volonte\u0301 du gouvernement de ba\u0302tir une Co\u0302te d\u2019Ivoire accessible, e\u0301quitable et solidaire, ou\u0300 chaque citoyen, sans distinction, trouve sa place.<\/p>\n<p><strong>Pour plus d&rsquo;informations et d&rsquo;analyses sur la <span style=\"color: #ff6600\">C\u00f4te d&rsquo;Ivoire<\/span>, suivez <span style=\"color: #ff6600\">Africa-Press<\/span><\/strong><\/p>\n","protected":false},"excerpt":{"rendered":"<p>Africa-Press &#8211; C\u00f4te d&rsquo;Ivoire. La commune d\u2019Abobo a vibre\u0301, le 13 de\u0301cembre 2025, au rythme de la 33e Journe\u0301e internationale des personnes handicape\u0301es (JIPH). Place\u0301e sous le signe de l\u2019inclusion et de l\u2019innovation, cette ce\u0301le\u0301bration a e\u0301te\u0301 marque\u0301e par un discours fort du ministre de l\u2019Emploi et de la Protection sociale, Mai\u0302tre Adama Kamara, des [&hellip;]<\/p>\n","protected":false},"author":82,"featured_media":110351,"comment_status":"open","ping_status":"closed","sticky":false,"template":"","format":"standard","meta":{"footnotes":""},"categories":[21,10],"tags":[787,1535,29,1583,4699,6537,15154,17920,19842,2846,7887,19843],"class_list":["post-110353","post","type-post","status-publish","format-standard","has-post-thumbnail","hentry","category-communaute","category-toutes-les-actualites","tag-abobo","tag-adama-kamara","tag-cote-divoire","tag-developpement","tag-handicap","tag-handicapees","tag-inclusif","tag-inclusion","tag-jiph2025","tag-sociale","tag-solidarite","tag-unophci"],"yoast_head":"<!-- This site is optimized with the Yoast SEO Premium plugin v26.1 (Yoast SEO v27.0) - https:\/\/yoast.com\/product\/yoast-seo-premium-wordpress\/ -->\n<title>FIPPSH Annonc\u00e9 Pour 2026 \u00c0 Abobo Pour Handicap\u00e9s - C\u00f4te d&#039;Ivoire<\/title>\n<meta name=\"description\" content=\"La commune d\u2019Abobo a vibre\u0301, le 13 de\u0301cembre 2025, au rythme de la 33e Journe\u0301e internationale des personnes handicape\u0301e ...\" \/>\n<meta name=\"robots\" content=\"index, follow, max-snippet:-1, max-image-preview:large, max-video-preview:-1\" \/>\n<link rel=\"canonical\" href=\"https:\/\/www.africa-press.net\/cotedivoire\/toutes-les-actualites\/fippsh-annonce-pour-2026-a-abobo-pour-handicapes\" \/>\n<meta property=\"og:locale\" content=\"fr_FR\" \/>\n<meta property=\"og:type\" content=\"article\" \/>\n<meta property=\"og:title\" content=\"FIPPSH Annonc\u00e9 Pour 2026 \u00c0 Abobo Pour Handicap\u00e9s\" \/>\n<meta property=\"og:description\" content=\"La commune d\u2019Abobo a vibre\u0301, le 13 de\u0301cembre 2025, au rythme de la 33e Journe\u0301e internationale des personnes handicape\u0301e ...\" \/>\n<meta property=\"og:url\" content=\"https:\/\/www.africa-press.net\/cotedivoire\/toutes-les-actualites\/fippsh-annonce-pour-2026-a-abobo-pour-handicapes\" \/>\n<meta property=\"og:site_name\" content=\"C\u00f4te d&#039;Ivoire\" \/>\n<meta property=\"article:published_time\" content=\"2025-12-15T13:45:30+00:00\" \/>\n<meta property=\"article:modified_time\" content=\"2025-12-15T13:54:50+00:00\" \/>\n<meta property=\"og:image\" content=\"https:\/\/static.africa-press.net\/cote\/sites\/43\/2025\/12\/sm_1765794262.967618.jpg\" \/>\n\t<meta property=\"og:image:width\" content=\"720\" \/>\n\t<meta property=\"og:image:height\" content=\"392\" \/>\n\t<meta property=\"og:image:type\" content=\"image\/jpeg\" \/>\n<meta name=\"author\" content=\"cfeditorfr\" \/>\n<meta name=\"twitter:card\" content=\"summary_large_image\" \/>\n<meta name=\"twitter:label1\" content=\"\u00c9crit par\" \/>\n\t<meta name=\"twitter:data1\" content=\"cfeditorfr\" \/>\n\t<meta name=\"twitter:label2\" content=\"Dur\u00e9e de lecture estim\u00e9e\" \/>\n\t<meta name=\"twitter:data2\" content=\"6 minutes\" \/>\n<script type=\"application\/ld+json\" class=\"yoast-schema-graph\">{\"@context\":\"https:\/\/schema.org\",\"@graph\":[{\"@type\":\"Article\",\"@id\":\"https:\/\/www.africa-press.net\/cotedivoire\/toutes-les-actualites\/fippsh-annonce-pour-2026-a-abobo-pour-handicapes#article\",\"isPartOf\":{\"@id\":\"https:\/\/www.africa-press.net\/cotedivoire\/toutes-les-actualites\/fippsh-annonce-pour-2026-a-abobo-pour-handicapes\"},\"author\":{\"name\":\"cfeditorfr\",\"@id\":\"https:\/\/www.africa-press.net\/cotedivoire\/#\/schema\/person\/2b1cf3cd81a31e3cd26889ca66d677f1\"},\"headline\":\"FIPPSH Annonc\u00e9 Pour 2026 \u00c0 Abobo Pour Handicap\u00e9s\",\"datePublished\":\"2025-12-15T13:45:30+00:00\",\"dateModified\":\"2025-12-15T13:54:50+00:00\",\"mainEntityOfPage\":{\"@id\":\"https:\/\/www.africa-press.net\/cotedivoire\/toutes-les-actualites\/fippsh-annonce-pour-2026-a-abobo-pour-handicapes\"},\"wordCount\":1197,\"commentCount\":0,\"image\":{\"@id\":\"https:\/\/www.africa-press.net\/cotedivoire\/toutes-les-actualites\/fippsh-annonce-pour-2026-a-abobo-pour-handicapes#primaryimage\"},\"thumbnailUrl\":\"https:\/\/static.africa-press.net\/cote\/sites\/43\/2025\/12\/sm_1765794262.967618.jpg\",\"keywords\":[\"Abobo\",\"Adama Kamara\",\"C\u00d4TE D'IVOIRE\",\"d\u00e9veloppement\",\"handicap\",\"handicap\u00e9es\",\"inclusif\",\"inclusion\",\"JIPH2025\",\"sociale\",\"solidarit\u00e9\",\"UNOPHCI\"],\"articleSection\":[\"Communaut\u00e9\",\"Toutes les actualit\u00e9s\"],\"inLanguage\":\"fr-FR\",\"potentialAction\":[{\"@type\":\"CommentAction\",\"name\":\"Comment\",\"target\":[\"https:\/\/www.africa-press.net\/cotedivoire\/toutes-les-actualites\/fippsh-annonce-pour-2026-a-abobo-pour-handicapes#respond\"]}]},{\"@type\":\"WebPage\",\"@id\":\"https:\/\/www.africa-press.net\/cotedivoire\/toutes-les-actualites\/fippsh-annonce-pour-2026-a-abobo-pour-handicapes\",\"url\":\"https:\/\/www.africa-press.net\/cotedivoire\/toutes-les-actualites\/fippsh-annonce-pour-2026-a-abobo-pour-handicapes\",\"name\":\"FIPPSH Annonc\u00e9 Pour 2026 \u00c0 Abobo Pour Handicap\u00e9s - C\u00f4te d&#039;Ivoire\",\"isPartOf\":{\"@id\":\"https:\/\/www.africa-press.net\/cotedivoire\/#website\"},\"primaryImageOfPage\":{\"@id\":\"https:\/\/www.africa-press.net\/cotedivoire\/toutes-les-actualites\/fippsh-annonce-pour-2026-a-abobo-pour-handicapes#primaryimage\"},\"image\":{\"@id\":\"https:\/\/www.africa-press.net\/cotedivoire\/toutes-les-actualites\/fippsh-annonce-pour-2026-a-abobo-pour-handicapes#primaryimage\"},\"thumbnailUrl\":\"https:\/\/static.africa-press.net\/cote\/sites\/43\/2025\/12\/sm_1765794262.967618.jpg\",\"datePublished\":\"2025-12-15T13:45:30+00:00\",\"dateModified\":\"2025-12-15T13:54:50+00:00\",\"author\":{\"@id\":\"https:\/\/www.africa-press.net\/cotedivoire\/#\/schema\/person\/2b1cf3cd81a31e3cd26889ca66d677f1\"},\"description\":\"La commune d\u2019Abobo a vibre\u0301, le 13 de\u0301cembre 2025, au rythme de la 33e Journe\u0301e internationale des personnes handicape\u0301e ...\",\"breadcrumb\":{\"@id\":\"https:\/\/www.africa-press.net\/cotedivoire\/toutes-les-actualites\/fippsh-annonce-pour-2026-a-abobo-pour-handicapes#breadcrumb\"},\"inLanguage\":\"fr-FR\",\"potentialAction\":[{\"@type\":\"ReadAction\",\"target\":[\"https:\/\/www.africa-press.net\/cotedivoire\/toutes-les-actualites\/fippsh-annonce-pour-2026-a-abobo-pour-handicapes\"]}]},{\"@type\":\"ImageObject\",\"inLanguage\":\"fr-FR\",\"@id\":\"https:\/\/www.africa-press.net\/cotedivoire\/toutes-les-actualites\/fippsh-annonce-pour-2026-a-abobo-pour-handicapes#primaryimage\",\"url\":\"https:\/\/static.africa-press.net\/cote\/sites\/43\/2025\/12\/sm_1765794262.967618.jpg\",\"contentUrl\":\"https:\/\/static.africa-press.net\/cote\/sites\/43\/2025\/12\/sm_1765794262.967618.jpg\",\"width\":720,\"height\":392,\"caption\":\"FIPPSH Annonc\u00e9 Pour 2026 \u00c0 Abobo Pour Handicap\u00e9s\"},{\"@type\":\"BreadcrumbList\",\"@id\":\"https:\/\/www.africa-press.net\/cotedivoire\/toutes-les-actualites\/fippsh-annonce-pour-2026-a-abobo-pour-handicapes#breadcrumb\",\"itemListElement\":[{\"@type\":\"ListItem\",\"position\":1,\"name\":\"Accueil\",\"item\":\"https:\/\/www.africa-press.net\/cotedivoire\/\"},{\"@type\":\"ListItem\",\"position\":2,\"name\":\"FIPPSH Annonc\u00e9 Pour 2026 \u00c0 Abobo Pour Handicap\u00e9s\"}]},{\"@type\":\"WebSite\",\"@id\":\"https:\/\/www.africa-press.net\/cotedivoire\/#website\",\"url\":\"https:\/\/www.africa-press.net\/cotedivoire\/\",\"name\":\"C\u00f4te d&#039;Ivoire\",\"description\":\"Just another Africa News Agency Sites site\",\"potentialAction\":[{\"@type\":\"SearchAction\",\"target\":{\"@type\":\"EntryPoint\",\"urlTemplate\":\"https:\/\/www.africa-press.net\/cotedivoire\/?s={search_term_string}\"},\"query-input\":{\"@type\":\"PropertyValueSpecification\",\"valueRequired\":true,\"valueName\":\"search_term_string\"}}],\"inLanguage\":\"fr-FR\"},{\"@type\":\"Person\",\"@id\":\"https:\/\/www.africa-press.net\/cotedivoire\/#\/schema\/person\/2b1cf3cd81a31e3cd26889ca66d677f1\",\"name\":\"cfeditorfr\"}]}<\/script>\n<!-- \/ Yoast SEO Premium plugin. -->","yoast_head_json":{"title":"FIPPSH Annonc\u00e9 Pour 2026 \u00c0 Abobo Pour Handicap\u00e9s - C\u00f4te d&#039;Ivoire","description":"La commune d\u2019Abobo a vibre\u0301, le 13 de\u0301cembre 2025, au rythme de la 33e Journe\u0301e internationale des personnes handicape\u0301e ...","robots":{"index":"index","follow":"follow","max-snippet":"max-snippet:-1","max-image-preview":"max-image-preview:large","max-video-preview":"max-video-preview:-1"},"canonical":"https:\/\/www.africa-press.net\/cotedivoire\/toutes-les-actualites\/fippsh-annonce-pour-2026-a-abobo-pour-handicapes","og_locale":"fr_FR","og_type":"article","og_title":"FIPPSH Annonc\u00e9 Pour 2026 \u00c0 Abobo Pour Handicap\u00e9s","og_description":"La commune d\u2019Abobo a vibre\u0301, le 13 de\u0301cembre 2025, au rythme de la 33e Journe\u0301e internationale des personnes handicape\u0301e ...","og_url":"https:\/\/www.africa-press.net\/cotedivoire\/toutes-les-actualites\/fippsh-annonce-pour-2026-a-abobo-pour-handicapes","og_site_name":"C\u00f4te d&#039;Ivoire","article_published_time":"2025-12-15T13:45:30+00:00","article_modified_time":"2025-12-15T13:54:50+00:00","og_image":[{"width":720,"height":392,"url":"https:\/\/static.africa-press.net\/cote\/sites\/43\/2025\/12\/sm_1765794262.967618.jpg","type":"image\/jpeg"}],"author":"cfeditorfr","twitter_card":"summary_large_image","twitter_misc":{"\u00c9crit par":"cfeditorfr","Dur\u00e9e de lecture estim\u00e9e":"6 minutes"},"schema":{"@context":"https:\/\/schema.org","@graph":[{"@type":"Article","@id":"https:\/\/www.africa-press.net\/cotedivoire\/toutes-les-actualites\/fippsh-annonce-pour-2026-a-abobo-pour-handicapes#article","isPartOf":{"@id":"https:\/\/www.africa-press.net\/cotedivoire\/toutes-les-actualites\/fippsh-annonce-pour-2026-a-abobo-pour-handicapes"},"author":{"name":"cfeditorfr","@id":"https:\/\/www.africa-press.net\/cotedivoire\/#\/schema\/person\/2b1cf3cd81a31e3cd26889ca66d677f1"},"headline":"FIPPSH Annonc\u00e9 Pour 2026 \u00c0 Abobo Pour Handicap\u00e9s","datePublished":"2025-12-15T13:45:30+00:00","dateModified":"2025-12-15T13:54:50+00:00","mainEntityOfPage":{"@id":"https:\/\/www.africa-press.net\/cotedivoire\/toutes-les-actualites\/fippsh-annonce-pour-2026-a-abobo-pour-handicapes"},"wordCount":1197,"commentCount":0,"image":{"@id":"https:\/\/www.africa-press.net\/cotedivoire\/toutes-les-actualites\/fippsh-annonce-pour-2026-a-abobo-pour-handicapes#primaryimage"},"thumbnailUrl":"https:\/\/static.africa-press.net\/cote\/sites\/43\/2025\/12\/sm_1765794262.967618.jpg","keywords":["Abobo","Adama Kamara","C\u00d4TE D'IVOIRE","d\u00e9veloppement","handicap","handicap\u00e9es","inclusif","inclusion","JIPH2025","sociale","solidarit\u00e9","UNOPHCI"],"articleSection":["Communaut\u00e9","Toutes les actualit\u00e9s"],"inLanguage":"fr-FR","potentialAction":[{"@type":"CommentAction","name":"Comment","target":["https:\/\/www.africa-press.net\/cotedivoire\/toutes-les-actualites\/fippsh-annonce-pour-2026-a-abobo-pour-handicapes#respond"]}]},{"@type":"WebPage","@id":"https:\/\/www.africa-press.net\/cotedivoire\/toutes-les-actualites\/fippsh-annonce-pour-2026-a-abobo-pour-handicapes","url":"https:\/\/www.africa-press.net\/cotedivoire\/toutes-les-actualites\/fippsh-annonce-pour-2026-a-abobo-pour-handicapes","name":"FIPPSH Annonc\u00e9 Pour 2026 \u00c0 Abobo Pour Handicap\u00e9s - C\u00f4te d&#039;Ivoire","isPartOf":{"@id":"https:\/\/www.africa-press.net\/cotedivoire\/#website"},"primaryImageOfPage":{"@id":"https:\/\/www.africa-press.net\/cotedivoire\/toutes-les-actualites\/fippsh-annonce-pour-2026-a-abobo-pour-handicapes#primaryimage"},"image":{"@id":"https:\/\/www.africa-press.net\/cotedivoire\/toutes-les-actualites\/fippsh-annonce-pour-2026-a-abobo-pour-handicapes#primaryimage"},"thumbnailUrl":"https:\/\/static.africa-press.net\/cote\/sites\/43\/2025\/12\/sm_1765794262.967618.jpg","datePublished":"2025-12-15T13:45:30+00:00","dateModified":"2025-12-15T13:54:50+00:00","author":{"@id":"https:\/\/www.africa-press.net\/cotedivoire\/#\/schema\/person\/2b1cf3cd81a31e3cd26889ca66d677f1"},"description":"La commune d\u2019Abobo a vibre\u0301, le 13 de\u0301cembre 2025, au rythme de la 33e Journe\u0301e internationale des personnes handicape\u0301e ...","breadcrumb":{"@id":"https:\/\/www.africa-press.net\/cotedivoire\/toutes-les-actualites\/fippsh-annonce-pour-2026-a-abobo-pour-handicapes#breadcrumb"},"inLanguage":"fr-FR","potentialAction":[{"@type":"ReadAction","target":["https:\/\/www.africa-press.net\/cotedivoire\/toutes-les-actualites\/fippsh-annonce-pour-2026-a-abobo-pour-handicapes"]}]},{"@type":"ImageObject","inLanguage":"fr-FR","@id":"https:\/\/www.africa-press.net\/cotedivoire\/toutes-les-actualites\/fippsh-annonce-pour-2026-a-abobo-pour-handicapes#primaryimage","url":"https:\/\/static.africa-press.net\/cote\/sites\/43\/2025\/12\/sm_1765794262.967618.jpg","contentUrl":"https:\/\/static.africa-press.net\/cote\/sites\/43\/2025\/12\/sm_1765794262.967618.jpg","width":720,"height":392,"caption":"FIPPSH Annonc\u00e9 Pour 2026 \u00c0 Abobo Pour Handicap\u00e9s"},{"@type":"BreadcrumbList","@id":"https:\/\/www.africa-press.net\/cotedivoire\/toutes-les-actualites\/fippsh-annonce-pour-2026-a-abobo-pour-handicapes#breadcrumb","itemListElement":[{"@type":"ListItem","position":1,"name":"Accueil","item":"https:\/\/www.africa-press.net\/cotedivoire\/"},{"@type":"ListItem","position":2,"name":"FIPPSH Annonc\u00e9 Pour 2026 \u00c0 Abobo Pour Handicap\u00e9s"}]},{"@type":"WebSite","@id":"https:\/\/www.africa-press.net\/cotedivoire\/#website","url":"https:\/\/www.africa-press.net\/cotedivoire\/","name":"C\u00f4te d&#039;Ivoire","description":"Just another Africa News Agency Sites site","potentialAction":[{"@type":"SearchAction","target":{"@type":"EntryPoint","urlTemplate":"https:\/\/www.africa-press.net\/cotedivoire\/?s={search_term_string}"},"query-input":{"@type":"PropertyValueSpecification","valueRequired":true,"valueName":"search_term_string"}}],"inLanguage":"fr-FR"},{"@type":"Person","@id":"https:\/\/www.africa-press.net\/cotedivoire\/#\/schema\/person\/2b1cf3cd81a31e3cd26889ca66d677f1","name":"cfeditorfr"}]}},"_links":{"self":[{"href":"https:\/\/www.africa-press.net\/cotedivoire\/wp-json\/wp\/v2\/posts\/110353","targetHints":{"allow":["GET"]}}],"collection":[{"href":"https:\/\/www.africa-press.net\/cotedivoire\/wp-json\/wp\/v2\/posts"}],"about":[{"href":"https:\/\/www.africa-press.net\/cotedivoire\/wp-json\/wp\/v2\/types\/post"}],"author":[{"embeddable":true,"href":"https:\/\/www.africa-press.net\/cotedivoire\/wp-json\/wp\/v2\/users\/82"}],"replies":[{"embeddable":true,"href":"https:\/\/www.africa-press.net\/cotedivoire\/wp-json\/wp\/v2\/comments?post=110353"}],"version-history":[{"count":0,"href":"https:\/\/www.africa-press.net\/cotedivoire\/wp-json\/wp\/v2\/posts\/110353\/revisions"}],"wp:featuredmedia":[{"embeddable":true,"href":"https:\/\/www.africa-press.net\/cotedivoire\/wp-json\/wp\/v2\/media\/110351"}],"wp:attachment":[{"href":"https:\/\/www.africa-press.net\/cotedivoire\/wp-json\/wp\/v2\/media?parent=110353"}],"wp:term":[{"taxonomy":"category","embeddable":true,"href":"https:\/\/www.africa-press.net\/cotedivoire\/wp-json\/wp\/v2\/categories?post=110353"},{"taxonomy":"post_tag","embeddable":true,"href":"https:\/\/www.africa-press.net\/cotedivoire\/wp-json\/wp\/v2\/tags?post=110353"}],"curies":[{"name":"wp","href":"https:\/\/api.w.org\/{rel}","templated":true}]}}