{"id":11068,"date":"2021-08-09T08:37:17","date_gmt":"2021-08-09T08:37:17","guid":{"rendered":"https:\/\/www.africa-press.net\/cotedivoire\/?p=11068"},"modified":"2021-08-09T17:57:41","modified_gmt":"2021-08-09T17:57:41","slug":"rare-apparition-de-simone-gbagbo","status":"publish","type":"post","link":"https:\/\/www.africa-press.net\/cotedivoire\/video\/rare-apparition-de-simone-gbagbo","title":{"rendered":"rare apparition de Simone Gbagbo"},"content":{"rendered":"<p><span style=\"color: #ff6600\"><strong><a href=\"https:\/\/www.africa-press.net\/\">Africa-Press<\/a> &#8211; <a href=\"https:\/\/www.africa-press.net\/cotedivoire\">C\u00f4te d&rsquo;Ivoire<\/a>. <\/strong><\/span> \u00ab\u00a0Nous sommes encore engag\u00e9s !\u00a0\u00bb. Simone Gbagbo s&rsquo;est rendue dans sa r\u00e9gion d&rsquo;origine, \u00e0 Bonoua. L&rsquo;ex-premi\u00e8re dame et vice pr\u00e9sidente du FPI a \u00e9t\u00e9 accueillie par pr\u00e8s de 2000 personnes.<\/p>\n<p><iframe loading=\"lazy\" title=\"C\u00f4te d&#039;Ivoire : rare apparition de Simone Gbagbo\" width=\"696\" height=\"392\" src=\"https:\/\/www.youtube.com\/embed\/76FtA3OnrWk?feature=oembed\" frameborder=\"0\" allow=\"accelerometer; autoplay; clipboard-write; encrypted-media; gyroscope; picture-in-picture\" allowfullscreen><\/iframe><\/p>\n","protected":false},"excerpt":{"rendered":"<p>Africa-Press &#8211; C\u00f4te d&rsquo;Ivoire. \u00ab\u00a0Nous sommes encore engag\u00e9s !\u00a0\u00bb. Simone Gbagbo s&rsquo;est rendue dans sa r\u00e9gion d&rsquo;origine, \u00e0 Bonoua. L&rsquo;ex-premi\u00e8re dame et vice pr\u00e9sidente du FPI a \u00e9t\u00e9 accueillie par pr\u00e8s de 2000 personnes.<\/p>\n","protected":false},"author":82,"featured_media":11067,"comment_status":"open","ping_status":"closed","sticky":false,"template":"","format":"standard","meta":{"footnotes":""},"categories":[11,10,9],"tags":[56,63,321,29,320],"class_list":["post-11068","post","type-post","status-publish","format-standard","has-post-thumbnail","hentry","category-homepage-french","category-toutes-les-actualites","category-video","tag-africa-press","tag-africa-press-cote-divoire","tag-apparition","tag-cote-divoire","tag-gbagbo"],"yoast_head":"<!-- This site is optimized with the Yoast SEO Premium plugin v26.1 (Yoast SEO v27.0) - https:\/\/yoast.com\/product\/yoast-seo-premium-wordpress\/ -->\n<title>rare apparition de Simone Gbagbo - C\u00f4te d&#039;Ivoire<\/title>\n<meta name=\"description\" content=\"&quot;Nous sommes encore engag\u00e9s !&quot;. Simone Gbagbo s&#039;est rendue dans sa r\u00e9gion d&#039;origine, \u00e0 Bonoua. L&#039;ex-premi\u00e8re dame et vi ...\" \/>\n<meta name=\"robots\" content=\"index, follow, max-snippet:-1, max-image-preview:large, max-video-preview:-1\" \/>\n<link rel=\"canonical\" href=\"https:\/\/www.africa-press.net\/cotedivoire\/video\/rare-apparition-de-simone-gbagbo\" \/>\n<meta property=\"og:locale\" content=\"fr_FR\" \/>\n<meta property=\"og:type\" content=\"article\" \/>\n<meta property=\"og:title\" content=\"rare apparition de Simone Gbagbo\" \/>\n<meta property=\"og:description\" content=\"&quot;Nous sommes encore engag\u00e9s !&quot;. Simone Gbagbo s&#039;est rendue dans sa r\u00e9gion d&#039;origine, \u00e0 Bonoua. L&#039;ex-premi\u00e8re dame et vi ...\" \/>\n<meta property=\"og:url\" content=\"https:\/\/www.africa-press.net\/cotedivoire\/video\/rare-apparition-de-simone-gbagbo\" \/>\n<meta property=\"og:site_name\" content=\"C\u00f4te d&#039;Ivoire\" \/>\n<meta property=\"article:published_time\" content=\"2021-08-09T08:37:17+00:00\" \/>\n<meta property=\"article:modified_time\" content=\"2021-08-09T17:57:41+00:00\" \/>\n<meta property=\"og:image\" content=\"https:\/\/static.africa-press.net\/cote\/sites\/43\/2021\/08\/img-6110e83431b9e.jpg\" \/>\n\t<meta property=\"og:image:width\" content=\"1280\" \/>\n\t<meta property=\"og:image:height\" content=\"720\" \/>\n\t<meta property=\"og:image:type\" content=\"image\/jpeg\" \/>\n<meta name=\"author\" content=\"cfeditorfr\" \/>\n<meta name=\"twitter:card\" content=\"summary_large_image\" \/>\n<meta name=\"twitter:label1\" content=\"\u00c9crit par\" \/>\n\t<meta name=\"twitter:data1\" content=\"cfeditorfr\" \/>\n<script type=\"application\/ld+json\" class=\"yoast-schema-graph\">{\"@context\":\"https:\/\/schema.org\",\"@graph\":[{\"@type\":\"Article\",\"@id\":\"https:\/\/www.africa-press.net\/cotedivoire\/video\/rare-apparition-de-simone-gbagbo#article\",\"isPartOf\":{\"@id\":\"https:\/\/www.africa-press.net\/cotedivoire\/video\/rare-apparition-de-simone-gbagbo\"},\"author\":{\"name\":\"cfeditorfr\",\"@id\":\"https:\/\/www.africa-press.net\/cotedivoire\/#\/schema\/person\/2b1cf3cd81a31e3cd26889ca66d677f1\"},\"headline\":\"rare apparition de Simone Gbagbo\",\"datePublished\":\"2021-08-09T08:37:17+00:00\",\"dateModified\":\"2021-08-09T17:57:41+00:00\",\"mainEntityOfPage\":{\"@id\":\"https:\/\/www.africa-press.net\/cotedivoire\/video\/rare-apparition-de-simone-gbagbo\"},\"wordCount\":51,\"commentCount\":0,\"image\":{\"@id\":\"https:\/\/www.africa-press.net\/cotedivoire\/video\/rare-apparition-de-simone-gbagbo#primaryimage\"},\"thumbnailUrl\":\"https:\/\/static.africa-press.net\/cote\/sites\/43\/2021\/08\/img-6110e83431b9e.jpg\",\"keywords\":[\"Africa Press\",\"Africa Press-C\u00f4te d'Ivoire\",\"apparition\",\"C\u00d4TE D'IVOIRE\",\"Gbagbo\"],\"articleSection\":[\"homepage-french\",\"Toutes les actualit\u00e9s\",\"vid\u00e9o\"],\"inLanguage\":\"fr-FR\",\"potentialAction\":[{\"@type\":\"CommentAction\",\"name\":\"Comment\",\"target\":[\"https:\/\/www.africa-press.net\/cotedivoire\/video\/rare-apparition-de-simone-gbagbo#respond\"]}]},{\"@type\":\"WebPage\",\"@id\":\"https:\/\/www.africa-press.net\/cotedivoire\/video\/rare-apparition-de-simone-gbagbo\",\"url\":\"https:\/\/www.africa-press.net\/cotedivoire\/video\/rare-apparition-de-simone-gbagbo\",\"name\":\"rare apparition de Simone Gbagbo - C\u00f4te d&#039;Ivoire\",\"isPartOf\":{\"@id\":\"https:\/\/www.africa-press.net\/cotedivoire\/#website\"},\"primaryImageOfPage\":{\"@id\":\"https:\/\/www.africa-press.net\/cotedivoire\/video\/rare-apparition-de-simone-gbagbo#primaryimage\"},\"image\":{\"@id\":\"https:\/\/www.africa-press.net\/cotedivoire\/video\/rare-apparition-de-simone-gbagbo#primaryimage\"},\"thumbnailUrl\":\"https:\/\/static.africa-press.net\/cote\/sites\/43\/2021\/08\/img-6110e83431b9e.jpg\",\"datePublished\":\"2021-08-09T08:37:17+00:00\",\"dateModified\":\"2021-08-09T17:57:41+00:00\",\"author\":{\"@id\":\"https:\/\/www.africa-press.net\/cotedivoire\/#\/schema\/person\/2b1cf3cd81a31e3cd26889ca66d677f1\"},\"description\":\"\\\"Nous sommes encore engag\u00e9s !\\\". Simone Gbagbo s'est rendue dans sa r\u00e9gion d'origine, \u00e0 Bonoua. L'ex-premi\u00e8re dame et vi ...\",\"breadcrumb\":{\"@id\":\"https:\/\/www.africa-press.net\/cotedivoire\/video\/rare-apparition-de-simone-gbagbo#breadcrumb\"},\"inLanguage\":\"fr-FR\",\"potentialAction\":[{\"@type\":\"ReadAction\",\"target\":[\"https:\/\/www.africa-press.net\/cotedivoire\/video\/rare-apparition-de-simone-gbagbo\"]}]},{\"@type\":\"ImageObject\",\"inLanguage\":\"fr-FR\",\"@id\":\"https:\/\/www.africa-press.net\/cotedivoire\/video\/rare-apparition-de-simone-gbagbo#primaryimage\",\"url\":\"https:\/\/static.africa-press.net\/cote\/sites\/43\/2021\/08\/img-6110e83431b9e.jpg\",\"contentUrl\":\"https:\/\/static.africa-press.net\/cote\/sites\/43\/2021\/08\/img-6110e83431b9e.jpg\",\"width\":1280,\"height\":720,\"caption\":\"rare apparition de Simone Gbagbo\"},{\"@type\":\"BreadcrumbList\",\"@id\":\"https:\/\/www.africa-press.net\/cotedivoire\/video\/rare-apparition-de-simone-gbagbo#breadcrumb\",\"itemListElement\":[{\"@type\":\"ListItem\",\"position\":1,\"name\":\"Accueil\",\"item\":\"https:\/\/www.africa-press.net\/cotedivoire\/\"},{\"@type\":\"ListItem\",\"position\":2,\"name\":\"rare apparition de Simone Gbagbo\"}]},{\"@type\":\"WebSite\",\"@id\":\"https:\/\/www.africa-press.net\/cotedivoire\/#website\",\"url\":\"https:\/\/www.africa-press.net\/cotedivoire\/\",\"name\":\"C\u00f4te d&#039;Ivoire\",\"description\":\"Just another Africa News Agency Sites site\",\"potentialAction\":[{\"@type\":\"SearchAction\",\"target\":{\"@type\":\"EntryPoint\",\"urlTemplate\":\"https:\/\/www.africa-press.net\/cotedivoire\/?s={search_term_string}\"},\"query-input\":{\"@type\":\"PropertyValueSpecification\",\"valueRequired\":true,\"valueName\":\"search_term_string\"}}],\"inLanguage\":\"fr-FR\"},{\"@type\":\"Person\",\"@id\":\"https:\/\/www.africa-press.net\/cotedivoire\/#\/schema\/person\/2b1cf3cd81a31e3cd26889ca66d677f1\",\"name\":\"cfeditorfr\"}]}<\/script>\n<!-- \/ Yoast SEO Premium plugin. -->","yoast_head_json":{"title":"rare apparition de Simone Gbagbo - C\u00f4te d&#039;Ivoire","description":"\"Nous sommes encore engag\u00e9s !\". Simone Gbagbo s'est rendue dans sa r\u00e9gion d'origine, \u00e0 Bonoua. L'ex-premi\u00e8re dame et vi ...","robots":{"index":"index","follow":"follow","max-snippet":"max-snippet:-1","max-image-preview":"max-image-preview:large","max-video-preview":"max-video-preview:-1"},"canonical":"https:\/\/www.africa-press.net\/cotedivoire\/video\/rare-apparition-de-simone-gbagbo","og_locale":"fr_FR","og_type":"article","og_title":"rare apparition de Simone Gbagbo","og_description":"\"Nous sommes encore engag\u00e9s !\". Simone Gbagbo s'est rendue dans sa r\u00e9gion d'origine, \u00e0 Bonoua. L'ex-premi\u00e8re dame et vi ...","og_url":"https:\/\/www.africa-press.net\/cotedivoire\/video\/rare-apparition-de-simone-gbagbo","og_site_name":"C\u00f4te d&#039;Ivoire","article_published_time":"2021-08-09T08:37:17+00:00","article_modified_time":"2021-08-09T17:57:41+00:00","og_image":[{"width":1280,"height":720,"url":"https:\/\/static.africa-press.net\/cote\/sites\/43\/2021\/08\/img-6110e83431b9e.jpg","type":"image\/jpeg"}],"author":"cfeditorfr","twitter_card":"summary_large_image","twitter_misc":{"\u00c9crit par":"cfeditorfr"},"schema":{"@context":"https:\/\/schema.org","@graph":[{"@type":"Article","@id":"https:\/\/www.africa-press.net\/cotedivoire\/video\/rare-apparition-de-simone-gbagbo#article","isPartOf":{"@id":"https:\/\/www.africa-press.net\/cotedivoire\/video\/rare-apparition-de-simone-gbagbo"},"author":{"name":"cfeditorfr","@id":"https:\/\/www.africa-press.net\/cotedivoire\/#\/schema\/person\/2b1cf3cd81a31e3cd26889ca66d677f1"},"headline":"rare apparition de Simone Gbagbo","datePublished":"2021-08-09T08:37:17+00:00","dateModified":"2021-08-09T17:57:41+00:00","mainEntityOfPage":{"@id":"https:\/\/www.africa-press.net\/cotedivoire\/video\/rare-apparition-de-simone-gbagbo"},"wordCount":51,"commentCount":0,"image":{"@id":"https:\/\/www.africa-press.net\/cotedivoire\/video\/rare-apparition-de-simone-gbagbo#primaryimage"},"thumbnailUrl":"https:\/\/static.africa-press.net\/cote\/sites\/43\/2021\/08\/img-6110e83431b9e.jpg","keywords":["Africa Press","Africa Press-C\u00f4te d'Ivoire","apparition","C\u00d4TE D'IVOIRE","Gbagbo"],"articleSection":["homepage-french","Toutes les actualit\u00e9s","vid\u00e9o"],"inLanguage":"fr-FR","potentialAction":[{"@type":"CommentAction","name":"Comment","target":["https:\/\/www.africa-press.net\/cotedivoire\/video\/rare-apparition-de-simone-gbagbo#respond"]}]},{"@type":"WebPage","@id":"https:\/\/www.africa-press.net\/cotedivoire\/video\/rare-apparition-de-simone-gbagbo","url":"https:\/\/www.africa-press.net\/cotedivoire\/video\/rare-apparition-de-simone-gbagbo","name":"rare apparition de Simone Gbagbo - C\u00f4te d&#039;Ivoire","isPartOf":{"@id":"https:\/\/www.africa-press.net\/cotedivoire\/#website"},"primaryImageOfPage":{"@id":"https:\/\/www.africa-press.net\/cotedivoire\/video\/rare-apparition-de-simone-gbagbo#primaryimage"},"image":{"@id":"https:\/\/www.africa-press.net\/cotedivoire\/video\/rare-apparition-de-simone-gbagbo#primaryimage"},"thumbnailUrl":"https:\/\/static.africa-press.net\/cote\/sites\/43\/2021\/08\/img-6110e83431b9e.jpg","datePublished":"2021-08-09T08:37:17+00:00","dateModified":"2021-08-09T17:57:41+00:00","author":{"@id":"https:\/\/www.africa-press.net\/cotedivoire\/#\/schema\/person\/2b1cf3cd81a31e3cd26889ca66d677f1"},"description":"\"Nous sommes encore engag\u00e9s !\". Simone Gbagbo s'est rendue dans sa r\u00e9gion d'origine, \u00e0 Bonoua. L'ex-premi\u00e8re dame et vi ...","breadcrumb":{"@id":"https:\/\/www.africa-press.net\/cotedivoire\/video\/rare-apparition-de-simone-gbagbo#breadcrumb"},"inLanguage":"fr-FR","potentialAction":[{"@type":"ReadAction","target":["https:\/\/www.africa-press.net\/cotedivoire\/video\/rare-apparition-de-simone-gbagbo"]}]},{"@type":"ImageObject","inLanguage":"fr-FR","@id":"https:\/\/www.africa-press.net\/cotedivoire\/video\/rare-apparition-de-simone-gbagbo#primaryimage","url":"https:\/\/static.africa-press.net\/cote\/sites\/43\/2021\/08\/img-6110e83431b9e.jpg","contentUrl":"https:\/\/static.africa-press.net\/cote\/sites\/43\/2021\/08\/img-6110e83431b9e.jpg","width":1280,"height":720,"caption":"rare apparition de Simone Gbagbo"},{"@type":"BreadcrumbList","@id":"https:\/\/www.africa-press.net\/cotedivoire\/video\/rare-apparition-de-simone-gbagbo#breadcrumb","itemListElement":[{"@type":"ListItem","position":1,"name":"Accueil","item":"https:\/\/www.africa-press.net\/cotedivoire\/"},{"@type":"ListItem","position":2,"name":"rare apparition de Simone Gbagbo"}]},{"@type":"WebSite","@id":"https:\/\/www.africa-press.net\/cotedivoire\/#website","url":"https:\/\/www.africa-press.net\/cotedivoire\/","name":"C\u00f4te d&#039;Ivoire","description":"Just another Africa News Agency Sites site","potentialAction":[{"@type":"SearchAction","target":{"@type":"EntryPoint","urlTemplate":"https:\/\/www.africa-press.net\/cotedivoire\/?s={search_term_string}"},"query-input":{"@type":"PropertyValueSpecification","valueRequired":true,"valueName":"search_term_string"}}],"inLanguage":"fr-FR"},{"@type":"Person","@id":"https:\/\/www.africa-press.net\/cotedivoire\/#\/schema\/person\/2b1cf3cd81a31e3cd26889ca66d677f1","name":"cfeditorfr"}]}},"_links":{"self":[{"href":"https:\/\/www.africa-press.net\/cotedivoire\/wp-json\/wp\/v2\/posts\/11068","targetHints":{"allow":["GET"]}}],"collection":[{"href":"https:\/\/www.africa-press.net\/cotedivoire\/wp-json\/wp\/v2\/posts"}],"about":[{"href":"https:\/\/www.africa-press.net\/cotedivoire\/wp-json\/wp\/v2\/types\/post"}],"author":[{"embeddable":true,"href":"https:\/\/www.africa-press.net\/cotedivoire\/wp-json\/wp\/v2\/users\/82"}],"replies":[{"embeddable":true,"href":"https:\/\/www.africa-press.net\/cotedivoire\/wp-json\/wp\/v2\/comments?post=11068"}],"version-history":[{"count":0,"href":"https:\/\/www.africa-press.net\/cotedivoire\/wp-json\/wp\/v2\/posts\/11068\/revisions"}],"wp:featuredmedia":[{"embeddable":true,"href":"https:\/\/www.africa-press.net\/cotedivoire\/wp-json\/wp\/v2\/media\/11067"}],"wp:attachment":[{"href":"https:\/\/www.africa-press.net\/cotedivoire\/wp-json\/wp\/v2\/media?parent=11068"}],"wp:term":[{"taxonomy":"category","embeddable":true,"href":"https:\/\/www.africa-press.net\/cotedivoire\/wp-json\/wp\/v2\/categories?post=11068"},{"taxonomy":"post_tag","embeddable":true,"href":"https:\/\/www.africa-press.net\/cotedivoire\/wp-json\/wp\/v2\/tags?post=11068"}],"curies":[{"name":"wp","href":"https:\/\/api.w.org\/{rel}","templated":true}]}}