{"id":11075,"date":"2021-08-09T12:26:20","date_gmt":"2021-08-09T12:26:20","guid":{"rendered":"https:\/\/www.africa-press.net\/cotedivoire\/?p=11075"},"modified":"2021-08-09T17:58:16","modified_gmt":"2021-08-09T17:58:16","slug":"cote-divoire-des-chercheurs-se-prononcent-sur-la-cherte-de-la-vie-et-proposent-des-solutions","status":"publish","type":"post","link":"https:\/\/www.africa-press.net\/cotedivoire\/economie\/cote-divoire-des-chercheurs-se-prononcent-sur-la-cherte-de-la-vie-et-proposent-des-solutions","title":{"rendered":"Des chercheurs se prononcent sur la chert\u00e9 de la vie et proposent des solutions"},"content":{"rendered":"<p><span style=\"color: #ff6600\"><strong><a href=\"https:\/\/www.africa-press.net\/\">Africa-Press<\/a> &#8211; <a href=\"https:\/\/www.africa-press.net\/cotedivoire\">C\u00f4te d&rsquo;Ivoire<\/a>. <\/strong><\/span><b>\u00ab Droit de savoir: Red\u00e9finir un nouveau mod\u00e8le de consommation face \u00e0 la chert\u00e9 de la vie \u00bb.<\/b><\/p>\n<p>C\u2019est l\u2019intitul\u00e9 d\u2019un document de huit pages \u00e9labor\u00e9 par des chercheurs du Centre Suisse de Recherches Scientifiques en C\u00f4te d\u2019Ivoire (CSRS). L\u2019objectif de ce document est d\u2019exposer de mani\u00e8re neutre, scientifique et accessible \u00e0 tous, ce qu\u2019une personne lambda devrait conna\u00eetre sur la chert\u00e9 de la vie.<\/p>\n<p>Le document est constitu\u00e9 de quatre parties principales : (i) Facteurs principaux de la chert\u00e9\u0301 de la vie, (ii) Mode d\u2019acc\u00e8s aux biens et services et comportement des m\u00e9nages, (iii) Cons\u00e9quences et risques de la chert\u00e9\u0301 de la vie et (iv) R\u00e9ponses int\u00e9gr\u00e9es face a\u0300 la chert\u00e9\u0301 de la vie. \u00ab Droit de savoir : Red\u00e9finir un nouveau mod\u00e8le de consommation face \u00e0 la chert\u00e9 de la vie \u00bb est disponible et t\u00e9l\u00e9chargeable gratuitement sur le site web du CSRS (www.csrs.ch).<\/p>\n<p>L\u2019actualit\u00e9 ivoirienne du mois de juillet 2021 a \u00e9t\u00e9 marqu\u00e9e par des d\u00e9bats sur la chert\u00e9 de la vie en C\u00f4te d\u2019Ivoire. Entre une hausse des prix des denr\u00e9es de premi\u00e8re n\u00e9cessit\u00e9 d\u00e9nonc\u00e9e par des consommateurs et un ensemble de mesures prises par le gouvernement de C\u00f4te d\u2019Ivoire, un groupe de chercheurs du CSRS a r\u00e9fl\u00e9chi sur les causes, les cons\u00e9quences et des pistes de solution pour r\u00e9sorber la chert\u00e9 de la vie. \u00ab Pour nous, en tant que chercheurs, il est important face aux probl\u00e8mes sociaux de convoquer la science en vue de produire des \u00e9l\u00e9ments de connaissance utiles \u00e0 la prise de d\u00e9cision et au changement de comportements. C\u2019est ce que nous avons tent\u00e9 de faire en produisant ce document \u00bb, affirme le Professeur Bassirou Bonfoh, \u00e9pid\u00e9miologiste-v\u00e9t\u00e9rinaire.<\/p>\n<p>Le CSRS est une institution de recherche qui a pour mission de g\u00e9n\u00e9rer par la science, des \u00e9vidences cr\u00e9dibles et servir de plateforme de partenariats pour le renforcement des capacit\u00e9s et la traduction des r\u00e9sultats de recherche en action de d\u00e9veloppement intersectoriel en C\u00f4te d\u2019Ivoire et dans la sous-r\u00e9gion ouest Africaine. Ses domaines d\u2019intervention sont la recherche, la formation et les services \u00e0 la demande des communaut\u00e9s, des collectivit\u00e9s, des partenaires au d\u00e9veloppement et des structures techniques des minist\u00e8res.<\/p>\n<p>&nbsp;<\/p>\n","protected":false},"excerpt":{"rendered":"<p>Africa-Press &#8211; C\u00f4te d&rsquo;Ivoire. \u00ab Droit de savoir: Red\u00e9finir un nouveau mod\u00e8le de consommation face \u00e0 la chert\u00e9 de la vie \u00bb. C\u2019est l\u2019intitul\u00e9 d\u2019un document de huit pages \u00e9labor\u00e9 par des chercheurs du Centre Suisse de Recherches Scientifiques en C\u00f4te d\u2019Ivoire (CSRS). L\u2019objectif de ce document est d\u2019exposer de mani\u00e8re neutre, scientifique et accessible [&hellip;]<\/p>\n","protected":false},"author":82,"featured_media":11074,"comment_status":"open","ping_status":"closed","sticky":false,"template":"","format":"standard","meta":{"footnotes":""},"categories":[3,11,10],"tags":[56,63,29],"class_list":["post-11075","post","type-post","status-publish","format-standard","has-post-thumbnail","hentry","category-economie","category-homepage-french","category-toutes-les-actualites","tag-africa-press","tag-africa-press-cote-divoire","tag-cote-divoire"],"yoast_head":"<!-- This site is optimized with the Yoast SEO Premium plugin v26.1 (Yoast SEO v27.0) - https:\/\/yoast.com\/product\/yoast-seo-premium-wordpress\/ -->\n<title>Des chercheurs se prononcent sur la chert\u00e9 de la vie et proposent des solutions - C\u00f4te d&#039;Ivoire<\/title>\n<meta name=\"description\" content=\"\u00ab Droit de savoir: Red\u00e9finir un nouveau mod\u00e8le de consommation face \u00e0 la chert\u00e9 de la vie \u00bb. C\u2019est l\u2019intitul\u00e9 d\u2019 ...\" \/>\n<meta name=\"robots\" content=\"index, follow, max-snippet:-1, max-image-preview:large, max-video-preview:-1\" \/>\n<link rel=\"canonical\" href=\"https:\/\/www.africa-press.net\/cotedivoire\/economie\/cote-divoire-des-chercheurs-se-prononcent-sur-la-cherte-de-la-vie-et-proposent-des-solutions\" \/>\n<meta property=\"og:locale\" content=\"fr_FR\" \/>\n<meta property=\"og:type\" content=\"article\" \/>\n<meta property=\"og:title\" content=\"Des chercheurs se prononcent sur la chert\u00e9 de la vie et proposent des solutions\" \/>\n<meta property=\"og:description\" content=\"\u00ab Droit de savoir: Red\u00e9finir un nouveau mod\u00e8le de consommation face \u00e0 la chert\u00e9 de la vie \u00bb. C\u2019est l\u2019intitul\u00e9 d\u2019 ...\" \/>\n<meta property=\"og:url\" content=\"https:\/\/www.africa-press.net\/cotedivoire\/economie\/cote-divoire-des-chercheurs-se-prononcent-sur-la-cherte-de-la-vie-et-proposent-des-solutions\" \/>\n<meta property=\"og:site_name\" content=\"C\u00f4te d&#039;Ivoire\" \/>\n<meta property=\"article:published_time\" content=\"2021-08-09T12:26:20+00:00\" \/>\n<meta property=\"article:modified_time\" content=\"2021-08-09T17:58:16+00:00\" \/>\n<meta property=\"og:image\" content=\"https:\/\/static.africa-press.net\/cote\/sites\/43\/2021\/08\/img-61111cf7e8541.jpg\" \/>\n\t<meta property=\"og:image:width\" content=\"1097\" \/>\n\t<meta property=\"og:image:height\" content=\"637\" \/>\n\t<meta property=\"og:image:type\" content=\"image\/jpeg\" \/>\n<meta name=\"author\" content=\"cfeditorfr\" \/>\n<meta name=\"twitter:card\" content=\"summary_large_image\" \/>\n<meta name=\"twitter:label1\" content=\"\u00c9crit par\" \/>\n\t<meta name=\"twitter:data1\" content=\"cfeditorfr\" \/>\n\t<meta name=\"twitter:label2\" content=\"Dur\u00e9e de lecture estim\u00e9e\" \/>\n\t<meta name=\"twitter:data2\" content=\"2 minutes\" \/>\n<script type=\"application\/ld+json\" class=\"yoast-schema-graph\">{\"@context\":\"https:\/\/schema.org\",\"@graph\":[{\"@type\":\"Article\",\"@id\":\"https:\/\/www.africa-press.net\/cotedivoire\/economie\/cote-divoire-des-chercheurs-se-prononcent-sur-la-cherte-de-la-vie-et-proposent-des-solutions#article\",\"isPartOf\":{\"@id\":\"https:\/\/www.africa-press.net\/cotedivoire\/economie\/cote-divoire-des-chercheurs-se-prononcent-sur-la-cherte-de-la-vie-et-proposent-des-solutions\"},\"author\":{\"name\":\"cfeditorfr\",\"@id\":\"https:\/\/www.africa-press.net\/cotedivoire\/#\/schema\/person\/2b1cf3cd81a31e3cd26889ca66d677f1\"},\"headline\":\"Des chercheurs se prononcent sur la chert\u00e9 de la vie et proposent des solutions\",\"datePublished\":\"2021-08-09T12:26:20+00:00\",\"dateModified\":\"2021-08-09T17:58:16+00:00\",\"mainEntityOfPage\":{\"@id\":\"https:\/\/www.africa-press.net\/cotedivoire\/economie\/cote-divoire-des-chercheurs-se-prononcent-sur-la-cherte-de-la-vie-et-proposent-des-solutions\"},\"wordCount\":423,\"commentCount\":0,\"image\":{\"@id\":\"https:\/\/www.africa-press.net\/cotedivoire\/economie\/cote-divoire-des-chercheurs-se-prononcent-sur-la-cherte-de-la-vie-et-proposent-des-solutions#primaryimage\"},\"thumbnailUrl\":\"https:\/\/static.africa-press.net\/cote\/sites\/43\/2021\/08\/img-61111cf7e8541.jpg\",\"keywords\":[\"Africa Press\",\"Africa Press-C\u00f4te d'Ivoire\",\"C\u00d4TE D'IVOIRE\"],\"articleSection\":[\"\u00c9conomie\",\"homepage-french\",\"Toutes les actualit\u00e9s\"],\"inLanguage\":\"fr-FR\",\"potentialAction\":[{\"@type\":\"CommentAction\",\"name\":\"Comment\",\"target\":[\"https:\/\/www.africa-press.net\/cotedivoire\/economie\/cote-divoire-des-chercheurs-se-prononcent-sur-la-cherte-de-la-vie-et-proposent-des-solutions#respond\"]}]},{\"@type\":\"WebPage\",\"@id\":\"https:\/\/www.africa-press.net\/cotedivoire\/economie\/cote-divoire-des-chercheurs-se-prononcent-sur-la-cherte-de-la-vie-et-proposent-des-solutions\",\"url\":\"https:\/\/www.africa-press.net\/cotedivoire\/economie\/cote-divoire-des-chercheurs-se-prononcent-sur-la-cherte-de-la-vie-et-proposent-des-solutions\",\"name\":\"Des chercheurs se prononcent sur la chert\u00e9 de la vie et proposent des solutions - C\u00f4te d&#039;Ivoire\",\"isPartOf\":{\"@id\":\"https:\/\/www.africa-press.net\/cotedivoire\/#website\"},\"primaryImageOfPage\":{\"@id\":\"https:\/\/www.africa-press.net\/cotedivoire\/economie\/cote-divoire-des-chercheurs-se-prononcent-sur-la-cherte-de-la-vie-et-proposent-des-solutions#primaryimage\"},\"image\":{\"@id\":\"https:\/\/www.africa-press.net\/cotedivoire\/economie\/cote-divoire-des-chercheurs-se-prononcent-sur-la-cherte-de-la-vie-et-proposent-des-solutions#primaryimage\"},\"thumbnailUrl\":\"https:\/\/static.africa-press.net\/cote\/sites\/43\/2021\/08\/img-61111cf7e8541.jpg\",\"datePublished\":\"2021-08-09T12:26:20+00:00\",\"dateModified\":\"2021-08-09T17:58:16+00:00\",\"author\":{\"@id\":\"https:\/\/www.africa-press.net\/cotedivoire\/#\/schema\/person\/2b1cf3cd81a31e3cd26889ca66d677f1\"},\"description\":\"\u00ab Droit de savoir: Red\u00e9finir un nouveau mod\u00e8le de consommation face \u00e0 la chert\u00e9 de la vie \u00bb. C\u2019est l\u2019intitul\u00e9 d\u2019 ...\",\"breadcrumb\":{\"@id\":\"https:\/\/www.africa-press.net\/cotedivoire\/economie\/cote-divoire-des-chercheurs-se-prononcent-sur-la-cherte-de-la-vie-et-proposent-des-solutions#breadcrumb\"},\"inLanguage\":\"fr-FR\",\"potentialAction\":[{\"@type\":\"ReadAction\",\"target\":[\"https:\/\/www.africa-press.net\/cotedivoire\/economie\/cote-divoire-des-chercheurs-se-prononcent-sur-la-cherte-de-la-vie-et-proposent-des-solutions\"]}]},{\"@type\":\"ImageObject\",\"inLanguage\":\"fr-FR\",\"@id\":\"https:\/\/www.africa-press.net\/cotedivoire\/economie\/cote-divoire-des-chercheurs-se-prononcent-sur-la-cherte-de-la-vie-et-proposent-des-solutions#primaryimage\",\"url\":\"https:\/\/static.africa-press.net\/cote\/sites\/43\/2021\/08\/img-61111cf7e8541.jpg\",\"contentUrl\":\"https:\/\/static.africa-press.net\/cote\/sites\/43\/2021\/08\/img-61111cf7e8541.jpg\",\"width\":1097,\"height\":637,\"caption\":\"C\u00f4te-d\u2019Ivoire: Des chercheurs se prononcent sur la chert\u00e9 de la vie et proposent des solutions\"},{\"@type\":\"BreadcrumbList\",\"@id\":\"https:\/\/www.africa-press.net\/cotedivoire\/economie\/cote-divoire-des-chercheurs-se-prononcent-sur-la-cherte-de-la-vie-et-proposent-des-solutions#breadcrumb\",\"itemListElement\":[{\"@type\":\"ListItem\",\"position\":1,\"name\":\"Accueil\",\"item\":\"https:\/\/www.africa-press.net\/cotedivoire\/\"},{\"@type\":\"ListItem\",\"position\":2,\"name\":\"Des chercheurs se prononcent sur la chert\u00e9 de la vie et proposent des solutions\"}]},{\"@type\":\"WebSite\",\"@id\":\"https:\/\/www.africa-press.net\/cotedivoire\/#website\",\"url\":\"https:\/\/www.africa-press.net\/cotedivoire\/\",\"name\":\"C\u00f4te d&#039;Ivoire\",\"description\":\"Just another Africa News Agency Sites site\",\"potentialAction\":[{\"@type\":\"SearchAction\",\"target\":{\"@type\":\"EntryPoint\",\"urlTemplate\":\"https:\/\/www.africa-press.net\/cotedivoire\/?s={search_term_string}\"},\"query-input\":{\"@type\":\"PropertyValueSpecification\",\"valueRequired\":true,\"valueName\":\"search_term_string\"}}],\"inLanguage\":\"fr-FR\"},{\"@type\":\"Person\",\"@id\":\"https:\/\/www.africa-press.net\/cotedivoire\/#\/schema\/person\/2b1cf3cd81a31e3cd26889ca66d677f1\",\"name\":\"cfeditorfr\"}]}<\/script>\n<!-- \/ Yoast SEO Premium plugin. -->","yoast_head_json":{"title":"Des chercheurs se prononcent sur la chert\u00e9 de la vie et proposent des solutions - C\u00f4te d&#039;Ivoire","description":"\u00ab Droit de savoir: Red\u00e9finir un nouveau mod\u00e8le de consommation face \u00e0 la chert\u00e9 de la vie \u00bb. C\u2019est l\u2019intitul\u00e9 d\u2019 ...","robots":{"index":"index","follow":"follow","max-snippet":"max-snippet:-1","max-image-preview":"max-image-preview:large","max-video-preview":"max-video-preview:-1"},"canonical":"https:\/\/www.africa-press.net\/cotedivoire\/economie\/cote-divoire-des-chercheurs-se-prononcent-sur-la-cherte-de-la-vie-et-proposent-des-solutions","og_locale":"fr_FR","og_type":"article","og_title":"Des chercheurs se prononcent sur la chert\u00e9 de la vie et proposent des solutions","og_description":"\u00ab Droit de savoir: Red\u00e9finir un nouveau mod\u00e8le de consommation face \u00e0 la chert\u00e9 de la vie \u00bb. C\u2019est l\u2019intitul\u00e9 d\u2019 ...","og_url":"https:\/\/www.africa-press.net\/cotedivoire\/economie\/cote-divoire-des-chercheurs-se-prononcent-sur-la-cherte-de-la-vie-et-proposent-des-solutions","og_site_name":"C\u00f4te d&#039;Ivoire","article_published_time":"2021-08-09T12:26:20+00:00","article_modified_time":"2021-08-09T17:58:16+00:00","og_image":[{"width":1097,"height":637,"url":"https:\/\/static.africa-press.net\/cote\/sites\/43\/2021\/08\/img-61111cf7e8541.jpg","type":"image\/jpeg"}],"author":"cfeditorfr","twitter_card":"summary_large_image","twitter_misc":{"\u00c9crit par":"cfeditorfr","Dur\u00e9e de lecture estim\u00e9e":"2 minutes"},"schema":{"@context":"https:\/\/schema.org","@graph":[{"@type":"Article","@id":"https:\/\/www.africa-press.net\/cotedivoire\/economie\/cote-divoire-des-chercheurs-se-prononcent-sur-la-cherte-de-la-vie-et-proposent-des-solutions#article","isPartOf":{"@id":"https:\/\/www.africa-press.net\/cotedivoire\/economie\/cote-divoire-des-chercheurs-se-prononcent-sur-la-cherte-de-la-vie-et-proposent-des-solutions"},"author":{"name":"cfeditorfr","@id":"https:\/\/www.africa-press.net\/cotedivoire\/#\/schema\/person\/2b1cf3cd81a31e3cd26889ca66d677f1"},"headline":"Des chercheurs se prononcent sur la chert\u00e9 de la vie et proposent des solutions","datePublished":"2021-08-09T12:26:20+00:00","dateModified":"2021-08-09T17:58:16+00:00","mainEntityOfPage":{"@id":"https:\/\/www.africa-press.net\/cotedivoire\/economie\/cote-divoire-des-chercheurs-se-prononcent-sur-la-cherte-de-la-vie-et-proposent-des-solutions"},"wordCount":423,"commentCount":0,"image":{"@id":"https:\/\/www.africa-press.net\/cotedivoire\/economie\/cote-divoire-des-chercheurs-se-prononcent-sur-la-cherte-de-la-vie-et-proposent-des-solutions#primaryimage"},"thumbnailUrl":"https:\/\/static.africa-press.net\/cote\/sites\/43\/2021\/08\/img-61111cf7e8541.jpg","keywords":["Africa Press","Africa Press-C\u00f4te d'Ivoire","C\u00d4TE D'IVOIRE"],"articleSection":["\u00c9conomie","homepage-french","Toutes les actualit\u00e9s"],"inLanguage":"fr-FR","potentialAction":[{"@type":"CommentAction","name":"Comment","target":["https:\/\/www.africa-press.net\/cotedivoire\/economie\/cote-divoire-des-chercheurs-se-prononcent-sur-la-cherte-de-la-vie-et-proposent-des-solutions#respond"]}]},{"@type":"WebPage","@id":"https:\/\/www.africa-press.net\/cotedivoire\/economie\/cote-divoire-des-chercheurs-se-prononcent-sur-la-cherte-de-la-vie-et-proposent-des-solutions","url":"https:\/\/www.africa-press.net\/cotedivoire\/economie\/cote-divoire-des-chercheurs-se-prononcent-sur-la-cherte-de-la-vie-et-proposent-des-solutions","name":"Des chercheurs se prononcent sur la chert\u00e9 de la vie et proposent des solutions - C\u00f4te d&#039;Ivoire","isPartOf":{"@id":"https:\/\/www.africa-press.net\/cotedivoire\/#website"},"primaryImageOfPage":{"@id":"https:\/\/www.africa-press.net\/cotedivoire\/economie\/cote-divoire-des-chercheurs-se-prononcent-sur-la-cherte-de-la-vie-et-proposent-des-solutions#primaryimage"},"image":{"@id":"https:\/\/www.africa-press.net\/cotedivoire\/economie\/cote-divoire-des-chercheurs-se-prononcent-sur-la-cherte-de-la-vie-et-proposent-des-solutions#primaryimage"},"thumbnailUrl":"https:\/\/static.africa-press.net\/cote\/sites\/43\/2021\/08\/img-61111cf7e8541.jpg","datePublished":"2021-08-09T12:26:20+00:00","dateModified":"2021-08-09T17:58:16+00:00","author":{"@id":"https:\/\/www.africa-press.net\/cotedivoire\/#\/schema\/person\/2b1cf3cd81a31e3cd26889ca66d677f1"},"description":"\u00ab Droit de savoir: Red\u00e9finir un nouveau mod\u00e8le de consommation face \u00e0 la chert\u00e9 de la vie \u00bb. C\u2019est l\u2019intitul\u00e9 d\u2019 ...","breadcrumb":{"@id":"https:\/\/www.africa-press.net\/cotedivoire\/economie\/cote-divoire-des-chercheurs-se-prononcent-sur-la-cherte-de-la-vie-et-proposent-des-solutions#breadcrumb"},"inLanguage":"fr-FR","potentialAction":[{"@type":"ReadAction","target":["https:\/\/www.africa-press.net\/cotedivoire\/economie\/cote-divoire-des-chercheurs-se-prononcent-sur-la-cherte-de-la-vie-et-proposent-des-solutions"]}]},{"@type":"ImageObject","inLanguage":"fr-FR","@id":"https:\/\/www.africa-press.net\/cotedivoire\/economie\/cote-divoire-des-chercheurs-se-prononcent-sur-la-cherte-de-la-vie-et-proposent-des-solutions#primaryimage","url":"https:\/\/static.africa-press.net\/cote\/sites\/43\/2021\/08\/img-61111cf7e8541.jpg","contentUrl":"https:\/\/static.africa-press.net\/cote\/sites\/43\/2021\/08\/img-61111cf7e8541.jpg","width":1097,"height":637,"caption":"C\u00f4te-d\u2019Ivoire: Des chercheurs se prononcent sur la chert\u00e9 de la vie et proposent des solutions"},{"@type":"BreadcrumbList","@id":"https:\/\/www.africa-press.net\/cotedivoire\/economie\/cote-divoire-des-chercheurs-se-prononcent-sur-la-cherte-de-la-vie-et-proposent-des-solutions#breadcrumb","itemListElement":[{"@type":"ListItem","position":1,"name":"Accueil","item":"https:\/\/www.africa-press.net\/cotedivoire\/"},{"@type":"ListItem","position":2,"name":"Des chercheurs se prononcent sur la chert\u00e9 de la vie et proposent des solutions"}]},{"@type":"WebSite","@id":"https:\/\/www.africa-press.net\/cotedivoire\/#website","url":"https:\/\/www.africa-press.net\/cotedivoire\/","name":"C\u00f4te d&#039;Ivoire","description":"Just another Africa News Agency Sites site","potentialAction":[{"@type":"SearchAction","target":{"@type":"EntryPoint","urlTemplate":"https:\/\/www.africa-press.net\/cotedivoire\/?s={search_term_string}"},"query-input":{"@type":"PropertyValueSpecification","valueRequired":true,"valueName":"search_term_string"}}],"inLanguage":"fr-FR"},{"@type":"Person","@id":"https:\/\/www.africa-press.net\/cotedivoire\/#\/schema\/person\/2b1cf3cd81a31e3cd26889ca66d677f1","name":"cfeditorfr"}]}},"_links":{"self":[{"href":"https:\/\/www.africa-press.net\/cotedivoire\/wp-json\/wp\/v2\/posts\/11075","targetHints":{"allow":["GET"]}}],"collection":[{"href":"https:\/\/www.africa-press.net\/cotedivoire\/wp-json\/wp\/v2\/posts"}],"about":[{"href":"https:\/\/www.africa-press.net\/cotedivoire\/wp-json\/wp\/v2\/types\/post"}],"author":[{"embeddable":true,"href":"https:\/\/www.africa-press.net\/cotedivoire\/wp-json\/wp\/v2\/users\/82"}],"replies":[{"embeddable":true,"href":"https:\/\/www.africa-press.net\/cotedivoire\/wp-json\/wp\/v2\/comments?post=11075"}],"version-history":[{"count":0,"href":"https:\/\/www.africa-press.net\/cotedivoire\/wp-json\/wp\/v2\/posts\/11075\/revisions"}],"wp:featuredmedia":[{"embeddable":true,"href":"https:\/\/www.africa-press.net\/cotedivoire\/wp-json\/wp\/v2\/media\/11074"}],"wp:attachment":[{"href":"https:\/\/www.africa-press.net\/cotedivoire\/wp-json\/wp\/v2\/media?parent=11075"}],"wp:term":[{"taxonomy":"category","embeddable":true,"href":"https:\/\/www.africa-press.net\/cotedivoire\/wp-json\/wp\/v2\/categories?post=11075"},{"taxonomy":"post_tag","embeddable":true,"href":"https:\/\/www.africa-press.net\/cotedivoire\/wp-json\/wp\/v2\/tags?post=11075"}],"curies":[{"name":"wp","href":"https:\/\/api.w.org\/{rel}","templated":true}]}}