{"id":11081,"date":"2021-08-09T12:42:44","date_gmt":"2021-08-09T12:42:44","guid":{"rendered":"https:\/\/www.africa-press.net\/cotedivoire\/?p=11081"},"modified":"2021-08-09T17:58:41","modified_gmt":"2021-08-09T17:58:41","slug":"mediation-entre-ouattara-et-soro-lobognon-rentre-bredouille-apres-une-semaine-a-paris","status":"publish","type":"post","link":"https:\/\/www.africa-press.net\/cotedivoire\/politique\/mediation-entre-ouattara-et-soro-lobognon-rentre-bredouille-apres-une-semaine-a-paris","title":{"rendered":"M\u00e9diation entre Ouattara et Soro\/Lobognon rentre \u00ab\u00a0bredouille\u00a0\u00bb apr\u00e8s une semaine \u00e0 Paris"},"content":{"rendered":"<p><span style=\"color: #ff6600\"><strong><a href=\"https:\/\/www.africa-press.net\/\">Africa-Press<\/a> &#8211; <a href=\"https:\/\/www.africa-press.net\/cotedivoire\">C\u00f4te d&rsquo;Ivoire<\/a>. <\/strong><\/span>Selon nos informations, Alain Lobognon n\u2019a pas pu rencontrer Soro Guillaume, dont nul ne sait avec certitude la position actuelle. Certains le disant en Suisse ou en Turquie, quand d\u2019autres avancent la Guin\u00e9e \u00c9quatoriale ou le Congo de son mentor et ami Sassou-N\u2019Guesso. Toujours est-il que l\u2019ancien ministre des sports qui s\u2019est autoproclam\u00e9 m\u00e9diateur apr\u00e8s son s\u00e9jour carc\u00e9ral, n\u2019a pas pu voir son ancien patron de leurs ann\u00e9es de r\u00e9bellion. L\u2019initiative de l\u2019ex ministre avait d\u2019ailleurs \u00e9t\u00e9 rejet\u00e9e par des proches de Soro d\u00e8s son annonce.<\/p>\n<p><b>Conmmuniqu\u00e9 de Presse de Lobognon 9 ao\u00fbt 2021<\/b><\/p>\n<p>Dans le cadre de l\u2019initiative qu\u2019il a engag\u00e9e d\u00e8s sa sortie de prison afin de mettre fin aux d\u00e9saccords entre le Pr\u00e9sident de la R\u00e9publique, Monsieur Alassane Ouattara et l\u2019ancien Premier Ministre, Monsieur Guillaume Soro, le Ministre Alain Lobognon a s\u00e9journ\u00e9 en Europe du 31 Juillet au 7 Ao\u00fbt 2021.<\/p>\n<p>Le Ministre Alain Lobognon est revenu en C\u00f4te d\u2019Ivoire le Samedi 7 ao\u00fbt 2021.<\/p>\n<p>Le Ministre Alain Lobognon qui poursuit son action invite les Ivoiriens, notamment les partisans de l\u2019apaisement en C\u00f4te d\u2019Ivoire, \u00e0 la s\u00e9r\u00e9nit\u00e9.<\/p>\n<p>&nbsp;<\/p>\n","protected":false},"excerpt":{"rendered":"<p>Africa-Press &#8211; C\u00f4te d&rsquo;Ivoire. Selon nos informations, Alain Lobognon n\u2019a pas pu rencontrer Soro Guillaume, dont nul ne sait avec certitude la position actuelle. Certains le disant en Suisse ou en Turquie, quand d\u2019autres avancent la Guin\u00e9e \u00c9quatoriale ou le Congo de son mentor et ami Sassou-N\u2019Guesso. Toujours est-il que l\u2019ancien ministre des sports qui [&hellip;]<\/p>\n","protected":false},"author":82,"featured_media":11080,"comment_status":"open","ping_status":"closed","sticky":false,"template":"","format":"standard","meta":{"footnotes":""},"categories":[11,2,20,10],"tags":[56,63,29],"class_list":["post-11081","post","type-post","status-publish","format-standard","has-post-thumbnail","hentry","category-homepage-french","category-politique","category-top-nouvelles","category-toutes-les-actualites","tag-africa-press","tag-africa-press-cote-divoire","tag-cote-divoire"],"yoast_head":"<!-- This site is optimized with the Yoast SEO Premium plugin v26.1 (Yoast SEO v27.0) - https:\/\/yoast.com\/product\/yoast-seo-premium-wordpress\/ -->\n<title>M\u00e9diation entre Ouattara et Soro\/Lobognon rentre \u00ab\u00a0bredouille\u00a0\u00bb apr\u00e8s une semaine \u00e0 Paris - C\u00f4te d&#039;Ivoire<\/title>\n<meta name=\"description\" content=\"Selon nos informations, Alain Lobognon n\u2019a pas pu rencontrer Soro Guillaume, dont nul ne sait avec certitude la position ...\" \/>\n<meta name=\"robots\" content=\"index, follow, max-snippet:-1, max-image-preview:large, max-video-preview:-1\" \/>\n<link rel=\"canonical\" href=\"https:\/\/www.africa-press.net\/cotedivoire\/politique\/mediation-entre-ouattara-et-soro-lobognon-rentre-bredouille-apres-une-semaine-a-paris\" \/>\n<meta property=\"og:locale\" content=\"fr_FR\" \/>\n<meta property=\"og:type\" content=\"article\" \/>\n<meta property=\"og:title\" content=\"M\u00e9diation entre Ouattara et Soro\/Lobognon rentre \u00ab\u00a0bredouille\u00a0\u00bb apr\u00e8s une semaine \u00e0 Paris\" \/>\n<meta property=\"og:description\" content=\"Selon nos informations, Alain Lobognon n\u2019a pas pu rencontrer Soro Guillaume, dont nul ne sait avec certitude la position ...\" \/>\n<meta property=\"og:url\" content=\"https:\/\/www.africa-press.net\/cotedivoire\/politique\/mediation-entre-ouattara-et-soro-lobognon-rentre-bredouille-apres-une-semaine-a-paris\" \/>\n<meta property=\"og:site_name\" content=\"C\u00f4te d&#039;Ivoire\" \/>\n<meta property=\"article:published_time\" content=\"2021-08-09T12:42:44+00:00\" \/>\n<meta property=\"article:modified_time\" content=\"2021-08-09T17:58:41+00:00\" \/>\n<meta property=\"og:image\" content=\"https:\/\/static.africa-press.net\/cote\/sites\/43\/2021\/08\/img-61111d8e981bc.jpg\" \/>\n\t<meta property=\"og:image:width\" content=\"720\" \/>\n\t<meta property=\"og:image:height\" content=\"720\" \/>\n\t<meta property=\"og:image:type\" content=\"image\/jpeg\" \/>\n<meta name=\"author\" content=\"cfeditorfr\" \/>\n<meta name=\"twitter:card\" content=\"summary_large_image\" \/>\n<meta name=\"twitter:label1\" content=\"\u00c9crit par\" \/>\n\t<meta name=\"twitter:data1\" content=\"cfeditorfr\" \/>\n\t<meta name=\"twitter:label2\" content=\"Dur\u00e9e de lecture estim\u00e9e\" \/>\n\t<meta name=\"twitter:data2\" content=\"1 minute\" \/>\n<script type=\"application\/ld+json\" class=\"yoast-schema-graph\">{\"@context\":\"https:\/\/schema.org\",\"@graph\":[{\"@type\":\"Article\",\"@id\":\"https:\/\/www.africa-press.net\/cotedivoire\/politique\/mediation-entre-ouattara-et-soro-lobognon-rentre-bredouille-apres-une-semaine-a-paris#article\",\"isPartOf\":{\"@id\":\"https:\/\/www.africa-press.net\/cotedivoire\/politique\/mediation-entre-ouattara-et-soro-lobognon-rentre-bredouille-apres-une-semaine-a-paris\"},\"author\":{\"name\":\"cfeditorfr\",\"@id\":\"https:\/\/www.africa-press.net\/cotedivoire\/#\/schema\/person\/2b1cf3cd81a31e3cd26889ca66d677f1\"},\"headline\":\"M\u00e9diation entre Ouattara et Soro\/Lobognon rentre \u00ab\u00a0bredouille\u00a0\u00bb apr\u00e8s une semaine \u00e0 Paris\",\"datePublished\":\"2021-08-09T12:42:44+00:00\",\"dateModified\":\"2021-08-09T17:58:41+00:00\",\"mainEntityOfPage\":{\"@id\":\"https:\/\/www.africa-press.net\/cotedivoire\/politique\/mediation-entre-ouattara-et-soro-lobognon-rentre-bredouille-apres-une-semaine-a-paris\"},\"wordCount\":230,\"commentCount\":0,\"image\":{\"@id\":\"https:\/\/www.africa-press.net\/cotedivoire\/politique\/mediation-entre-ouattara-et-soro-lobognon-rentre-bredouille-apres-une-semaine-a-paris#primaryimage\"},\"thumbnailUrl\":\"https:\/\/static.africa-press.net\/cote\/sites\/43\/2021\/08\/img-61111d8e981bc.jpg\",\"keywords\":[\"Africa Press\",\"Africa Press-C\u00f4te d'Ivoire\",\"C\u00d4TE D'IVOIRE\"],\"articleSection\":[\"homepage-french\",\"Politique\",\"Top Nouvelles\",\"Toutes les actualit\u00e9s\"],\"inLanguage\":\"fr-FR\",\"potentialAction\":[{\"@type\":\"CommentAction\",\"name\":\"Comment\",\"target\":[\"https:\/\/www.africa-press.net\/cotedivoire\/politique\/mediation-entre-ouattara-et-soro-lobognon-rentre-bredouille-apres-une-semaine-a-paris#respond\"]}]},{\"@type\":\"WebPage\",\"@id\":\"https:\/\/www.africa-press.net\/cotedivoire\/politique\/mediation-entre-ouattara-et-soro-lobognon-rentre-bredouille-apres-une-semaine-a-paris\",\"url\":\"https:\/\/www.africa-press.net\/cotedivoire\/politique\/mediation-entre-ouattara-et-soro-lobognon-rentre-bredouille-apres-une-semaine-a-paris\",\"name\":\"M\u00e9diation entre Ouattara et Soro\/Lobognon rentre \u00ab\u00a0bredouille\u00a0\u00bb apr\u00e8s une semaine \u00e0 Paris - C\u00f4te d&#039;Ivoire\",\"isPartOf\":{\"@id\":\"https:\/\/www.africa-press.net\/cotedivoire\/#website\"},\"primaryImageOfPage\":{\"@id\":\"https:\/\/www.africa-press.net\/cotedivoire\/politique\/mediation-entre-ouattara-et-soro-lobognon-rentre-bredouille-apres-une-semaine-a-paris#primaryimage\"},\"image\":{\"@id\":\"https:\/\/www.africa-press.net\/cotedivoire\/politique\/mediation-entre-ouattara-et-soro-lobognon-rentre-bredouille-apres-une-semaine-a-paris#primaryimage\"},\"thumbnailUrl\":\"https:\/\/static.africa-press.net\/cote\/sites\/43\/2021\/08\/img-61111d8e981bc.jpg\",\"datePublished\":\"2021-08-09T12:42:44+00:00\",\"dateModified\":\"2021-08-09T17:58:41+00:00\",\"author\":{\"@id\":\"https:\/\/www.africa-press.net\/cotedivoire\/#\/schema\/person\/2b1cf3cd81a31e3cd26889ca66d677f1\"},\"description\":\"Selon nos informations, Alain Lobognon n\u2019a pas pu rencontrer Soro Guillaume, dont nul ne sait avec certitude la position ...\",\"breadcrumb\":{\"@id\":\"https:\/\/www.africa-press.net\/cotedivoire\/politique\/mediation-entre-ouattara-et-soro-lobognon-rentre-bredouille-apres-une-semaine-a-paris#breadcrumb\"},\"inLanguage\":\"fr-FR\",\"potentialAction\":[{\"@type\":\"ReadAction\",\"target\":[\"https:\/\/www.africa-press.net\/cotedivoire\/politique\/mediation-entre-ouattara-et-soro-lobognon-rentre-bredouille-apres-une-semaine-a-paris\"]}]},{\"@type\":\"ImageObject\",\"inLanguage\":\"fr-FR\",\"@id\":\"https:\/\/www.africa-press.net\/cotedivoire\/politique\/mediation-entre-ouattara-et-soro-lobognon-rentre-bredouille-apres-une-semaine-a-paris#primaryimage\",\"url\":\"https:\/\/static.africa-press.net\/cote\/sites\/43\/2021\/08\/img-61111d8e981bc.jpg\",\"contentUrl\":\"https:\/\/static.africa-press.net\/cote\/sites\/43\/2021\/08\/img-61111d8e981bc.jpg\",\"width\":720,\"height\":720,\"caption\":\"M\u00e9diation entre Ouattara et Soro\/Lobognon rentre \u00ab\u00a0bredouille\u00a0\u00bb apr\u00e8s une semaine \u00e0 Paris\"},{\"@type\":\"BreadcrumbList\",\"@id\":\"https:\/\/www.africa-press.net\/cotedivoire\/politique\/mediation-entre-ouattara-et-soro-lobognon-rentre-bredouille-apres-une-semaine-a-paris#breadcrumb\",\"itemListElement\":[{\"@type\":\"ListItem\",\"position\":1,\"name\":\"Accueil\",\"item\":\"https:\/\/www.africa-press.net\/cotedivoire\/\"},{\"@type\":\"ListItem\",\"position\":2,\"name\":\"M\u00e9diation entre Ouattara et Soro\/Lobognon rentre \u00ab\u00a0bredouille\u00a0\u00bb apr\u00e8s une semaine \u00e0 Paris\"}]},{\"@type\":\"WebSite\",\"@id\":\"https:\/\/www.africa-press.net\/cotedivoire\/#website\",\"url\":\"https:\/\/www.africa-press.net\/cotedivoire\/\",\"name\":\"C\u00f4te d&#039;Ivoire\",\"description\":\"Just another Africa News Agency Sites site\",\"potentialAction\":[{\"@type\":\"SearchAction\",\"target\":{\"@type\":\"EntryPoint\",\"urlTemplate\":\"https:\/\/www.africa-press.net\/cotedivoire\/?s={search_term_string}\"},\"query-input\":{\"@type\":\"PropertyValueSpecification\",\"valueRequired\":true,\"valueName\":\"search_term_string\"}}],\"inLanguage\":\"fr-FR\"},{\"@type\":\"Person\",\"@id\":\"https:\/\/www.africa-press.net\/cotedivoire\/#\/schema\/person\/2b1cf3cd81a31e3cd26889ca66d677f1\",\"name\":\"cfeditorfr\"}]}<\/script>\n<!-- \/ Yoast SEO Premium plugin. -->","yoast_head_json":{"title":"M\u00e9diation entre Ouattara et Soro\/Lobognon rentre \u00ab\u00a0bredouille\u00a0\u00bb apr\u00e8s une semaine \u00e0 Paris - C\u00f4te d&#039;Ivoire","description":"Selon nos informations, Alain Lobognon n\u2019a pas pu rencontrer Soro Guillaume, dont nul ne sait avec certitude la position ...","robots":{"index":"index","follow":"follow","max-snippet":"max-snippet:-1","max-image-preview":"max-image-preview:large","max-video-preview":"max-video-preview:-1"},"canonical":"https:\/\/www.africa-press.net\/cotedivoire\/politique\/mediation-entre-ouattara-et-soro-lobognon-rentre-bredouille-apres-une-semaine-a-paris","og_locale":"fr_FR","og_type":"article","og_title":"M\u00e9diation entre Ouattara et Soro\/Lobognon rentre \u00ab\u00a0bredouille\u00a0\u00bb apr\u00e8s une semaine \u00e0 Paris","og_description":"Selon nos informations, Alain Lobognon n\u2019a pas pu rencontrer Soro Guillaume, dont nul ne sait avec certitude la position ...","og_url":"https:\/\/www.africa-press.net\/cotedivoire\/politique\/mediation-entre-ouattara-et-soro-lobognon-rentre-bredouille-apres-une-semaine-a-paris","og_site_name":"C\u00f4te d&#039;Ivoire","article_published_time":"2021-08-09T12:42:44+00:00","article_modified_time":"2021-08-09T17:58:41+00:00","og_image":[{"width":720,"height":720,"url":"https:\/\/static.africa-press.net\/cote\/sites\/43\/2021\/08\/img-61111d8e981bc.jpg","type":"image\/jpeg"}],"author":"cfeditorfr","twitter_card":"summary_large_image","twitter_misc":{"\u00c9crit par":"cfeditorfr","Dur\u00e9e de lecture estim\u00e9e":"1 minute"},"schema":{"@context":"https:\/\/schema.org","@graph":[{"@type":"Article","@id":"https:\/\/www.africa-press.net\/cotedivoire\/politique\/mediation-entre-ouattara-et-soro-lobognon-rentre-bredouille-apres-une-semaine-a-paris#article","isPartOf":{"@id":"https:\/\/www.africa-press.net\/cotedivoire\/politique\/mediation-entre-ouattara-et-soro-lobognon-rentre-bredouille-apres-une-semaine-a-paris"},"author":{"name":"cfeditorfr","@id":"https:\/\/www.africa-press.net\/cotedivoire\/#\/schema\/person\/2b1cf3cd81a31e3cd26889ca66d677f1"},"headline":"M\u00e9diation entre Ouattara et Soro\/Lobognon rentre \u00ab\u00a0bredouille\u00a0\u00bb apr\u00e8s une semaine \u00e0 Paris","datePublished":"2021-08-09T12:42:44+00:00","dateModified":"2021-08-09T17:58:41+00:00","mainEntityOfPage":{"@id":"https:\/\/www.africa-press.net\/cotedivoire\/politique\/mediation-entre-ouattara-et-soro-lobognon-rentre-bredouille-apres-une-semaine-a-paris"},"wordCount":230,"commentCount":0,"image":{"@id":"https:\/\/www.africa-press.net\/cotedivoire\/politique\/mediation-entre-ouattara-et-soro-lobognon-rentre-bredouille-apres-une-semaine-a-paris#primaryimage"},"thumbnailUrl":"https:\/\/static.africa-press.net\/cote\/sites\/43\/2021\/08\/img-61111d8e981bc.jpg","keywords":["Africa Press","Africa Press-C\u00f4te d'Ivoire","C\u00d4TE D'IVOIRE"],"articleSection":["homepage-french","Politique","Top Nouvelles","Toutes les actualit\u00e9s"],"inLanguage":"fr-FR","potentialAction":[{"@type":"CommentAction","name":"Comment","target":["https:\/\/www.africa-press.net\/cotedivoire\/politique\/mediation-entre-ouattara-et-soro-lobognon-rentre-bredouille-apres-une-semaine-a-paris#respond"]}]},{"@type":"WebPage","@id":"https:\/\/www.africa-press.net\/cotedivoire\/politique\/mediation-entre-ouattara-et-soro-lobognon-rentre-bredouille-apres-une-semaine-a-paris","url":"https:\/\/www.africa-press.net\/cotedivoire\/politique\/mediation-entre-ouattara-et-soro-lobognon-rentre-bredouille-apres-une-semaine-a-paris","name":"M\u00e9diation entre Ouattara et Soro\/Lobognon rentre \u00ab\u00a0bredouille\u00a0\u00bb apr\u00e8s une semaine \u00e0 Paris - C\u00f4te d&#039;Ivoire","isPartOf":{"@id":"https:\/\/www.africa-press.net\/cotedivoire\/#website"},"primaryImageOfPage":{"@id":"https:\/\/www.africa-press.net\/cotedivoire\/politique\/mediation-entre-ouattara-et-soro-lobognon-rentre-bredouille-apres-une-semaine-a-paris#primaryimage"},"image":{"@id":"https:\/\/www.africa-press.net\/cotedivoire\/politique\/mediation-entre-ouattara-et-soro-lobognon-rentre-bredouille-apres-une-semaine-a-paris#primaryimage"},"thumbnailUrl":"https:\/\/static.africa-press.net\/cote\/sites\/43\/2021\/08\/img-61111d8e981bc.jpg","datePublished":"2021-08-09T12:42:44+00:00","dateModified":"2021-08-09T17:58:41+00:00","author":{"@id":"https:\/\/www.africa-press.net\/cotedivoire\/#\/schema\/person\/2b1cf3cd81a31e3cd26889ca66d677f1"},"description":"Selon nos informations, Alain Lobognon n\u2019a pas pu rencontrer Soro Guillaume, dont nul ne sait avec certitude la position ...","breadcrumb":{"@id":"https:\/\/www.africa-press.net\/cotedivoire\/politique\/mediation-entre-ouattara-et-soro-lobognon-rentre-bredouille-apres-une-semaine-a-paris#breadcrumb"},"inLanguage":"fr-FR","potentialAction":[{"@type":"ReadAction","target":["https:\/\/www.africa-press.net\/cotedivoire\/politique\/mediation-entre-ouattara-et-soro-lobognon-rentre-bredouille-apres-une-semaine-a-paris"]}]},{"@type":"ImageObject","inLanguage":"fr-FR","@id":"https:\/\/www.africa-press.net\/cotedivoire\/politique\/mediation-entre-ouattara-et-soro-lobognon-rentre-bredouille-apres-une-semaine-a-paris#primaryimage","url":"https:\/\/static.africa-press.net\/cote\/sites\/43\/2021\/08\/img-61111d8e981bc.jpg","contentUrl":"https:\/\/static.africa-press.net\/cote\/sites\/43\/2021\/08\/img-61111d8e981bc.jpg","width":720,"height":720,"caption":"M\u00e9diation entre Ouattara et Soro\/Lobognon rentre \u00ab\u00a0bredouille\u00a0\u00bb apr\u00e8s une semaine \u00e0 Paris"},{"@type":"BreadcrumbList","@id":"https:\/\/www.africa-press.net\/cotedivoire\/politique\/mediation-entre-ouattara-et-soro-lobognon-rentre-bredouille-apres-une-semaine-a-paris#breadcrumb","itemListElement":[{"@type":"ListItem","position":1,"name":"Accueil","item":"https:\/\/www.africa-press.net\/cotedivoire\/"},{"@type":"ListItem","position":2,"name":"M\u00e9diation entre Ouattara et Soro\/Lobognon rentre \u00ab\u00a0bredouille\u00a0\u00bb apr\u00e8s une semaine \u00e0 Paris"}]},{"@type":"WebSite","@id":"https:\/\/www.africa-press.net\/cotedivoire\/#website","url":"https:\/\/www.africa-press.net\/cotedivoire\/","name":"C\u00f4te d&#039;Ivoire","description":"Just another Africa News Agency Sites site","potentialAction":[{"@type":"SearchAction","target":{"@type":"EntryPoint","urlTemplate":"https:\/\/www.africa-press.net\/cotedivoire\/?s={search_term_string}"},"query-input":{"@type":"PropertyValueSpecification","valueRequired":true,"valueName":"search_term_string"}}],"inLanguage":"fr-FR"},{"@type":"Person","@id":"https:\/\/www.africa-press.net\/cotedivoire\/#\/schema\/person\/2b1cf3cd81a31e3cd26889ca66d677f1","name":"cfeditorfr"}]}},"_links":{"self":[{"href":"https:\/\/www.africa-press.net\/cotedivoire\/wp-json\/wp\/v2\/posts\/11081","targetHints":{"allow":["GET"]}}],"collection":[{"href":"https:\/\/www.africa-press.net\/cotedivoire\/wp-json\/wp\/v2\/posts"}],"about":[{"href":"https:\/\/www.africa-press.net\/cotedivoire\/wp-json\/wp\/v2\/types\/post"}],"author":[{"embeddable":true,"href":"https:\/\/www.africa-press.net\/cotedivoire\/wp-json\/wp\/v2\/users\/82"}],"replies":[{"embeddable":true,"href":"https:\/\/www.africa-press.net\/cotedivoire\/wp-json\/wp\/v2\/comments?post=11081"}],"version-history":[{"count":0,"href":"https:\/\/www.africa-press.net\/cotedivoire\/wp-json\/wp\/v2\/posts\/11081\/revisions"}],"wp:featuredmedia":[{"embeddable":true,"href":"https:\/\/www.africa-press.net\/cotedivoire\/wp-json\/wp\/v2\/media\/11080"}],"wp:attachment":[{"href":"https:\/\/www.africa-press.net\/cotedivoire\/wp-json\/wp\/v2\/media?parent=11081"}],"wp:term":[{"taxonomy":"category","embeddable":true,"href":"https:\/\/www.africa-press.net\/cotedivoire\/wp-json\/wp\/v2\/categories?post=11081"},{"taxonomy":"post_tag","embeddable":true,"href":"https:\/\/www.africa-press.net\/cotedivoire\/wp-json\/wp\/v2\/tags?post=11081"}],"curies":[{"name":"wp","href":"https:\/\/api.w.org\/{rel}","templated":true}]}}