{"id":11086,"date":"2021-08-09T13:11:01","date_gmt":"2021-08-09T13:11:01","guid":{"rendered":"https:\/\/www.africa-press.net\/cotedivoire\/?p=11086"},"modified":"2021-08-09T17:58:52","modified_gmt":"2021-08-09T17:58:52","slug":"washington-d-c-la-residence-des-ambassadeurs-de-cote-divoire-rachetee-a-chiang-kai-shek-rehabilitee-apres-21-ans","status":"publish","type":"post","link":"https:\/\/www.africa-press.net\/cotedivoire\/politique\/washington-d-c-la-residence-des-ambassadeurs-de-cote-divoire-rachetee-a-chiang-kai-shek-rehabilitee-apres-21-ans","title":{"rendered":"Washington, D.C: La r\u00e9sidence des ambassadeurs de C\u00f4te d\u2019Ivoire rachet\u00e9e \u00e0 Chiang Kai-Shek, r\u00e9habilit\u00e9e apr\u00e8s 21 ans"},"content":{"rendered":"<p><span style=\"color: #ff6600\"><strong><a href=\"https:\/\/www.africa-press.net\/\">Africa-Press<\/a> &#8211; <a href=\"https:\/\/www.africa-press.net\/cotedivoire\">C\u00f4te d&rsquo;Ivoire<\/a>. <\/strong><\/span>La r\u00e9sidence des Ambassadeurs de C\u00f4te d\u2019Ivoire compl\u00e8tement<\/p>\n<p>r\u00e9habilit\u00e9e, apr\u00e8s 21 ans de d\u00e9saffection<\/p>\n<p>Il aura fallu deux ans de travaux pour r\u00e9habiliter 95 % de la r\u00e9sidence<\/p>\n<p>des Ambassadeurs de C\u00f4te d\u2019Ivoire aux \u00c9tats-Unis d\u2019Am\u00e9rique,<\/p>\n<p>inhabit\u00e9e depuis\u2026 vingt-et-un ans.<\/p>\n<p>L\u2019histoire de cette r\u00e9sidence commence dans les ann\u00e9es 70. La C\u00f4te<\/p>\n<p>d\u2019Ivoire est en plein essor \u00e9conomique. On parle alors de miracle<\/p>\n<p>ivoirien. Dans sa vision, le pr\u00e9sident F\u00e9lix Houphou\u00ebt-Boigny manifeste<\/p>\n<p>la volont\u00e9 de mettre sous pavillon ivoirien toutes les r\u00e9sidences abritant<\/p>\n<p>les Chancelleries de son pays.<\/p>\n<p>Ainsi, en octobre 1972, la C\u00f4te d\u2019Ivoire ach\u00e8te, au leader du Parti<\/p>\n<p>nationaliste chinois Chiang Kai-Shek, cette propri\u00e9t\u00e9 situ\u00e9e au 5111<\/p>\n<p>Broad Branch Road, perch\u00e9e sur une colline tr\u00e8s bois\u00e9e, dans le<\/p>\n<p>quartier chic de Chevy Chase \u00e0 Washington D.C. Cette acquisition est<\/p>\n<p>applaudie et accueillie avec fiert\u00e9 par la petite communaut\u00e9 ivoirienne<\/p>\n<p>d\u2019alors, estim\u00e9e \u00e0 100 \u00e2mes dans la r\u00e9gion de Washington DC Metro.<\/p>\n<p>Le premier locataire de cette r\u00e9sidence fut S.E.M. Ahoua N\u2019guetta, et le<\/p>\n<p>dernier, S.E.M Youssoufou Joseph Bamba, en 2000.<\/p>\n<p>Le pr\u00e9sident Alassane Ouattara lors de sa premi\u00e8re visite officielle le 29<\/p>\n<p>juillet 2011, sur invitation du Pr\u00e9sident Obama, avait demand\u00e9 la<\/p>\n<p>r\u00e9habilitation de cette r\u00e9sidence, b\u00e2tie sur un espace total de 1 000<\/p>\n<p>m\u00e8tres carr\u00e9s.<\/p>\n<p>En janvier 2012, l\u2019 entrepreneur retenu pour les travaux n\u2019a pas pu le<\/p>\n<p>faire pour des raisons administratives \u2026.six ans plus tard \u00e0 la prise de<\/p>\n<p>fonction de nouvel Ambassadeur de C\u00f4te d\u2019Ivoire, S.E.M Mamadou<\/p>\n<p>Ha\u00efdara,<\/p>\n<p>En f\u00e9vrier 2019, apr\u00e8s un nouvel appel d\u2019offres, commence, de fa\u00e7on<\/p>\n<p>effective, la r\u00e9habilitation.<\/p>\n<p>Deux ans apr\u00e8s, au r\u00e9sultat, une r\u00e9sidence remise en \u00e9tat, avec un tr\u00e8s<\/p>\n<p>bel \u00e9clat. Et L\u2019Ambassadeur a fait la reception provisoire du b\u00e2timent<\/p>\n<p>principal , en attendant la fin des travaux des b\u00e2timents annexes que<\/p>\n<p>sont les appartements des h\u00f4tes et du personnel.<\/p>\n<p>Service Com Ambassade de C\u00f4te d\u2019Ivoire aux Usa<\/p>\n","protected":false},"excerpt":{"rendered":"<p>Africa-Press &#8211; C\u00f4te d&rsquo;Ivoire. La r\u00e9sidence des Ambassadeurs de C\u00f4te d\u2019Ivoire compl\u00e8tement r\u00e9habilit\u00e9e, apr\u00e8s 21 ans de d\u00e9saffection Il aura fallu deux ans de travaux pour r\u00e9habiliter 95 % de la r\u00e9sidence des Ambassadeurs de C\u00f4te d\u2019Ivoire aux \u00c9tats-Unis d\u2019Am\u00e9rique, inhabit\u00e9e depuis\u2026 vingt-et-un ans. L\u2019histoire de cette r\u00e9sidence commence dans les ann\u00e9es 70. La C\u00f4te [&hellip;]<\/p>\n","protected":false},"author":82,"featured_media":11085,"comment_status":"open","ping_status":"closed","sticky":false,"template":"","format":"standard","meta":{"footnotes":""},"categories":[11,2,10],"tags":[56,63,29],"class_list":["post-11086","post","type-post","status-publish","format-standard","has-post-thumbnail","hentry","category-homepage-french","category-politique","category-toutes-les-actualites","tag-africa-press","tag-africa-press-cote-divoire","tag-cote-divoire"],"yoast_head":"<!-- This site is optimized with the Yoast SEO Premium plugin v26.1 (Yoast SEO v27.0) - https:\/\/yoast.com\/product\/yoast-seo-premium-wordpress\/ -->\n<title>Washington, D.C: La r\u00e9sidence des ambassadeurs de C\u00f4te d\u2019Ivoire rachet\u00e9e \u00e0 Chiang Kai-Shek, r\u00e9habilit\u00e9e apr\u00e8s 21 ans - C\u00f4te d&#039;Ivoire<\/title>\n<meta name=\"description\" content=\"La r\u00e9sidence des Ambassadeurs de C\u00f4te d\u2019Ivoire compl\u00e8tement r\u00e9habilit\u00e9e, apr\u00e8s 21 ans de d\u00e9saffection Il aura fallu de ...\" \/>\n<meta name=\"robots\" content=\"index, follow, max-snippet:-1, max-image-preview:large, max-video-preview:-1\" \/>\n<link rel=\"canonical\" href=\"https:\/\/www.africa-press.net\/cotedivoire\/politique\/washington-d-c-la-residence-des-ambassadeurs-de-cote-divoire-rachetee-a-chiang-kai-shek-rehabilitee-apres-21-ans\" \/>\n<meta property=\"og:locale\" content=\"fr_FR\" \/>\n<meta property=\"og:type\" content=\"article\" \/>\n<meta property=\"og:title\" content=\"Washington, D.C: La r\u00e9sidence des ambassadeurs de C\u00f4te d\u2019Ivoire rachet\u00e9e \u00e0 Chiang Kai-Shek, r\u00e9habilit\u00e9e apr\u00e8s 21 ans\" \/>\n<meta property=\"og:description\" content=\"La r\u00e9sidence des Ambassadeurs de C\u00f4te d\u2019Ivoire compl\u00e8tement r\u00e9habilit\u00e9e, apr\u00e8s 21 ans de d\u00e9saffection Il aura fallu de ...\" \/>\n<meta property=\"og:url\" content=\"https:\/\/www.africa-press.net\/cotedivoire\/politique\/washington-d-c-la-residence-des-ambassadeurs-de-cote-divoire-rachetee-a-chiang-kai-shek-rehabilitee-apres-21-ans\" \/>\n<meta property=\"og:site_name\" content=\"C\u00f4te d&#039;Ivoire\" \/>\n<meta property=\"article:published_time\" content=\"2021-08-09T13:11:01+00:00\" \/>\n<meta property=\"article:modified_time\" content=\"2021-08-09T17:58:52+00:00\" \/>\n<meta property=\"og:image\" content=\"https:\/\/static.africa-press.net\/cote\/sites\/43\/2021\/08\/img-61112287a4f37.jpg\" \/>\n\t<meta property=\"og:image:width\" content=\"1200\" \/>\n\t<meta property=\"og:image:height\" content=\"800\" \/>\n\t<meta property=\"og:image:type\" content=\"image\/jpeg\" \/>\n<meta name=\"author\" content=\"cfeditorfr\" \/>\n<meta name=\"twitter:card\" content=\"summary_large_image\" \/>\n<meta name=\"twitter:label1\" content=\"\u00c9crit par\" \/>\n\t<meta name=\"twitter:data1\" content=\"cfeditorfr\" \/>\n\t<meta name=\"twitter:label2\" content=\"Dur\u00e9e de lecture estim\u00e9e\" \/>\n\t<meta name=\"twitter:data2\" content=\"2 minutes\" \/>\n<script type=\"application\/ld+json\" class=\"yoast-schema-graph\">{\"@context\":\"https:\/\/schema.org\",\"@graph\":[{\"@type\":\"Article\",\"@id\":\"https:\/\/www.africa-press.net\/cotedivoire\/politique\/washington-d-c-la-residence-des-ambassadeurs-de-cote-divoire-rachetee-a-chiang-kai-shek-rehabilitee-apres-21-ans#article\",\"isPartOf\":{\"@id\":\"https:\/\/www.africa-press.net\/cotedivoire\/politique\/washington-d-c-la-residence-des-ambassadeurs-de-cote-divoire-rachetee-a-chiang-kai-shek-rehabilitee-apres-21-ans\"},\"author\":{\"name\":\"cfeditorfr\",\"@id\":\"https:\/\/www.africa-press.net\/cotedivoire\/#\/schema\/person\/2b1cf3cd81a31e3cd26889ca66d677f1\"},\"headline\":\"Washington, D.C: La r\u00e9sidence des ambassadeurs de C\u00f4te d\u2019Ivoire rachet\u00e9e \u00e0 Chiang Kai-Shek, r\u00e9habilit\u00e9e apr\u00e8s 21 ans\",\"datePublished\":\"2021-08-09T13:11:01+00:00\",\"dateModified\":\"2021-08-09T17:58:52+00:00\",\"mainEntityOfPage\":{\"@id\":\"https:\/\/www.africa-press.net\/cotedivoire\/politique\/washington-d-c-la-residence-des-ambassadeurs-de-cote-divoire-rachetee-a-chiang-kai-shek-rehabilitee-apres-21-ans\"},\"wordCount\":391,\"commentCount\":0,\"image\":{\"@id\":\"https:\/\/www.africa-press.net\/cotedivoire\/politique\/washington-d-c-la-residence-des-ambassadeurs-de-cote-divoire-rachetee-a-chiang-kai-shek-rehabilitee-apres-21-ans#primaryimage\"},\"thumbnailUrl\":\"https:\/\/static.africa-press.net\/cote\/sites\/43\/2021\/08\/img-61112287a4f37.jpg\",\"keywords\":[\"Africa Press\",\"Africa Press-C\u00f4te d'Ivoire\",\"C\u00d4TE D'IVOIRE\"],\"articleSection\":[\"homepage-french\",\"Politique\",\"Toutes les actualit\u00e9s\"],\"inLanguage\":\"fr-FR\",\"potentialAction\":[{\"@type\":\"CommentAction\",\"name\":\"Comment\",\"target\":[\"https:\/\/www.africa-press.net\/cotedivoire\/politique\/washington-d-c-la-residence-des-ambassadeurs-de-cote-divoire-rachetee-a-chiang-kai-shek-rehabilitee-apres-21-ans#respond\"]}]},{\"@type\":\"WebPage\",\"@id\":\"https:\/\/www.africa-press.net\/cotedivoire\/politique\/washington-d-c-la-residence-des-ambassadeurs-de-cote-divoire-rachetee-a-chiang-kai-shek-rehabilitee-apres-21-ans\",\"url\":\"https:\/\/www.africa-press.net\/cotedivoire\/politique\/washington-d-c-la-residence-des-ambassadeurs-de-cote-divoire-rachetee-a-chiang-kai-shek-rehabilitee-apres-21-ans\",\"name\":\"Washington, D.C: La r\u00e9sidence des ambassadeurs de C\u00f4te d\u2019Ivoire rachet\u00e9e \u00e0 Chiang Kai-Shek, r\u00e9habilit\u00e9e apr\u00e8s 21 ans - C\u00f4te d&#039;Ivoire\",\"isPartOf\":{\"@id\":\"https:\/\/www.africa-press.net\/cotedivoire\/#website\"},\"primaryImageOfPage\":{\"@id\":\"https:\/\/www.africa-press.net\/cotedivoire\/politique\/washington-d-c-la-residence-des-ambassadeurs-de-cote-divoire-rachetee-a-chiang-kai-shek-rehabilitee-apres-21-ans#primaryimage\"},\"image\":{\"@id\":\"https:\/\/www.africa-press.net\/cotedivoire\/politique\/washington-d-c-la-residence-des-ambassadeurs-de-cote-divoire-rachetee-a-chiang-kai-shek-rehabilitee-apres-21-ans#primaryimage\"},\"thumbnailUrl\":\"https:\/\/static.africa-press.net\/cote\/sites\/43\/2021\/08\/img-61112287a4f37.jpg\",\"datePublished\":\"2021-08-09T13:11:01+00:00\",\"dateModified\":\"2021-08-09T17:58:52+00:00\",\"author\":{\"@id\":\"https:\/\/www.africa-press.net\/cotedivoire\/#\/schema\/person\/2b1cf3cd81a31e3cd26889ca66d677f1\"},\"description\":\"La r\u00e9sidence des Ambassadeurs de C\u00f4te d\u2019Ivoire compl\u00e8tement r\u00e9habilit\u00e9e, apr\u00e8s 21 ans de d\u00e9saffection Il aura fallu de ...\",\"breadcrumb\":{\"@id\":\"https:\/\/www.africa-press.net\/cotedivoire\/politique\/washington-d-c-la-residence-des-ambassadeurs-de-cote-divoire-rachetee-a-chiang-kai-shek-rehabilitee-apres-21-ans#breadcrumb\"},\"inLanguage\":\"fr-FR\",\"potentialAction\":[{\"@type\":\"ReadAction\",\"target\":[\"https:\/\/www.africa-press.net\/cotedivoire\/politique\/washington-d-c-la-residence-des-ambassadeurs-de-cote-divoire-rachetee-a-chiang-kai-shek-rehabilitee-apres-21-ans\"]}]},{\"@type\":\"ImageObject\",\"inLanguage\":\"fr-FR\",\"@id\":\"https:\/\/www.africa-press.net\/cotedivoire\/politique\/washington-d-c-la-residence-des-ambassadeurs-de-cote-divoire-rachetee-a-chiang-kai-shek-rehabilitee-apres-21-ans#primaryimage\",\"url\":\"https:\/\/static.africa-press.net\/cote\/sites\/43\/2021\/08\/img-61112287a4f37.jpg\",\"contentUrl\":\"https:\/\/static.africa-press.net\/cote\/sites\/43\/2021\/08\/img-61112287a4f37.jpg\",\"width\":1200,\"height\":800,\"caption\":\"Washington, D.C: La r\u00e9sidence des ambassadeurs de C\u00f4te d\u2019Ivoire rachet\u00e9e \u00e0 Chiang Kai-Shek, r\u00e9habilit\u00e9e apr\u00e8s 21 ans\"},{\"@type\":\"BreadcrumbList\",\"@id\":\"https:\/\/www.africa-press.net\/cotedivoire\/politique\/washington-d-c-la-residence-des-ambassadeurs-de-cote-divoire-rachetee-a-chiang-kai-shek-rehabilitee-apres-21-ans#breadcrumb\",\"itemListElement\":[{\"@type\":\"ListItem\",\"position\":1,\"name\":\"Accueil\",\"item\":\"https:\/\/www.africa-press.net\/cotedivoire\/\"},{\"@type\":\"ListItem\",\"position\":2,\"name\":\"Washington, D.C: La r\u00e9sidence des ambassadeurs de C\u00f4te d\u2019Ivoire rachet\u00e9e \u00e0 Chiang Kai-Shek, r\u00e9habilit\u00e9e apr\u00e8s 21 ans\"}]},{\"@type\":\"WebSite\",\"@id\":\"https:\/\/www.africa-press.net\/cotedivoire\/#website\",\"url\":\"https:\/\/www.africa-press.net\/cotedivoire\/\",\"name\":\"C\u00f4te d&#039;Ivoire\",\"description\":\"Just another Africa News Agency Sites site\",\"potentialAction\":[{\"@type\":\"SearchAction\",\"target\":{\"@type\":\"EntryPoint\",\"urlTemplate\":\"https:\/\/www.africa-press.net\/cotedivoire\/?s={search_term_string}\"},\"query-input\":{\"@type\":\"PropertyValueSpecification\",\"valueRequired\":true,\"valueName\":\"search_term_string\"}}],\"inLanguage\":\"fr-FR\"},{\"@type\":\"Person\",\"@id\":\"https:\/\/www.africa-press.net\/cotedivoire\/#\/schema\/person\/2b1cf3cd81a31e3cd26889ca66d677f1\",\"name\":\"cfeditorfr\"}]}<\/script>\n<!-- \/ Yoast SEO Premium plugin. -->","yoast_head_json":{"title":"Washington, D.C: La r\u00e9sidence des ambassadeurs de C\u00f4te d\u2019Ivoire rachet\u00e9e \u00e0 Chiang Kai-Shek, r\u00e9habilit\u00e9e apr\u00e8s 21 ans - C\u00f4te d&#039;Ivoire","description":"La r\u00e9sidence des Ambassadeurs de C\u00f4te d\u2019Ivoire compl\u00e8tement r\u00e9habilit\u00e9e, apr\u00e8s 21 ans de d\u00e9saffection Il aura fallu de ...","robots":{"index":"index","follow":"follow","max-snippet":"max-snippet:-1","max-image-preview":"max-image-preview:large","max-video-preview":"max-video-preview:-1"},"canonical":"https:\/\/www.africa-press.net\/cotedivoire\/politique\/washington-d-c-la-residence-des-ambassadeurs-de-cote-divoire-rachetee-a-chiang-kai-shek-rehabilitee-apres-21-ans","og_locale":"fr_FR","og_type":"article","og_title":"Washington, D.C: La r\u00e9sidence des ambassadeurs de C\u00f4te d\u2019Ivoire rachet\u00e9e \u00e0 Chiang Kai-Shek, r\u00e9habilit\u00e9e apr\u00e8s 21 ans","og_description":"La r\u00e9sidence des Ambassadeurs de C\u00f4te d\u2019Ivoire compl\u00e8tement r\u00e9habilit\u00e9e, apr\u00e8s 21 ans de d\u00e9saffection Il aura fallu de ...","og_url":"https:\/\/www.africa-press.net\/cotedivoire\/politique\/washington-d-c-la-residence-des-ambassadeurs-de-cote-divoire-rachetee-a-chiang-kai-shek-rehabilitee-apres-21-ans","og_site_name":"C\u00f4te d&#039;Ivoire","article_published_time":"2021-08-09T13:11:01+00:00","article_modified_time":"2021-08-09T17:58:52+00:00","og_image":[{"width":1200,"height":800,"url":"https:\/\/static.africa-press.net\/cote\/sites\/43\/2021\/08\/img-61112287a4f37.jpg","type":"image\/jpeg"}],"author":"cfeditorfr","twitter_card":"summary_large_image","twitter_misc":{"\u00c9crit par":"cfeditorfr","Dur\u00e9e de lecture estim\u00e9e":"2 minutes"},"schema":{"@context":"https:\/\/schema.org","@graph":[{"@type":"Article","@id":"https:\/\/www.africa-press.net\/cotedivoire\/politique\/washington-d-c-la-residence-des-ambassadeurs-de-cote-divoire-rachetee-a-chiang-kai-shek-rehabilitee-apres-21-ans#article","isPartOf":{"@id":"https:\/\/www.africa-press.net\/cotedivoire\/politique\/washington-d-c-la-residence-des-ambassadeurs-de-cote-divoire-rachetee-a-chiang-kai-shek-rehabilitee-apres-21-ans"},"author":{"name":"cfeditorfr","@id":"https:\/\/www.africa-press.net\/cotedivoire\/#\/schema\/person\/2b1cf3cd81a31e3cd26889ca66d677f1"},"headline":"Washington, D.C: La r\u00e9sidence des ambassadeurs de C\u00f4te d\u2019Ivoire rachet\u00e9e \u00e0 Chiang Kai-Shek, r\u00e9habilit\u00e9e apr\u00e8s 21 ans","datePublished":"2021-08-09T13:11:01+00:00","dateModified":"2021-08-09T17:58:52+00:00","mainEntityOfPage":{"@id":"https:\/\/www.africa-press.net\/cotedivoire\/politique\/washington-d-c-la-residence-des-ambassadeurs-de-cote-divoire-rachetee-a-chiang-kai-shek-rehabilitee-apres-21-ans"},"wordCount":391,"commentCount":0,"image":{"@id":"https:\/\/www.africa-press.net\/cotedivoire\/politique\/washington-d-c-la-residence-des-ambassadeurs-de-cote-divoire-rachetee-a-chiang-kai-shek-rehabilitee-apres-21-ans#primaryimage"},"thumbnailUrl":"https:\/\/static.africa-press.net\/cote\/sites\/43\/2021\/08\/img-61112287a4f37.jpg","keywords":["Africa Press","Africa Press-C\u00f4te d'Ivoire","C\u00d4TE D'IVOIRE"],"articleSection":["homepage-french","Politique","Toutes les actualit\u00e9s"],"inLanguage":"fr-FR","potentialAction":[{"@type":"CommentAction","name":"Comment","target":["https:\/\/www.africa-press.net\/cotedivoire\/politique\/washington-d-c-la-residence-des-ambassadeurs-de-cote-divoire-rachetee-a-chiang-kai-shek-rehabilitee-apres-21-ans#respond"]}]},{"@type":"WebPage","@id":"https:\/\/www.africa-press.net\/cotedivoire\/politique\/washington-d-c-la-residence-des-ambassadeurs-de-cote-divoire-rachetee-a-chiang-kai-shek-rehabilitee-apres-21-ans","url":"https:\/\/www.africa-press.net\/cotedivoire\/politique\/washington-d-c-la-residence-des-ambassadeurs-de-cote-divoire-rachetee-a-chiang-kai-shek-rehabilitee-apres-21-ans","name":"Washington, D.C: La r\u00e9sidence des ambassadeurs de C\u00f4te d\u2019Ivoire rachet\u00e9e \u00e0 Chiang Kai-Shek, r\u00e9habilit\u00e9e apr\u00e8s 21 ans - C\u00f4te d&#039;Ivoire","isPartOf":{"@id":"https:\/\/www.africa-press.net\/cotedivoire\/#website"},"primaryImageOfPage":{"@id":"https:\/\/www.africa-press.net\/cotedivoire\/politique\/washington-d-c-la-residence-des-ambassadeurs-de-cote-divoire-rachetee-a-chiang-kai-shek-rehabilitee-apres-21-ans#primaryimage"},"image":{"@id":"https:\/\/www.africa-press.net\/cotedivoire\/politique\/washington-d-c-la-residence-des-ambassadeurs-de-cote-divoire-rachetee-a-chiang-kai-shek-rehabilitee-apres-21-ans#primaryimage"},"thumbnailUrl":"https:\/\/static.africa-press.net\/cote\/sites\/43\/2021\/08\/img-61112287a4f37.jpg","datePublished":"2021-08-09T13:11:01+00:00","dateModified":"2021-08-09T17:58:52+00:00","author":{"@id":"https:\/\/www.africa-press.net\/cotedivoire\/#\/schema\/person\/2b1cf3cd81a31e3cd26889ca66d677f1"},"description":"La r\u00e9sidence des Ambassadeurs de C\u00f4te d\u2019Ivoire compl\u00e8tement r\u00e9habilit\u00e9e, apr\u00e8s 21 ans de d\u00e9saffection Il aura fallu de ...","breadcrumb":{"@id":"https:\/\/www.africa-press.net\/cotedivoire\/politique\/washington-d-c-la-residence-des-ambassadeurs-de-cote-divoire-rachetee-a-chiang-kai-shek-rehabilitee-apres-21-ans#breadcrumb"},"inLanguage":"fr-FR","potentialAction":[{"@type":"ReadAction","target":["https:\/\/www.africa-press.net\/cotedivoire\/politique\/washington-d-c-la-residence-des-ambassadeurs-de-cote-divoire-rachetee-a-chiang-kai-shek-rehabilitee-apres-21-ans"]}]},{"@type":"ImageObject","inLanguage":"fr-FR","@id":"https:\/\/www.africa-press.net\/cotedivoire\/politique\/washington-d-c-la-residence-des-ambassadeurs-de-cote-divoire-rachetee-a-chiang-kai-shek-rehabilitee-apres-21-ans#primaryimage","url":"https:\/\/static.africa-press.net\/cote\/sites\/43\/2021\/08\/img-61112287a4f37.jpg","contentUrl":"https:\/\/static.africa-press.net\/cote\/sites\/43\/2021\/08\/img-61112287a4f37.jpg","width":1200,"height":800,"caption":"Washington, D.C: La r\u00e9sidence des ambassadeurs de C\u00f4te d\u2019Ivoire rachet\u00e9e \u00e0 Chiang Kai-Shek, r\u00e9habilit\u00e9e apr\u00e8s 21 ans"},{"@type":"BreadcrumbList","@id":"https:\/\/www.africa-press.net\/cotedivoire\/politique\/washington-d-c-la-residence-des-ambassadeurs-de-cote-divoire-rachetee-a-chiang-kai-shek-rehabilitee-apres-21-ans#breadcrumb","itemListElement":[{"@type":"ListItem","position":1,"name":"Accueil","item":"https:\/\/www.africa-press.net\/cotedivoire\/"},{"@type":"ListItem","position":2,"name":"Washington, D.C: La r\u00e9sidence des ambassadeurs de C\u00f4te d\u2019Ivoire rachet\u00e9e \u00e0 Chiang Kai-Shek, r\u00e9habilit\u00e9e apr\u00e8s 21 ans"}]},{"@type":"WebSite","@id":"https:\/\/www.africa-press.net\/cotedivoire\/#website","url":"https:\/\/www.africa-press.net\/cotedivoire\/","name":"C\u00f4te d&#039;Ivoire","description":"Just another Africa News Agency Sites site","potentialAction":[{"@type":"SearchAction","target":{"@type":"EntryPoint","urlTemplate":"https:\/\/www.africa-press.net\/cotedivoire\/?s={search_term_string}"},"query-input":{"@type":"PropertyValueSpecification","valueRequired":true,"valueName":"search_term_string"}}],"inLanguage":"fr-FR"},{"@type":"Person","@id":"https:\/\/www.africa-press.net\/cotedivoire\/#\/schema\/person\/2b1cf3cd81a31e3cd26889ca66d677f1","name":"cfeditorfr"}]}},"_links":{"self":[{"href":"https:\/\/www.africa-press.net\/cotedivoire\/wp-json\/wp\/v2\/posts\/11086","targetHints":{"allow":["GET"]}}],"collection":[{"href":"https:\/\/www.africa-press.net\/cotedivoire\/wp-json\/wp\/v2\/posts"}],"about":[{"href":"https:\/\/www.africa-press.net\/cotedivoire\/wp-json\/wp\/v2\/types\/post"}],"author":[{"embeddable":true,"href":"https:\/\/www.africa-press.net\/cotedivoire\/wp-json\/wp\/v2\/users\/82"}],"replies":[{"embeddable":true,"href":"https:\/\/www.africa-press.net\/cotedivoire\/wp-json\/wp\/v2\/comments?post=11086"}],"version-history":[{"count":0,"href":"https:\/\/www.africa-press.net\/cotedivoire\/wp-json\/wp\/v2\/posts\/11086\/revisions"}],"wp:featuredmedia":[{"embeddable":true,"href":"https:\/\/www.africa-press.net\/cotedivoire\/wp-json\/wp\/v2\/media\/11085"}],"wp:attachment":[{"href":"https:\/\/www.africa-press.net\/cotedivoire\/wp-json\/wp\/v2\/media?parent=11086"}],"wp:term":[{"taxonomy":"category","embeddable":true,"href":"https:\/\/www.africa-press.net\/cotedivoire\/wp-json\/wp\/v2\/categories?post=11086"},{"taxonomy":"post_tag","embeddable":true,"href":"https:\/\/www.africa-press.net\/cotedivoire\/wp-json\/wp\/v2\/tags?post=11086"}],"curies":[{"name":"wp","href":"https:\/\/api.w.org\/{rel}","templated":true}]}}