{"id":110878,"date":"2025-12-23T13:09:32","date_gmt":"2025-12-23T13:09:32","guid":{"rendered":"https:\/\/www.africa-press.net\/cotedivoire\/politique\/mobilisation-pour-maman-leopoldine-a-lassemblee-nationale"},"modified":"2025-12-23T13:42:48","modified_gmt":"2025-12-23T13:42:48","slug":"mobilisation-pour-maman-leopoldine-a-lassemblee-nationale","status":"publish","type":"post","link":"https:\/\/www.africa-press.net\/cotedivoire\/politique\/mobilisation-pour-maman-leopoldine-a-lassemblee-nationale","title":{"rendered":"Mobilisation pour Maman L\u00e9opoldine \u00e0 L&rsquo;Assembl\u00e9e Nationale"},"content":{"rendered":"<p><span style=\"color: #ff6600\"><strong>Africa-Press &#8211; C\u00f4te d&rsquo;Ivoire. <\/strong><\/span>La campagne e\u0301lectorale pour les le\u0301gislatives du 27 de\u0301cembre 2025 bat son plein dans la circonscription de Be\u0301diala\u2013Gadoua\u2013Gonate\u0301. La candidate du PDCI-RDA, la ministre Le\u0301opoldine Tie\u0301zan Coffie, affiche une de\u0301termination sans faille: ramener les deux sie\u0300ges de la circonscription a\u0300 l\u2019Assemble\u0301e nationale.<\/p>\n<p>La ministre, qui a lance\u0301 sa campagne le vendredi 19 de\u0301cembre a\u0300 Gnamanou, poursuit sa tourne\u0301e de proximite\u0301. Elle e\u0301tait a\u0300 Be\u0301diala ce samedi 20 de\u0301cembre et a poursuivi sa visite a\u0300 Bandiahi ce dimanche 21 de\u0301cembre, rencontrant les populations, les femmes et les jeunes pour pre\u0301senter son programme et mobiliser autour de sa candidature.<\/p>\n<p>Ce samedi 20 de\u0301cembre 2025, la ministre a rec\u0327u le soutien officiel du nume\u0301ro 2 du PDCI-RDA, le ministre Yapo Calixte, Secre\u0301taire Exe\u0301cutif en Chef, venu re\u0301affirmer l\u2019engagement du parti et pre\u0301senter les candidats aux chefs traditionnels, dans un esprit de dialogue et de concertation.<\/p>\n<p>Dans son allocution devant les populations de Be\u0301diala\u2013Gadoua\u2013Gonate\u0301, Yapo Calixte a transmis le message du pre\u0301sident du parti, Tidjane Thiam, et a appele\u0301 a\u0300 une mobilisation totale autour de Le\u0301opoldine Tie\u0301zan Coffie et de son colistier Kongo Samuel, pre\u0301sente\u0301s comme un choix strate\u0301gique face aux de\u0301fis majeurs que traverse la Co\u0302te d\u2019Ivoire.<\/p>\n<p>Saluant l\u2019accueil chaleureux re\u0301serve\u0301 par les autorite\u0301s traditionnelles, les femmes et la jeunesse, Yapo Calixte a rappele\u0301 les liens profonds qui unissent le PDCI-RDA a\u0300 la re\u0301gion. Il a ensuite rappele\u0301 l\u2019enjeu majeur du scrutin: le renouvellement de l\u2019Assemble\u0301e nationale avec l\u2019e\u0301lection de 255 de\u0301pute\u0301s, dont 163 candidats investis par le PDCI-RDA dans 123 circonscriptions a\u0300 travers le pays.<\/p>\n<p>Pour la circonscription de Be\u0301diala\u2013Gadoua\u2013Gonate\u0301, le parti a mise\u0301 sur la \u201cchai\u0302ne des ge\u0301ne\u0301rations\u201d, combinant expe\u0301rience et sagesse. A\u0300 ce titre, Le\u0301opoldine Tie\u0301zan Coffie, ancienne de\u0301pute\u0301e et ex-ministre, est sollicite\u0301e pour un nouveau mandat au service de la nation. \u00ab Le pays est en danger \u00bb, a martele\u0301 Yapo Calixte, soulignant que la prochaine Assemble\u0301e nationale devra voter des lois de\u0301cisives pour l\u2019avenir de la Co\u0302te d\u2019Ivoire.<\/p>\n<p>Le ministre a e\u0301galement rappele\u0301 le bilan de la candidate, tant au Parlement qu\u2019au gouvernement, et sa proximite\u0301 constante avec les populations. \u00ab Ici, chacun sait ce que maman a fait quand elle e\u0301tait de\u0301pute\u0301e, ce qu\u2019elle a fait comme ministre, et ce qu\u2019elle continue de faire aujourd\u2019hui \u00bb, a-t-il affirme\u0301, appelant a\u0300 la reconnaissance et a\u0300 la fide\u0301lite\u0301 des e\u0301lecteurs.<\/p>\n<p>Dans un ton ferme, Yapo Calixte a mis en garde contre toute tentative de manipulation e\u0301lectorale et exhorte\u0301 les femmes, les jeunes et les responsables locaux a\u0300 une vigilance accrue le jour du scrutin: occupation des bureaux de vote, se\u0301curisation des proce\u0300s-verbaux, transmission rapide des re\u0301sultats et refus de toute distraction pouvant compromettre la victoire. S\u2019adressant particulie\u0300rement a\u0300 la jeunesse, il les a encourage\u0301s a\u0300 investir le terrain et porter le message de la candidate: \u00ab Maman est chez elle. Ce sont les enfants de la localite\u0301 qui doivent naturellement assurer sa campagne. \u00bb<\/p>\n<p>Au terme de son intervention, le secre\u0301taire exe\u0301cutif en chef a re\u0301affirme\u0301 la confiance du PDCI-RDA dans la victoire de Le\u0301opoldine Tie\u0301zan Coffie le 27 de\u0301cembre prochain, une victoire juge\u0301e essentielle pour pre\u0301server les inte\u0301re\u0302ts du pays et permettre au Parlement d\u2019exercer pleinement son ro\u0302le de repre\u0301sentation et de contro\u0302le de l\u2019action gouvernementale.<\/p>\n<p>Les axes de campagne de Le\u0301opoldine Tie\u0301zan Coffie<\/p>\n<p>Dans sa candidature aux le\u0301gislatives, Le\u0301opoldine Tie\u0301zan Coffie place la lutte contre la pauvrete\u0301 au c\u0153ur de son action, en s\u2019engageant a\u0300 mieux orienter et redistribuer les fonds publics destine\u0301s aux jeunes et aux femmes afin de favoriser l\u2019auto-emploi, l\u2019entrepreneuriat et l\u2019autonomisation e\u0301conomique.<\/p>\n<p>Elle entend e\u0301galement prote\u0301ger les droits fonciers des populations rurales, en s\u2019impliquant dans l\u2019e\u0301laboration et l\u2019ame\u0301lioration des lois foncie\u0300res pour se\u0301curiser les terres villageoises, pre\u0301venir les conflits et prote\u0301ger les familles contre les spoliations.<\/p>\n<p>La candidate met un accent particulier sur l\u2019e\u0301ducation et l\u2019encadrement de la jeunesse, en de\u0301fendant l\u2019acce\u0300s a\u0300 une formation de qualite\u0301, l\u2019insertion professionnelle des diplo\u0302me\u0301s et la valorisation du me\u0301rite, convaincue que le de\u0301veloppement durable passe par une jeunesse forme\u0301e et responsable.<\/p>\n<p>Par ailleurs, elle souhaite ame\u0301liorer la sante\u0301 et la protection sociale, en promouvant la pre\u0301vention contre les comportements a\u0300 risque et en contribuant a\u0300 des conditions de vie plus saines dans les communaute\u0301s.<\/p>\n<p>Enfin, Le\u0301opoldine Tie\u0301zan Coffie veut renforcer la repre\u0301sentation citoyenne a\u0300 l\u2019Assemble\u0301e nationale, en portant les pre\u0301occupations re\u0301elles des populations la\u0300 ou\u0300 se prennent les de\u0301cisions, en participant activement a\u0300 l\u2019adoption de lois justes et en exerc\u0327ant un contro\u0302le rigoureux de l\u2019action gouvernementale.<\/p>\n<p>Ainsi, le retour de Le\u0301opoldine Tie\u0301zan Coffie a\u0300 l\u2019Assemble\u0301e nationale s\u2019inscrit comme une e\u0301tape de\u0301cisive pour le de\u0301veloppement local et la pre\u0301servation des inte\u0301re\u0302ts de la Co\u0302te d\u2019Ivoire.<\/p>\n<p><strong>Pour plus d&rsquo;informations et d&rsquo;analyses sur la <span style=\"color: #ff6600\">C\u00f4te d&rsquo;Ivoire<\/span>, suivez <span style=\"color: #ff6600\">Africa-Press<\/span><\/strong><\/p>\n","protected":false},"excerpt":{"rendered":"<p>Africa-Press &#8211; C\u00f4te d&rsquo;Ivoire. La campagne e\u0301lectorale pour les le\u0301gislatives du 27 de\u0301cembre 2025 bat son plein dans la circonscription de Be\u0301diala\u2013Gadoua\u2013Gonate\u0301. La candidate du PDCI-RDA, la ministre Le\u0301opoldine Tie\u0301zan Coffie, affiche une de\u0301termination sans faille: ramener les deux sie\u0300ges de la circonscription a\u0300 l\u2019Assemble\u0301e nationale. La ministre, qui a lance\u0301 sa campagne le vendredi [&hellip;]<\/p>\n","protected":false},"author":82,"featured_media":110877,"comment_status":"open","ping_status":"closed","sticky":false,"template":"","format":"standard","meta":{"footnotes":""},"categories":[2,10],"tags":[29,5672,19956],"class_list":["post-110878","post","type-post","status-publish","format-standard","has-post-thumbnail","hentry","category-politique","category-toutes-les-actualites","tag-cote-divoire","tag-leopoldine-tiezan-coffie","tag-yapo-calixte"],"yoast_head":"<!-- This site is optimized with the Yoast SEO Premium plugin v26.1 (Yoast SEO v27.0) - https:\/\/yoast.com\/product\/yoast-seo-premium-wordpress\/ -->\n<title>Mobilisation pour Maman L\u00e9opoldine \u00e0 L&#039;Assembl\u00e9e Nationale - C\u00f4te d&#039;Ivoire<\/title>\n<meta name=\"description\" content=\"La campagne e\u0301lectorale pour les le\u0301gislatives du 27 de\u0301cembre 2025 bat son plein dans la circonscription de Be\u0301diala\u2013Ga ...\" \/>\n<meta name=\"robots\" content=\"index, follow, max-snippet:-1, max-image-preview:large, max-video-preview:-1\" \/>\n<link rel=\"canonical\" href=\"https:\/\/www.africa-press.net\/cotedivoire\/politique\/mobilisation-pour-maman-leopoldine-a-lassemblee-nationale\" \/>\n<meta property=\"og:locale\" content=\"fr_FR\" \/>\n<meta property=\"og:type\" content=\"article\" \/>\n<meta property=\"og:title\" content=\"Mobilisation pour Maman L\u00e9opoldine \u00e0 L&#039;Assembl\u00e9e Nationale\" \/>\n<meta property=\"og:description\" content=\"La campagne e\u0301lectorale pour les le\u0301gislatives du 27 de\u0301cembre 2025 bat son plein dans la circonscription de Be\u0301diala\u2013Ga ...\" \/>\n<meta property=\"og:url\" content=\"https:\/\/www.africa-press.net\/cotedivoire\/politique\/mobilisation-pour-maman-leopoldine-a-lassemblee-nationale\" \/>\n<meta property=\"og:site_name\" content=\"C\u00f4te d&#039;Ivoire\" \/>\n<meta property=\"article:published_time\" content=\"2025-12-23T13:09:32+00:00\" \/>\n<meta property=\"article:modified_time\" content=\"2025-12-23T13:42:48+00:00\" \/>\n<meta property=\"og:image\" content=\"https:\/\/static.africa-press.net\/cote\/sites\/43\/2025\/12\/sm_1766484717.513813.jpg\" \/>\n\t<meta property=\"og:image:width\" content=\"720\" \/>\n\t<meta property=\"og:image:height\" content=\"480\" \/>\n\t<meta property=\"og:image:type\" content=\"image\/jpeg\" \/>\n<meta name=\"author\" content=\"cfeditorfr\" \/>\n<meta name=\"twitter:card\" content=\"summary_large_image\" \/>\n<meta name=\"twitter:label1\" content=\"\u00c9crit par\" \/>\n\t<meta name=\"twitter:data1\" content=\"cfeditorfr\" \/>\n\t<meta name=\"twitter:label2\" content=\"Dur\u00e9e de lecture estim\u00e9e\" \/>\n\t<meta name=\"twitter:data2\" content=\"5 minutes\" \/>\n<script type=\"application\/ld+json\" class=\"yoast-schema-graph\">{\"@context\":\"https:\/\/schema.org\",\"@graph\":[{\"@type\":\"Article\",\"@id\":\"https:\/\/www.africa-press.net\/cotedivoire\/politique\/mobilisation-pour-maman-leopoldine-a-lassemblee-nationale#article\",\"isPartOf\":{\"@id\":\"https:\/\/www.africa-press.net\/cotedivoire\/politique\/mobilisation-pour-maman-leopoldine-a-lassemblee-nationale\"},\"author\":{\"name\":\"cfeditorfr\",\"@id\":\"https:\/\/www.africa-press.net\/cotedivoire\/#\/schema\/person\/2b1cf3cd81a31e3cd26889ca66d677f1\"},\"headline\":\"Mobilisation pour Maman L\u00e9opoldine \u00e0 L&rsquo;Assembl\u00e9e Nationale\",\"datePublished\":\"2025-12-23T13:09:32+00:00\",\"dateModified\":\"2025-12-23T13:42:48+00:00\",\"mainEntityOfPage\":{\"@id\":\"https:\/\/www.africa-press.net\/cotedivoire\/politique\/mobilisation-pour-maman-leopoldine-a-lassemblee-nationale\"},\"wordCount\":932,\"commentCount\":0,\"image\":{\"@id\":\"https:\/\/www.africa-press.net\/cotedivoire\/politique\/mobilisation-pour-maman-leopoldine-a-lassemblee-nationale#primaryimage\"},\"thumbnailUrl\":\"https:\/\/static.africa-press.net\/cote\/sites\/43\/2025\/12\/sm_1766484717.513813.jpg\",\"keywords\":[\"C\u00d4TE D'IVOIRE\",\"L\u00e9opoldine Ti\u00e9zan Coffie\",\"Yapo Calixte\"],\"articleSection\":[\"Politique\",\"Toutes les actualit\u00e9s\"],\"inLanguage\":\"fr-FR\",\"potentialAction\":[{\"@type\":\"CommentAction\",\"name\":\"Comment\",\"target\":[\"https:\/\/www.africa-press.net\/cotedivoire\/politique\/mobilisation-pour-maman-leopoldine-a-lassemblee-nationale#respond\"]}]},{\"@type\":\"WebPage\",\"@id\":\"https:\/\/www.africa-press.net\/cotedivoire\/politique\/mobilisation-pour-maman-leopoldine-a-lassemblee-nationale\",\"url\":\"https:\/\/www.africa-press.net\/cotedivoire\/politique\/mobilisation-pour-maman-leopoldine-a-lassemblee-nationale\",\"name\":\"Mobilisation pour Maman L\u00e9opoldine \u00e0 L'Assembl\u00e9e Nationale - C\u00f4te d&#039;Ivoire\",\"isPartOf\":{\"@id\":\"https:\/\/www.africa-press.net\/cotedivoire\/#website\"},\"primaryImageOfPage\":{\"@id\":\"https:\/\/www.africa-press.net\/cotedivoire\/politique\/mobilisation-pour-maman-leopoldine-a-lassemblee-nationale#primaryimage\"},\"image\":{\"@id\":\"https:\/\/www.africa-press.net\/cotedivoire\/politique\/mobilisation-pour-maman-leopoldine-a-lassemblee-nationale#primaryimage\"},\"thumbnailUrl\":\"https:\/\/static.africa-press.net\/cote\/sites\/43\/2025\/12\/sm_1766484717.513813.jpg\",\"datePublished\":\"2025-12-23T13:09:32+00:00\",\"dateModified\":\"2025-12-23T13:42:48+00:00\",\"author\":{\"@id\":\"https:\/\/www.africa-press.net\/cotedivoire\/#\/schema\/person\/2b1cf3cd81a31e3cd26889ca66d677f1\"},\"description\":\"La campagne e\u0301lectorale pour les le\u0301gislatives du 27 de\u0301cembre 2025 bat son plein dans la circonscription de Be\u0301diala\u2013Ga ...\",\"breadcrumb\":{\"@id\":\"https:\/\/www.africa-press.net\/cotedivoire\/politique\/mobilisation-pour-maman-leopoldine-a-lassemblee-nationale#breadcrumb\"},\"inLanguage\":\"fr-FR\",\"potentialAction\":[{\"@type\":\"ReadAction\",\"target\":[\"https:\/\/www.africa-press.net\/cotedivoire\/politique\/mobilisation-pour-maman-leopoldine-a-lassemblee-nationale\"]}]},{\"@type\":\"ImageObject\",\"inLanguage\":\"fr-FR\",\"@id\":\"https:\/\/www.africa-press.net\/cotedivoire\/politique\/mobilisation-pour-maman-leopoldine-a-lassemblee-nationale#primaryimage\",\"url\":\"https:\/\/static.africa-press.net\/cote\/sites\/43\/2025\/12\/sm_1766484717.513813.jpg\",\"contentUrl\":\"https:\/\/static.africa-press.net\/cote\/sites\/43\/2025\/12\/sm_1766484717.513813.jpg\",\"width\":720,\"height\":480,\"caption\":\"Mobilisation pour Maman L\u00e9opoldine \u00e0 L'Assembl\u00e9e Nationale\"},{\"@type\":\"BreadcrumbList\",\"@id\":\"https:\/\/www.africa-press.net\/cotedivoire\/politique\/mobilisation-pour-maman-leopoldine-a-lassemblee-nationale#breadcrumb\",\"itemListElement\":[{\"@type\":\"ListItem\",\"position\":1,\"name\":\"Accueil\",\"item\":\"https:\/\/www.africa-press.net\/cotedivoire\/\"},{\"@type\":\"ListItem\",\"position\":2,\"name\":\"Mobilisation pour Maman L\u00e9opoldine \u00e0 L&#8217;Assembl\u00e9e Nationale\"}]},{\"@type\":\"WebSite\",\"@id\":\"https:\/\/www.africa-press.net\/cotedivoire\/#website\",\"url\":\"https:\/\/www.africa-press.net\/cotedivoire\/\",\"name\":\"C\u00f4te d&#039;Ivoire\",\"description\":\"Just another Africa News Agency Sites site\",\"potentialAction\":[{\"@type\":\"SearchAction\",\"target\":{\"@type\":\"EntryPoint\",\"urlTemplate\":\"https:\/\/www.africa-press.net\/cotedivoire\/?s={search_term_string}\"},\"query-input\":{\"@type\":\"PropertyValueSpecification\",\"valueRequired\":true,\"valueName\":\"search_term_string\"}}],\"inLanguage\":\"fr-FR\"},{\"@type\":\"Person\",\"@id\":\"https:\/\/www.africa-press.net\/cotedivoire\/#\/schema\/person\/2b1cf3cd81a31e3cd26889ca66d677f1\",\"name\":\"cfeditorfr\"}]}<\/script>\n<!-- \/ Yoast SEO Premium plugin. -->","yoast_head_json":{"title":"Mobilisation pour Maman L\u00e9opoldine \u00e0 L'Assembl\u00e9e Nationale - C\u00f4te d&#039;Ivoire","description":"La campagne e\u0301lectorale pour les le\u0301gislatives du 27 de\u0301cembre 2025 bat son plein dans la circonscription de Be\u0301diala\u2013Ga ...","robots":{"index":"index","follow":"follow","max-snippet":"max-snippet:-1","max-image-preview":"max-image-preview:large","max-video-preview":"max-video-preview:-1"},"canonical":"https:\/\/www.africa-press.net\/cotedivoire\/politique\/mobilisation-pour-maman-leopoldine-a-lassemblee-nationale","og_locale":"fr_FR","og_type":"article","og_title":"Mobilisation pour Maman L\u00e9opoldine \u00e0 L'Assembl\u00e9e Nationale","og_description":"La campagne e\u0301lectorale pour les le\u0301gislatives du 27 de\u0301cembre 2025 bat son plein dans la circonscription de Be\u0301diala\u2013Ga ...","og_url":"https:\/\/www.africa-press.net\/cotedivoire\/politique\/mobilisation-pour-maman-leopoldine-a-lassemblee-nationale","og_site_name":"C\u00f4te d&#039;Ivoire","article_published_time":"2025-12-23T13:09:32+00:00","article_modified_time":"2025-12-23T13:42:48+00:00","og_image":[{"width":720,"height":480,"url":"https:\/\/static.africa-press.net\/cote\/sites\/43\/2025\/12\/sm_1766484717.513813.jpg","type":"image\/jpeg"}],"author":"cfeditorfr","twitter_card":"summary_large_image","twitter_misc":{"\u00c9crit par":"cfeditorfr","Dur\u00e9e de lecture estim\u00e9e":"5 minutes"},"schema":{"@context":"https:\/\/schema.org","@graph":[{"@type":"Article","@id":"https:\/\/www.africa-press.net\/cotedivoire\/politique\/mobilisation-pour-maman-leopoldine-a-lassemblee-nationale#article","isPartOf":{"@id":"https:\/\/www.africa-press.net\/cotedivoire\/politique\/mobilisation-pour-maman-leopoldine-a-lassemblee-nationale"},"author":{"name":"cfeditorfr","@id":"https:\/\/www.africa-press.net\/cotedivoire\/#\/schema\/person\/2b1cf3cd81a31e3cd26889ca66d677f1"},"headline":"Mobilisation pour Maman L\u00e9opoldine \u00e0 L&rsquo;Assembl\u00e9e Nationale","datePublished":"2025-12-23T13:09:32+00:00","dateModified":"2025-12-23T13:42:48+00:00","mainEntityOfPage":{"@id":"https:\/\/www.africa-press.net\/cotedivoire\/politique\/mobilisation-pour-maman-leopoldine-a-lassemblee-nationale"},"wordCount":932,"commentCount":0,"image":{"@id":"https:\/\/www.africa-press.net\/cotedivoire\/politique\/mobilisation-pour-maman-leopoldine-a-lassemblee-nationale#primaryimage"},"thumbnailUrl":"https:\/\/static.africa-press.net\/cote\/sites\/43\/2025\/12\/sm_1766484717.513813.jpg","keywords":["C\u00d4TE D'IVOIRE","L\u00e9opoldine Ti\u00e9zan Coffie","Yapo Calixte"],"articleSection":["Politique","Toutes les actualit\u00e9s"],"inLanguage":"fr-FR","potentialAction":[{"@type":"CommentAction","name":"Comment","target":["https:\/\/www.africa-press.net\/cotedivoire\/politique\/mobilisation-pour-maman-leopoldine-a-lassemblee-nationale#respond"]}]},{"@type":"WebPage","@id":"https:\/\/www.africa-press.net\/cotedivoire\/politique\/mobilisation-pour-maman-leopoldine-a-lassemblee-nationale","url":"https:\/\/www.africa-press.net\/cotedivoire\/politique\/mobilisation-pour-maman-leopoldine-a-lassemblee-nationale","name":"Mobilisation pour Maman L\u00e9opoldine \u00e0 L'Assembl\u00e9e Nationale - C\u00f4te d&#039;Ivoire","isPartOf":{"@id":"https:\/\/www.africa-press.net\/cotedivoire\/#website"},"primaryImageOfPage":{"@id":"https:\/\/www.africa-press.net\/cotedivoire\/politique\/mobilisation-pour-maman-leopoldine-a-lassemblee-nationale#primaryimage"},"image":{"@id":"https:\/\/www.africa-press.net\/cotedivoire\/politique\/mobilisation-pour-maman-leopoldine-a-lassemblee-nationale#primaryimage"},"thumbnailUrl":"https:\/\/static.africa-press.net\/cote\/sites\/43\/2025\/12\/sm_1766484717.513813.jpg","datePublished":"2025-12-23T13:09:32+00:00","dateModified":"2025-12-23T13:42:48+00:00","author":{"@id":"https:\/\/www.africa-press.net\/cotedivoire\/#\/schema\/person\/2b1cf3cd81a31e3cd26889ca66d677f1"},"description":"La campagne e\u0301lectorale pour les le\u0301gislatives du 27 de\u0301cembre 2025 bat son plein dans la circonscription de Be\u0301diala\u2013Ga ...","breadcrumb":{"@id":"https:\/\/www.africa-press.net\/cotedivoire\/politique\/mobilisation-pour-maman-leopoldine-a-lassemblee-nationale#breadcrumb"},"inLanguage":"fr-FR","potentialAction":[{"@type":"ReadAction","target":["https:\/\/www.africa-press.net\/cotedivoire\/politique\/mobilisation-pour-maman-leopoldine-a-lassemblee-nationale"]}]},{"@type":"ImageObject","inLanguage":"fr-FR","@id":"https:\/\/www.africa-press.net\/cotedivoire\/politique\/mobilisation-pour-maman-leopoldine-a-lassemblee-nationale#primaryimage","url":"https:\/\/static.africa-press.net\/cote\/sites\/43\/2025\/12\/sm_1766484717.513813.jpg","contentUrl":"https:\/\/static.africa-press.net\/cote\/sites\/43\/2025\/12\/sm_1766484717.513813.jpg","width":720,"height":480,"caption":"Mobilisation pour Maman L\u00e9opoldine \u00e0 L'Assembl\u00e9e Nationale"},{"@type":"BreadcrumbList","@id":"https:\/\/www.africa-press.net\/cotedivoire\/politique\/mobilisation-pour-maman-leopoldine-a-lassemblee-nationale#breadcrumb","itemListElement":[{"@type":"ListItem","position":1,"name":"Accueil","item":"https:\/\/www.africa-press.net\/cotedivoire\/"},{"@type":"ListItem","position":2,"name":"Mobilisation pour Maman L\u00e9opoldine \u00e0 L&#8217;Assembl\u00e9e Nationale"}]},{"@type":"WebSite","@id":"https:\/\/www.africa-press.net\/cotedivoire\/#website","url":"https:\/\/www.africa-press.net\/cotedivoire\/","name":"C\u00f4te d&#039;Ivoire","description":"Just another Africa News Agency Sites site","potentialAction":[{"@type":"SearchAction","target":{"@type":"EntryPoint","urlTemplate":"https:\/\/www.africa-press.net\/cotedivoire\/?s={search_term_string}"},"query-input":{"@type":"PropertyValueSpecification","valueRequired":true,"valueName":"search_term_string"}}],"inLanguage":"fr-FR"},{"@type":"Person","@id":"https:\/\/www.africa-press.net\/cotedivoire\/#\/schema\/person\/2b1cf3cd81a31e3cd26889ca66d677f1","name":"cfeditorfr"}]}},"_links":{"self":[{"href":"https:\/\/www.africa-press.net\/cotedivoire\/wp-json\/wp\/v2\/posts\/110878","targetHints":{"allow":["GET"]}}],"collection":[{"href":"https:\/\/www.africa-press.net\/cotedivoire\/wp-json\/wp\/v2\/posts"}],"about":[{"href":"https:\/\/www.africa-press.net\/cotedivoire\/wp-json\/wp\/v2\/types\/post"}],"author":[{"embeddable":true,"href":"https:\/\/www.africa-press.net\/cotedivoire\/wp-json\/wp\/v2\/users\/82"}],"replies":[{"embeddable":true,"href":"https:\/\/www.africa-press.net\/cotedivoire\/wp-json\/wp\/v2\/comments?post=110878"}],"version-history":[{"count":0,"href":"https:\/\/www.africa-press.net\/cotedivoire\/wp-json\/wp\/v2\/posts\/110878\/revisions"}],"wp:featuredmedia":[{"embeddable":true,"href":"https:\/\/www.africa-press.net\/cotedivoire\/wp-json\/wp\/v2\/media\/110877"}],"wp:attachment":[{"href":"https:\/\/www.africa-press.net\/cotedivoire\/wp-json\/wp\/v2\/media?parent=110878"}],"wp:term":[{"taxonomy":"category","embeddable":true,"href":"https:\/\/www.africa-press.net\/cotedivoire\/wp-json\/wp\/v2\/categories?post=110878"},{"taxonomy":"post_tag","embeddable":true,"href":"https:\/\/www.africa-press.net\/cotedivoire\/wp-json\/wp\/v2\/tags?post=110878"}],"curies":[{"name":"wp","href":"https:\/\/api.w.org\/{rel}","templated":true}]}}