{"id":11089,"date":"2021-08-09T13:18:57","date_gmt":"2021-08-09T13:18:57","guid":{"rendered":"https:\/\/www.africa-press.net\/cotedivoire\/?p=11089"},"modified":"2021-08-09T17:59:03","modified_gmt":"2021-08-09T17:59:03","slug":"dhouphouet-a-ouattara-que-de-chemins-parcourus-par-la-cote-divoire","status":"publish","type":"post","link":"https:\/\/www.africa-press.net\/cotedivoire\/dossiers\/dhouphouet-a-ouattara-que-de-chemins-parcourus-par-la-cote-divoire","title":{"rendered":"D\u2019Houphou\u00ebt \u00e0 Ouattara \u2013 Que de chemins parcourus par la C\u00f4te-d\u2019Ivoire"},"content":{"rendered":"<p><span style=\"color: #ff6600\"><strong><a href=\"https:\/\/www.africa-press.net\/\">Africa-Press<\/a> &#8211; <a href=\"https:\/\/www.africa-press.net\/cotedivoire\">C\u00f4te d&rsquo;Ivoire<\/a>. <\/strong><\/span>Houphou\u00ebt-Boigny, le p\u00e8re de la C\u00f4te d\u2019Ivoire moderne<\/p>\n<p>Le 7 ao\u00fbt 1960, il est minuit, le Premier ministre Houphou\u00ebt-Boigny, entour\u00e9 des trois chefs des \u00c9tats de l\u2019Entente, et de M. Louis Jacquinot, ministre d\u2019\u00c9tat, repr\u00e9sentant la R\u00e9publique fran\u00e7aise, a proclam\u00e9 l\u2019ind\u00e9pendance de la C\u00f4te d\u2019Ivoire au cours d\u2019une s\u00e9ance solennelle \u00e0 l\u2019Assembl\u00e9e nationale. Ce 7 ao\u00fbt 1960, F\u00e9lix Houphou\u00ebt-Boigny droit dans ses bo\u00eetes proclame l\u2019ind\u00e9pendance de la C\u00f4te d\u2019ivoire \u00e0 travers une phrase qui continue encore de traverser le temps :<\/p>\n<p>\u00ab En vertu du droit qu\u2019a tout peuple \u00e0 disposer de soi-m\u00eame, je proclame solennellement l\u2019ind\u00e9pendance de la C\u00f4te d\u2019Ivoire \u00bb.<\/p>\n<p>Pour la premi\u00e8re fois, \u201cl\u2019Abidjanaise \u00bb, l\u2019hymne national ivoirien, ex\u00e9cut\u00e9 par la musique de la Garde r\u00e9publicaine a retenti tandis qu\u2019une salve de 1O1 coups de canon \u00e9tait tir\u00e9e et que la foule clamait son enthousiasme. Notre pays devenait de ce fait une ancienne colonie fran\u00e7aise.<\/p>\n<p>Ce que l\u2019on sait d\u2019Houphou\u00ebt, c\u2019est qu\u2019il n\u2019\u00e9tait pas le plus grand intellectuel de son \u00e9poque. Son nom n\u2019est d\u2019ailleurs cit\u00e9 par aucune communaut\u00e9 universitaire, il n\u2019est auteur d\u2019aucun livre. En revanche, les historiens de son \u00e9poque disent de lui qu\u2019il \u00e9tait dot\u00e9 d\u2019un g\u00e9nie politique hors pair. Il \u00e9tait un grand visionnaire, il savait appr\u00e9cier les r\u00e9alit\u00e9s politiques de son temps, il connaissait parfaitement \u00ab l\u2019homme blanc \u00bb et savait le caresser dans le sens de ses poils. Membre du gouvernement fran\u00e7ais, Houphou\u00ebt \u00e9tait dans la haute sph\u00e8re politique. Il a demand\u00e9 l\u2019ind\u00e9pendance au moment opportun, pas dans la pr\u00e9cipitation comme certains de ses voisins et cela lui a valu la confiance de l\u2019ancienne colonie qui l\u2019a accompagn\u00e9 dans sa politique de d\u00e9veloppement. C\u2019\u00e9tait de la sagesse. Une fois au pouvoir, Houphou\u00ebt d\u2019une main de fer r\u00e9gn\u00e9 sur le pays sous le regard bienveillant des d\u00e9cideurs fran\u00e7ais et a pos\u00e9 des bases solides d\u2019un pays moderne : \u00e9ducation, sant\u00e9 infrastructures, \u00e9conomie, culture, religion\u2026il passe tout au scanner, imprime ses marques et notre pays devient le eldorado de la sous-r\u00e9gion. Avec \u00e0 la cl\u00e9 un miracle \u00e9conomique. \u00ab La C\u00f4te d\u2019Ivoire de la belle \u00e9poque \u00bb qui attirait toutes les communaut\u00e9s de la sous-r\u00e9gion sans tris et sans conditions. Chacun venait y faire fortune. Parce que notre \u00e9conomie \u00e9tait en plein essor, il fallait accueillir la main d\u2019\u0153uvre abondante et moins ch\u00e8re. Point besoin \u00e0 cette \u00e9poque-l\u00e0 de pol\u00e9miquer sur les cons\u00e9quences lointaines de l\u2019immigration. Avec Houphou\u00ebt, c\u2019\u00e9tait la stabilit\u00e9, la prosp\u00e9rit\u00e9, vivre-ensemble.<\/p>\n<p>7 ao\u00fbt 1960 au 7 d\u00e9cembre1993, Houphou\u00ebt a longuement r\u00e9gn\u00e9 \u00e0 la t\u00eate de la C\u00f4te d\u2019Ivoire avec sagesse. Il a su rassembler une mosa\u00efque de tribus, de royaumes, de peuples et d\u2019\u00e9trangers. Il avait une id\u00e9e pr\u00e9cise de la gestion du pouvoir d\u2019\u00c9tat. Il savait souffler le froid sur le chaud. Il \u00e9tait un ange et d\u00e9mon, un \u00ab gentil-m\u00e9chant \u00bb papa, concepteur de faux complots quand il le fallait. Houphou\u00ebt \u00e9tait un chef charismatique \u00e0 la t\u00eate d\u2019un pays aussi important. Leadership assur\u00e9 et assum\u00e9 sur la sc\u00e8ne continentale et mondiale. Houphou\u00ebt \u00e9tait \u00e0 la fois un homme, un lion et un renard. On nous dit qu\u2019il aimait lire le Prince de Nicolas Machiavel et c\u2019est m\u00eame de cette exp\u00e9rience qu\u2019il doit sa long\u00e9vit\u00e9 au travers de ses pratiques \u00e0 la fois humanistes et machiav\u00e9liques. Houphouet a laiss\u00e9 en h\u00e9ritage un grand pays dot\u00e9 d\u2019infrastructures essentielles avec une ressource humaine de qualit\u00e9.<\/p>\n<p>Henry Konan B\u00e9di\u00e9 ou Une symphonie inachev\u00e9e<\/p>\n<p>L\u2019adage qui dit \u00ab qu\u2019aux Ames bien n\u00e9es, la valeur n\u2019attend point le nombre des ann\u00e9es \u00bb, s\u2019applique ais\u00e9ment et \u00e0 merveille \u00e0 Henri Konan B\u00e9di\u00e9, dauphin constitutionnel du<\/p>\n<p>Pr\u00e9sident Houphou\u00ebt et deuxi\u00e8me Pr\u00e9sident de la R\u00e9publique de C\u00f4te d\u2019Ivoire!<\/p>\n<p>En effet, \u00e0 moins de trente ans d\u2019\u00e2ge, il fut nomm\u00e9 au Poste tr\u00e8s prestigieux d\u2019Ambassadeur Extraordinaire et Pl\u00e9nipotentiaire de la R\u00e9publique de C\u00f4te d\u2019Ivoire pr\u00e8s les \u00c9tats-Unis D\u2019Am\u00e9rique.<\/p>\n<p>Apr\u00e8s de bons et loyaux services \u00e0 ce Poste, Monsieur B\u00e9di\u00e9 b\u00e9n\u00e9ficia d\u2019une Promotion extraordinaire en qualit\u00e9 de Ministre de l\u2019\u00e9conomie et des finances, tr\u00e8s haute fonction qu\u2019il occupa et<\/p>\n<p>Assuma, continuellement pendant treize ans, avec beaucoup de d\u00e9vouement et de responsabilit\u00e9s, de bruits et de rumeurs :<\/p>\n<p>\u00c0 cette Fonction Strat\u00e9gique, il \u00e9tait l\u2019un des fid\u00e8les piliers du syst\u00e8me Houphou\u00ebt qui a jet\u00e9 les bases et les fondements du Miracle \u00e9conomique ivoirien : en effet, sous son Autorit\u00e9, plusieurs Soci\u00e9t\u00e9s d\u2019\u00c9tat ont \u00e9t\u00e9 cr\u00e9\u00e9s dans tous les secteurs d\u2019activit\u00e9s de d\u00e9veloppement.<\/p>\n<p>Pendant l\u2019exercice de cette importante charge minist\u00e9rielle, Konan B\u00e9di\u00e9 connut beaucoup d\u2019honneur et de gloire ; mais il fut \u00e9galement tr\u00e8s critiqu\u00e9 par ses d\u00e9tracteurs de s\u2019\u00eatre enrichi et d\u2019avoir f\u00eat\u00e9 ses milliards personnels en francs CFA! B\u00e9di\u00e9 apr\u00e8s avoir \u00e9t\u00e9 limog\u00e9 du gouvernement apr\u00e8s un large remaniement minist\u00e9riel mais fut tr\u00e8s rapidement recas\u00e9 et trouva un point de chute dor\u00e9 dans les Institutions Financi\u00e8res de Brettons Wood \u00e0 New-York !<\/p>\n<p>En 1980, il fit un retour en force au Pays : il fut \u00e9lu, cumulativement, D\u00e9put\u00e9 de Daoukro sa ville natale et Pr\u00e9sident de l\u2019Assembl\u00e9e Nationale de C\u00f4te-d\u2019Ivoire, devenant ainsi la deuxi\u00e8me Personnalit\u00e9 Importante du Pays et Successeur de Droit du Pr\u00e9sident de la R\u00e9publique ! Le voici donc dans l\u2019antichambre d\u2019Houphou\u00ebt.<\/p>\n<p>Avec beaucoup de sagesse et de patience \u00e0 ce poste prestigieux et honorifique, B\u00e9di\u00e9 arrive au Pouvoir supr\u00eame de la pr\u00e9sidence de la R\u00e9publique en d\u00e9cembre 1993, apr\u00e8s le d\u00e9c\u00e8s du p\u00e8re fondateur. Il termine le mandat d\u2019Houphou\u00ebt comme pr\u00e9vu par la constitution et remporte une sa premi\u00e8re \u00e9lection pr\u00e9sidentielle \u00e9maill\u00e9e de boycott et d\u2019incompr\u00e9hension avec l\u2019opposition de gauche qui est rejointe par des dissidents du Pdci r\u00e9unis au sein du Rassemblement des r\u00e9publicains (Rdr) et dont le vrai chef de fil n\u2019est autre que le 1er premier ministre d\u2019Houphou\u00ebt. La gestion de B\u00e9di\u00e9 \u00e0 la t\u00eate de l\u2019Etat n\u2019a \u00e9t\u00e9 que marqu\u00e9e par des incompr\u00e9hensions sur la question de l\u2019identit\u00e9 ivoirienne avec un concept sorti des laboratoires du pdci, la mauvaise communication faite autour d\u2019elle et sa mauvaise exploitation par l\u2019opposition. B\u00e9di\u00e9 n\u2019aura donc pas le temps de mettre en \u0153uvre son gigantesque projet \u00ab \u00e9l\u00e9phant d\u2019Afrique \u00bb et est contraint de prendre la route de l\u2019exil sous la menace des militaires dirig\u00e9s par un certain Gu\u00e9i Robert la veille de No\u00ebl 1999 et, ce, \u00e0 seulement quelques mois des \u00e9lections pr\u00e9sidentielles.<\/p>\n<p>ROBERT GU\u00c9I comme dans un r\u00eave<\/p>\n<p>L\u2019ancien chef d\u2019\u00e9tat-major limog\u00e9 par B\u00e9di\u00e9 en 1995 prend une \u00e9clatante revanche la veille de No\u00ebl 1999 \u00e0 la t\u00eate d\u2019un comit\u00e9 national du salut et contraint son ancien patron en exile d\u2019abord au Togo puis en France. A ses premi\u00e8res heures, il d\u00e9clare \u00eatre venu avec les \u00ab jeunes gens \u00bb balayer pour mettre de l\u2019ordre dans la maison ivoire et s\u2019effacer. Il organise un r\u00e9f\u00e9rendum sur la constitution pour dit-il corriger certaines dispositions de cette constitution notamment l\u2019article 35 \u00e0 l\u2019origine de toutes les tensions. L\u2019app\u00e9tit venant en mangeant, le nouveau \u00ab p\u00e8re No\u00ebl \u00bb de la lagune \u00e9bri\u00e9 va remplacer sa tenue militaire par un costume. Il se voit un destin national et envoie des signes au parti d\u2019Houphou\u00ebt qui lui oppose une fin de non-recevoir contenue dans une c\u00e9l\u00e8bre sagesse populaire : \u00ab si tu es l\u2019assassin de mon p\u00e8re, alors tu n\u2019\u00e9pouseras pas ma m\u00e8re \u00bb. Entendez si tu as chass\u00e9 notre \u00ab f\u00e9tiche \u00bb B\u00e9di\u00e9 du pouvoir, alors tu n\u2019auras pas la b\u00e9n\u00e9diction du pdci. Gu\u00e9i Robert cr\u00e9e son propre parti udpci mais se pr\u00e9sente \u00e0 l\u2019\u00e9lection pr\u00e9sidentielle en candidat du peuple, tente de confisquer le pouvoir d\u2019\u00c9tat et fini par \u00eatre d\u00e9log\u00e9 du palais par une rue en col\u00e8re et acquise \u00e0 la cause de l\u2019opposant historique et charismatique Laurent Gbagbo qui pr\u00eate serment le 26 octobre 2000.<\/p>\n<p>Laurent Gbagbo, un homme politique atypique. Il voulait violer les codes de la fran\u00e7afrique<\/p>\n<p>Le nom de Laurent Gbagbo se confond \u00e0 l\u2019histoire de gauche ivoirienne. Pi\u00e8ce ma\u00eetresse du retour du multipartisme en C\u00f4te d\u2019Ivoire, farouche opposant au p\u00e8re fondateur. Co-fondateur du front populaire ivoirien. L\u2019homme a connu la prison, l\u2019exil, la souffrance et les pires humiliations. Candidat face \u00e0 Houphou\u00ebt en 1990, c\u2019est finalement en 2000 qu\u2019il acc\u00e8de au pouvoir d\u2019\u00c9tat au terme d\u2019une confrontation avec la junte militaire qui tente de lui voler sa victoire. Il pr\u00eate serment le 26 octobre 2000 et s\u2019installe dans ce palais en forme d\u2019un tabouret akan. Il acc\u00e8de au pouvoir dans des conditions qu\u2019il juge lui-m\u00eame de calamiteuses. Laurent Gbagbo le social au pouvoir, ce n\u2019\u00e9tait pas pr\u00e9vu dans plusieurs chancelleries surtout par les h\u00e9ritiers de la fran\u00e7afrique. Avec Laurent Gbagbo au pouvoir, commence une autre mani\u00e8re de gouvernance, vacances gouvernementales non pas sur les bords de la Seine mais \u00e0 Grand-Bereby. Avec Laurent Gbagbo au pouvoir, on d\u00e9couvre les \u00ab rouages \u00bb de la fran\u00e7afrique. L\u2019homme dit \u00eatre venu refonder la soci\u00e9t\u00e9 ivoirienne. Avec Laurent Gbagbo au pouvoir, toutes les v\u00e9rit\u00e9s sont devenues bonnes \u00e0 dire. C\u2019est un populiste. Le pouvoir d\u2019\u00c9tat commence \u00e0 \u00eatre d\u00e9sacralis\u00e9 et cela ne pouvait plaire \u00e0 tous ceux qui \u00e9taient nostalgiques de l\u2019ordre ancien surtout dans des pays comme le Burkina voisin, le Togo et le Gabon o\u00f9 les dirigeants d\u2019alors, cercle tr\u00e8s ferm\u00e9 et digne repr\u00e9sentants de la fran\u00e7afrique ne pouvaient supporter ce nouveau voisin perturbateur. Le contexte socio-politique interne \u00e9tant pendant ce temps favorable \u00e0 toute d\u00e9stabilisation, arriva ce qui devait arriver. La suite on la conna\u00eet. Une tentative de coup d\u2019\u00c9tat le 19 septembre 2002 se mue en r\u00e9bellion et coupe le pays d\u2019Houphou\u00ebt en deux. C\u2019est une d\u00e9cennie de crises avec son corolaire de traumatismes et de d\u00e9molition du tissu social. Cette longue crise atteint son paroxysme par une autre crise post\u00e9lectorale en 2010 qui fait officiellement 3000morts. Au terme d\u2019une confrontation entre les forces en pr\u00e9sence, Laurent Gbagbo est captur\u00e9 par les forces favorables \u00e0 son rival Alassane Ouattara. Incarc\u00e9r\u00e9 dans le nord du pays, Il est ensuite transf\u00e9r\u00e9 \u00e0 la cour p\u00e9nale internationale d\u2019o\u00f9 il recouvre sa libert\u00e9 apr\u00e8s plus de 8 ans de proc\u00e8s. Il regagne son pays et suscit\u00e9 de l\u2019espoir pour la r\u00e9conciliation.<\/p>\n<p>Alassane Ouattara, Le 1er premier ministre d\u2019Houphou\u00ebt<\/p>\n<p>Ce qu\u2019on sait de lui, c\u2019est que c\u2019est un technocrate venu des hautes finances, fmi, Brettons Wood, Bceao\u2026un \u00ab chirurgien \u00bb des \u00e9conomies en danger. L\u2019homme nous dit avoir \u00e9t\u00e9 aux cheveux de plusieurs pays \u00ab malades \u00bb .<\/p>\n<p>C\u2019est v\u00e9ritablement \u00e0 la fin de l\u2019ann\u00e9e 1989 que nous d\u00e9couvrons l\u2019un des n\u00f4tres, banquier et membre de la haute finance venir au secours du p\u00e8re fondateur qui conna\u00eet les pires moments de sa gestion du pouvoir d\u2019\u00c9tat. C\u2019est le moment o\u00f9 le miracle \u00e9conomique ivoirien s\u2019est transform\u00e9 en mirage \u00e9conomique. Des contestations sociales en gestation dans un contexte mondial o\u00f9 le vent de l\u2019est s\u2019appr\u00eate \u00e0 souffler sur tous les continents notamment sur le continent africain avec ses vieux r\u00e9gimes d\u00e9j\u00e0 contest\u00e9s par les populations. Nous sommes \u00e0 quelques semaines du retour du multipartisme en C\u00f4te d\u2019 Ivoire. Le 1er ministre d\u2019Houphou\u00ebt en plus de sa feuille clairement r\u00e9dig\u00e9 devra aussi contenir les contestations sociales. On a vu ce que nous avons pu voir avec surtout une date inscrite en lettre d\u2019or le 18 f\u00e9vrier 92 marqu\u00e9 par une r\u00e9pression contre l\u2019opposition et l\u2019emprisonnement de ses leaders dont un certain Laurent Gbagbo.<\/p>\n<p>A la mort d\u2019Houphou\u00ebt en 93, une bataille sans merci oppose ses h\u00e9ritiers. C\u2019est la longue p\u00e9riode de d\u00e9samour entre Ouattara et B\u00e9di\u00e9. La suite on la conna\u00eet.<\/p>\n<p>LE R\u00c8GNE DE OUATTARA (2011\u2026)<\/p>\n<p>Ouattara est un homme de r\u00e9seaux. Tout comme Houphou\u00ebt, il a la confiance de la France, du moins de la France politique mais surtout de son ami Nicolas Sarkozy au pouvoir au moment de sa prise de fonction et qui s\u2019est m\u00eame d\u00e9plac\u00e9 sp\u00e9cialement le jour son investiture \u00e0 Yamoussoukro.<\/p>\n<p>Comme \u00e0 son arriv\u00e9e fin 89, il se fixe une fois encore la mission de remettre l\u2019\u00e9conomie sur les rails. De nombreux voyages et travers le monde \u00e0 la recherche des investisseurs qui ne tardent pas \u00e0 prendre la destination C\u00f4te d\u2019Ivoire. Le pays est en chantier, l\u2019argent circule non pas dans le panier de la m\u00e9nag\u00e8re mais il travaille pour le pays. Il imprime ses marques, construction des routes, des \u00e9coles r\u00e9habilitation des universit\u00e9s, \u00e9lectrification villageoise, le repositionnement de C\u00f4te d\u2019Ivoire sur la sc\u00e8ne continentale et mondiale. Comme Houphou\u00ebt, Ouattara sait prot\u00e9ger son pouvoir, il ne le d\u00e9sacralise pas. Il met l\u2019opposition au pas. Houphouetiste, il respecte les codes de la fran\u00e7afrique. Le hic, c\u2019est qu\u2019il ne fait pas la g\u00e9opolitique nationale comme Houphouet et c\u2019est ici que ses compatriotes le taxent de faire du rattrapage ethnique. Tous les postes ou presque sont r\u00e9serv\u00e9s aux membres de son parti quand ce n\u2019est pas aux gens de sa communaut\u00e9. De passage \u00e0 Paris et repondant au journaliste Vincent Hugueux qui lui pose la question sur la nomination des nordistes \u00e0 tous les postes cl\u00e9s de la r\u00e9publique, voici ce qu\u2019il repond: \u00ab Il s\u2019agit d\u2019un simple rattrapage. Sous Gbagbo, les communaut\u00e9s du Nord, soit 40 % de la population, \u00e9taient exclues des postes de responsabilit\u00e9 \u00bb. Fin de citation.<\/p>\n<p>Nous sommes en 2012. Comme Houphou\u00ebt, fait la promotion de la la jeunesse m\u00eame si ce n\u2019est que la jeunesse de camp. Le chantier de la r\u00e9conciliation lui reste un chantier totalement inachev\u00e9.<\/p>\n<p>MA CONCLUSION<\/p>\n<p>D\u2019Houphou\u00ebt \u00e0 Ouattara, que de chemins parcourus. A chacun son style de gestion de son ambition pour la C\u00f4te d\u2019ivoire. V\u00e9ritable somme des \u00ab un peu un peu \u00bb. Fondamentalement, les ivoiriens n\u2019ont pas de probl\u00e8mes entre eux. Le seul et v\u00e9ritable probl\u00e8me qui reste \u00e0 r\u00e9soudre si nous voulons vraiment faire ce pas vers une vraie et v\u00e9ritable nation ivoirienne, c\u2019est le probl\u00e8me de notre identit\u00e9. Je ne veux pas employer le mot \u00ab ivoirit\u00e9 \u00bb m\u00eame si dans le fond il est synonyme d\u2019identit\u00e9. Il nous faut un jour actualiser ce d\u00e9bat. Qui est ivoirien et qui ne l\u2019est pas ? Qui peut \u00eatre ivoirien et qui ne le peut pas ? Comment on devient ivoirien ? Comment contr\u00f4ler l\u2019immigration ? Quels sont les droits et devoirs de l\u2019ivoirien et celui de l\u2019\u00e9tranger. On est ivoirien avant d\u2019\u00eatre baoul\u00e9, koyaka ou b\u00e9t\u00e9. Quand on aura abord\u00e9 sans faux-fuyant, sans passion et sans fanatisme ces questions alors on aura fait un pas de g\u00e9ant pour une C\u00f4te d\u2019Ivoire de paix et en paix.<\/p>\n<p>&nbsp;<\/p>\n","protected":false},"excerpt":{"rendered":"<p>Africa-Press &#8211; C\u00f4te d&rsquo;Ivoire. Houphou\u00ebt-Boigny, le p\u00e8re de la C\u00f4te d\u2019Ivoire moderne Le 7 ao\u00fbt 1960, il est minuit, le Premier ministre Houphou\u00ebt-Boigny, entour\u00e9 des trois chefs des \u00c9tats de l\u2019Entente, et de M. Louis Jacquinot, ministre d\u2019\u00c9tat, repr\u00e9sentant la R\u00e9publique fran\u00e7aise, a proclam\u00e9 l\u2019ind\u00e9pendance de la C\u00f4te d\u2019Ivoire au cours d\u2019une s\u00e9ance solennelle \u00e0 [&hellip;]<\/p>\n","protected":false},"author":82,"featured_media":11088,"comment_status":"open","ping_status":"closed","sticky":false,"template":"","format":"standard","meta":{"footnotes":""},"categories":[7,11,20,10],"tags":[56,63,29],"class_list":["post-11089","post","type-post","status-publish","format-standard","has-post-thumbnail","hentry","category-dossiers","category-homepage-french","category-top-nouvelles","category-toutes-les-actualites","tag-africa-press","tag-africa-press-cote-divoire","tag-cote-divoire"],"yoast_head":"<!-- This site is optimized with the Yoast SEO Premium plugin v26.1 (Yoast SEO v27.0) - https:\/\/yoast.com\/product\/yoast-seo-premium-wordpress\/ -->\n<title>D\u2019Houphou\u00ebt \u00e0 Ouattara \u2013 Que de chemins parcourus par la C\u00f4te-d\u2019Ivoire - C\u00f4te d&#039;Ivoire<\/title>\n<meta name=\"description\" content=\"Houphou\u00ebt-Boigny, le p\u00e8re de la C\u00f4te d\u2019Ivoire moderne Le 7 ao\u00fbt 1960, il est minuit, le Premier ministre Houphou\u00ebt-Boig ...\" \/>\n<meta name=\"robots\" content=\"index, follow, max-snippet:-1, max-image-preview:large, max-video-preview:-1\" \/>\n<link rel=\"canonical\" href=\"https:\/\/www.africa-press.net\/cotedivoire\/dossiers\/dhouphouet-a-ouattara-que-de-chemins-parcourus-par-la-cote-divoire\" \/>\n<meta property=\"og:locale\" content=\"fr_FR\" \/>\n<meta property=\"og:type\" content=\"article\" \/>\n<meta property=\"og:title\" content=\"D\u2019Houphou\u00ebt \u00e0 Ouattara \u2013 Que de chemins parcourus par la C\u00f4te-d\u2019Ivoire\" \/>\n<meta property=\"og:description\" content=\"Houphou\u00ebt-Boigny, le p\u00e8re de la C\u00f4te d\u2019Ivoire moderne Le 7 ao\u00fbt 1960, il est minuit, le Premier ministre Houphou\u00ebt-Boig ...\" \/>\n<meta property=\"og:url\" content=\"https:\/\/www.africa-press.net\/cotedivoire\/dossiers\/dhouphouet-a-ouattara-que-de-chemins-parcourus-par-la-cote-divoire\" \/>\n<meta property=\"og:site_name\" content=\"C\u00f4te d&#039;Ivoire\" \/>\n<meta property=\"article:published_time\" content=\"2021-08-09T13:18:57+00:00\" \/>\n<meta property=\"article:modified_time\" content=\"2021-08-09T17:59:03+00:00\" \/>\n<meta property=\"og:image\" content=\"https:\/\/static.africa-press.net\/cote\/sites\/43\/2021\/08\/img-611122c2b582a.jpg\" \/>\n\t<meta property=\"og:image:width\" content=\"737\" \/>\n\t<meta property=\"og:image:height\" content=\"553\" \/>\n\t<meta property=\"og:image:type\" content=\"image\/jpeg\" \/>\n<meta name=\"author\" content=\"cfeditorfr\" \/>\n<meta name=\"twitter:card\" content=\"summary_large_image\" \/>\n<meta name=\"twitter:label1\" content=\"\u00c9crit par\" \/>\n\t<meta name=\"twitter:data1\" content=\"cfeditorfr\" \/>\n\t<meta name=\"twitter:label2\" content=\"Dur\u00e9e de lecture estim\u00e9e\" \/>\n\t<meta name=\"twitter:data2\" content=\"13 minutes\" \/>\n<script type=\"application\/ld+json\" class=\"yoast-schema-graph\">{\"@context\":\"https:\/\/schema.org\",\"@graph\":[{\"@type\":\"Article\",\"@id\":\"https:\/\/www.africa-press.net\/cotedivoire\/dossiers\/dhouphouet-a-ouattara-que-de-chemins-parcourus-par-la-cote-divoire#article\",\"isPartOf\":{\"@id\":\"https:\/\/www.africa-press.net\/cotedivoire\/dossiers\/dhouphouet-a-ouattara-que-de-chemins-parcourus-par-la-cote-divoire\"},\"author\":{\"name\":\"cfeditorfr\",\"@id\":\"https:\/\/www.africa-press.net\/cotedivoire\/#\/schema\/person\/2b1cf3cd81a31e3cd26889ca66d677f1\"},\"headline\":\"D\u2019Houphou\u00ebt \u00e0 Ouattara \u2013 Que de chemins parcourus par la C\u00f4te-d\u2019Ivoire\",\"datePublished\":\"2021-08-09T13:18:57+00:00\",\"dateModified\":\"2021-08-09T17:59:03+00:00\",\"mainEntityOfPage\":{\"@id\":\"https:\/\/www.africa-press.net\/cotedivoire\/dossiers\/dhouphouet-a-ouattara-que-de-chemins-parcourus-par-la-cote-divoire\"},\"wordCount\":2702,\"commentCount\":0,\"image\":{\"@id\":\"https:\/\/www.africa-press.net\/cotedivoire\/dossiers\/dhouphouet-a-ouattara-que-de-chemins-parcourus-par-la-cote-divoire#primaryimage\"},\"thumbnailUrl\":\"https:\/\/static.africa-press.net\/cote\/sites\/43\/2021\/08\/img-611122c2b582a.jpg\",\"keywords\":[\"Africa Press\",\"Africa Press-C\u00f4te d'Ivoire\",\"C\u00d4TE D'IVOIRE\"],\"articleSection\":[\"Dossiers\",\"homepage-french\",\"Top Nouvelles\",\"Toutes les actualit\u00e9s\"],\"inLanguage\":\"fr-FR\",\"potentialAction\":[{\"@type\":\"CommentAction\",\"name\":\"Comment\",\"target\":[\"https:\/\/www.africa-press.net\/cotedivoire\/dossiers\/dhouphouet-a-ouattara-que-de-chemins-parcourus-par-la-cote-divoire#respond\"]}]},{\"@type\":\"WebPage\",\"@id\":\"https:\/\/www.africa-press.net\/cotedivoire\/dossiers\/dhouphouet-a-ouattara-que-de-chemins-parcourus-par-la-cote-divoire\",\"url\":\"https:\/\/www.africa-press.net\/cotedivoire\/dossiers\/dhouphouet-a-ouattara-que-de-chemins-parcourus-par-la-cote-divoire\",\"name\":\"D\u2019Houphou\u00ebt \u00e0 Ouattara \u2013 Que de chemins parcourus par la C\u00f4te-d\u2019Ivoire - C\u00f4te d&#039;Ivoire\",\"isPartOf\":{\"@id\":\"https:\/\/www.africa-press.net\/cotedivoire\/#website\"},\"primaryImageOfPage\":{\"@id\":\"https:\/\/www.africa-press.net\/cotedivoire\/dossiers\/dhouphouet-a-ouattara-que-de-chemins-parcourus-par-la-cote-divoire#primaryimage\"},\"image\":{\"@id\":\"https:\/\/www.africa-press.net\/cotedivoire\/dossiers\/dhouphouet-a-ouattara-que-de-chemins-parcourus-par-la-cote-divoire#primaryimage\"},\"thumbnailUrl\":\"https:\/\/static.africa-press.net\/cote\/sites\/43\/2021\/08\/img-611122c2b582a.jpg\",\"datePublished\":\"2021-08-09T13:18:57+00:00\",\"dateModified\":\"2021-08-09T17:59:03+00:00\",\"author\":{\"@id\":\"https:\/\/www.africa-press.net\/cotedivoire\/#\/schema\/person\/2b1cf3cd81a31e3cd26889ca66d677f1\"},\"description\":\"Houphou\u00ebt-Boigny, le p\u00e8re de la C\u00f4te d\u2019Ivoire moderne Le 7 ao\u00fbt 1960, il est minuit, le Premier ministre Houphou\u00ebt-Boig ...\",\"breadcrumb\":{\"@id\":\"https:\/\/www.africa-press.net\/cotedivoire\/dossiers\/dhouphouet-a-ouattara-que-de-chemins-parcourus-par-la-cote-divoire#breadcrumb\"},\"inLanguage\":\"fr-FR\",\"potentialAction\":[{\"@type\":\"ReadAction\",\"target\":[\"https:\/\/www.africa-press.net\/cotedivoire\/dossiers\/dhouphouet-a-ouattara-que-de-chemins-parcourus-par-la-cote-divoire\"]}]},{\"@type\":\"ImageObject\",\"inLanguage\":\"fr-FR\",\"@id\":\"https:\/\/www.africa-press.net\/cotedivoire\/dossiers\/dhouphouet-a-ouattara-que-de-chemins-parcourus-par-la-cote-divoire#primaryimage\",\"url\":\"https:\/\/static.africa-press.net\/cote\/sites\/43\/2021\/08\/img-611122c2b582a.jpg\",\"contentUrl\":\"https:\/\/static.africa-press.net\/cote\/sites\/43\/2021\/08\/img-611122c2b582a.jpg\",\"width\":737,\"height\":553,\"caption\":\"D\u2019Houphou\u00ebt \u00e0 Ouattara \u2013 Que de chemins parcourus par la C\u00f4te-d\u2019Ivoire\"},{\"@type\":\"BreadcrumbList\",\"@id\":\"https:\/\/www.africa-press.net\/cotedivoire\/dossiers\/dhouphouet-a-ouattara-que-de-chemins-parcourus-par-la-cote-divoire#breadcrumb\",\"itemListElement\":[{\"@type\":\"ListItem\",\"position\":1,\"name\":\"Accueil\",\"item\":\"https:\/\/www.africa-press.net\/cotedivoire\/\"},{\"@type\":\"ListItem\",\"position\":2,\"name\":\"D\u2019Houphou\u00ebt \u00e0 Ouattara \u2013 Que de chemins parcourus par la C\u00f4te-d\u2019Ivoire\"}]},{\"@type\":\"WebSite\",\"@id\":\"https:\/\/www.africa-press.net\/cotedivoire\/#website\",\"url\":\"https:\/\/www.africa-press.net\/cotedivoire\/\",\"name\":\"C\u00f4te d&#039;Ivoire\",\"description\":\"Just another Africa News Agency Sites site\",\"potentialAction\":[{\"@type\":\"SearchAction\",\"target\":{\"@type\":\"EntryPoint\",\"urlTemplate\":\"https:\/\/www.africa-press.net\/cotedivoire\/?s={search_term_string}\"},\"query-input\":{\"@type\":\"PropertyValueSpecification\",\"valueRequired\":true,\"valueName\":\"search_term_string\"}}],\"inLanguage\":\"fr-FR\"},{\"@type\":\"Person\",\"@id\":\"https:\/\/www.africa-press.net\/cotedivoire\/#\/schema\/person\/2b1cf3cd81a31e3cd26889ca66d677f1\",\"name\":\"cfeditorfr\"}]}<\/script>\n<!-- \/ Yoast SEO Premium plugin. -->","yoast_head_json":{"title":"D\u2019Houphou\u00ebt \u00e0 Ouattara \u2013 Que de chemins parcourus par la C\u00f4te-d\u2019Ivoire - C\u00f4te d&#039;Ivoire","description":"Houphou\u00ebt-Boigny, le p\u00e8re de la C\u00f4te d\u2019Ivoire moderne Le 7 ao\u00fbt 1960, il est minuit, le Premier ministre Houphou\u00ebt-Boig ...","robots":{"index":"index","follow":"follow","max-snippet":"max-snippet:-1","max-image-preview":"max-image-preview:large","max-video-preview":"max-video-preview:-1"},"canonical":"https:\/\/www.africa-press.net\/cotedivoire\/dossiers\/dhouphouet-a-ouattara-que-de-chemins-parcourus-par-la-cote-divoire","og_locale":"fr_FR","og_type":"article","og_title":"D\u2019Houphou\u00ebt \u00e0 Ouattara \u2013 Que de chemins parcourus par la C\u00f4te-d\u2019Ivoire","og_description":"Houphou\u00ebt-Boigny, le p\u00e8re de la C\u00f4te d\u2019Ivoire moderne Le 7 ao\u00fbt 1960, il est minuit, le Premier ministre Houphou\u00ebt-Boig ...","og_url":"https:\/\/www.africa-press.net\/cotedivoire\/dossiers\/dhouphouet-a-ouattara-que-de-chemins-parcourus-par-la-cote-divoire","og_site_name":"C\u00f4te d&#039;Ivoire","article_published_time":"2021-08-09T13:18:57+00:00","article_modified_time":"2021-08-09T17:59:03+00:00","og_image":[{"width":737,"height":553,"url":"https:\/\/static.africa-press.net\/cote\/sites\/43\/2021\/08\/img-611122c2b582a.jpg","type":"image\/jpeg"}],"author":"cfeditorfr","twitter_card":"summary_large_image","twitter_misc":{"\u00c9crit par":"cfeditorfr","Dur\u00e9e de lecture estim\u00e9e":"13 minutes"},"schema":{"@context":"https:\/\/schema.org","@graph":[{"@type":"Article","@id":"https:\/\/www.africa-press.net\/cotedivoire\/dossiers\/dhouphouet-a-ouattara-que-de-chemins-parcourus-par-la-cote-divoire#article","isPartOf":{"@id":"https:\/\/www.africa-press.net\/cotedivoire\/dossiers\/dhouphouet-a-ouattara-que-de-chemins-parcourus-par-la-cote-divoire"},"author":{"name":"cfeditorfr","@id":"https:\/\/www.africa-press.net\/cotedivoire\/#\/schema\/person\/2b1cf3cd81a31e3cd26889ca66d677f1"},"headline":"D\u2019Houphou\u00ebt \u00e0 Ouattara \u2013 Que de chemins parcourus par la C\u00f4te-d\u2019Ivoire","datePublished":"2021-08-09T13:18:57+00:00","dateModified":"2021-08-09T17:59:03+00:00","mainEntityOfPage":{"@id":"https:\/\/www.africa-press.net\/cotedivoire\/dossiers\/dhouphouet-a-ouattara-que-de-chemins-parcourus-par-la-cote-divoire"},"wordCount":2702,"commentCount":0,"image":{"@id":"https:\/\/www.africa-press.net\/cotedivoire\/dossiers\/dhouphouet-a-ouattara-que-de-chemins-parcourus-par-la-cote-divoire#primaryimage"},"thumbnailUrl":"https:\/\/static.africa-press.net\/cote\/sites\/43\/2021\/08\/img-611122c2b582a.jpg","keywords":["Africa Press","Africa Press-C\u00f4te d'Ivoire","C\u00d4TE D'IVOIRE"],"articleSection":["Dossiers","homepage-french","Top Nouvelles","Toutes les actualit\u00e9s"],"inLanguage":"fr-FR","potentialAction":[{"@type":"CommentAction","name":"Comment","target":["https:\/\/www.africa-press.net\/cotedivoire\/dossiers\/dhouphouet-a-ouattara-que-de-chemins-parcourus-par-la-cote-divoire#respond"]}]},{"@type":"WebPage","@id":"https:\/\/www.africa-press.net\/cotedivoire\/dossiers\/dhouphouet-a-ouattara-que-de-chemins-parcourus-par-la-cote-divoire","url":"https:\/\/www.africa-press.net\/cotedivoire\/dossiers\/dhouphouet-a-ouattara-que-de-chemins-parcourus-par-la-cote-divoire","name":"D\u2019Houphou\u00ebt \u00e0 Ouattara \u2013 Que de chemins parcourus par la C\u00f4te-d\u2019Ivoire - C\u00f4te d&#039;Ivoire","isPartOf":{"@id":"https:\/\/www.africa-press.net\/cotedivoire\/#website"},"primaryImageOfPage":{"@id":"https:\/\/www.africa-press.net\/cotedivoire\/dossiers\/dhouphouet-a-ouattara-que-de-chemins-parcourus-par-la-cote-divoire#primaryimage"},"image":{"@id":"https:\/\/www.africa-press.net\/cotedivoire\/dossiers\/dhouphouet-a-ouattara-que-de-chemins-parcourus-par-la-cote-divoire#primaryimage"},"thumbnailUrl":"https:\/\/static.africa-press.net\/cote\/sites\/43\/2021\/08\/img-611122c2b582a.jpg","datePublished":"2021-08-09T13:18:57+00:00","dateModified":"2021-08-09T17:59:03+00:00","author":{"@id":"https:\/\/www.africa-press.net\/cotedivoire\/#\/schema\/person\/2b1cf3cd81a31e3cd26889ca66d677f1"},"description":"Houphou\u00ebt-Boigny, le p\u00e8re de la C\u00f4te d\u2019Ivoire moderne Le 7 ao\u00fbt 1960, il est minuit, le Premier ministre Houphou\u00ebt-Boig ...","breadcrumb":{"@id":"https:\/\/www.africa-press.net\/cotedivoire\/dossiers\/dhouphouet-a-ouattara-que-de-chemins-parcourus-par-la-cote-divoire#breadcrumb"},"inLanguage":"fr-FR","potentialAction":[{"@type":"ReadAction","target":["https:\/\/www.africa-press.net\/cotedivoire\/dossiers\/dhouphouet-a-ouattara-que-de-chemins-parcourus-par-la-cote-divoire"]}]},{"@type":"ImageObject","inLanguage":"fr-FR","@id":"https:\/\/www.africa-press.net\/cotedivoire\/dossiers\/dhouphouet-a-ouattara-que-de-chemins-parcourus-par-la-cote-divoire#primaryimage","url":"https:\/\/static.africa-press.net\/cote\/sites\/43\/2021\/08\/img-611122c2b582a.jpg","contentUrl":"https:\/\/static.africa-press.net\/cote\/sites\/43\/2021\/08\/img-611122c2b582a.jpg","width":737,"height":553,"caption":"D\u2019Houphou\u00ebt \u00e0 Ouattara \u2013 Que de chemins parcourus par la C\u00f4te-d\u2019Ivoire"},{"@type":"BreadcrumbList","@id":"https:\/\/www.africa-press.net\/cotedivoire\/dossiers\/dhouphouet-a-ouattara-que-de-chemins-parcourus-par-la-cote-divoire#breadcrumb","itemListElement":[{"@type":"ListItem","position":1,"name":"Accueil","item":"https:\/\/www.africa-press.net\/cotedivoire\/"},{"@type":"ListItem","position":2,"name":"D\u2019Houphou\u00ebt \u00e0 Ouattara \u2013 Que de chemins parcourus par la C\u00f4te-d\u2019Ivoire"}]},{"@type":"WebSite","@id":"https:\/\/www.africa-press.net\/cotedivoire\/#website","url":"https:\/\/www.africa-press.net\/cotedivoire\/","name":"C\u00f4te d&#039;Ivoire","description":"Just another Africa News Agency Sites site","potentialAction":[{"@type":"SearchAction","target":{"@type":"EntryPoint","urlTemplate":"https:\/\/www.africa-press.net\/cotedivoire\/?s={search_term_string}"},"query-input":{"@type":"PropertyValueSpecification","valueRequired":true,"valueName":"search_term_string"}}],"inLanguage":"fr-FR"},{"@type":"Person","@id":"https:\/\/www.africa-press.net\/cotedivoire\/#\/schema\/person\/2b1cf3cd81a31e3cd26889ca66d677f1","name":"cfeditorfr"}]}},"_links":{"self":[{"href":"https:\/\/www.africa-press.net\/cotedivoire\/wp-json\/wp\/v2\/posts\/11089","targetHints":{"allow":["GET"]}}],"collection":[{"href":"https:\/\/www.africa-press.net\/cotedivoire\/wp-json\/wp\/v2\/posts"}],"about":[{"href":"https:\/\/www.africa-press.net\/cotedivoire\/wp-json\/wp\/v2\/types\/post"}],"author":[{"embeddable":true,"href":"https:\/\/www.africa-press.net\/cotedivoire\/wp-json\/wp\/v2\/users\/82"}],"replies":[{"embeddable":true,"href":"https:\/\/www.africa-press.net\/cotedivoire\/wp-json\/wp\/v2\/comments?post=11089"}],"version-history":[{"count":0,"href":"https:\/\/www.africa-press.net\/cotedivoire\/wp-json\/wp\/v2\/posts\/11089\/revisions"}],"wp:featuredmedia":[{"embeddable":true,"href":"https:\/\/www.africa-press.net\/cotedivoire\/wp-json\/wp\/v2\/media\/11088"}],"wp:attachment":[{"href":"https:\/\/www.africa-press.net\/cotedivoire\/wp-json\/wp\/v2\/media?parent=11089"}],"wp:term":[{"taxonomy":"category","embeddable":true,"href":"https:\/\/www.africa-press.net\/cotedivoire\/wp-json\/wp\/v2\/categories?post=11089"},{"taxonomy":"post_tag","embeddable":true,"href":"https:\/\/www.africa-press.net\/cotedivoire\/wp-json\/wp\/v2\/tags?post=11089"}],"curies":[{"name":"wp","href":"https:\/\/api.w.org\/{rel}","templated":true}]}}