{"id":11092,"date":"2021-08-09T17:16:16","date_gmt":"2021-08-09T17:16:16","guid":{"rendered":"https:\/\/www.africa-press.net\/cotedivoire\/?p=11092"},"modified":"2021-08-09T17:59:18","modified_gmt":"2021-08-09T17:59:18","slug":"cote-divoire-simone-gbagbo-pointe-presente-au-comite-central-du-fpi-vers-un-nouveau-grand-parti-pro-gbagbo","status":"publish","type":"post","link":"https:\/\/www.africa-press.net\/cotedivoire\/parties\/cote-divoire-simone-gbagbo-pointe-presente-au-comite-central-du-fpi-vers-un-nouveau-grand-parti-pro-gbagbo","title":{"rendered":"Simone Gbagbo pointe pr\u00e9sente au Comit\u00e9 central du FPI, vers un nouveau grand parti pro-Gbagbo ?"},"content":{"rendered":"<p><span style=\"color: #ff6600\"><strong><a href=\"https:\/\/www.africa-press.net\/\">Africa-Press<\/a> &#8211; <a href=\"https:\/\/www.africa-press.net\/cotedivoire\">C\u00f4te d&rsquo;Ivoire<\/a>. <\/strong><\/span>Apr\u00e8s sa visite \u00e0 ses parents de Bonoua hier, o\u00f9 elle n\u2019avait pas souhait\u00e9 faire de la fixation sur la question de son divorce d\u2019avec l\u2019ex pr\u00e9sident Laurent Gbagbo, l\u2019ex-premi\u00e8re dame de C\u00f4te d\u2019Ivoire, Simone Gbagbo, est bien pr\u00e9sente ce lundi \u00e0 la r\u00e9union du Comit\u00e9 central du FPI qui se d\u00e9roule au Palais de la culture de Treichville.<\/p>\n<p>En effet, la branche du Front populaire ivoirien (FPI) pr\u00e9sid\u00e9e par l\u2019ancien chef de l\u2019\u00c9tat rentr\u00e9 d\u2019Europe le 17 juin dernier, tient ce lundi son 1er Comit\u00e9 central en pr\u00e9sence de Laurent Gbagbo de la nouvelle \u00e8re.<\/p>\n<p>Th\u00e9oriquement, Simone Gbagbo 2e vice-pr\u00e9sidente, est encore la num\u00e9ro 2 du parti apr\u00e8s le d\u00e9c\u00e8s de Sangar\u00e9 Aboudramane qui \u00e9tait le 1er vice-pr\u00e9sident. Elle devan\u00e7ant le secr\u00e9taire g\u00e9n\u00e9ral Assoa Adou dans l\u2019ordre protocolaire.<\/p>\n<p>Selon les indiscr\u00e9tions, Laurent Gbagbo pourrait \u00e9viter d\u2019aller au clash avec Affi N\u2019Guessan, en d\u00e9cidant de la cr\u00e9ation d\u2019une nouvelle structure politique, laissant le FPI, \u00e0 Affi N\u2019Guessan, mourir de sa plus belle mort. Selon ses proches, Laurent Gbagbo qui souhaite appara\u00eetre comme un homme nouveau, gagnerait \u00e0 se donner un nouvel outil politique, \u00e9vitant ainsi les affrontements avec le clan Affi. Surtout, selon ceux-ci, que Gbagbo en r\u00e9conciliateur, a tout \u00e0 son gagener en calmant le jeu devant les va-t-en-guerres du clan Affi.<\/p>\n<p>\u00abIl est revenu, il est venu avec une autre femme, pourquoi porterait-il encore le vieil habit du FPI ? Il a la capacit\u00e9 de tirer n\u2019importe quel parti politique vers les sommets \u00bb, a indiqu\u00e9 un de ses proches interrog\u00e9 avant le d\u00e9but des travaux du Comit\u00e9 central.<\/p>\n<p>&nbsp;<\/p>\n","protected":false},"excerpt":{"rendered":"<p>Africa-Press &#8211; C\u00f4te d&rsquo;Ivoire. Apr\u00e8s sa visite \u00e0 ses parents de Bonoua hier, o\u00f9 elle n\u2019avait pas souhait\u00e9 faire de la fixation sur la question de son divorce d\u2019avec l\u2019ex pr\u00e9sident Laurent Gbagbo, l\u2019ex-premi\u00e8re dame de C\u00f4te d\u2019Ivoire, Simone Gbagbo, est bien pr\u00e9sente ce lundi \u00e0 la r\u00e9union du Comit\u00e9 central du FPI qui se [&hellip;]<\/p>\n","protected":false},"author":82,"featured_media":11091,"comment_status":"open","ping_status":"closed","sticky":false,"template":"","format":"standard","meta":{"footnotes":""},"categories":[11,4,10],"tags":[56,63,29],"class_list":["post-11092","post","type-post","status-publish","format-standard","has-post-thumbnail","hentry","category-homepage-french","category-parties","category-toutes-les-actualites","tag-africa-press","tag-africa-press-cote-divoire","tag-cote-divoire"],"yoast_head":"<!-- This site is optimized with the Yoast SEO Premium plugin v26.1 (Yoast SEO v27.0) - https:\/\/yoast.com\/product\/yoast-seo-premium-wordpress\/ -->\n<title>Simone Gbagbo pointe pr\u00e9sente au Comit\u00e9 central du FPI, vers un nouveau grand parti pro-Gbagbo ? - C\u00f4te d&#039;Ivoire<\/title>\n<meta name=\"description\" content=\"Apr\u00e8s sa visite \u00e0 ses parents de Bonoua hier, o\u00f9 elle n\u2019avait pas souhait\u00e9 faire de la fixation sur la question de son d ...\" \/>\n<meta name=\"robots\" content=\"index, follow, max-snippet:-1, max-image-preview:large, max-video-preview:-1\" \/>\n<link rel=\"canonical\" href=\"https:\/\/www.africa-press.net\/cotedivoire\/parties\/cote-divoire-simone-gbagbo-pointe-presente-au-comite-central-du-fpi-vers-un-nouveau-grand-parti-pro-gbagbo\" \/>\n<meta property=\"og:locale\" content=\"fr_FR\" \/>\n<meta property=\"og:type\" content=\"article\" \/>\n<meta property=\"og:title\" content=\"Simone Gbagbo pointe pr\u00e9sente au Comit\u00e9 central du FPI, vers un nouveau grand parti pro-Gbagbo ?\" \/>\n<meta property=\"og:description\" content=\"Apr\u00e8s sa visite \u00e0 ses parents de Bonoua hier, o\u00f9 elle n\u2019avait pas souhait\u00e9 faire de la fixation sur la question de son d ...\" \/>\n<meta property=\"og:url\" content=\"https:\/\/www.africa-press.net\/cotedivoire\/parties\/cote-divoire-simone-gbagbo-pointe-presente-au-comite-central-du-fpi-vers-un-nouveau-grand-parti-pro-gbagbo\" \/>\n<meta property=\"og:site_name\" content=\"C\u00f4te d&#039;Ivoire\" \/>\n<meta property=\"article:published_time\" content=\"2021-08-09T17:16:16+00:00\" \/>\n<meta property=\"article:modified_time\" content=\"2021-08-09T17:59:18+00:00\" \/>\n<meta property=\"og:image\" content=\"https:\/\/static.africa-press.net\/cote\/sites\/43\/2021\/08\/img-6111621b50ece.jpg\" \/>\n\t<meta property=\"og:image:width\" content=\"960\" \/>\n\t<meta property=\"og:image:height\" content=\"720\" \/>\n\t<meta property=\"og:image:type\" content=\"image\/jpeg\" \/>\n<meta name=\"author\" content=\"cfeditorfr\" \/>\n<meta name=\"twitter:card\" content=\"summary_large_image\" \/>\n<meta name=\"twitter:label1\" content=\"\u00c9crit par\" \/>\n\t<meta name=\"twitter:data1\" content=\"cfeditorfr\" \/>\n\t<meta name=\"twitter:label2\" content=\"Dur\u00e9e de lecture estim\u00e9e\" \/>\n\t<meta name=\"twitter:data2\" content=\"2 minutes\" \/>\n<script type=\"application\/ld+json\" class=\"yoast-schema-graph\">{\"@context\":\"https:\/\/schema.org\",\"@graph\":[{\"@type\":\"Article\",\"@id\":\"https:\/\/www.africa-press.net\/cotedivoire\/parties\/cote-divoire-simone-gbagbo-pointe-presente-au-comite-central-du-fpi-vers-un-nouveau-grand-parti-pro-gbagbo#article\",\"isPartOf\":{\"@id\":\"https:\/\/www.africa-press.net\/cotedivoire\/parties\/cote-divoire-simone-gbagbo-pointe-presente-au-comite-central-du-fpi-vers-un-nouveau-grand-parti-pro-gbagbo\"},\"author\":{\"name\":\"cfeditorfr\",\"@id\":\"https:\/\/www.africa-press.net\/cotedivoire\/#\/schema\/person\/2b1cf3cd81a31e3cd26889ca66d677f1\"},\"headline\":\"Simone Gbagbo pointe pr\u00e9sente au Comit\u00e9 central du FPI, vers un nouveau grand parti pro-Gbagbo ?\",\"datePublished\":\"2021-08-09T17:16:16+00:00\",\"dateModified\":\"2021-08-09T17:59:18+00:00\",\"mainEntityOfPage\":{\"@id\":\"https:\/\/www.africa-press.net\/cotedivoire\/parties\/cote-divoire-simone-gbagbo-pointe-presente-au-comite-central-du-fpi-vers-un-nouveau-grand-parti-pro-gbagbo\"},\"wordCount\":316,\"commentCount\":0,\"image\":{\"@id\":\"https:\/\/www.africa-press.net\/cotedivoire\/parties\/cote-divoire-simone-gbagbo-pointe-presente-au-comite-central-du-fpi-vers-un-nouveau-grand-parti-pro-gbagbo#primaryimage\"},\"thumbnailUrl\":\"https:\/\/static.africa-press.net\/cote\/sites\/43\/2021\/08\/img-6111621b50ece.jpg\",\"keywords\":[\"Africa Press\",\"Africa Press-C\u00f4te d'Ivoire\",\"C\u00d4TE D'IVOIRE\"],\"articleSection\":[\"homepage-french\",\"Parties\",\"Toutes les actualit\u00e9s\"],\"inLanguage\":\"fr-FR\",\"potentialAction\":[{\"@type\":\"CommentAction\",\"name\":\"Comment\",\"target\":[\"https:\/\/www.africa-press.net\/cotedivoire\/parties\/cote-divoire-simone-gbagbo-pointe-presente-au-comite-central-du-fpi-vers-un-nouveau-grand-parti-pro-gbagbo#respond\"]}]},{\"@type\":\"WebPage\",\"@id\":\"https:\/\/www.africa-press.net\/cotedivoire\/parties\/cote-divoire-simone-gbagbo-pointe-presente-au-comite-central-du-fpi-vers-un-nouveau-grand-parti-pro-gbagbo\",\"url\":\"https:\/\/www.africa-press.net\/cotedivoire\/parties\/cote-divoire-simone-gbagbo-pointe-presente-au-comite-central-du-fpi-vers-un-nouveau-grand-parti-pro-gbagbo\",\"name\":\"Simone Gbagbo pointe pr\u00e9sente au Comit\u00e9 central du FPI, vers un nouveau grand parti pro-Gbagbo ? - C\u00f4te d&#039;Ivoire\",\"isPartOf\":{\"@id\":\"https:\/\/www.africa-press.net\/cotedivoire\/#website\"},\"primaryImageOfPage\":{\"@id\":\"https:\/\/www.africa-press.net\/cotedivoire\/parties\/cote-divoire-simone-gbagbo-pointe-presente-au-comite-central-du-fpi-vers-un-nouveau-grand-parti-pro-gbagbo#primaryimage\"},\"image\":{\"@id\":\"https:\/\/www.africa-press.net\/cotedivoire\/parties\/cote-divoire-simone-gbagbo-pointe-presente-au-comite-central-du-fpi-vers-un-nouveau-grand-parti-pro-gbagbo#primaryimage\"},\"thumbnailUrl\":\"https:\/\/static.africa-press.net\/cote\/sites\/43\/2021\/08\/img-6111621b50ece.jpg\",\"datePublished\":\"2021-08-09T17:16:16+00:00\",\"dateModified\":\"2021-08-09T17:59:18+00:00\",\"author\":{\"@id\":\"https:\/\/www.africa-press.net\/cotedivoire\/#\/schema\/person\/2b1cf3cd81a31e3cd26889ca66d677f1\"},\"description\":\"Apr\u00e8s sa visite \u00e0 ses parents de Bonoua hier, o\u00f9 elle n\u2019avait pas souhait\u00e9 faire de la fixation sur la question de son d ...\",\"breadcrumb\":{\"@id\":\"https:\/\/www.africa-press.net\/cotedivoire\/parties\/cote-divoire-simone-gbagbo-pointe-presente-au-comite-central-du-fpi-vers-un-nouveau-grand-parti-pro-gbagbo#breadcrumb\"},\"inLanguage\":\"fr-FR\",\"potentialAction\":[{\"@type\":\"ReadAction\",\"target\":[\"https:\/\/www.africa-press.net\/cotedivoire\/parties\/cote-divoire-simone-gbagbo-pointe-presente-au-comite-central-du-fpi-vers-un-nouveau-grand-parti-pro-gbagbo\"]}]},{\"@type\":\"ImageObject\",\"inLanguage\":\"fr-FR\",\"@id\":\"https:\/\/www.africa-press.net\/cotedivoire\/parties\/cote-divoire-simone-gbagbo-pointe-presente-au-comite-central-du-fpi-vers-un-nouveau-grand-parti-pro-gbagbo#primaryimage\",\"url\":\"https:\/\/static.africa-press.net\/cote\/sites\/43\/2021\/08\/img-6111621b50ece.jpg\",\"contentUrl\":\"https:\/\/static.africa-press.net\/cote\/sites\/43\/2021\/08\/img-6111621b50ece.jpg\",\"width\":960,\"height\":720,\"caption\":\"C\u00f4te d\u2019Ivoire: Simone Gbagbo pointe pr\u00e9sente au Comit\u00e9 central du FPI, vers un nouveau grand parti pro-Gbagbo ?\"},{\"@type\":\"BreadcrumbList\",\"@id\":\"https:\/\/www.africa-press.net\/cotedivoire\/parties\/cote-divoire-simone-gbagbo-pointe-presente-au-comite-central-du-fpi-vers-un-nouveau-grand-parti-pro-gbagbo#breadcrumb\",\"itemListElement\":[{\"@type\":\"ListItem\",\"position\":1,\"name\":\"Accueil\",\"item\":\"https:\/\/www.africa-press.net\/cotedivoire\/\"},{\"@type\":\"ListItem\",\"position\":2,\"name\":\"Simone Gbagbo pointe pr\u00e9sente au Comit\u00e9 central du FPI, vers un nouveau grand parti pro-Gbagbo ?\"}]},{\"@type\":\"WebSite\",\"@id\":\"https:\/\/www.africa-press.net\/cotedivoire\/#website\",\"url\":\"https:\/\/www.africa-press.net\/cotedivoire\/\",\"name\":\"C\u00f4te d&#039;Ivoire\",\"description\":\"Just another Africa News Agency Sites site\",\"potentialAction\":[{\"@type\":\"SearchAction\",\"target\":{\"@type\":\"EntryPoint\",\"urlTemplate\":\"https:\/\/www.africa-press.net\/cotedivoire\/?s={search_term_string}\"},\"query-input\":{\"@type\":\"PropertyValueSpecification\",\"valueRequired\":true,\"valueName\":\"search_term_string\"}}],\"inLanguage\":\"fr-FR\"},{\"@type\":\"Person\",\"@id\":\"https:\/\/www.africa-press.net\/cotedivoire\/#\/schema\/person\/2b1cf3cd81a31e3cd26889ca66d677f1\",\"name\":\"cfeditorfr\"}]}<\/script>\n<!-- \/ Yoast SEO Premium plugin. -->","yoast_head_json":{"title":"Simone Gbagbo pointe pr\u00e9sente au Comit\u00e9 central du FPI, vers un nouveau grand parti pro-Gbagbo ? - C\u00f4te d&#039;Ivoire","description":"Apr\u00e8s sa visite \u00e0 ses parents de Bonoua hier, o\u00f9 elle n\u2019avait pas souhait\u00e9 faire de la fixation sur la question de son d ...","robots":{"index":"index","follow":"follow","max-snippet":"max-snippet:-1","max-image-preview":"max-image-preview:large","max-video-preview":"max-video-preview:-1"},"canonical":"https:\/\/www.africa-press.net\/cotedivoire\/parties\/cote-divoire-simone-gbagbo-pointe-presente-au-comite-central-du-fpi-vers-un-nouveau-grand-parti-pro-gbagbo","og_locale":"fr_FR","og_type":"article","og_title":"Simone Gbagbo pointe pr\u00e9sente au Comit\u00e9 central du FPI, vers un nouveau grand parti pro-Gbagbo ?","og_description":"Apr\u00e8s sa visite \u00e0 ses parents de Bonoua hier, o\u00f9 elle n\u2019avait pas souhait\u00e9 faire de la fixation sur la question de son d ...","og_url":"https:\/\/www.africa-press.net\/cotedivoire\/parties\/cote-divoire-simone-gbagbo-pointe-presente-au-comite-central-du-fpi-vers-un-nouveau-grand-parti-pro-gbagbo","og_site_name":"C\u00f4te d&#039;Ivoire","article_published_time":"2021-08-09T17:16:16+00:00","article_modified_time":"2021-08-09T17:59:18+00:00","og_image":[{"width":960,"height":720,"url":"https:\/\/static.africa-press.net\/cote\/sites\/43\/2021\/08\/img-6111621b50ece.jpg","type":"image\/jpeg"}],"author":"cfeditorfr","twitter_card":"summary_large_image","twitter_misc":{"\u00c9crit par":"cfeditorfr","Dur\u00e9e de lecture estim\u00e9e":"2 minutes"},"schema":{"@context":"https:\/\/schema.org","@graph":[{"@type":"Article","@id":"https:\/\/www.africa-press.net\/cotedivoire\/parties\/cote-divoire-simone-gbagbo-pointe-presente-au-comite-central-du-fpi-vers-un-nouveau-grand-parti-pro-gbagbo#article","isPartOf":{"@id":"https:\/\/www.africa-press.net\/cotedivoire\/parties\/cote-divoire-simone-gbagbo-pointe-presente-au-comite-central-du-fpi-vers-un-nouveau-grand-parti-pro-gbagbo"},"author":{"name":"cfeditorfr","@id":"https:\/\/www.africa-press.net\/cotedivoire\/#\/schema\/person\/2b1cf3cd81a31e3cd26889ca66d677f1"},"headline":"Simone Gbagbo pointe pr\u00e9sente au Comit\u00e9 central du FPI, vers un nouveau grand parti pro-Gbagbo ?","datePublished":"2021-08-09T17:16:16+00:00","dateModified":"2021-08-09T17:59:18+00:00","mainEntityOfPage":{"@id":"https:\/\/www.africa-press.net\/cotedivoire\/parties\/cote-divoire-simone-gbagbo-pointe-presente-au-comite-central-du-fpi-vers-un-nouveau-grand-parti-pro-gbagbo"},"wordCount":316,"commentCount":0,"image":{"@id":"https:\/\/www.africa-press.net\/cotedivoire\/parties\/cote-divoire-simone-gbagbo-pointe-presente-au-comite-central-du-fpi-vers-un-nouveau-grand-parti-pro-gbagbo#primaryimage"},"thumbnailUrl":"https:\/\/static.africa-press.net\/cote\/sites\/43\/2021\/08\/img-6111621b50ece.jpg","keywords":["Africa Press","Africa Press-C\u00f4te d'Ivoire","C\u00d4TE D'IVOIRE"],"articleSection":["homepage-french","Parties","Toutes les actualit\u00e9s"],"inLanguage":"fr-FR","potentialAction":[{"@type":"CommentAction","name":"Comment","target":["https:\/\/www.africa-press.net\/cotedivoire\/parties\/cote-divoire-simone-gbagbo-pointe-presente-au-comite-central-du-fpi-vers-un-nouveau-grand-parti-pro-gbagbo#respond"]}]},{"@type":"WebPage","@id":"https:\/\/www.africa-press.net\/cotedivoire\/parties\/cote-divoire-simone-gbagbo-pointe-presente-au-comite-central-du-fpi-vers-un-nouveau-grand-parti-pro-gbagbo","url":"https:\/\/www.africa-press.net\/cotedivoire\/parties\/cote-divoire-simone-gbagbo-pointe-presente-au-comite-central-du-fpi-vers-un-nouveau-grand-parti-pro-gbagbo","name":"Simone Gbagbo pointe pr\u00e9sente au Comit\u00e9 central du FPI, vers un nouveau grand parti pro-Gbagbo ? - C\u00f4te d&#039;Ivoire","isPartOf":{"@id":"https:\/\/www.africa-press.net\/cotedivoire\/#website"},"primaryImageOfPage":{"@id":"https:\/\/www.africa-press.net\/cotedivoire\/parties\/cote-divoire-simone-gbagbo-pointe-presente-au-comite-central-du-fpi-vers-un-nouveau-grand-parti-pro-gbagbo#primaryimage"},"image":{"@id":"https:\/\/www.africa-press.net\/cotedivoire\/parties\/cote-divoire-simone-gbagbo-pointe-presente-au-comite-central-du-fpi-vers-un-nouveau-grand-parti-pro-gbagbo#primaryimage"},"thumbnailUrl":"https:\/\/static.africa-press.net\/cote\/sites\/43\/2021\/08\/img-6111621b50ece.jpg","datePublished":"2021-08-09T17:16:16+00:00","dateModified":"2021-08-09T17:59:18+00:00","author":{"@id":"https:\/\/www.africa-press.net\/cotedivoire\/#\/schema\/person\/2b1cf3cd81a31e3cd26889ca66d677f1"},"description":"Apr\u00e8s sa visite \u00e0 ses parents de Bonoua hier, o\u00f9 elle n\u2019avait pas souhait\u00e9 faire de la fixation sur la question de son d ...","breadcrumb":{"@id":"https:\/\/www.africa-press.net\/cotedivoire\/parties\/cote-divoire-simone-gbagbo-pointe-presente-au-comite-central-du-fpi-vers-un-nouveau-grand-parti-pro-gbagbo#breadcrumb"},"inLanguage":"fr-FR","potentialAction":[{"@type":"ReadAction","target":["https:\/\/www.africa-press.net\/cotedivoire\/parties\/cote-divoire-simone-gbagbo-pointe-presente-au-comite-central-du-fpi-vers-un-nouveau-grand-parti-pro-gbagbo"]}]},{"@type":"ImageObject","inLanguage":"fr-FR","@id":"https:\/\/www.africa-press.net\/cotedivoire\/parties\/cote-divoire-simone-gbagbo-pointe-presente-au-comite-central-du-fpi-vers-un-nouveau-grand-parti-pro-gbagbo#primaryimage","url":"https:\/\/static.africa-press.net\/cote\/sites\/43\/2021\/08\/img-6111621b50ece.jpg","contentUrl":"https:\/\/static.africa-press.net\/cote\/sites\/43\/2021\/08\/img-6111621b50ece.jpg","width":960,"height":720,"caption":"C\u00f4te d\u2019Ivoire: Simone Gbagbo pointe pr\u00e9sente au Comit\u00e9 central du FPI, vers un nouveau grand parti pro-Gbagbo ?"},{"@type":"BreadcrumbList","@id":"https:\/\/www.africa-press.net\/cotedivoire\/parties\/cote-divoire-simone-gbagbo-pointe-presente-au-comite-central-du-fpi-vers-un-nouveau-grand-parti-pro-gbagbo#breadcrumb","itemListElement":[{"@type":"ListItem","position":1,"name":"Accueil","item":"https:\/\/www.africa-press.net\/cotedivoire\/"},{"@type":"ListItem","position":2,"name":"Simone Gbagbo pointe pr\u00e9sente au Comit\u00e9 central du FPI, vers un nouveau grand parti pro-Gbagbo ?"}]},{"@type":"WebSite","@id":"https:\/\/www.africa-press.net\/cotedivoire\/#website","url":"https:\/\/www.africa-press.net\/cotedivoire\/","name":"C\u00f4te d&#039;Ivoire","description":"Just another Africa News Agency Sites site","potentialAction":[{"@type":"SearchAction","target":{"@type":"EntryPoint","urlTemplate":"https:\/\/www.africa-press.net\/cotedivoire\/?s={search_term_string}"},"query-input":{"@type":"PropertyValueSpecification","valueRequired":true,"valueName":"search_term_string"}}],"inLanguage":"fr-FR"},{"@type":"Person","@id":"https:\/\/www.africa-press.net\/cotedivoire\/#\/schema\/person\/2b1cf3cd81a31e3cd26889ca66d677f1","name":"cfeditorfr"}]}},"_links":{"self":[{"href":"https:\/\/www.africa-press.net\/cotedivoire\/wp-json\/wp\/v2\/posts\/11092","targetHints":{"allow":["GET"]}}],"collection":[{"href":"https:\/\/www.africa-press.net\/cotedivoire\/wp-json\/wp\/v2\/posts"}],"about":[{"href":"https:\/\/www.africa-press.net\/cotedivoire\/wp-json\/wp\/v2\/types\/post"}],"author":[{"embeddable":true,"href":"https:\/\/www.africa-press.net\/cotedivoire\/wp-json\/wp\/v2\/users\/82"}],"replies":[{"embeddable":true,"href":"https:\/\/www.africa-press.net\/cotedivoire\/wp-json\/wp\/v2\/comments?post=11092"}],"version-history":[{"count":0,"href":"https:\/\/www.africa-press.net\/cotedivoire\/wp-json\/wp\/v2\/posts\/11092\/revisions"}],"wp:featuredmedia":[{"embeddable":true,"href":"https:\/\/www.africa-press.net\/cotedivoire\/wp-json\/wp\/v2\/media\/11091"}],"wp:attachment":[{"href":"https:\/\/www.africa-press.net\/cotedivoire\/wp-json\/wp\/v2\/media?parent=11092"}],"wp:term":[{"taxonomy":"category","embeddable":true,"href":"https:\/\/www.africa-press.net\/cotedivoire\/wp-json\/wp\/v2\/categories?post=11092"},{"taxonomy":"post_tag","embeddable":true,"href":"https:\/\/www.africa-press.net\/cotedivoire\/wp-json\/wp\/v2\/tags?post=11092"}],"curies":[{"name":"wp","href":"https:\/\/api.w.org\/{rel}","templated":true}]}}