{"id":11095,"date":"2021-08-09T17:23:17","date_gmt":"2021-08-09T17:23:17","guid":{"rendered":"https:\/\/www.africa-press.net\/cotedivoire\/?p=11095"},"modified":"2021-08-09T17:59:38","modified_gmt":"2021-08-09T17:59:38","slug":"comite-central-du-fpi-gbagbo-propose-de-contourner-la-pierre-affien-creant-un-nouveau-parti-communique-final","status":"publish","type":"post","link":"https:\/\/www.africa-press.net\/cotedivoire\/politique\/comite-central-du-fpi-gbagbo-propose-de-contourner-la-pierre-affien-creant-un-nouveau-parti-communique-final","title":{"rendered":"Comit\u00e9 central du FPI: Gbagbo propose de \u00ab\u00a0contourner la pierre\u00a0\u00bb Affi\u2026en cr\u00e9ant un nouveau parti (communiqu\u00e9 final)"},"content":{"rendered":"<p><span style=\"color: #ff6600\"><strong><a href=\"https:\/\/www.africa-press.net\/\">Africa-Press<\/a> &#8211; <a href=\"https:\/\/www.africa-press.net\/cotedivoire\">C\u00f4te d&rsquo;Ivoire<\/a>.\u00a0 <\/strong><\/span>Nous l\u2019annoncions ce matin en exclusivit\u00e9, Laurent Gbagbo a propos\u00e9 au Comit\u00e9 central du FPI de \u00ab contourner la pierre \u00bb Affi N\u2019guessan.<\/p>\n<p>C\u2019est-\u00e0-dire la cr\u00e9ation d\u2019un nouveau parti qui conserve le contenu des anciens textes fondateurs mais pas la m\u00eame d\u00e9nomination.<\/p>\n<p>\u00abJe propose au comit\u00e9 central de laisser Affi avec l\u2019enveloppe. Nous allons cr\u00e9er notre parti\u00bb, dixit Laurent GBAGBO.<\/p>\n<p>Comit\u00e9 Central Extraordinaire<\/p>\n<p>02\/2021<\/p>\n<p>Communiqu\u00e9 final<\/p>\n<p>1. Sur convocation du Secr\u00e9tariat G\u00e9n\u00e9ral, le Comit\u00e9 Central du Front Populaire Ivoirien (FPI), s\u2019est r\u00e9uni le lundi 9 ao\u00fbt 2021, en sa deuxi\u00e8me session extraordinaire de l\u2019ann\u00e9e 2021, au Palais de la Culture, sis \u00e0 Treichville, de 12h05 heures \u00e0 14h32, sous la pr\u00e9sidence effective du Pr\u00e9sident Laurent GBAGBO, pr\u00e9sident du Parti ;<\/p>\n<p>2. L\u2019ordre du jour de cette session extraordinaire a port\u00e9 sur les points suivants :<\/p>\n<p>\u2022 Hommage \u00e0 nos chers disparus ;<\/p>\n<p>\u2022 Adresse du Pr\u00e9sident Laurent Gbagbo.<\/p>\n<p>3. Etaient convi\u00e9s \u00e0 cette session extraordinaire du Comit\u00e9 Central :<\/p>\n<p>\u2022 Les membres du Comit\u00e9 Central ;<\/p>\n<p>\u2022 Les membres du Comit\u00e9 de Contr\u00f4le ;<\/p>\n<p>\u2022 Les membres du Conseil Politique Permanent ;<\/p>\n<p>\u2022 Les membres fondateurs d\u2019Ensemble pour la D\u00e9mocratie et la Souverainet\u00e9 (EDS) ;<\/p>\n<p>\u2022 Les D\u00e9put\u00e9s de EDS ;<\/p>\n<p>\u2022 Les membres du cabinet du Pr\u00e9sident.<\/p>\n<p>4. La session a entendu une communication du camarade ASSOA Adou, Secr\u00e9taire G\u00e9n\u00e9ral du Front Populaire Ivoirien ;<\/p>\n<p>5. Dans sa communication, le camarade ASSOA Adou a souhait\u00e9 la bienvenue au Pr\u00e9sident du Parti, et lui a dit \u00ab YAKO \u00bb pour toutes les souffrances qu\u2019il a endur\u00e9es ;<\/p>\n<p>6. Le Secr\u00e9taire G\u00e9n\u00e9ral a ensuite adress\u00e9 ses vifs remerciements au Pr\u00e9sident Laurent Gbagbo pour la confiance qu\u2019il lui a manifest\u00e9e \u00e0 deux reprises ; D\u2019abord en le nommant Directeur de sa campagne pour la pr\u00e9sidence du Parti \u00e0 l\u2019occasion du Congr\u00e8s qui \u00e9tait pr\u00e9vu en d\u00e9cembre 2014, alors qu\u2019il \u00e9tait en exil au Ghana ; Ensuite, le Pr\u00e9sident Laurent GBAGBO l\u2019a honor\u00e9 en le nommant Secr\u00e9taire G\u00e9n\u00e9ral du Parti au Congr\u00e8s de Mooussou qui s\u2019est tenu les 3 et 4ao\u00fbt 2018 alors qu\u2019il \u00e9tait en prison ;<\/p>\n<p>7. Le Secr\u00e9taire G\u00e9n\u00e9ral du Parti a indiqu\u00e9 qu\u2019apr\u00e8s le Congr\u00e8s de Moossou qui s\u2019est tenu les 3 et 4 ao\u00fbt 2018, le Parti a \u00e9t\u00e9 frapp\u00e9 par le d\u00e9c\u00e8s subit du Vice-pr\u00e9sident Abou Drahamane SANGARE, Pr\u00e9sident par int\u00e9rim ; Cette disparition durement ressentie par le Parti a \u00e9t\u00e9 l\u2019occasion pour certains camarades de d\u00e9fier ouvertement l\u2019autorit\u00e9 du Pr\u00e9sident du Parti ;<\/p>\n<p>8. Malgr\u00e9 ces difficult\u00e9s, les militantes, militants, sympathisants, les Ivoiriens de la diaspora et les d\u00e9mocrates du monde entier se sont mobilis\u00e9s pour faire triompher la juste ligne strat\u00e9gique du Pr\u00e9sident Laurent GBAGBO ;<\/p>\n<p>9. Abordant le premier point de l\u2019ordre du jour, le Comit\u00e9 Central a entendu une seconde communication relative \u00e0 un hommage rendu \u00e0 nos camarades et sympathisants disparus ; Cette communication a \u00e9t\u00e9 faite par le Vice-pr\u00e9sident Gnagne YADOU;<\/p>\n<p>10. Le camarade Gnagne YADOU a exprim\u00e9 aux familles, au nom du Parti, la reconnaissance \u00e9ternelle du Front Populaire Ivoirien \u00e0 tous nos militants et sympathisants disparus, pour le combat qu\u2019ils ont men\u00e9, au p\u00e9ril de leur vie, pour un avenir radieux de notre pays, la C\u00f4te d\u2019Ivoire ;<\/p>\n<p>11. Au titre du deuxi\u00e8me point de l\u2019ordre du jour, le Comit\u00e9 Central a entendu une importante intervention du Pr\u00e9sident Laurent GBAGBO sur la lutte du Front Populaire Ivoirien et les perspectives qui se pr\u00e9sentent aujourd\u2019hui pour la C\u00f4te d\u2019Ivoire ;<\/p>\n<p>12. Le Pr\u00e9sident Laurent GBAGBO a salu\u00e9 et honor\u00e9 la m\u00e9moire de tous les militants et sympathisants d\u00e9c\u00e9d\u00e9s pendant son \u00e9loignement prolong\u00e9 hors du pays. Il a salu\u00e9 leur engagement pour la libert\u00e9 et la d\u00e9mocratie en C\u00f4te d\u2019Ivoire. Il a particuli\u00e8rement insist\u00e9 sur le cas des plus illustres d\u2019entre eux dont Bernard Blin DADIER, Abou Drahamane SANGARE, Sylvain Miaka OURETO, D\u00e9sir\u00e9 TAGRO, Bohoun BOUABRE, Sansan KOUAO, Basile Mahan GAHE, qui se sont r\u00e9solument engag\u00e9s pour notre cause commune au prix de leur vie ;<\/p>\n<p>13. Le Pr\u00e9sident Laurent GBAGBO a demand\u00e9 au Parti de tout mettre en \u0153uvre pour perp\u00e9tuer la m\u00e9moire des militants et sympathisants;<\/p>\n<p>14. S\u2019adressant aux militantes, militants et sympathisants du Front Populaire Ivoirien, le Pr\u00e9sident Laurent GBAGBO les a f\u00e9licit\u00e9s pour leur courage et leur t\u00e9nacit\u00e9 qui a permis au Parti de vaincre l\u2019adversit\u00e9 ;<\/p>\n<p>15. Le Pr\u00e9sident Laurent GBAGBO a ensuite insist\u00e9 sur le r\u00f4le \u00e9minemment important jou\u00e9 par le FPI dans l\u2019instauration du multipartisme en C\u00f4te d\u2019Ivoire ainsi que le d\u00e9but du processus de d\u00e9mocratisation du pays ;<\/p>\n<p>16. C\u2019est pourquoi il a d\u00e9plor\u00e9 le comportement de certains camarades qui se situent aux antipodes de notre id\u00e9ologie et qui s\u2019acharnent sur notre Parti et sur nos militants et sympathisants ;<\/p>\n<p>17. Notre seul instrument de lutte politique est confisqu\u00e9 par Monsieur Affi N\u2019GUESSAN et malgr\u00e9 les nombreuses initiatives pour le raisonner, il s\u2019arcboute sur sa soi-disant \u00ab l\u00e9galit\u00e9 \u00bb ;<\/p>\n<p>18. Le Pr\u00e9sident Laurent GBAGBO a pris acte de la volont\u00e9 et de l\u2019obstination de Monsieur Affi N\u2019GUESSAN de prendre en otage le Front Populaire Ivoirien, foulant ainsi au pied les ann\u00e9es de sacrifice des militantes et militants du Parti ;<\/p>\n<p>15. Le Pr\u00e9sident Laurent GBAGBO n\u2019entend pas s\u2019engager dans une bataille juridique avec Monsieur Affi N\u2019GUESSAN ;<\/p>\n<p>16. D\u00e8s cet instant, il a propos\u00e9 au Comit\u00e9 Central, la cr\u00e9ation d\u2019un nouvel instrument de lutte conforme \u00e0 notre id\u00e9ologie et nos ambitions ;<\/p>\n<p>17. Il a demand\u00e9 au Comit\u00e9 Central d\u2019autoriser la mise en place d\u2019un comit\u00e9 de pr\u00e9paration du Congr\u00e8s Constitutif ;<\/p>\n<p>18. Le Comit\u00e9 Central f\u00e9licite le pr\u00e9sident Laurent GBAGBO pour son brillant expos\u00e9 et sa grande hauteur de vue qui lui permet de d\u00e9passer les outrages du pass\u00e9 et penser sereinement l\u2019avenir de notre instrument de lutte ;<\/p>\n<p>19. Le Comit\u00e9 Central d\u00e9cide en cons\u00e9quence :<\/p>\n<p>\u2022 De la perp\u00e9tuation de la m\u00e9moire de nos disparus ;<\/p>\n<p>\u2022 De la cr\u00e9ation d\u2019un nouvel instrument de lutte ;<\/p>\n<p>\u2022 De la mise en place d\u2019un comit\u00e9 de pr\u00e9paration du Congr\u00e8s Constitutif.<\/p>\n<p>20. Le Comit\u00e9 Central exhorte les militantes, militants et sympathisants du Front Populaire Ivoirien et l\u2019ensemble des partisans du Pr\u00e9sident Laurent GBAGBO et les d\u00e9mocrates ivoiriens \u00e0 s\u2019inspirer de ce d\u00e9passement afin d\u2019\u0153uvrer \u00e0 l\u2019\u00e9dification, dans la paix, d\u2019une C\u00f4te d\u2019Ivoire stable et prosp\u00e8re ;<\/p>\n<p>21. Le Comit\u00e9 Central assure de son soutien ind\u00e9fectible le pr\u00e9sident Laurent GBAGBO, homme de paix, de tol\u00e9rance et de pardon dont le retour en terre ivoirienne est, pour tous les Ivoiriens, l\u2019acc\u00e9l\u00e9rateur du processus de la r\u00e9conciliation v\u00e9ritable et de la paix en C\u00f4te d\u2019Ivoire ;<\/p>\n<p>22. Le Comit\u00e9 Central appelle, d\u00e8s \u00e0 pr\u00e9sent, \u00e0 la mobilisation de toutes les structures du Parti, de toutes les militantes, de tous les militants, de tous les sympathisants et de tous les patriotes, \u00e0 s\u2019engager, sans r\u00e9serve, autour du Pr\u00e9sident Laurent GBAGBO pour relever le d\u00e9fi de l\u2019instauration de la paix d\u00e9finitive et de la r\u00e9conciliation vraie en C\u00f4te d\u2019Ivoire.<\/p>\n<p>&nbsp;<\/p>\n","protected":false},"excerpt":{"rendered":"<p>Africa-Press &#8211; C\u00f4te d&rsquo;Ivoire.\u00a0 Nous l\u2019annoncions ce matin en exclusivit\u00e9, Laurent Gbagbo a propos\u00e9 au Comit\u00e9 central du FPI de \u00ab contourner la pierre \u00bb Affi N\u2019guessan. C\u2019est-\u00e0-dire la cr\u00e9ation d\u2019un nouveau parti qui conserve le contenu des anciens textes fondateurs mais pas la m\u00eame d\u00e9nomination. \u00abJe propose au comit\u00e9 central de laisser Affi avec [&hellip;]<\/p>\n","protected":false},"author":82,"featured_media":11094,"comment_status":"open","ping_status":"closed","sticky":false,"template":"","format":"standard","meta":{"footnotes":""},"categories":[11,2,20,10],"tags":[56,63,29],"class_list":["post-11095","post","type-post","status-publish","format-standard","has-post-thumbnail","hentry","category-homepage-french","category-politique","category-top-nouvelles","category-toutes-les-actualites","tag-africa-press","tag-africa-press-cote-divoire","tag-cote-divoire"],"yoast_head":"<!-- This site is optimized with the Yoast SEO Premium plugin v26.1 (Yoast SEO v27.0) - https:\/\/yoast.com\/product\/yoast-seo-premium-wordpress\/ -->\n<title>Comit\u00e9 central du FPI: Gbagbo propose de \u00ab\u00a0contourner la pierre\u00a0\u00bb Affi\u2026en cr\u00e9ant un nouveau parti (communiqu\u00e9 final) - C\u00f4te d&#039;Ivoire<\/title>\n<meta name=\"description\" content=\"C\u00f4te-d\u2019Ivoire\/Comit\u00e9 central du Fpi Gor\/Communiqu\u00e9 du FPI Nous l\u2019annoncions ce matin en exclusivit\u00e9, Laurent Gbagbo a p ...\" \/>\n<meta name=\"robots\" content=\"index, follow, max-snippet:-1, max-image-preview:large, max-video-preview:-1\" \/>\n<link rel=\"canonical\" href=\"https:\/\/www.africa-press.net\/cotedivoire\/politique\/comite-central-du-fpi-gbagbo-propose-de-contourner-la-pierre-affien-creant-un-nouveau-parti-communique-final\" \/>\n<meta property=\"og:locale\" content=\"fr_FR\" \/>\n<meta property=\"og:type\" content=\"article\" \/>\n<meta property=\"og:title\" content=\"Comit\u00e9 central du FPI: Gbagbo propose de \u00ab\u00a0contourner la pierre\u00a0\u00bb Affi\u2026en cr\u00e9ant un nouveau parti (communiqu\u00e9 final)\" \/>\n<meta property=\"og:description\" content=\"C\u00f4te-d\u2019Ivoire\/Comit\u00e9 central du Fpi Gor\/Communiqu\u00e9 du FPI Nous l\u2019annoncions ce matin en exclusivit\u00e9, Laurent Gbagbo a p ...\" \/>\n<meta property=\"og:url\" content=\"https:\/\/www.africa-press.net\/cotedivoire\/politique\/comite-central-du-fpi-gbagbo-propose-de-contourner-la-pierre-affien-creant-un-nouveau-parti-communique-final\" \/>\n<meta property=\"og:site_name\" content=\"C\u00f4te d&#039;Ivoire\" \/>\n<meta property=\"article:published_time\" content=\"2021-08-09T17:23:17+00:00\" \/>\n<meta property=\"article:modified_time\" content=\"2021-08-09T17:59:38+00:00\" \/>\n<meta property=\"og:image\" content=\"https:\/\/static.africa-press.net\/cote\/sites\/43\/2021\/08\/img-6111625cbb945.jpg\" \/>\n\t<meta property=\"og:image:width\" content=\"960\" \/>\n\t<meta property=\"og:image:height\" content=\"720\" \/>\n\t<meta property=\"og:image:type\" content=\"image\/jpeg\" \/>\n<meta name=\"author\" content=\"cfeditorfr\" \/>\n<meta name=\"twitter:card\" content=\"summary_large_image\" \/>\n<meta name=\"twitter:label1\" content=\"\u00c9crit par\" \/>\n\t<meta name=\"twitter:data1\" content=\"cfeditorfr\" \/>\n\t<meta name=\"twitter:label2\" content=\"Dur\u00e9e de lecture estim\u00e9e\" \/>\n\t<meta name=\"twitter:data2\" content=\"5 minutes\" \/>\n<script type=\"application\/ld+json\" class=\"yoast-schema-graph\">{\"@context\":\"https:\/\/schema.org\",\"@graph\":[{\"@type\":\"Article\",\"@id\":\"https:\/\/www.africa-press.net\/cotedivoire\/politique\/comite-central-du-fpi-gbagbo-propose-de-contourner-la-pierre-affien-creant-un-nouveau-parti-communique-final#article\",\"isPartOf\":{\"@id\":\"https:\/\/www.africa-press.net\/cotedivoire\/politique\/comite-central-du-fpi-gbagbo-propose-de-contourner-la-pierre-affien-creant-un-nouveau-parti-communique-final\"},\"author\":{\"name\":\"cfeditorfr\",\"@id\":\"https:\/\/www.africa-press.net\/cotedivoire\/#\/schema\/person\/2b1cf3cd81a31e3cd26889ca66d677f1\"},\"headline\":\"Comit\u00e9 central du FPI: Gbagbo propose de \u00ab\u00a0contourner la pierre\u00a0\u00bb Affi\u2026en cr\u00e9ant un nouveau parti (communiqu\u00e9 final)\",\"datePublished\":\"2021-08-09T17:23:17+00:00\",\"dateModified\":\"2021-08-09T17:59:38+00:00\",\"mainEntityOfPage\":{\"@id\":\"https:\/\/www.africa-press.net\/cotedivoire\/politique\/comite-central-du-fpi-gbagbo-propose-de-contourner-la-pierre-affien-creant-un-nouveau-parti-communique-final\"},\"wordCount\":1257,\"commentCount\":0,\"image\":{\"@id\":\"https:\/\/www.africa-press.net\/cotedivoire\/politique\/comite-central-du-fpi-gbagbo-propose-de-contourner-la-pierre-affien-creant-un-nouveau-parti-communique-final#primaryimage\"},\"thumbnailUrl\":\"https:\/\/static.africa-press.net\/cote\/sites\/43\/2021\/08\/img-6111625cbb945.jpg\",\"keywords\":[\"Africa Press\",\"Africa Press-C\u00f4te d'Ivoire\",\"C\u00d4TE D'IVOIRE\"],\"articleSection\":[\"homepage-french\",\"Politique\",\"Top Nouvelles\",\"Toutes les actualit\u00e9s\"],\"inLanguage\":\"fr-FR\",\"potentialAction\":[{\"@type\":\"CommentAction\",\"name\":\"Comment\",\"target\":[\"https:\/\/www.africa-press.net\/cotedivoire\/politique\/comite-central-du-fpi-gbagbo-propose-de-contourner-la-pierre-affien-creant-un-nouveau-parti-communique-final#respond\"]}]},{\"@type\":\"WebPage\",\"@id\":\"https:\/\/www.africa-press.net\/cotedivoire\/politique\/comite-central-du-fpi-gbagbo-propose-de-contourner-la-pierre-affien-creant-un-nouveau-parti-communique-final\",\"url\":\"https:\/\/www.africa-press.net\/cotedivoire\/politique\/comite-central-du-fpi-gbagbo-propose-de-contourner-la-pierre-affien-creant-un-nouveau-parti-communique-final\",\"name\":\"Comit\u00e9 central du FPI: Gbagbo propose de \u00ab\u00a0contourner la pierre\u00a0\u00bb Affi\u2026en cr\u00e9ant un nouveau parti (communiqu\u00e9 final) - C\u00f4te d&#039;Ivoire\",\"isPartOf\":{\"@id\":\"https:\/\/www.africa-press.net\/cotedivoire\/#website\"},\"primaryImageOfPage\":{\"@id\":\"https:\/\/www.africa-press.net\/cotedivoire\/politique\/comite-central-du-fpi-gbagbo-propose-de-contourner-la-pierre-affien-creant-un-nouveau-parti-communique-final#primaryimage\"},\"image\":{\"@id\":\"https:\/\/www.africa-press.net\/cotedivoire\/politique\/comite-central-du-fpi-gbagbo-propose-de-contourner-la-pierre-affien-creant-un-nouveau-parti-communique-final#primaryimage\"},\"thumbnailUrl\":\"https:\/\/static.africa-press.net\/cote\/sites\/43\/2021\/08\/img-6111625cbb945.jpg\",\"datePublished\":\"2021-08-09T17:23:17+00:00\",\"dateModified\":\"2021-08-09T17:59:38+00:00\",\"author\":{\"@id\":\"https:\/\/www.africa-press.net\/cotedivoire\/#\/schema\/person\/2b1cf3cd81a31e3cd26889ca66d677f1\"},\"description\":\"C\u00f4te-d\u2019Ivoire\/Comit\u00e9 central du Fpi Gor\/Communiqu\u00e9 du FPI Nous l\u2019annoncions ce matin en exclusivit\u00e9, Laurent Gbagbo a p ...\",\"breadcrumb\":{\"@id\":\"https:\/\/www.africa-press.net\/cotedivoire\/politique\/comite-central-du-fpi-gbagbo-propose-de-contourner-la-pierre-affien-creant-un-nouveau-parti-communique-final#breadcrumb\"},\"inLanguage\":\"fr-FR\",\"potentialAction\":[{\"@type\":\"ReadAction\",\"target\":[\"https:\/\/www.africa-press.net\/cotedivoire\/politique\/comite-central-du-fpi-gbagbo-propose-de-contourner-la-pierre-affien-creant-un-nouveau-parti-communique-final\"]}]},{\"@type\":\"ImageObject\",\"inLanguage\":\"fr-FR\",\"@id\":\"https:\/\/www.africa-press.net\/cotedivoire\/politique\/comite-central-du-fpi-gbagbo-propose-de-contourner-la-pierre-affien-creant-un-nouveau-parti-communique-final#primaryimage\",\"url\":\"https:\/\/static.africa-press.net\/cote\/sites\/43\/2021\/08\/img-6111625cbb945.jpg\",\"contentUrl\":\"https:\/\/static.africa-press.net\/cote\/sites\/43\/2021\/08\/img-6111625cbb945.jpg\",\"width\":960,\"height\":720,\"caption\":\"Comit\u00e9 central du FPI: Gbagbo propose de \u00ab\u00a0contourner la pierre\u00a0\u00bb Affi\u2026en cr\u00e9ant un nouveau parti (communiqu\u00e9 final)\"},{\"@type\":\"BreadcrumbList\",\"@id\":\"https:\/\/www.africa-press.net\/cotedivoire\/politique\/comite-central-du-fpi-gbagbo-propose-de-contourner-la-pierre-affien-creant-un-nouveau-parti-communique-final#breadcrumb\",\"itemListElement\":[{\"@type\":\"ListItem\",\"position\":1,\"name\":\"Accueil\",\"item\":\"https:\/\/www.africa-press.net\/cotedivoire\/\"},{\"@type\":\"ListItem\",\"position\":2,\"name\":\"Comit\u00e9 central du FPI: Gbagbo propose de \u00ab\u00a0contourner la pierre\u00a0\u00bb Affi\u2026en cr\u00e9ant un nouveau parti (communiqu\u00e9 final)\"}]},{\"@type\":\"WebSite\",\"@id\":\"https:\/\/www.africa-press.net\/cotedivoire\/#website\",\"url\":\"https:\/\/www.africa-press.net\/cotedivoire\/\",\"name\":\"C\u00f4te d&#039;Ivoire\",\"description\":\"Just another Africa News Agency Sites site\",\"potentialAction\":[{\"@type\":\"SearchAction\",\"target\":{\"@type\":\"EntryPoint\",\"urlTemplate\":\"https:\/\/www.africa-press.net\/cotedivoire\/?s={search_term_string}\"},\"query-input\":{\"@type\":\"PropertyValueSpecification\",\"valueRequired\":true,\"valueName\":\"search_term_string\"}}],\"inLanguage\":\"fr-FR\"},{\"@type\":\"Person\",\"@id\":\"https:\/\/www.africa-press.net\/cotedivoire\/#\/schema\/person\/2b1cf3cd81a31e3cd26889ca66d677f1\",\"name\":\"cfeditorfr\"}]}<\/script>\n<!-- \/ Yoast SEO Premium plugin. -->","yoast_head_json":{"title":"Comit\u00e9 central du FPI: Gbagbo propose de \u00ab\u00a0contourner la pierre\u00a0\u00bb Affi\u2026en cr\u00e9ant un nouveau parti (communiqu\u00e9 final) - C\u00f4te d&#039;Ivoire","description":"C\u00f4te-d\u2019Ivoire\/Comit\u00e9 central du Fpi Gor\/Communiqu\u00e9 du FPI Nous l\u2019annoncions ce matin en exclusivit\u00e9, Laurent Gbagbo a p ...","robots":{"index":"index","follow":"follow","max-snippet":"max-snippet:-1","max-image-preview":"max-image-preview:large","max-video-preview":"max-video-preview:-1"},"canonical":"https:\/\/www.africa-press.net\/cotedivoire\/politique\/comite-central-du-fpi-gbagbo-propose-de-contourner-la-pierre-affien-creant-un-nouveau-parti-communique-final","og_locale":"fr_FR","og_type":"article","og_title":"Comit\u00e9 central du FPI: Gbagbo propose de \u00ab\u00a0contourner la pierre\u00a0\u00bb Affi\u2026en cr\u00e9ant un nouveau parti (communiqu\u00e9 final)","og_description":"C\u00f4te-d\u2019Ivoire\/Comit\u00e9 central du Fpi Gor\/Communiqu\u00e9 du FPI Nous l\u2019annoncions ce matin en exclusivit\u00e9, Laurent Gbagbo a p ...","og_url":"https:\/\/www.africa-press.net\/cotedivoire\/politique\/comite-central-du-fpi-gbagbo-propose-de-contourner-la-pierre-affien-creant-un-nouveau-parti-communique-final","og_site_name":"C\u00f4te d&#039;Ivoire","article_published_time":"2021-08-09T17:23:17+00:00","article_modified_time":"2021-08-09T17:59:38+00:00","og_image":[{"width":960,"height":720,"url":"https:\/\/static.africa-press.net\/cote\/sites\/43\/2021\/08\/img-6111625cbb945.jpg","type":"image\/jpeg"}],"author":"cfeditorfr","twitter_card":"summary_large_image","twitter_misc":{"\u00c9crit par":"cfeditorfr","Dur\u00e9e de lecture estim\u00e9e":"5 minutes"},"schema":{"@context":"https:\/\/schema.org","@graph":[{"@type":"Article","@id":"https:\/\/www.africa-press.net\/cotedivoire\/politique\/comite-central-du-fpi-gbagbo-propose-de-contourner-la-pierre-affien-creant-un-nouveau-parti-communique-final#article","isPartOf":{"@id":"https:\/\/www.africa-press.net\/cotedivoire\/politique\/comite-central-du-fpi-gbagbo-propose-de-contourner-la-pierre-affien-creant-un-nouveau-parti-communique-final"},"author":{"name":"cfeditorfr","@id":"https:\/\/www.africa-press.net\/cotedivoire\/#\/schema\/person\/2b1cf3cd81a31e3cd26889ca66d677f1"},"headline":"Comit\u00e9 central du FPI: Gbagbo propose de \u00ab\u00a0contourner la pierre\u00a0\u00bb Affi\u2026en cr\u00e9ant un nouveau parti (communiqu\u00e9 final)","datePublished":"2021-08-09T17:23:17+00:00","dateModified":"2021-08-09T17:59:38+00:00","mainEntityOfPage":{"@id":"https:\/\/www.africa-press.net\/cotedivoire\/politique\/comite-central-du-fpi-gbagbo-propose-de-contourner-la-pierre-affien-creant-un-nouveau-parti-communique-final"},"wordCount":1257,"commentCount":0,"image":{"@id":"https:\/\/www.africa-press.net\/cotedivoire\/politique\/comite-central-du-fpi-gbagbo-propose-de-contourner-la-pierre-affien-creant-un-nouveau-parti-communique-final#primaryimage"},"thumbnailUrl":"https:\/\/static.africa-press.net\/cote\/sites\/43\/2021\/08\/img-6111625cbb945.jpg","keywords":["Africa Press","Africa Press-C\u00f4te d'Ivoire","C\u00d4TE D'IVOIRE"],"articleSection":["homepage-french","Politique","Top Nouvelles","Toutes les actualit\u00e9s"],"inLanguage":"fr-FR","potentialAction":[{"@type":"CommentAction","name":"Comment","target":["https:\/\/www.africa-press.net\/cotedivoire\/politique\/comite-central-du-fpi-gbagbo-propose-de-contourner-la-pierre-affien-creant-un-nouveau-parti-communique-final#respond"]}]},{"@type":"WebPage","@id":"https:\/\/www.africa-press.net\/cotedivoire\/politique\/comite-central-du-fpi-gbagbo-propose-de-contourner-la-pierre-affien-creant-un-nouveau-parti-communique-final","url":"https:\/\/www.africa-press.net\/cotedivoire\/politique\/comite-central-du-fpi-gbagbo-propose-de-contourner-la-pierre-affien-creant-un-nouveau-parti-communique-final","name":"Comit\u00e9 central du FPI: Gbagbo propose de \u00ab\u00a0contourner la pierre\u00a0\u00bb Affi\u2026en cr\u00e9ant un nouveau parti (communiqu\u00e9 final) - C\u00f4te d&#039;Ivoire","isPartOf":{"@id":"https:\/\/www.africa-press.net\/cotedivoire\/#website"},"primaryImageOfPage":{"@id":"https:\/\/www.africa-press.net\/cotedivoire\/politique\/comite-central-du-fpi-gbagbo-propose-de-contourner-la-pierre-affien-creant-un-nouveau-parti-communique-final#primaryimage"},"image":{"@id":"https:\/\/www.africa-press.net\/cotedivoire\/politique\/comite-central-du-fpi-gbagbo-propose-de-contourner-la-pierre-affien-creant-un-nouveau-parti-communique-final#primaryimage"},"thumbnailUrl":"https:\/\/static.africa-press.net\/cote\/sites\/43\/2021\/08\/img-6111625cbb945.jpg","datePublished":"2021-08-09T17:23:17+00:00","dateModified":"2021-08-09T17:59:38+00:00","author":{"@id":"https:\/\/www.africa-press.net\/cotedivoire\/#\/schema\/person\/2b1cf3cd81a31e3cd26889ca66d677f1"},"description":"C\u00f4te-d\u2019Ivoire\/Comit\u00e9 central du Fpi Gor\/Communiqu\u00e9 du FPI Nous l\u2019annoncions ce matin en exclusivit\u00e9, Laurent Gbagbo a p ...","breadcrumb":{"@id":"https:\/\/www.africa-press.net\/cotedivoire\/politique\/comite-central-du-fpi-gbagbo-propose-de-contourner-la-pierre-affien-creant-un-nouveau-parti-communique-final#breadcrumb"},"inLanguage":"fr-FR","potentialAction":[{"@type":"ReadAction","target":["https:\/\/www.africa-press.net\/cotedivoire\/politique\/comite-central-du-fpi-gbagbo-propose-de-contourner-la-pierre-affien-creant-un-nouveau-parti-communique-final"]}]},{"@type":"ImageObject","inLanguage":"fr-FR","@id":"https:\/\/www.africa-press.net\/cotedivoire\/politique\/comite-central-du-fpi-gbagbo-propose-de-contourner-la-pierre-affien-creant-un-nouveau-parti-communique-final#primaryimage","url":"https:\/\/static.africa-press.net\/cote\/sites\/43\/2021\/08\/img-6111625cbb945.jpg","contentUrl":"https:\/\/static.africa-press.net\/cote\/sites\/43\/2021\/08\/img-6111625cbb945.jpg","width":960,"height":720,"caption":"Comit\u00e9 central du FPI: Gbagbo propose de \u00ab\u00a0contourner la pierre\u00a0\u00bb Affi\u2026en cr\u00e9ant un nouveau parti (communiqu\u00e9 final)"},{"@type":"BreadcrumbList","@id":"https:\/\/www.africa-press.net\/cotedivoire\/politique\/comite-central-du-fpi-gbagbo-propose-de-contourner-la-pierre-affien-creant-un-nouveau-parti-communique-final#breadcrumb","itemListElement":[{"@type":"ListItem","position":1,"name":"Accueil","item":"https:\/\/www.africa-press.net\/cotedivoire\/"},{"@type":"ListItem","position":2,"name":"Comit\u00e9 central du FPI: Gbagbo propose de \u00ab\u00a0contourner la pierre\u00a0\u00bb Affi\u2026en cr\u00e9ant un nouveau parti (communiqu\u00e9 final)"}]},{"@type":"WebSite","@id":"https:\/\/www.africa-press.net\/cotedivoire\/#website","url":"https:\/\/www.africa-press.net\/cotedivoire\/","name":"C\u00f4te d&#039;Ivoire","description":"Just another Africa News Agency Sites site","potentialAction":[{"@type":"SearchAction","target":{"@type":"EntryPoint","urlTemplate":"https:\/\/www.africa-press.net\/cotedivoire\/?s={search_term_string}"},"query-input":{"@type":"PropertyValueSpecification","valueRequired":true,"valueName":"search_term_string"}}],"inLanguage":"fr-FR"},{"@type":"Person","@id":"https:\/\/www.africa-press.net\/cotedivoire\/#\/schema\/person\/2b1cf3cd81a31e3cd26889ca66d677f1","name":"cfeditorfr"}]}},"_links":{"self":[{"href":"https:\/\/www.africa-press.net\/cotedivoire\/wp-json\/wp\/v2\/posts\/11095","targetHints":{"allow":["GET"]}}],"collection":[{"href":"https:\/\/www.africa-press.net\/cotedivoire\/wp-json\/wp\/v2\/posts"}],"about":[{"href":"https:\/\/www.africa-press.net\/cotedivoire\/wp-json\/wp\/v2\/types\/post"}],"author":[{"embeddable":true,"href":"https:\/\/www.africa-press.net\/cotedivoire\/wp-json\/wp\/v2\/users\/82"}],"replies":[{"embeddable":true,"href":"https:\/\/www.africa-press.net\/cotedivoire\/wp-json\/wp\/v2\/comments?post=11095"}],"version-history":[{"count":0,"href":"https:\/\/www.africa-press.net\/cotedivoire\/wp-json\/wp\/v2\/posts\/11095\/revisions"}],"wp:featuredmedia":[{"embeddable":true,"href":"https:\/\/www.africa-press.net\/cotedivoire\/wp-json\/wp\/v2\/media\/11094"}],"wp:attachment":[{"href":"https:\/\/www.africa-press.net\/cotedivoire\/wp-json\/wp\/v2\/media?parent=11095"}],"wp:term":[{"taxonomy":"category","embeddable":true,"href":"https:\/\/www.africa-press.net\/cotedivoire\/wp-json\/wp\/v2\/categories?post=11095"},{"taxonomy":"post_tag","embeddable":true,"href":"https:\/\/www.africa-press.net\/cotedivoire\/wp-json\/wp\/v2\/tags?post=11095"}],"curies":[{"name":"wp","href":"https:\/\/api.w.org\/{rel}","templated":true}]}}