{"id":111082,"date":"2025-12-27T13:31:43","date_gmt":"2025-12-27T13:31:43","guid":{"rendered":"https:\/\/www.africa-press.net\/cotedivoire\/politique\/assinie-mafia-celebre-cloture-dun-candidat-independant"},"modified":"2025-12-27T14:28:27","modified_gmt":"2025-12-27T14:28:27","slug":"assinie-mafia-celebre-cloture-dun-candidat-independant","status":"publish","type":"post","link":"https:\/\/www.africa-press.net\/cotedivoire\/politique\/assinie-mafia-celebre-cloture-dun-candidat-independant","title":{"rendered":"Assinie-Mafia C\u00e9l\u00e8bre Cl\u00f4ture d&rsquo;un Candidat Ind\u00e9pendant"},"content":{"rendered":"<p><span style=\"color: #ff6600\"><strong>Africa-Press &#8211; C\u00f4te d&rsquo;Ivoire. <\/strong><\/span>A\u0300 la veille des e\u0301lections le\u0301gislatives du samedi 27 de\u0301cembre 2025, la cour royale d\u2019Assinie-Mafia a e\u0301te\u0301 le the\u0301a\u0302tre d\u2019une mobilisation populaire exceptionnelle. Pre\u0300s de 4 000 personnes, venues des localite\u0301s d\u2019Assinie, d\u2019Adiake\u0301 et d\u2019Etue\u0301boue\u0301, ont pris part au meeting de clo\u0302ture du candidat inde\u0301pendant Adje\u0301 Aime\u0301, transformant l\u2019e\u0301ve\u0301nement en une ve\u0301ritable de\u0301monstration de force politique.<\/p>\n<p>De\u0300s les premie\u0300res heures, la solennite\u0301 a marque\u0301 les lieux. Sous l\u2019autorite\u0301 de la Royaute\u0301, les chefs traditionnels ont invoque\u0301 la sagesse des ance\u0302tres afin de placer le scrutin sous le signe de la paix et de la cohe\u0301sion. Ce moment rituel a ouvert la voie a\u0300 une ambiance festive et engage\u0301e, rythme\u0301e par des prestations artistiques et des messages de soutien, traduisant l\u2019adhe\u0301sion populaire au projet porte\u0301 par le candidat.<\/p>\n<p>Prenant la parole, le Dr Bile\u0301 Vincent, directeur de campagne, a appele\u0301 les militants et sympathisants a\u0300 transformer cette forte mobilisation en une victoire dans les urnes. \u00ab La de\u0301monstration d\u2019aujourd\u2019hui doit se confirmer demain par un vote massif \u00bb, a-t-il lance\u0301, sous les applaudissements nourris de la foule.<\/p>\n<p>La jeunesse, fortement mobilise\u0301e, s\u2019est e\u0301galement illustre\u0301e a\u0300 travers l\u2019intervention de N\u2019Diamoi Akass Francis, qui a pre\u0301sente\u0301 Adje\u0301 Aime\u0301 comme un homme d\u2019action, proche des re\u0301alite\u0301s du terrain, a\u0300 l\u2019oppose\u0301 des discours tapageurs. Un leadership fonde\u0301 sur la constance et l\u2019engagement quotidien, a-t-il souligne\u0301.<\/p>\n<p>Le ton politique s\u2019est durci avec l\u2019intervention des repre\u0301sentants des partis de gauche, notamment le COJEP, le PPA-CI et la J-FPI. Au nom de cette coalition, Henri Taribo a critique\u0301 des anne\u0301es de gestion juge\u0301es sans re\u0301sultats concrets pour les populations.<\/p>\n<p>\u00ab Nous ne voulons plus de promesses ponctuelles, mais d\u2019un avenir structure\u0301 \u00bb, a-t-il affirme\u0301, estimant que le soutien a\u0300 Adje\u0301 Aime\u0301 constitue un choix de conviction et une opportunite\u0301 pour porter la voix du peuple a\u0300 l\u2019Assemble\u0301e nationale.<\/p>\n<p>Les femmes d\u2019Assinie-Mafia n\u2019e\u0301taient pas en reste. Madame Joe\u0308lle Eho, leur porte-parole, a exprime\u0301 l\u2019espoir place\u0301 en un leader a\u0300 l\u2019e\u0301coute, capable de de\u0301fendre leurs droits et leurs aspirations.<\/p>\n<p>\u00ab Votre victoire sera aussi celle des femmes et des jeunes filles de notre re\u0301gion \u00bb, a-t-elle de\u0301clare\u0301 dans un discours empreint d\u2019e\u0301motion.<\/p>\n<p>Tre\u0300s attendu, Adje\u0301 Aime\u0301 a clo\u0302ture\u0301 le meeting dans un ton pose\u0301 et rassembleur. Refusant toute surenche\u0300re verbale, il a rappele\u0301 la mission fondamentale du de\u0301pute\u0301: repre\u0301senter durablement les citoyens et rester pre\u0301sent avant, pendant et apre\u0300s les e\u0301lections. Il a surtout lance\u0301 un appel au civisme et a\u0300 la participation massive, invitant chaque e\u0301lecteur a\u0300 accomplir son devoir citoyen pour ouvrir une nouvelle page politique dans le de\u0301partement.<\/p>\n<p>La ce\u0301re\u0301monie s\u2019est acheve\u0301e par un don de plus de deux millions de francs CFA du candidat, suivi de prie\u0300res et de be\u0301ne\u0301dictions pour la paix et la stabilite\u0301 en Co\u0302te d\u2019Ivoire. A\u0300 Assinie-Mafia, le message est clair: la campagne est termine\u0301e, et de\u0301sormais, c\u2019est aux urnes de trancher.<\/p>\n<p><strong>Pour plus d&rsquo;informations et d&rsquo;analyses sur la <span style=\"color: #ff6600\">C\u00f4te d&rsquo;Ivoire<\/span>, suivez <span style=\"color: #ff6600\">Africa-Press<\/span><\/strong><\/p>\n","protected":false},"excerpt":{"rendered":"<p>Africa-Press &#8211; C\u00f4te d&rsquo;Ivoire. A\u0300 la veille des e\u0301lections le\u0301gislatives du samedi 27 de\u0301cembre 2025, la cour royale d\u2019Assinie-Mafia a e\u0301te\u0301 le the\u0301a\u0302tre d\u2019une mobilisation populaire exceptionnelle. Pre\u0300s de 4 000 personnes, venues des localite\u0301s d\u2019Assinie, d\u2019Adiake\u0301 et d\u2019Etue\u0301boue\u0301, ont pris part au meeting de clo\u0302ture du candidat inde\u0301pendant Adje\u0301 Aime\u0301, transformant l\u2019e\u0301ve\u0301nement en une [&hellip;]<\/p>\n","protected":false},"author":82,"featured_media":111081,"comment_status":"open","ping_status":"closed","sticky":false,"template":"","format":"standard","meta":{"footnotes":""},"categories":[2,10],"tags":[19984,4499,7436,29,41,7257,19356,4804,7054,60,11333],"class_list":["post-111082","post","type-post","status-publish","format-standard","has-post-thumbnail","hentry","category-politique","category-toutes-les-actualites","tag-adje-aime","tag-assinie-mafia","tag-cloture","tag-cote-divoire","tag-elections","tag-ivoirienne","tag-legislatives-2025","tag-meeting","tag-mobilisation","tag-politique","tag-populaire"],"yoast_head":"<!-- This site is optimized with the Yoast SEO Premium plugin v26.1 (Yoast SEO v27.0) - https:\/\/yoast.com\/product\/yoast-seo-premium-wordpress\/ -->\n<title>Assinie-Mafia C\u00e9l\u00e8bre Cl\u00f4ture d&#039;un Candidat Ind\u00e9pendant - C\u00f4te d&#039;Ivoire<\/title>\n<meta name=\"description\" content=\"A\u0300 la veille des e\u0301lections le\u0301gislatives du samedi 27 de\u0301cembre 2025, la cour royale d\u2019Assinie-Mafia a e\u0301te\u0301 le the\u0301a\u0302t ...\" \/>\n<meta name=\"robots\" content=\"index, follow, max-snippet:-1, max-image-preview:large, max-video-preview:-1\" \/>\n<link rel=\"canonical\" href=\"https:\/\/www.africa-press.net\/cotedivoire\/politique\/assinie-mafia-celebre-cloture-dun-candidat-independant\" \/>\n<meta property=\"og:locale\" content=\"fr_FR\" \/>\n<meta property=\"og:type\" content=\"article\" \/>\n<meta property=\"og:title\" content=\"Assinie-Mafia C\u00e9l\u00e8bre Cl\u00f4ture d&#039;un Candidat Ind\u00e9pendant\" \/>\n<meta property=\"og:description\" content=\"A\u0300 la veille des e\u0301lections le\u0301gislatives du samedi 27 de\u0301cembre 2025, la cour royale d\u2019Assinie-Mafia a e\u0301te\u0301 le the\u0301a\u0302t ...\" \/>\n<meta property=\"og:url\" content=\"https:\/\/www.africa-press.net\/cotedivoire\/politique\/assinie-mafia-celebre-cloture-dun-candidat-independant\" \/>\n<meta property=\"og:site_name\" content=\"C\u00f4te d&#039;Ivoire\" \/>\n<meta property=\"article:published_time\" content=\"2025-12-27T13:31:43+00:00\" \/>\n<meta property=\"article:modified_time\" content=\"2025-12-27T14:28:27+00:00\" \/>\n<meta property=\"og:image\" content=\"https:\/\/static.africa-press.net\/cote\/sites\/43\/2025\/12\/sm_1766832987.304041.jpg\" \/>\n\t<meta property=\"og:image:width\" content=\"720\" \/>\n\t<meta property=\"og:image:height\" content=\"480\" \/>\n\t<meta property=\"og:image:type\" content=\"image\/jpeg\" \/>\n<meta name=\"author\" content=\"cfeditorfr\" \/>\n<meta name=\"twitter:card\" content=\"summary_large_image\" \/>\n<meta name=\"twitter:label1\" content=\"\u00c9crit par\" \/>\n\t<meta name=\"twitter:data1\" content=\"cfeditorfr\" \/>\n\t<meta name=\"twitter:label2\" content=\"Dur\u00e9e de lecture estim\u00e9e\" \/>\n\t<meta name=\"twitter:data2\" content=\"3 minutes\" \/>\n<script type=\"application\/ld+json\" class=\"yoast-schema-graph\">{\"@context\":\"https:\/\/schema.org\",\"@graph\":[{\"@type\":\"Article\",\"@id\":\"https:\/\/www.africa-press.net\/cotedivoire\/politique\/assinie-mafia-celebre-cloture-dun-candidat-independant#article\",\"isPartOf\":{\"@id\":\"https:\/\/www.africa-press.net\/cotedivoire\/politique\/assinie-mafia-celebre-cloture-dun-candidat-independant\"},\"author\":{\"name\":\"cfeditorfr\",\"@id\":\"https:\/\/www.africa-press.net\/cotedivoire\/#\/schema\/person\/2b1cf3cd81a31e3cd26889ca66d677f1\"},\"headline\":\"Assinie-Mafia C\u00e9l\u00e8bre Cl\u00f4ture d&rsquo;un Candidat Ind\u00e9pendant\",\"datePublished\":\"2025-12-27T13:31:43+00:00\",\"dateModified\":\"2025-12-27T14:28:27+00:00\",\"mainEntityOfPage\":{\"@id\":\"https:\/\/www.africa-press.net\/cotedivoire\/politique\/assinie-mafia-celebre-cloture-dun-candidat-independant\"},\"wordCount\":580,\"commentCount\":0,\"image\":{\"@id\":\"https:\/\/www.africa-press.net\/cotedivoire\/politique\/assinie-mafia-celebre-cloture-dun-candidat-independant#primaryimage\"},\"thumbnailUrl\":\"https:\/\/static.africa-press.net\/cote\/sites\/43\/2025\/12\/sm_1766832987.304041.jpg\",\"keywords\":[\"Adj\u00e9 Aim\u00e9\",\"Assinie Mafia\",\"cl\u00f4ture\",\"C\u00d4TE D'IVOIRE\",\"\u00c9lections\",\"ivoirienne\",\"L\u00e9gislatives 2025\",\"meeting\",\"mobilisation\",\"Politique\",\"Populaire\"],\"articleSection\":[\"Politique\",\"Toutes les actualit\u00e9s\"],\"inLanguage\":\"fr-FR\",\"potentialAction\":[{\"@type\":\"CommentAction\",\"name\":\"Comment\",\"target\":[\"https:\/\/www.africa-press.net\/cotedivoire\/politique\/assinie-mafia-celebre-cloture-dun-candidat-independant#respond\"]}]},{\"@type\":\"WebPage\",\"@id\":\"https:\/\/www.africa-press.net\/cotedivoire\/politique\/assinie-mafia-celebre-cloture-dun-candidat-independant\",\"url\":\"https:\/\/www.africa-press.net\/cotedivoire\/politique\/assinie-mafia-celebre-cloture-dun-candidat-independant\",\"name\":\"Assinie-Mafia C\u00e9l\u00e8bre Cl\u00f4ture d'un Candidat Ind\u00e9pendant - C\u00f4te d&#039;Ivoire\",\"isPartOf\":{\"@id\":\"https:\/\/www.africa-press.net\/cotedivoire\/#website\"},\"primaryImageOfPage\":{\"@id\":\"https:\/\/www.africa-press.net\/cotedivoire\/politique\/assinie-mafia-celebre-cloture-dun-candidat-independant#primaryimage\"},\"image\":{\"@id\":\"https:\/\/www.africa-press.net\/cotedivoire\/politique\/assinie-mafia-celebre-cloture-dun-candidat-independant#primaryimage\"},\"thumbnailUrl\":\"https:\/\/static.africa-press.net\/cote\/sites\/43\/2025\/12\/sm_1766832987.304041.jpg\",\"datePublished\":\"2025-12-27T13:31:43+00:00\",\"dateModified\":\"2025-12-27T14:28:27+00:00\",\"author\":{\"@id\":\"https:\/\/www.africa-press.net\/cotedivoire\/#\/schema\/person\/2b1cf3cd81a31e3cd26889ca66d677f1\"},\"description\":\"A\u0300 la veille des e\u0301lections le\u0301gislatives du samedi 27 de\u0301cembre 2025, la cour royale d\u2019Assinie-Mafia a e\u0301te\u0301 le the\u0301a\u0302t ...\",\"breadcrumb\":{\"@id\":\"https:\/\/www.africa-press.net\/cotedivoire\/politique\/assinie-mafia-celebre-cloture-dun-candidat-independant#breadcrumb\"},\"inLanguage\":\"fr-FR\",\"potentialAction\":[{\"@type\":\"ReadAction\",\"target\":[\"https:\/\/www.africa-press.net\/cotedivoire\/politique\/assinie-mafia-celebre-cloture-dun-candidat-independant\"]}]},{\"@type\":\"ImageObject\",\"inLanguage\":\"fr-FR\",\"@id\":\"https:\/\/www.africa-press.net\/cotedivoire\/politique\/assinie-mafia-celebre-cloture-dun-candidat-independant#primaryimage\",\"url\":\"https:\/\/static.africa-press.net\/cote\/sites\/43\/2025\/12\/sm_1766832987.304041.jpg\",\"contentUrl\":\"https:\/\/static.africa-press.net\/cote\/sites\/43\/2025\/12\/sm_1766832987.304041.jpg\",\"width\":720,\"height\":480,\"caption\":\"Assinie-Mafia C\u00e9l\u00e8bre Cl\u00f4ture d'un Candidat Ind\u00e9pendant\"},{\"@type\":\"BreadcrumbList\",\"@id\":\"https:\/\/www.africa-press.net\/cotedivoire\/politique\/assinie-mafia-celebre-cloture-dun-candidat-independant#breadcrumb\",\"itemListElement\":[{\"@type\":\"ListItem\",\"position\":1,\"name\":\"Accueil\",\"item\":\"https:\/\/www.africa-press.net\/cotedivoire\/\"},{\"@type\":\"ListItem\",\"position\":2,\"name\":\"Assinie-Mafia C\u00e9l\u00e8bre Cl\u00f4ture d&#8217;un Candidat Ind\u00e9pendant\"}]},{\"@type\":\"WebSite\",\"@id\":\"https:\/\/www.africa-press.net\/cotedivoire\/#website\",\"url\":\"https:\/\/www.africa-press.net\/cotedivoire\/\",\"name\":\"C\u00f4te d&#039;Ivoire\",\"description\":\"Just another Africa News Agency Sites site\",\"potentialAction\":[{\"@type\":\"SearchAction\",\"target\":{\"@type\":\"EntryPoint\",\"urlTemplate\":\"https:\/\/www.africa-press.net\/cotedivoire\/?s={search_term_string}\"},\"query-input\":{\"@type\":\"PropertyValueSpecification\",\"valueRequired\":true,\"valueName\":\"search_term_string\"}}],\"inLanguage\":\"fr-FR\"},{\"@type\":\"Person\",\"@id\":\"https:\/\/www.africa-press.net\/cotedivoire\/#\/schema\/person\/2b1cf3cd81a31e3cd26889ca66d677f1\",\"name\":\"cfeditorfr\"}]}<\/script>\n<!-- \/ Yoast SEO Premium plugin. -->","yoast_head_json":{"title":"Assinie-Mafia C\u00e9l\u00e8bre Cl\u00f4ture d'un Candidat Ind\u00e9pendant - C\u00f4te d&#039;Ivoire","description":"A\u0300 la veille des e\u0301lections le\u0301gislatives du samedi 27 de\u0301cembre 2025, la cour royale d\u2019Assinie-Mafia a e\u0301te\u0301 le the\u0301a\u0302t ...","robots":{"index":"index","follow":"follow","max-snippet":"max-snippet:-1","max-image-preview":"max-image-preview:large","max-video-preview":"max-video-preview:-1"},"canonical":"https:\/\/www.africa-press.net\/cotedivoire\/politique\/assinie-mafia-celebre-cloture-dun-candidat-independant","og_locale":"fr_FR","og_type":"article","og_title":"Assinie-Mafia C\u00e9l\u00e8bre Cl\u00f4ture d'un Candidat Ind\u00e9pendant","og_description":"A\u0300 la veille des e\u0301lections le\u0301gislatives du samedi 27 de\u0301cembre 2025, la cour royale d\u2019Assinie-Mafia a e\u0301te\u0301 le the\u0301a\u0302t ...","og_url":"https:\/\/www.africa-press.net\/cotedivoire\/politique\/assinie-mafia-celebre-cloture-dun-candidat-independant","og_site_name":"C\u00f4te d&#039;Ivoire","article_published_time":"2025-12-27T13:31:43+00:00","article_modified_time":"2025-12-27T14:28:27+00:00","og_image":[{"width":720,"height":480,"url":"https:\/\/static.africa-press.net\/cote\/sites\/43\/2025\/12\/sm_1766832987.304041.jpg","type":"image\/jpeg"}],"author":"cfeditorfr","twitter_card":"summary_large_image","twitter_misc":{"\u00c9crit par":"cfeditorfr","Dur\u00e9e de lecture estim\u00e9e":"3 minutes"},"schema":{"@context":"https:\/\/schema.org","@graph":[{"@type":"Article","@id":"https:\/\/www.africa-press.net\/cotedivoire\/politique\/assinie-mafia-celebre-cloture-dun-candidat-independant#article","isPartOf":{"@id":"https:\/\/www.africa-press.net\/cotedivoire\/politique\/assinie-mafia-celebre-cloture-dun-candidat-independant"},"author":{"name":"cfeditorfr","@id":"https:\/\/www.africa-press.net\/cotedivoire\/#\/schema\/person\/2b1cf3cd81a31e3cd26889ca66d677f1"},"headline":"Assinie-Mafia C\u00e9l\u00e8bre Cl\u00f4ture d&rsquo;un Candidat Ind\u00e9pendant","datePublished":"2025-12-27T13:31:43+00:00","dateModified":"2025-12-27T14:28:27+00:00","mainEntityOfPage":{"@id":"https:\/\/www.africa-press.net\/cotedivoire\/politique\/assinie-mafia-celebre-cloture-dun-candidat-independant"},"wordCount":580,"commentCount":0,"image":{"@id":"https:\/\/www.africa-press.net\/cotedivoire\/politique\/assinie-mafia-celebre-cloture-dun-candidat-independant#primaryimage"},"thumbnailUrl":"https:\/\/static.africa-press.net\/cote\/sites\/43\/2025\/12\/sm_1766832987.304041.jpg","keywords":["Adj\u00e9 Aim\u00e9","Assinie Mafia","cl\u00f4ture","C\u00d4TE D'IVOIRE","\u00c9lections","ivoirienne","L\u00e9gislatives 2025","meeting","mobilisation","Politique","Populaire"],"articleSection":["Politique","Toutes les actualit\u00e9s"],"inLanguage":"fr-FR","potentialAction":[{"@type":"CommentAction","name":"Comment","target":["https:\/\/www.africa-press.net\/cotedivoire\/politique\/assinie-mafia-celebre-cloture-dun-candidat-independant#respond"]}]},{"@type":"WebPage","@id":"https:\/\/www.africa-press.net\/cotedivoire\/politique\/assinie-mafia-celebre-cloture-dun-candidat-independant","url":"https:\/\/www.africa-press.net\/cotedivoire\/politique\/assinie-mafia-celebre-cloture-dun-candidat-independant","name":"Assinie-Mafia C\u00e9l\u00e8bre Cl\u00f4ture d'un Candidat Ind\u00e9pendant - C\u00f4te d&#039;Ivoire","isPartOf":{"@id":"https:\/\/www.africa-press.net\/cotedivoire\/#website"},"primaryImageOfPage":{"@id":"https:\/\/www.africa-press.net\/cotedivoire\/politique\/assinie-mafia-celebre-cloture-dun-candidat-independant#primaryimage"},"image":{"@id":"https:\/\/www.africa-press.net\/cotedivoire\/politique\/assinie-mafia-celebre-cloture-dun-candidat-independant#primaryimage"},"thumbnailUrl":"https:\/\/static.africa-press.net\/cote\/sites\/43\/2025\/12\/sm_1766832987.304041.jpg","datePublished":"2025-12-27T13:31:43+00:00","dateModified":"2025-12-27T14:28:27+00:00","author":{"@id":"https:\/\/www.africa-press.net\/cotedivoire\/#\/schema\/person\/2b1cf3cd81a31e3cd26889ca66d677f1"},"description":"A\u0300 la veille des e\u0301lections le\u0301gislatives du samedi 27 de\u0301cembre 2025, la cour royale d\u2019Assinie-Mafia a e\u0301te\u0301 le the\u0301a\u0302t ...","breadcrumb":{"@id":"https:\/\/www.africa-press.net\/cotedivoire\/politique\/assinie-mafia-celebre-cloture-dun-candidat-independant#breadcrumb"},"inLanguage":"fr-FR","potentialAction":[{"@type":"ReadAction","target":["https:\/\/www.africa-press.net\/cotedivoire\/politique\/assinie-mafia-celebre-cloture-dun-candidat-independant"]}]},{"@type":"ImageObject","inLanguage":"fr-FR","@id":"https:\/\/www.africa-press.net\/cotedivoire\/politique\/assinie-mafia-celebre-cloture-dun-candidat-independant#primaryimage","url":"https:\/\/static.africa-press.net\/cote\/sites\/43\/2025\/12\/sm_1766832987.304041.jpg","contentUrl":"https:\/\/static.africa-press.net\/cote\/sites\/43\/2025\/12\/sm_1766832987.304041.jpg","width":720,"height":480,"caption":"Assinie-Mafia C\u00e9l\u00e8bre Cl\u00f4ture d'un Candidat Ind\u00e9pendant"},{"@type":"BreadcrumbList","@id":"https:\/\/www.africa-press.net\/cotedivoire\/politique\/assinie-mafia-celebre-cloture-dun-candidat-independant#breadcrumb","itemListElement":[{"@type":"ListItem","position":1,"name":"Accueil","item":"https:\/\/www.africa-press.net\/cotedivoire\/"},{"@type":"ListItem","position":2,"name":"Assinie-Mafia C\u00e9l\u00e8bre Cl\u00f4ture d&#8217;un Candidat Ind\u00e9pendant"}]},{"@type":"WebSite","@id":"https:\/\/www.africa-press.net\/cotedivoire\/#website","url":"https:\/\/www.africa-press.net\/cotedivoire\/","name":"C\u00f4te d&#039;Ivoire","description":"Just another Africa News Agency Sites site","potentialAction":[{"@type":"SearchAction","target":{"@type":"EntryPoint","urlTemplate":"https:\/\/www.africa-press.net\/cotedivoire\/?s={search_term_string}"},"query-input":{"@type":"PropertyValueSpecification","valueRequired":true,"valueName":"search_term_string"}}],"inLanguage":"fr-FR"},{"@type":"Person","@id":"https:\/\/www.africa-press.net\/cotedivoire\/#\/schema\/person\/2b1cf3cd81a31e3cd26889ca66d677f1","name":"cfeditorfr"}]}},"_links":{"self":[{"href":"https:\/\/www.africa-press.net\/cotedivoire\/wp-json\/wp\/v2\/posts\/111082","targetHints":{"allow":["GET"]}}],"collection":[{"href":"https:\/\/www.africa-press.net\/cotedivoire\/wp-json\/wp\/v2\/posts"}],"about":[{"href":"https:\/\/www.africa-press.net\/cotedivoire\/wp-json\/wp\/v2\/types\/post"}],"author":[{"embeddable":true,"href":"https:\/\/www.africa-press.net\/cotedivoire\/wp-json\/wp\/v2\/users\/82"}],"replies":[{"embeddable":true,"href":"https:\/\/www.africa-press.net\/cotedivoire\/wp-json\/wp\/v2\/comments?post=111082"}],"version-history":[{"count":0,"href":"https:\/\/www.africa-press.net\/cotedivoire\/wp-json\/wp\/v2\/posts\/111082\/revisions"}],"wp:featuredmedia":[{"embeddable":true,"href":"https:\/\/www.africa-press.net\/cotedivoire\/wp-json\/wp\/v2\/media\/111081"}],"wp:attachment":[{"href":"https:\/\/www.africa-press.net\/cotedivoire\/wp-json\/wp\/v2\/media?parent=111082"}],"wp:term":[{"taxonomy":"category","embeddable":true,"href":"https:\/\/www.africa-press.net\/cotedivoire\/wp-json\/wp\/v2\/categories?post=111082"},{"taxonomy":"post_tag","embeddable":true,"href":"https:\/\/www.africa-press.net\/cotedivoire\/wp-json\/wp\/v2\/tags?post=111082"}],"curies":[{"name":"wp","href":"https:\/\/api.w.org\/{rel}","templated":true}]}}