{"id":111086,"date":"2025-12-27T13:32:26","date_gmt":"2025-12-27T13:32:26","guid":{"rendered":"https:\/\/www.africa-press.net\/cotedivoire\/politique\/ferveur-pour-le-candidat-independant-soro-mamadou"},"modified":"2025-12-27T14:28:57","modified_gmt":"2025-12-27T14:28:57","slug":"ferveur-pour-le-candidat-independant-soro-mamadou","status":"publish","type":"post","link":"https:\/\/www.africa-press.net\/cotedivoire\/politique\/ferveur-pour-le-candidat-independant-soro-mamadou","title":{"rendered":"Ferveur pour le candidat ind\u00e9pendant Soro Mamadou"},"content":{"rendered":"<p><span style=\"color: #ff6600\"><strong>Africa-Press &#8211; C\u00f4te d&rsquo;Ivoire. <\/strong><\/span>C&rsquo;est par une parade que Soro Ngolognhine\u0301 Mamadou, candidat inde\u0301pendant Te\u0302te de la liste \u00ab Ensemble pour le de\u0301veloppement de Mbengue\u0301 \u00bb, pour le scrutin le\u0301gislatif dans la circonscription e\u0301lectorale de Bougou, Katogo et M&rsquo;Bengue\u0301 commune, a mis un terme a\u0300 sa campagne e\u0301lectorale ce vendredi 26 de\u0301cembre 2025. A\u0300 cette occasion, l&rsquo;ancien maire de M&rsquo;Bengue\u0301 a be\u0301ne\u0301ficie\u0301 du soutien de milliers de jeunes issus des diffe\u0301rents villages de cette localite\u0301 de la re\u0301gion du Poro.<\/p>\n<p>Soro Ngolognhine\u0301 Mamadou a invite\u0301 les uns et les autres a\u0300 \u0153uvrer pour des e\u0301lections le\u0301gislatives apaise\u0301e dans leur circonscription e\u0301lectorale.<\/p>\n<p>Message bien rec\u0327u par Alassane Songuimain Coulibaly qui, au nom des jeunes, s&rsquo;est engage\u0301 a\u0300 permettre au candidat Soro Ngolognhine\u0301 Mamadou d&rsquo;acce\u0301der aise\u0301ment a\u0300 l&rsquo;he\u0301micycle. \u00ab Cette candidature est la no\u0302tre, c&rsquo;est-a\u0300-dire celle de la jeunesse. Soro Mamadou est le candidat qui re\u0301pond aux aspirations de la jeunesse. Il est celui-la\u0300-me\u0302me qui est a\u0300 notre e\u0301coute lorsqu&rsquo;on le sollicite.<\/p>\n<p>Pour cette e\u0301lection, nous allons nous mobiliser ce samedi 27 de\u0301cembre 2025, de\u0300s l&rsquo;ouverture des bureaux de vote pour lui exprimer notre reconnaissance, notre amour et notre gratitude pour sa disponibilite\u0301 et son engagement pour la cause de la jeunesse de M&rsquo;Bengue\u0301. Pour la nouvelle le\u0301gislature, Mamadou Soro sera le porte-parole de la jeunesse et de l&rsquo;ensemble de nos parents a\u0300 l&rsquo;assemble\u0301e nationale pour un de\u0301veloppement harmonieux de notre localite\u0301. Il en est capable&#8230;\u00bb a-t-il laisse\u0301 entendre.<\/p>\n<p>Selon Aminata Coulibaly, pre\u0301sidente des associations fe\u0301minines pour la victoire de Soro Mamadou, fait savoir que \u00ab Cette victoire sera celle des femmes avant d&rsquo;e\u0302tre pour Soro Mamadou. Notre engagement aupre\u0300s de lui est le re\u0301sultat des diffe\u0301rentes actions pose\u0301es a\u0300 notre endroit. Il peut dormir tranquillement, car nous allons lui accorder nos voix le jour du vote&#8230;\u00bb<\/p>\n<p><strong>Pour plus d&rsquo;informations et d&rsquo;analyses sur la <span style=\"color: #ff6600\">C\u00f4te d&rsquo;Ivoire<\/span>, suivez <span style=\"color: #ff6600\">Africa-Press<\/span><\/strong><\/p>\n","protected":false},"excerpt":{"rendered":"<p>Africa-Press &#8211; C\u00f4te d&rsquo;Ivoire. C&rsquo;est par une parade que Soro Ngolognhine\u0301 Mamadou, candidat inde\u0301pendant Te\u0302te de la liste \u00ab Ensemble pour le de\u0301veloppement de Mbengue\u0301 \u00bb, pour le scrutin le\u0301gislatif dans la circonscription e\u0301lectorale de Bougou, Katogo et M&rsquo;Bengue\u0301 commune, a mis un terme a\u0300 sa campagne e\u0301lectorale ce vendredi 26 de\u0301cembre 2025. A\u0300 cette [&hellip;]<\/p>\n","protected":false},"author":82,"featured_media":111085,"comment_status":"open","ping_status":"closed","sticky":false,"template":"","format":"standard","meta":{"footnotes":""},"categories":[2,10],"tags":[29,2288,8364,1208,19606,19022],"class_list":["post-111086","post","type-post","status-publish","format-standard","has-post-thumbnail","hentry","category-politique","category-toutes-les-actualites","tag-cote-divoire","tag-femmes","tag-independant","tag-jeunes","tag-mbengue-2","tag-soro-ngolognhine-mamadou"],"yoast_head":"<!-- This site is optimized with the Yoast SEO Premium plugin v26.1 (Yoast SEO v27.0) - https:\/\/yoast.com\/product\/yoast-seo-premium-wordpress\/ -->\n<title>Ferveur pour le candidat ind\u00e9pendant Soro Mamadou - C\u00f4te d&#039;Ivoire<\/title>\n<meta name=\"description\" content=\"C&#039;est par une parade que Soro Ngolognhine\u0301 Mamadou, candidat inde\u0301pendant Te\u0302te de la liste \u00ab Ensemble pour le de\u0301velopp ...\" \/>\n<meta name=\"robots\" content=\"index, follow, max-snippet:-1, max-image-preview:large, max-video-preview:-1\" \/>\n<link rel=\"canonical\" href=\"https:\/\/www.africa-press.net\/cotedivoire\/politique\/ferveur-pour-le-candidat-independant-soro-mamadou\" \/>\n<meta property=\"og:locale\" content=\"fr_FR\" \/>\n<meta property=\"og:type\" content=\"article\" \/>\n<meta property=\"og:title\" content=\"Ferveur pour le candidat ind\u00e9pendant Soro Mamadou\" \/>\n<meta property=\"og:description\" content=\"C&#039;est par une parade que Soro Ngolognhine\u0301 Mamadou, candidat inde\u0301pendant Te\u0302te de la liste \u00ab Ensemble pour le de\u0301velopp ...\" \/>\n<meta property=\"og:url\" content=\"https:\/\/www.africa-press.net\/cotedivoire\/politique\/ferveur-pour-le-candidat-independant-soro-mamadou\" \/>\n<meta property=\"og:site_name\" content=\"C\u00f4te d&#039;Ivoire\" \/>\n<meta property=\"article:published_time\" content=\"2025-12-27T13:32:26+00:00\" \/>\n<meta property=\"article:modified_time\" content=\"2025-12-27T14:28:57+00:00\" \/>\n<meta property=\"og:image\" content=\"https:\/\/static.africa-press.net\/cote\/sites\/43\/2025\/12\/sm_1766833011.922252.jpg\" \/>\n\t<meta property=\"og:image:width\" content=\"715\" \/>\n\t<meta property=\"og:image:height\" content=\"330\" \/>\n\t<meta property=\"og:image:type\" content=\"image\/jpeg\" \/>\n<meta name=\"author\" content=\"cfeditorfr\" \/>\n<meta name=\"twitter:card\" content=\"summary_large_image\" \/>\n<meta name=\"twitter:label1\" content=\"\u00c9crit par\" \/>\n\t<meta name=\"twitter:data1\" content=\"cfeditorfr\" \/>\n\t<meta name=\"twitter:label2\" content=\"Dur\u00e9e de lecture estim\u00e9e\" \/>\n\t<meta name=\"twitter:data2\" content=\"2 minutes\" \/>\n<script type=\"application\/ld+json\" class=\"yoast-schema-graph\">{\"@context\":\"https:\/\/schema.org\",\"@graph\":[{\"@type\":\"Article\",\"@id\":\"https:\/\/www.africa-press.net\/cotedivoire\/politique\/ferveur-pour-le-candidat-independant-soro-mamadou#article\",\"isPartOf\":{\"@id\":\"https:\/\/www.africa-press.net\/cotedivoire\/politique\/ferveur-pour-le-candidat-independant-soro-mamadou\"},\"author\":{\"name\":\"cfeditorfr\",\"@id\":\"https:\/\/www.africa-press.net\/cotedivoire\/#\/schema\/person\/2b1cf3cd81a31e3cd26889ca66d677f1\"},\"headline\":\"Ferveur pour le candidat ind\u00e9pendant Soro Mamadou\",\"datePublished\":\"2025-12-27T13:32:26+00:00\",\"dateModified\":\"2025-12-27T14:28:57+00:00\",\"mainEntityOfPage\":{\"@id\":\"https:\/\/www.africa-press.net\/cotedivoire\/politique\/ferveur-pour-le-candidat-independant-soro-mamadou\"},\"wordCount\":364,\"commentCount\":0,\"image\":{\"@id\":\"https:\/\/www.africa-press.net\/cotedivoire\/politique\/ferveur-pour-le-candidat-independant-soro-mamadou#primaryimage\"},\"thumbnailUrl\":\"https:\/\/static.africa-press.net\/cote\/sites\/43\/2025\/12\/sm_1766833011.922252.jpg\",\"keywords\":[\"C\u00d4TE D'IVOIRE\",\"femmes\",\"Ind\u00e9pendant\",\"jeunes\",\"M'Bengu\u00e9\",\"Soro Ngolognhin\u00e9 Mamadou\"],\"articleSection\":[\"Politique\",\"Toutes les actualit\u00e9s\"],\"inLanguage\":\"fr-FR\",\"potentialAction\":[{\"@type\":\"CommentAction\",\"name\":\"Comment\",\"target\":[\"https:\/\/www.africa-press.net\/cotedivoire\/politique\/ferveur-pour-le-candidat-independant-soro-mamadou#respond\"]}]},{\"@type\":\"WebPage\",\"@id\":\"https:\/\/www.africa-press.net\/cotedivoire\/politique\/ferveur-pour-le-candidat-independant-soro-mamadou\",\"url\":\"https:\/\/www.africa-press.net\/cotedivoire\/politique\/ferveur-pour-le-candidat-independant-soro-mamadou\",\"name\":\"Ferveur pour le candidat ind\u00e9pendant Soro Mamadou - C\u00f4te d&#039;Ivoire\",\"isPartOf\":{\"@id\":\"https:\/\/www.africa-press.net\/cotedivoire\/#website\"},\"primaryImageOfPage\":{\"@id\":\"https:\/\/www.africa-press.net\/cotedivoire\/politique\/ferveur-pour-le-candidat-independant-soro-mamadou#primaryimage\"},\"image\":{\"@id\":\"https:\/\/www.africa-press.net\/cotedivoire\/politique\/ferveur-pour-le-candidat-independant-soro-mamadou#primaryimage\"},\"thumbnailUrl\":\"https:\/\/static.africa-press.net\/cote\/sites\/43\/2025\/12\/sm_1766833011.922252.jpg\",\"datePublished\":\"2025-12-27T13:32:26+00:00\",\"dateModified\":\"2025-12-27T14:28:57+00:00\",\"author\":{\"@id\":\"https:\/\/www.africa-press.net\/cotedivoire\/#\/schema\/person\/2b1cf3cd81a31e3cd26889ca66d677f1\"},\"description\":\"C'est par une parade que Soro Ngolognhine\u0301 Mamadou, candidat inde\u0301pendant Te\u0302te de la liste \u00ab Ensemble pour le de\u0301velopp ...\",\"breadcrumb\":{\"@id\":\"https:\/\/www.africa-press.net\/cotedivoire\/politique\/ferveur-pour-le-candidat-independant-soro-mamadou#breadcrumb\"},\"inLanguage\":\"fr-FR\",\"potentialAction\":[{\"@type\":\"ReadAction\",\"target\":[\"https:\/\/www.africa-press.net\/cotedivoire\/politique\/ferveur-pour-le-candidat-independant-soro-mamadou\"]}]},{\"@type\":\"ImageObject\",\"inLanguage\":\"fr-FR\",\"@id\":\"https:\/\/www.africa-press.net\/cotedivoire\/politique\/ferveur-pour-le-candidat-independant-soro-mamadou#primaryimage\",\"url\":\"https:\/\/static.africa-press.net\/cote\/sites\/43\/2025\/12\/sm_1766833011.922252.jpg\",\"contentUrl\":\"https:\/\/static.africa-press.net\/cote\/sites\/43\/2025\/12\/sm_1766833011.922252.jpg\",\"width\":715,\"height\":330,\"caption\":\"Ferveur pour le candidat ind\u00e9pendant Soro Mamadou\"},{\"@type\":\"BreadcrumbList\",\"@id\":\"https:\/\/www.africa-press.net\/cotedivoire\/politique\/ferveur-pour-le-candidat-independant-soro-mamadou#breadcrumb\",\"itemListElement\":[{\"@type\":\"ListItem\",\"position\":1,\"name\":\"Accueil\",\"item\":\"https:\/\/www.africa-press.net\/cotedivoire\/\"},{\"@type\":\"ListItem\",\"position\":2,\"name\":\"Ferveur pour le candidat ind\u00e9pendant Soro Mamadou\"}]},{\"@type\":\"WebSite\",\"@id\":\"https:\/\/www.africa-press.net\/cotedivoire\/#website\",\"url\":\"https:\/\/www.africa-press.net\/cotedivoire\/\",\"name\":\"C\u00f4te d&#039;Ivoire\",\"description\":\"Just another Africa News Agency Sites site\",\"potentialAction\":[{\"@type\":\"SearchAction\",\"target\":{\"@type\":\"EntryPoint\",\"urlTemplate\":\"https:\/\/www.africa-press.net\/cotedivoire\/?s={search_term_string}\"},\"query-input\":{\"@type\":\"PropertyValueSpecification\",\"valueRequired\":true,\"valueName\":\"search_term_string\"}}],\"inLanguage\":\"fr-FR\"},{\"@type\":\"Person\",\"@id\":\"https:\/\/www.africa-press.net\/cotedivoire\/#\/schema\/person\/2b1cf3cd81a31e3cd26889ca66d677f1\",\"name\":\"cfeditorfr\"}]}<\/script>\n<!-- \/ Yoast SEO Premium plugin. -->","yoast_head_json":{"title":"Ferveur pour le candidat ind\u00e9pendant Soro Mamadou - C\u00f4te d&#039;Ivoire","description":"C'est par une parade que Soro Ngolognhine\u0301 Mamadou, candidat inde\u0301pendant Te\u0302te de la liste \u00ab Ensemble pour le de\u0301velopp ...","robots":{"index":"index","follow":"follow","max-snippet":"max-snippet:-1","max-image-preview":"max-image-preview:large","max-video-preview":"max-video-preview:-1"},"canonical":"https:\/\/www.africa-press.net\/cotedivoire\/politique\/ferveur-pour-le-candidat-independant-soro-mamadou","og_locale":"fr_FR","og_type":"article","og_title":"Ferveur pour le candidat ind\u00e9pendant Soro Mamadou","og_description":"C'est par une parade que Soro Ngolognhine\u0301 Mamadou, candidat inde\u0301pendant Te\u0302te de la liste \u00ab Ensemble pour le de\u0301velopp ...","og_url":"https:\/\/www.africa-press.net\/cotedivoire\/politique\/ferveur-pour-le-candidat-independant-soro-mamadou","og_site_name":"C\u00f4te d&#039;Ivoire","article_published_time":"2025-12-27T13:32:26+00:00","article_modified_time":"2025-12-27T14:28:57+00:00","og_image":[{"width":715,"height":330,"url":"https:\/\/static.africa-press.net\/cote\/sites\/43\/2025\/12\/sm_1766833011.922252.jpg","type":"image\/jpeg"}],"author":"cfeditorfr","twitter_card":"summary_large_image","twitter_misc":{"\u00c9crit par":"cfeditorfr","Dur\u00e9e de lecture estim\u00e9e":"2 minutes"},"schema":{"@context":"https:\/\/schema.org","@graph":[{"@type":"Article","@id":"https:\/\/www.africa-press.net\/cotedivoire\/politique\/ferveur-pour-le-candidat-independant-soro-mamadou#article","isPartOf":{"@id":"https:\/\/www.africa-press.net\/cotedivoire\/politique\/ferveur-pour-le-candidat-independant-soro-mamadou"},"author":{"name":"cfeditorfr","@id":"https:\/\/www.africa-press.net\/cotedivoire\/#\/schema\/person\/2b1cf3cd81a31e3cd26889ca66d677f1"},"headline":"Ferveur pour le candidat ind\u00e9pendant Soro Mamadou","datePublished":"2025-12-27T13:32:26+00:00","dateModified":"2025-12-27T14:28:57+00:00","mainEntityOfPage":{"@id":"https:\/\/www.africa-press.net\/cotedivoire\/politique\/ferveur-pour-le-candidat-independant-soro-mamadou"},"wordCount":364,"commentCount":0,"image":{"@id":"https:\/\/www.africa-press.net\/cotedivoire\/politique\/ferveur-pour-le-candidat-independant-soro-mamadou#primaryimage"},"thumbnailUrl":"https:\/\/static.africa-press.net\/cote\/sites\/43\/2025\/12\/sm_1766833011.922252.jpg","keywords":["C\u00d4TE D'IVOIRE","femmes","Ind\u00e9pendant","jeunes","M'Bengu\u00e9","Soro Ngolognhin\u00e9 Mamadou"],"articleSection":["Politique","Toutes les actualit\u00e9s"],"inLanguage":"fr-FR","potentialAction":[{"@type":"CommentAction","name":"Comment","target":["https:\/\/www.africa-press.net\/cotedivoire\/politique\/ferveur-pour-le-candidat-independant-soro-mamadou#respond"]}]},{"@type":"WebPage","@id":"https:\/\/www.africa-press.net\/cotedivoire\/politique\/ferveur-pour-le-candidat-independant-soro-mamadou","url":"https:\/\/www.africa-press.net\/cotedivoire\/politique\/ferveur-pour-le-candidat-independant-soro-mamadou","name":"Ferveur pour le candidat ind\u00e9pendant Soro Mamadou - C\u00f4te d&#039;Ivoire","isPartOf":{"@id":"https:\/\/www.africa-press.net\/cotedivoire\/#website"},"primaryImageOfPage":{"@id":"https:\/\/www.africa-press.net\/cotedivoire\/politique\/ferveur-pour-le-candidat-independant-soro-mamadou#primaryimage"},"image":{"@id":"https:\/\/www.africa-press.net\/cotedivoire\/politique\/ferveur-pour-le-candidat-independant-soro-mamadou#primaryimage"},"thumbnailUrl":"https:\/\/static.africa-press.net\/cote\/sites\/43\/2025\/12\/sm_1766833011.922252.jpg","datePublished":"2025-12-27T13:32:26+00:00","dateModified":"2025-12-27T14:28:57+00:00","author":{"@id":"https:\/\/www.africa-press.net\/cotedivoire\/#\/schema\/person\/2b1cf3cd81a31e3cd26889ca66d677f1"},"description":"C'est par une parade que Soro Ngolognhine\u0301 Mamadou, candidat inde\u0301pendant Te\u0302te de la liste \u00ab Ensemble pour le de\u0301velopp ...","breadcrumb":{"@id":"https:\/\/www.africa-press.net\/cotedivoire\/politique\/ferveur-pour-le-candidat-independant-soro-mamadou#breadcrumb"},"inLanguage":"fr-FR","potentialAction":[{"@type":"ReadAction","target":["https:\/\/www.africa-press.net\/cotedivoire\/politique\/ferveur-pour-le-candidat-independant-soro-mamadou"]}]},{"@type":"ImageObject","inLanguage":"fr-FR","@id":"https:\/\/www.africa-press.net\/cotedivoire\/politique\/ferveur-pour-le-candidat-independant-soro-mamadou#primaryimage","url":"https:\/\/static.africa-press.net\/cote\/sites\/43\/2025\/12\/sm_1766833011.922252.jpg","contentUrl":"https:\/\/static.africa-press.net\/cote\/sites\/43\/2025\/12\/sm_1766833011.922252.jpg","width":715,"height":330,"caption":"Ferveur pour le candidat ind\u00e9pendant Soro Mamadou"},{"@type":"BreadcrumbList","@id":"https:\/\/www.africa-press.net\/cotedivoire\/politique\/ferveur-pour-le-candidat-independant-soro-mamadou#breadcrumb","itemListElement":[{"@type":"ListItem","position":1,"name":"Accueil","item":"https:\/\/www.africa-press.net\/cotedivoire\/"},{"@type":"ListItem","position":2,"name":"Ferveur pour le candidat ind\u00e9pendant Soro Mamadou"}]},{"@type":"WebSite","@id":"https:\/\/www.africa-press.net\/cotedivoire\/#website","url":"https:\/\/www.africa-press.net\/cotedivoire\/","name":"C\u00f4te d&#039;Ivoire","description":"Just another Africa News Agency Sites site","potentialAction":[{"@type":"SearchAction","target":{"@type":"EntryPoint","urlTemplate":"https:\/\/www.africa-press.net\/cotedivoire\/?s={search_term_string}"},"query-input":{"@type":"PropertyValueSpecification","valueRequired":true,"valueName":"search_term_string"}}],"inLanguage":"fr-FR"},{"@type":"Person","@id":"https:\/\/www.africa-press.net\/cotedivoire\/#\/schema\/person\/2b1cf3cd81a31e3cd26889ca66d677f1","name":"cfeditorfr"}]}},"_links":{"self":[{"href":"https:\/\/www.africa-press.net\/cotedivoire\/wp-json\/wp\/v2\/posts\/111086","targetHints":{"allow":["GET"]}}],"collection":[{"href":"https:\/\/www.africa-press.net\/cotedivoire\/wp-json\/wp\/v2\/posts"}],"about":[{"href":"https:\/\/www.africa-press.net\/cotedivoire\/wp-json\/wp\/v2\/types\/post"}],"author":[{"embeddable":true,"href":"https:\/\/www.africa-press.net\/cotedivoire\/wp-json\/wp\/v2\/users\/82"}],"replies":[{"embeddable":true,"href":"https:\/\/www.africa-press.net\/cotedivoire\/wp-json\/wp\/v2\/comments?post=111086"}],"version-history":[{"count":0,"href":"https:\/\/www.africa-press.net\/cotedivoire\/wp-json\/wp\/v2\/posts\/111086\/revisions"}],"wp:featuredmedia":[{"embeddable":true,"href":"https:\/\/www.africa-press.net\/cotedivoire\/wp-json\/wp\/v2\/media\/111085"}],"wp:attachment":[{"href":"https:\/\/www.africa-press.net\/cotedivoire\/wp-json\/wp\/v2\/media?parent=111086"}],"wp:term":[{"taxonomy":"category","embeddable":true,"href":"https:\/\/www.africa-press.net\/cotedivoire\/wp-json\/wp\/v2\/categories?post=111086"},{"taxonomy":"post_tag","embeddable":true,"href":"https:\/\/www.africa-press.net\/cotedivoire\/wp-json\/wp\/v2\/tags?post=111086"}],"curies":[{"name":"wp","href":"https:\/\/api.w.org\/{rel}","templated":true}]}}