{"id":11120,"date":"2021-08-10T14:01:35","date_gmt":"2021-08-10T14:01:35","guid":{"rendered":"https:\/\/www.africa-press.net\/cotedivoire\/?p=11120"},"modified":"2021-08-11T21:09:39","modified_gmt":"2021-08-11T21:09:39","slug":"cote-divoire-lancien-president-laurent-gbagbo-va-creer-un-nouveau-parti","status":"publish","type":"post","link":"https:\/\/www.africa-press.net\/cotedivoire\/parties\/cote-divoire-lancien-president-laurent-gbagbo-va-creer-un-nouveau-parti","title":{"rendered":"l\u2019ancien pr\u00e9sident Laurent Gbagbo va cr\u00e9er un nouveau parti"},"content":{"rendered":"<p><span style=\"color: #ff6600\"><strong><a href=\"https:\/\/www.africa-press.net\/\">Africa-Press<\/a> &#8211; <a href=\"https:\/\/www.africa-press.net\/cotedivoire\">C\u00f4te d&rsquo;Ivoire<\/a>. <\/strong><\/span>Le divorce entre l\u2019ancien pr\u00e9sident ivoirien, Laurent Gbagbo, et son ancien compagnon de route Pascal Affi N\u2019Guessan est consomm\u00e9. Lundi 9 ao\u00fbt, M. Gbagbo a propos\u00e9 la cr\u00e9ation d\u2019un nouveau parti, laissant celui qu\u2019il avait fond\u00e9 aux mains de son ancien premier ministre.<\/p>\n<p>Cette annonce, faite \u00e0 l\u2019issue d\u2019une r\u00e9union \u00e0 Abidjan du comit\u00e9 central du Front populaire ivoirien (FPI), fond\u00e9 en 1982 par Laurent Gbagbo, ent\u00e9rine une rupture datant de dix ans et qui apparaissait de plus en plus ouvertement entre MM. Gbagbo et Affi N\u2019Guessan.<\/p>\n<p>L\u2019ancien pr\u00e9sident, rentr\u00e9 en C\u00f4te d\u2019Ivoire le 17 juin apr\u00e8s avoir \u00e9t\u00e9 acquitt\u00e9 de crimes contre l\u2019humanit\u00e9 par la justice internationale, a eu des mots tr\u00e8s durs \u00e0 l\u2019encontre de son ancien alli\u00e9 et ami. Le FPI, \u00ab notre seul instrument de lutte politique, est confisqu\u00e9 par M. Affi N\u2019Guessan, et malgr\u00e9 les nombreuses initiatives pour le raisonner, il s\u2019arc-boute sur sa soi-disant \u201cl\u00e9galit\u00e9\u201d \u00bb, a-t-il d\u00e9clar\u00e9, selon un communiqu\u00e9 du FPI publi\u00e9 \u00e0 l\u2019issue de la rencontre de ses instances dirigeantes.<\/p>\n<p>M. Gbagbo, \u00ab a pris acte de la volont\u00e9 et de l\u2019obstination de monsieur Affi N\u2019Guessan de prendre en otage le FPI, foulant ainsi au pied les ann\u00e9es de sacrifice des militantes et militants du parti \u00bb. Mais il \u00ab n\u2019entend pas s\u2019engager dans une bataille juridique \u00bb avec lui et \u00ab propose donc la cr\u00e9ation d\u2019un nouvel instrument de lutte conforme \u00e0 notre id\u00e9ologie et nos ambitions \u00bb.<\/p>\n<p><b>\u00ab Une d\u00e9cision dict\u00e9e essentiellement par la soif de pouvoir \u00bb<\/b><\/p>\n<p>Un comit\u00e9 de pr\u00e9paration du congr\u00e8s constitutif au nouveau parti de Laurent Gbagbo doit \u00eatre mis en place pour un congr\u00e8s, qui, selon une source au FPI, devrait avoir lieu en octobre.<\/p>\n<p><b>\u00ab En voulant cr\u00e9er un nouveau parti autre que le FPI, Laurent Gbagbo prend acte de la transformation historique de la vie politique en C\u00f4te d\u2019Ivoire \u00bb<\/b><\/p>\n<p>, a r\u00e9agi aupr\u00e8s de l\u2019Agence France-Presse (AFP) le politologue Jean Alabro.<\/p>\n<p><b>\u00ab Ainsi, en r\u00e9ponse \u00e0 ma demande d\u2019audience, \u00e0 ma volont\u00e9 de dialogue en vue de l\u2019unit\u00e9 du FPI, Laurent Gbagbo a choisi la rupture et la division. Il enterre l\u2019espoir qu\u2019avaient nos militants, nos \u00e9lecteurs, nos sympathisants, en l\u2019unit\u00e9 de la gauche, en la r\u00e9conciliation de notre famille politique \u00bb<\/b><\/p>\n<p>, a \u00e9crit M. Affi N\u2019Guessan, dans un communiqu\u00e9 transmis \u00e0 l\u2019AFP. Pour lui, M. \u00ab Gbagbo endosse de mani\u00e8re assum\u00e9e devant nos compatriotes et devant l\u2019histoire la responsabilit\u00e9 du schisme qui marque d\u00e9sormais l\u2019\u00e9pop\u00e9e du FPI \u00bb.<\/p>\n<p>Enfin, M. Affi N\u2019Guessan a d\u00e9nonc\u00e9 \u00ab une d\u00e9cision, dict\u00e9e essentiellement par la soif de pouvoir et la volont\u00e9 de revanche \u00bb et assur\u00e9 de sa \u00ab ferme volont\u00e9 de poursuivre [sa] mission pour la renaissance du parti en vue de la reconqu\u00eate du pouvoir en 2025 \u00bb.<\/p>\n<p><b>Un divorce act\u00e9 la semaine derni\u00e8re<\/b><\/p>\n<p>Le Front populaire ivoirien est divis\u00e9 en deux camps depuis la crise de 2010-2011 qui avait fait 3 000 morts, n\u00e9e du refus de M. Gbagbo de reconna\u00eetre sa d\u00e9faite \u00e0 la pr\u00e9sidentielle face \u00e0 Alassane Ouattara : le camp de Pascal Affi N\u2019Guessan, pr\u00e9sident du FPI dit \u00ab l\u00e9gal \u00bb reconnu par les autorit\u00e9s judiciaires ivoiriennes, et celui du FPI \u00ab GOR \u00bb (Gbagbo ou rien) de l\u2019ancien pr\u00e9sident.<\/p>\n<p>Plusieurs tentatives de rapprochement de MM. Gbagbo et Affi N\u2019Guessan ont \u00e9chou\u00e9, et la semaine derni\u00e8re, apprenant la convocation des instances dirigeantes du parti par M. Gbagbo, le FPI \u00ab l\u00e9gal \u00bb a estim\u00e9 dans un communiqu\u00e9 que, \u00ab bien que membre fondateur du parti \u00bb, Laurent Gbagbo \u00ab n\u2019est pas le pr\u00e9sident en exercice du FPI \u00bb.<\/p>\n<p>Le communiqu\u00e9 ajoutait que le FPI \u00ab l\u00e9gal \u00bb \u00ab luttera[it] de toutes ses forces contre le culte de la personnalit\u00e9 et l\u2019autocratie, le chemin de la dictature \u00bb.<\/p>\n<p>Depuis son retour, Laurent Gbagbo a rencontr\u00e9 de nombreuses personnalit\u00e9s, dont son vieux rival le pr\u00e9sident Alassane Ouattara, le 27 juillet au palais pr\u00e9sidentiel d\u2019Abidjan. Il s\u2019\u00e9tait auparavant rendu \u00e0 Daoukro, pour y rencontrer dans son fief un autre ancien pr\u00e9sident, actuel chef de l\u2019opposition, Henri Konan B\u00e9di\u00e9. Mais il n\u2019a pas rencontr\u00e9 son ancien compagnon de route Pascal Affi N\u2019Guessan.<\/p>\n","protected":false},"excerpt":{"rendered":"<p>Africa-Press &#8211; C\u00f4te d&rsquo;Ivoire. Le divorce entre l\u2019ancien pr\u00e9sident ivoirien, Laurent Gbagbo, et son ancien compagnon de route Pascal Affi N\u2019Guessan est consomm\u00e9. Lundi 9 ao\u00fbt, M. Gbagbo a propos\u00e9 la cr\u00e9ation d\u2019un nouveau parti, laissant celui qu\u2019il avait fond\u00e9 aux mains de son ancien premier ministre. Cette annonce, faite \u00e0 l\u2019issue d\u2019une r\u00e9union \u00e0 [&hellip;]<\/p>\n","protected":false},"author":82,"featured_media":11119,"comment_status":"open","ping_status":"closed","sticky":false,"template":"","format":"standard","meta":{"footnotes":""},"categories":[11,4,20,10],"tags":[56,63,29],"class_list":["post-11120","post","type-post","status-publish","format-standard","has-post-thumbnail","hentry","category-homepage-french","category-parties","category-top-nouvelles","category-toutes-les-actualites","tag-africa-press","tag-africa-press-cote-divoire","tag-cote-divoire"],"yoast_head":"<!-- This site is optimized with the Yoast SEO Premium plugin v26.1 (Yoast SEO v27.0) - https:\/\/yoast.com\/product\/yoast-seo-premium-wordpress\/ -->\n<title>l\u2019ancien pr\u00e9sident Laurent Gbagbo va cr\u00e9er un nouveau parti - C\u00f4te d&#039;Ivoire<\/title>\n<meta name=\"description\" content=\"Le divorce entre l\u2019ancien pr\u00e9sident ivoirien, Laurent Gbagbo, et son ancien compagnon de route Pascal Affi N\u2019Guessan est ...\" \/>\n<meta name=\"robots\" content=\"index, follow, max-snippet:-1, max-image-preview:large, max-video-preview:-1\" \/>\n<link rel=\"canonical\" href=\"https:\/\/www.africa-press.net\/cotedivoire\/parties\/cote-divoire-lancien-president-laurent-gbagbo-va-creer-un-nouveau-parti\" \/>\n<meta property=\"og:locale\" content=\"fr_FR\" \/>\n<meta property=\"og:type\" content=\"article\" \/>\n<meta property=\"og:title\" content=\"l\u2019ancien pr\u00e9sident Laurent Gbagbo va cr\u00e9er un nouveau parti\" \/>\n<meta property=\"og:description\" content=\"Le divorce entre l\u2019ancien pr\u00e9sident ivoirien, Laurent Gbagbo, et son ancien compagnon de route Pascal Affi N\u2019Guessan est ...\" \/>\n<meta property=\"og:url\" content=\"https:\/\/www.africa-press.net\/cotedivoire\/parties\/cote-divoire-lancien-president-laurent-gbagbo-va-creer-un-nouveau-parti\" \/>\n<meta property=\"og:site_name\" content=\"C\u00f4te d&#039;Ivoire\" \/>\n<meta property=\"article:published_time\" content=\"2021-08-10T14:01:35+00:00\" \/>\n<meta property=\"article:modified_time\" content=\"2021-08-11T21:09:39+00:00\" \/>\n<meta property=\"og:image\" content=\"https:\/\/static.africa-press.net\/cote\/sites\/43\/2021\/08\/img-611286398f94d.jpg\" \/>\n\t<meta property=\"og:image:width\" content=\"1440\" \/>\n\t<meta property=\"og:image:height\" content=\"720\" \/>\n\t<meta property=\"og:image:type\" content=\"image\/jpeg\" \/>\n<meta name=\"author\" content=\"cfeditorfr\" \/>\n<meta name=\"twitter:card\" content=\"summary_large_image\" \/>\n<meta name=\"twitter:label1\" content=\"\u00c9crit par\" \/>\n\t<meta name=\"twitter:data1\" content=\"cfeditorfr\" \/>\n\t<meta name=\"twitter:label2\" content=\"Dur\u00e9e de lecture estim\u00e9e\" \/>\n\t<meta name=\"twitter:data2\" content=\"4 minutes\" \/>\n<script type=\"application\/ld+json\" class=\"yoast-schema-graph\">{\"@context\":\"https:\/\/schema.org\",\"@graph\":[{\"@type\":\"Article\",\"@id\":\"https:\/\/www.africa-press.net\/cotedivoire\/parties\/cote-divoire-lancien-president-laurent-gbagbo-va-creer-un-nouveau-parti#article\",\"isPartOf\":{\"@id\":\"https:\/\/www.africa-press.net\/cotedivoire\/parties\/cote-divoire-lancien-president-laurent-gbagbo-va-creer-un-nouveau-parti\"},\"author\":{\"name\":\"cfeditorfr\",\"@id\":\"https:\/\/www.africa-press.net\/cotedivoire\/#\/schema\/person\/2b1cf3cd81a31e3cd26889ca66d677f1\"},\"headline\":\"l\u2019ancien pr\u00e9sident Laurent Gbagbo va cr\u00e9er un nouveau parti\",\"datePublished\":\"2021-08-10T14:01:35+00:00\",\"dateModified\":\"2021-08-11T21:09:39+00:00\",\"mainEntityOfPage\":{\"@id\":\"https:\/\/www.africa-press.net\/cotedivoire\/parties\/cote-divoire-lancien-president-laurent-gbagbo-va-creer-un-nouveau-parti\"},\"wordCount\":737,\"commentCount\":0,\"image\":{\"@id\":\"https:\/\/www.africa-press.net\/cotedivoire\/parties\/cote-divoire-lancien-president-laurent-gbagbo-va-creer-un-nouveau-parti#primaryimage\"},\"thumbnailUrl\":\"https:\/\/static.africa-press.net\/cote\/sites\/43\/2021\/08\/img-611286398f94d.jpg\",\"keywords\":[\"Africa Press\",\"Africa Press-C\u00f4te d'Ivoire\",\"C\u00d4TE D'IVOIRE\"],\"articleSection\":[\"homepage-french\",\"Parties\",\"Top Nouvelles\",\"Toutes les actualit\u00e9s\"],\"inLanguage\":\"fr-FR\",\"potentialAction\":[{\"@type\":\"CommentAction\",\"name\":\"Comment\",\"target\":[\"https:\/\/www.africa-press.net\/cotedivoire\/parties\/cote-divoire-lancien-president-laurent-gbagbo-va-creer-un-nouveau-parti#respond\"]}]},{\"@type\":\"WebPage\",\"@id\":\"https:\/\/www.africa-press.net\/cotedivoire\/parties\/cote-divoire-lancien-president-laurent-gbagbo-va-creer-un-nouveau-parti\",\"url\":\"https:\/\/www.africa-press.net\/cotedivoire\/parties\/cote-divoire-lancien-president-laurent-gbagbo-va-creer-un-nouveau-parti\",\"name\":\"l\u2019ancien pr\u00e9sident Laurent Gbagbo va cr\u00e9er un nouveau parti - C\u00f4te d&#039;Ivoire\",\"isPartOf\":{\"@id\":\"https:\/\/www.africa-press.net\/cotedivoire\/#website\"},\"primaryImageOfPage\":{\"@id\":\"https:\/\/www.africa-press.net\/cotedivoire\/parties\/cote-divoire-lancien-president-laurent-gbagbo-va-creer-un-nouveau-parti#primaryimage\"},\"image\":{\"@id\":\"https:\/\/www.africa-press.net\/cotedivoire\/parties\/cote-divoire-lancien-president-laurent-gbagbo-va-creer-un-nouveau-parti#primaryimage\"},\"thumbnailUrl\":\"https:\/\/static.africa-press.net\/cote\/sites\/43\/2021\/08\/img-611286398f94d.jpg\",\"datePublished\":\"2021-08-10T14:01:35+00:00\",\"dateModified\":\"2021-08-11T21:09:39+00:00\",\"author\":{\"@id\":\"https:\/\/www.africa-press.net\/cotedivoire\/#\/schema\/person\/2b1cf3cd81a31e3cd26889ca66d677f1\"},\"description\":\"Le divorce entre l\u2019ancien pr\u00e9sident ivoirien, Laurent Gbagbo, et son ancien compagnon de route Pascal Affi N\u2019Guessan est ...\",\"breadcrumb\":{\"@id\":\"https:\/\/www.africa-press.net\/cotedivoire\/parties\/cote-divoire-lancien-president-laurent-gbagbo-va-creer-un-nouveau-parti#breadcrumb\"},\"inLanguage\":\"fr-FR\",\"potentialAction\":[{\"@type\":\"ReadAction\",\"target\":[\"https:\/\/www.africa-press.net\/cotedivoire\/parties\/cote-divoire-lancien-president-laurent-gbagbo-va-creer-un-nouveau-parti\"]}]},{\"@type\":\"ImageObject\",\"inLanguage\":\"fr-FR\",\"@id\":\"https:\/\/www.africa-press.net\/cotedivoire\/parties\/cote-divoire-lancien-president-laurent-gbagbo-va-creer-un-nouveau-parti#primaryimage\",\"url\":\"https:\/\/static.africa-press.net\/cote\/sites\/43\/2021\/08\/img-611286398f94d.jpg\",\"contentUrl\":\"https:\/\/static.africa-press.net\/cote\/sites\/43\/2021\/08\/img-611286398f94d.jpg\",\"width\":1440,\"height\":720,\"caption\":\"C\u00f4te d\u2019Ivoire\u00a0: l\u2019ancien pr\u00e9sident Laurent Gbagbo va cr\u00e9er un nouveau parti\"},{\"@type\":\"BreadcrumbList\",\"@id\":\"https:\/\/www.africa-press.net\/cotedivoire\/parties\/cote-divoire-lancien-president-laurent-gbagbo-va-creer-un-nouveau-parti#breadcrumb\",\"itemListElement\":[{\"@type\":\"ListItem\",\"position\":1,\"name\":\"Accueil\",\"item\":\"https:\/\/www.africa-press.net\/cotedivoire\/\"},{\"@type\":\"ListItem\",\"position\":2,\"name\":\"l\u2019ancien pr\u00e9sident Laurent Gbagbo va cr\u00e9er un nouveau parti\"}]},{\"@type\":\"WebSite\",\"@id\":\"https:\/\/www.africa-press.net\/cotedivoire\/#website\",\"url\":\"https:\/\/www.africa-press.net\/cotedivoire\/\",\"name\":\"C\u00f4te d&#039;Ivoire\",\"description\":\"Just another Africa News Agency Sites site\",\"potentialAction\":[{\"@type\":\"SearchAction\",\"target\":{\"@type\":\"EntryPoint\",\"urlTemplate\":\"https:\/\/www.africa-press.net\/cotedivoire\/?s={search_term_string}\"},\"query-input\":{\"@type\":\"PropertyValueSpecification\",\"valueRequired\":true,\"valueName\":\"search_term_string\"}}],\"inLanguage\":\"fr-FR\"},{\"@type\":\"Person\",\"@id\":\"https:\/\/www.africa-press.net\/cotedivoire\/#\/schema\/person\/2b1cf3cd81a31e3cd26889ca66d677f1\",\"name\":\"cfeditorfr\"}]}<\/script>\n<!-- \/ Yoast SEO Premium plugin. -->","yoast_head_json":{"title":"l\u2019ancien pr\u00e9sident Laurent Gbagbo va cr\u00e9er un nouveau parti - C\u00f4te d&#039;Ivoire","description":"Le divorce entre l\u2019ancien pr\u00e9sident ivoirien, Laurent Gbagbo, et son ancien compagnon de route Pascal Affi N\u2019Guessan est ...","robots":{"index":"index","follow":"follow","max-snippet":"max-snippet:-1","max-image-preview":"max-image-preview:large","max-video-preview":"max-video-preview:-1"},"canonical":"https:\/\/www.africa-press.net\/cotedivoire\/parties\/cote-divoire-lancien-president-laurent-gbagbo-va-creer-un-nouveau-parti","og_locale":"fr_FR","og_type":"article","og_title":"l\u2019ancien pr\u00e9sident Laurent Gbagbo va cr\u00e9er un nouveau parti","og_description":"Le divorce entre l\u2019ancien pr\u00e9sident ivoirien, Laurent Gbagbo, et son ancien compagnon de route Pascal Affi N\u2019Guessan est ...","og_url":"https:\/\/www.africa-press.net\/cotedivoire\/parties\/cote-divoire-lancien-president-laurent-gbagbo-va-creer-un-nouveau-parti","og_site_name":"C\u00f4te d&#039;Ivoire","article_published_time":"2021-08-10T14:01:35+00:00","article_modified_time":"2021-08-11T21:09:39+00:00","og_image":[{"width":1440,"height":720,"url":"https:\/\/static.africa-press.net\/cote\/sites\/43\/2021\/08\/img-611286398f94d.jpg","type":"image\/jpeg"}],"author":"cfeditorfr","twitter_card":"summary_large_image","twitter_misc":{"\u00c9crit par":"cfeditorfr","Dur\u00e9e de lecture estim\u00e9e":"4 minutes"},"schema":{"@context":"https:\/\/schema.org","@graph":[{"@type":"Article","@id":"https:\/\/www.africa-press.net\/cotedivoire\/parties\/cote-divoire-lancien-president-laurent-gbagbo-va-creer-un-nouveau-parti#article","isPartOf":{"@id":"https:\/\/www.africa-press.net\/cotedivoire\/parties\/cote-divoire-lancien-president-laurent-gbagbo-va-creer-un-nouveau-parti"},"author":{"name":"cfeditorfr","@id":"https:\/\/www.africa-press.net\/cotedivoire\/#\/schema\/person\/2b1cf3cd81a31e3cd26889ca66d677f1"},"headline":"l\u2019ancien pr\u00e9sident Laurent Gbagbo va cr\u00e9er un nouveau parti","datePublished":"2021-08-10T14:01:35+00:00","dateModified":"2021-08-11T21:09:39+00:00","mainEntityOfPage":{"@id":"https:\/\/www.africa-press.net\/cotedivoire\/parties\/cote-divoire-lancien-president-laurent-gbagbo-va-creer-un-nouveau-parti"},"wordCount":737,"commentCount":0,"image":{"@id":"https:\/\/www.africa-press.net\/cotedivoire\/parties\/cote-divoire-lancien-president-laurent-gbagbo-va-creer-un-nouveau-parti#primaryimage"},"thumbnailUrl":"https:\/\/static.africa-press.net\/cote\/sites\/43\/2021\/08\/img-611286398f94d.jpg","keywords":["Africa Press","Africa Press-C\u00f4te d'Ivoire","C\u00d4TE D'IVOIRE"],"articleSection":["homepage-french","Parties","Top Nouvelles","Toutes les actualit\u00e9s"],"inLanguage":"fr-FR","potentialAction":[{"@type":"CommentAction","name":"Comment","target":["https:\/\/www.africa-press.net\/cotedivoire\/parties\/cote-divoire-lancien-president-laurent-gbagbo-va-creer-un-nouveau-parti#respond"]}]},{"@type":"WebPage","@id":"https:\/\/www.africa-press.net\/cotedivoire\/parties\/cote-divoire-lancien-president-laurent-gbagbo-va-creer-un-nouveau-parti","url":"https:\/\/www.africa-press.net\/cotedivoire\/parties\/cote-divoire-lancien-president-laurent-gbagbo-va-creer-un-nouveau-parti","name":"l\u2019ancien pr\u00e9sident Laurent Gbagbo va cr\u00e9er un nouveau parti - C\u00f4te d&#039;Ivoire","isPartOf":{"@id":"https:\/\/www.africa-press.net\/cotedivoire\/#website"},"primaryImageOfPage":{"@id":"https:\/\/www.africa-press.net\/cotedivoire\/parties\/cote-divoire-lancien-president-laurent-gbagbo-va-creer-un-nouveau-parti#primaryimage"},"image":{"@id":"https:\/\/www.africa-press.net\/cotedivoire\/parties\/cote-divoire-lancien-president-laurent-gbagbo-va-creer-un-nouveau-parti#primaryimage"},"thumbnailUrl":"https:\/\/static.africa-press.net\/cote\/sites\/43\/2021\/08\/img-611286398f94d.jpg","datePublished":"2021-08-10T14:01:35+00:00","dateModified":"2021-08-11T21:09:39+00:00","author":{"@id":"https:\/\/www.africa-press.net\/cotedivoire\/#\/schema\/person\/2b1cf3cd81a31e3cd26889ca66d677f1"},"description":"Le divorce entre l\u2019ancien pr\u00e9sident ivoirien, Laurent Gbagbo, et son ancien compagnon de route Pascal Affi N\u2019Guessan est ...","breadcrumb":{"@id":"https:\/\/www.africa-press.net\/cotedivoire\/parties\/cote-divoire-lancien-president-laurent-gbagbo-va-creer-un-nouveau-parti#breadcrumb"},"inLanguage":"fr-FR","potentialAction":[{"@type":"ReadAction","target":["https:\/\/www.africa-press.net\/cotedivoire\/parties\/cote-divoire-lancien-president-laurent-gbagbo-va-creer-un-nouveau-parti"]}]},{"@type":"ImageObject","inLanguage":"fr-FR","@id":"https:\/\/www.africa-press.net\/cotedivoire\/parties\/cote-divoire-lancien-president-laurent-gbagbo-va-creer-un-nouveau-parti#primaryimage","url":"https:\/\/static.africa-press.net\/cote\/sites\/43\/2021\/08\/img-611286398f94d.jpg","contentUrl":"https:\/\/static.africa-press.net\/cote\/sites\/43\/2021\/08\/img-611286398f94d.jpg","width":1440,"height":720,"caption":"C\u00f4te d\u2019Ivoire\u00a0: l\u2019ancien pr\u00e9sident Laurent Gbagbo va cr\u00e9er un nouveau parti"},{"@type":"BreadcrumbList","@id":"https:\/\/www.africa-press.net\/cotedivoire\/parties\/cote-divoire-lancien-president-laurent-gbagbo-va-creer-un-nouveau-parti#breadcrumb","itemListElement":[{"@type":"ListItem","position":1,"name":"Accueil","item":"https:\/\/www.africa-press.net\/cotedivoire\/"},{"@type":"ListItem","position":2,"name":"l\u2019ancien pr\u00e9sident Laurent Gbagbo va cr\u00e9er un nouveau parti"}]},{"@type":"WebSite","@id":"https:\/\/www.africa-press.net\/cotedivoire\/#website","url":"https:\/\/www.africa-press.net\/cotedivoire\/","name":"C\u00f4te d&#039;Ivoire","description":"Just another Africa News Agency Sites site","potentialAction":[{"@type":"SearchAction","target":{"@type":"EntryPoint","urlTemplate":"https:\/\/www.africa-press.net\/cotedivoire\/?s={search_term_string}"},"query-input":{"@type":"PropertyValueSpecification","valueRequired":true,"valueName":"search_term_string"}}],"inLanguage":"fr-FR"},{"@type":"Person","@id":"https:\/\/www.africa-press.net\/cotedivoire\/#\/schema\/person\/2b1cf3cd81a31e3cd26889ca66d677f1","name":"cfeditorfr"}]}},"_links":{"self":[{"href":"https:\/\/www.africa-press.net\/cotedivoire\/wp-json\/wp\/v2\/posts\/11120","targetHints":{"allow":["GET"]}}],"collection":[{"href":"https:\/\/www.africa-press.net\/cotedivoire\/wp-json\/wp\/v2\/posts"}],"about":[{"href":"https:\/\/www.africa-press.net\/cotedivoire\/wp-json\/wp\/v2\/types\/post"}],"author":[{"embeddable":true,"href":"https:\/\/www.africa-press.net\/cotedivoire\/wp-json\/wp\/v2\/users\/82"}],"replies":[{"embeddable":true,"href":"https:\/\/www.africa-press.net\/cotedivoire\/wp-json\/wp\/v2\/comments?post=11120"}],"version-history":[{"count":0,"href":"https:\/\/www.africa-press.net\/cotedivoire\/wp-json\/wp\/v2\/posts\/11120\/revisions"}],"wp:featuredmedia":[{"embeddable":true,"href":"https:\/\/www.africa-press.net\/cotedivoire\/wp-json\/wp\/v2\/media\/11119"}],"wp:attachment":[{"href":"https:\/\/www.africa-press.net\/cotedivoire\/wp-json\/wp\/v2\/media?parent=11120"}],"wp:term":[{"taxonomy":"category","embeddable":true,"href":"https:\/\/www.africa-press.net\/cotedivoire\/wp-json\/wp\/v2\/categories?post=11120"},{"taxonomy":"post_tag","embeddable":true,"href":"https:\/\/www.africa-press.net\/cotedivoire\/wp-json\/wp\/v2\/tags?post=11120"}],"curies":[{"name":"wp","href":"https:\/\/api.w.org\/{rel}","templated":true}]}}