{"id":11123,"date":"2021-08-10T14:09:53","date_gmt":"2021-08-10T14:09:53","guid":{"rendered":"https:\/\/www.africa-press.net\/cotedivoire\/?p=11123"},"modified":"2021-08-11T21:09:46","modified_gmt":"2021-08-11T21:09:46","slug":"cote-divoire-pourquoi-laurent-gbagbo-abandonne-le-fpi-a-pascal-affi-nguessan","status":"publish","type":"post","link":"https:\/\/www.africa-press.net\/cotedivoire\/politique\/cote-divoire-pourquoi-laurent-gbagbo-abandonne-le-fpi-a-pascal-affi-nguessan","title":{"rendered":"pourquoi Laurent Gbagbo abandonne le FPI \u00e0 Pascal Affi N\u2019Guessan"},"content":{"rendered":"<p><span style=\"color: #ff6600\"><strong><a href=\"https:\/\/www.africa-press.net\/\">Africa-Press<\/a> &#8211; <a href=\"https:\/\/www.africa-press.net\/cotedivoire\">C\u00f4te d&rsquo;Ivoire<\/a>. <\/strong><\/span>L\u2019ancien chef de l\u2019Etat et fondateur du Front populaire ivoirien (FPI) a rendu publique lundi son intention de cr\u00e9er un nouveau parti politique. Une d\u00e9cision soudaine mais pas si surprenante.<\/p>\n<p>L\u2019ancien pr\u00e9sident a d\u00e9cid\u00e9 de mettre fin au bras de fer juridique qui l\u2019oppose depuis plusieurs ann\u00e9es \u00e0 Pascal Affi N\u2019Guessan pour le contr\u00f4le du Front populaire ivoirien (FPI). \u00ab Aujourd\u2019hui, je suis revenu de prison, il nous faut avancer. Je propose : laissons Affi avec l\u2019enveloppe qu\u2019il d\u00e9tient. Nous allons baptiser le FPI autrement. Nous allons continuer \u00e0 lutter. Le FPI, c\u2019est nous. Nous allons changer de nom. C\u2019est tout \u00bb, a-t-il d\u00e9clar\u00e9 lundi 9 ao\u00fbt \u00e0 la tribune du Palais de la Culture.<\/p>\n<p>Laurent Gbagbo \u00e9tait entour\u00e9 de son vieux compagnon de route Assoa Adou et de Georges Armand Ouegnin, pr\u00e9sident du parti Ensemble pour la d\u00e9mocratie et la souverainet\u00e9 (EDS, \u00e9tiquette sous laquelle les pro-Gbagbo ont \u00e9t\u00e9 \u00e9lus lors des derni\u00e8res \u00e9lections l\u00e9gislatives). Pourtant convoqu\u00e9, Pascal Affi N\u2019Guessan \u00e9tait lui absent.<\/p>\n<p>Pr\u00e9sident de la branche du FPI reconnue par la justice ivoirienne, il avait longtemps contest\u00e9 la l\u00e9gitimit\u00e9 de l\u2019ancien chef de l\u2019\u00c9tat Laurent Gbagbo a en reprendre les r\u00eanes. L\u2019ex-Premier ministre avait ensuite tent\u00e9 de poser des conditions, auxquelles Laurent Gbagbo n\u2019avait cependant pas souhait\u00e9 acc\u00e9der.<\/p>\n<p><b>\u00a0<\/b><\/p>\n","protected":false},"excerpt":{"rendered":"<p>Africa-Press &#8211; C\u00f4te d&rsquo;Ivoire. L\u2019ancien chef de l\u2019Etat et fondateur du Front populaire ivoirien (FPI) a rendu publique lundi son intention de cr\u00e9er un nouveau parti politique. Une d\u00e9cision soudaine mais pas si surprenante. L\u2019ancien pr\u00e9sident a d\u00e9cid\u00e9 de mettre fin au bras de fer juridique qui l\u2019oppose depuis plusieurs ann\u00e9es \u00e0 Pascal Affi N\u2019Guessan [&hellip;]<\/p>\n","protected":false},"author":82,"featured_media":11122,"comment_status":"open","ping_status":"closed","sticky":false,"template":"","format":"standard","meta":{"footnotes":""},"categories":[11,2,20,10],"tags":[56,63,29],"class_list":["post-11123","post","type-post","status-publish","format-standard","has-post-thumbnail","hentry","category-homepage-french","category-politique","category-top-nouvelles","category-toutes-les-actualites","tag-africa-press","tag-africa-press-cote-divoire","tag-cote-divoire"],"yoast_head":"<!-- This site is optimized with the Yoast SEO Premium plugin v26.1 (Yoast SEO v27.0) - https:\/\/yoast.com\/product\/yoast-seo-premium-wordpress\/ -->\n<title>pourquoi Laurent Gbagbo abandonne le FPI \u00e0 Pascal Affi N\u2019Guessan - C\u00f4te d&#039;Ivoire<\/title>\n<meta name=\"description\" content=\"L\u2019ancien chef de l\u2019Etat et fondateur du Front populaire ivoirien (FPI) a rendu publique lundi son intention de cr\u00e9er un ...\" \/>\n<meta name=\"robots\" content=\"index, follow, max-snippet:-1, max-image-preview:large, max-video-preview:-1\" \/>\n<link rel=\"canonical\" href=\"https:\/\/www.africa-press.net\/cotedivoire\/politique\/cote-divoire-pourquoi-laurent-gbagbo-abandonne-le-fpi-a-pascal-affi-nguessan\" \/>\n<meta property=\"og:locale\" content=\"fr_FR\" \/>\n<meta property=\"og:type\" content=\"article\" \/>\n<meta property=\"og:title\" content=\"pourquoi Laurent Gbagbo abandonne le FPI \u00e0 Pascal Affi N\u2019Guessan\" \/>\n<meta property=\"og:description\" content=\"L\u2019ancien chef de l\u2019Etat et fondateur du Front populaire ivoirien (FPI) a rendu publique lundi son intention de cr\u00e9er un ...\" \/>\n<meta property=\"og:url\" content=\"https:\/\/www.africa-press.net\/cotedivoire\/politique\/cote-divoire-pourquoi-laurent-gbagbo-abandonne-le-fpi-a-pascal-affi-nguessan\" \/>\n<meta property=\"og:site_name\" content=\"C\u00f4te d&#039;Ivoire\" \/>\n<meta property=\"article:published_time\" content=\"2021-08-10T14:09:53+00:00\" \/>\n<meta property=\"article:modified_time\" content=\"2021-08-11T21:09:46+00:00\" \/>\n<meta property=\"og:image\" content=\"https:\/\/static.africa-press.net\/cote\/sites\/43\/2021\/08\/img-61128689d1dde.jpg\" \/>\n\t<meta property=\"og:image:width\" content=\"720\" \/>\n\t<meta property=\"og:image:height\" content=\"360\" \/>\n\t<meta property=\"og:image:type\" content=\"image\/jpeg\" \/>\n<meta name=\"author\" content=\"cfeditorfr\" \/>\n<meta name=\"twitter:card\" content=\"summary_large_image\" \/>\n<meta name=\"twitter:label1\" content=\"\u00c9crit par\" \/>\n\t<meta name=\"twitter:data1\" content=\"cfeditorfr\" \/>\n\t<meta name=\"twitter:label2\" content=\"Dur\u00e9e de lecture estim\u00e9e\" \/>\n\t<meta name=\"twitter:data2\" content=\"1 minute\" \/>\n<script type=\"application\/ld+json\" class=\"yoast-schema-graph\">{\"@context\":\"https:\/\/schema.org\",\"@graph\":[{\"@type\":\"Article\",\"@id\":\"https:\/\/www.africa-press.net\/cotedivoire\/politique\/cote-divoire-pourquoi-laurent-gbagbo-abandonne-le-fpi-a-pascal-affi-nguessan#article\",\"isPartOf\":{\"@id\":\"https:\/\/www.africa-press.net\/cotedivoire\/politique\/cote-divoire-pourquoi-laurent-gbagbo-abandonne-le-fpi-a-pascal-affi-nguessan\"},\"author\":{\"name\":\"cfeditorfr\",\"@id\":\"https:\/\/www.africa-press.net\/cotedivoire\/#\/schema\/person\/2b1cf3cd81a31e3cd26889ca66d677f1\"},\"headline\":\"pourquoi Laurent Gbagbo abandonne le FPI \u00e0 Pascal Affi N\u2019Guessan\",\"datePublished\":\"2021-08-10T14:09:53+00:00\",\"dateModified\":\"2021-08-11T21:09:46+00:00\",\"mainEntityOfPage\":{\"@id\":\"https:\/\/www.africa-press.net\/cotedivoire\/politique\/cote-divoire-pourquoi-laurent-gbagbo-abandonne-le-fpi-a-pascal-affi-nguessan\"},\"wordCount\":251,\"commentCount\":0,\"image\":{\"@id\":\"https:\/\/www.africa-press.net\/cotedivoire\/politique\/cote-divoire-pourquoi-laurent-gbagbo-abandonne-le-fpi-a-pascal-affi-nguessan#primaryimage\"},\"thumbnailUrl\":\"https:\/\/static.africa-press.net\/cote\/sites\/43\/2021\/08\/img-61128689d1dde.jpg\",\"keywords\":[\"Africa Press\",\"Africa Press-C\u00f4te d'Ivoire\",\"C\u00d4TE D'IVOIRE\"],\"articleSection\":[\"homepage-french\",\"Politique\",\"Top Nouvelles\",\"Toutes les actualit\u00e9s\"],\"inLanguage\":\"fr-FR\",\"potentialAction\":[{\"@type\":\"CommentAction\",\"name\":\"Comment\",\"target\":[\"https:\/\/www.africa-press.net\/cotedivoire\/politique\/cote-divoire-pourquoi-laurent-gbagbo-abandonne-le-fpi-a-pascal-affi-nguessan#respond\"]}]},{\"@type\":\"WebPage\",\"@id\":\"https:\/\/www.africa-press.net\/cotedivoire\/politique\/cote-divoire-pourquoi-laurent-gbagbo-abandonne-le-fpi-a-pascal-affi-nguessan\",\"url\":\"https:\/\/www.africa-press.net\/cotedivoire\/politique\/cote-divoire-pourquoi-laurent-gbagbo-abandonne-le-fpi-a-pascal-affi-nguessan\",\"name\":\"pourquoi Laurent Gbagbo abandonne le FPI \u00e0 Pascal Affi N\u2019Guessan - C\u00f4te d&#039;Ivoire\",\"isPartOf\":{\"@id\":\"https:\/\/www.africa-press.net\/cotedivoire\/#website\"},\"primaryImageOfPage\":{\"@id\":\"https:\/\/www.africa-press.net\/cotedivoire\/politique\/cote-divoire-pourquoi-laurent-gbagbo-abandonne-le-fpi-a-pascal-affi-nguessan#primaryimage\"},\"image\":{\"@id\":\"https:\/\/www.africa-press.net\/cotedivoire\/politique\/cote-divoire-pourquoi-laurent-gbagbo-abandonne-le-fpi-a-pascal-affi-nguessan#primaryimage\"},\"thumbnailUrl\":\"https:\/\/static.africa-press.net\/cote\/sites\/43\/2021\/08\/img-61128689d1dde.jpg\",\"datePublished\":\"2021-08-10T14:09:53+00:00\",\"dateModified\":\"2021-08-11T21:09:46+00:00\",\"author\":{\"@id\":\"https:\/\/www.africa-press.net\/cotedivoire\/#\/schema\/person\/2b1cf3cd81a31e3cd26889ca66d677f1\"},\"description\":\"L\u2019ancien chef de l\u2019Etat et fondateur du Front populaire ivoirien (FPI) a rendu publique lundi son intention de cr\u00e9er un ...\",\"breadcrumb\":{\"@id\":\"https:\/\/www.africa-press.net\/cotedivoire\/politique\/cote-divoire-pourquoi-laurent-gbagbo-abandonne-le-fpi-a-pascal-affi-nguessan#breadcrumb\"},\"inLanguage\":\"fr-FR\",\"potentialAction\":[{\"@type\":\"ReadAction\",\"target\":[\"https:\/\/www.africa-press.net\/cotedivoire\/politique\/cote-divoire-pourquoi-laurent-gbagbo-abandonne-le-fpi-a-pascal-affi-nguessan\"]}]},{\"@type\":\"ImageObject\",\"inLanguage\":\"fr-FR\",\"@id\":\"https:\/\/www.africa-press.net\/cotedivoire\/politique\/cote-divoire-pourquoi-laurent-gbagbo-abandonne-le-fpi-a-pascal-affi-nguessan#primaryimage\",\"url\":\"https:\/\/static.africa-press.net\/cote\/sites\/43\/2021\/08\/img-61128689d1dde.jpg\",\"contentUrl\":\"https:\/\/static.africa-press.net\/cote\/sites\/43\/2021\/08\/img-61128689d1dde.jpg\",\"width\":720,\"height\":360,\"caption\":\"C\u00f4te d\u2019Ivoire : pourquoi Laurent Gbagbo abandonne le FPI \u00e0 Pascal Affi N\u2019Guessan\"},{\"@type\":\"BreadcrumbList\",\"@id\":\"https:\/\/www.africa-press.net\/cotedivoire\/politique\/cote-divoire-pourquoi-laurent-gbagbo-abandonne-le-fpi-a-pascal-affi-nguessan#breadcrumb\",\"itemListElement\":[{\"@type\":\"ListItem\",\"position\":1,\"name\":\"Accueil\",\"item\":\"https:\/\/www.africa-press.net\/cotedivoire\/\"},{\"@type\":\"ListItem\",\"position\":2,\"name\":\"pourquoi Laurent Gbagbo abandonne le FPI \u00e0 Pascal Affi N\u2019Guessan\"}]},{\"@type\":\"WebSite\",\"@id\":\"https:\/\/www.africa-press.net\/cotedivoire\/#website\",\"url\":\"https:\/\/www.africa-press.net\/cotedivoire\/\",\"name\":\"C\u00f4te d&#039;Ivoire\",\"description\":\"Just another Africa News Agency Sites site\",\"potentialAction\":[{\"@type\":\"SearchAction\",\"target\":{\"@type\":\"EntryPoint\",\"urlTemplate\":\"https:\/\/www.africa-press.net\/cotedivoire\/?s={search_term_string}\"},\"query-input\":{\"@type\":\"PropertyValueSpecification\",\"valueRequired\":true,\"valueName\":\"search_term_string\"}}],\"inLanguage\":\"fr-FR\"},{\"@type\":\"Person\",\"@id\":\"https:\/\/www.africa-press.net\/cotedivoire\/#\/schema\/person\/2b1cf3cd81a31e3cd26889ca66d677f1\",\"name\":\"cfeditorfr\"}]}<\/script>\n<!-- \/ Yoast SEO Premium plugin. -->","yoast_head_json":{"title":"pourquoi Laurent Gbagbo abandonne le FPI \u00e0 Pascal Affi N\u2019Guessan - C\u00f4te d&#039;Ivoire","description":"L\u2019ancien chef de l\u2019Etat et fondateur du Front populaire ivoirien (FPI) a rendu publique lundi son intention de cr\u00e9er un ...","robots":{"index":"index","follow":"follow","max-snippet":"max-snippet:-1","max-image-preview":"max-image-preview:large","max-video-preview":"max-video-preview:-1"},"canonical":"https:\/\/www.africa-press.net\/cotedivoire\/politique\/cote-divoire-pourquoi-laurent-gbagbo-abandonne-le-fpi-a-pascal-affi-nguessan","og_locale":"fr_FR","og_type":"article","og_title":"pourquoi Laurent Gbagbo abandonne le FPI \u00e0 Pascal Affi N\u2019Guessan","og_description":"L\u2019ancien chef de l\u2019Etat et fondateur du Front populaire ivoirien (FPI) a rendu publique lundi son intention de cr\u00e9er un ...","og_url":"https:\/\/www.africa-press.net\/cotedivoire\/politique\/cote-divoire-pourquoi-laurent-gbagbo-abandonne-le-fpi-a-pascal-affi-nguessan","og_site_name":"C\u00f4te d&#039;Ivoire","article_published_time":"2021-08-10T14:09:53+00:00","article_modified_time":"2021-08-11T21:09:46+00:00","og_image":[{"width":720,"height":360,"url":"https:\/\/static.africa-press.net\/cote\/sites\/43\/2021\/08\/img-61128689d1dde.jpg","type":"image\/jpeg"}],"author":"cfeditorfr","twitter_card":"summary_large_image","twitter_misc":{"\u00c9crit par":"cfeditorfr","Dur\u00e9e de lecture estim\u00e9e":"1 minute"},"schema":{"@context":"https:\/\/schema.org","@graph":[{"@type":"Article","@id":"https:\/\/www.africa-press.net\/cotedivoire\/politique\/cote-divoire-pourquoi-laurent-gbagbo-abandonne-le-fpi-a-pascal-affi-nguessan#article","isPartOf":{"@id":"https:\/\/www.africa-press.net\/cotedivoire\/politique\/cote-divoire-pourquoi-laurent-gbagbo-abandonne-le-fpi-a-pascal-affi-nguessan"},"author":{"name":"cfeditorfr","@id":"https:\/\/www.africa-press.net\/cotedivoire\/#\/schema\/person\/2b1cf3cd81a31e3cd26889ca66d677f1"},"headline":"pourquoi Laurent Gbagbo abandonne le FPI \u00e0 Pascal Affi N\u2019Guessan","datePublished":"2021-08-10T14:09:53+00:00","dateModified":"2021-08-11T21:09:46+00:00","mainEntityOfPage":{"@id":"https:\/\/www.africa-press.net\/cotedivoire\/politique\/cote-divoire-pourquoi-laurent-gbagbo-abandonne-le-fpi-a-pascal-affi-nguessan"},"wordCount":251,"commentCount":0,"image":{"@id":"https:\/\/www.africa-press.net\/cotedivoire\/politique\/cote-divoire-pourquoi-laurent-gbagbo-abandonne-le-fpi-a-pascal-affi-nguessan#primaryimage"},"thumbnailUrl":"https:\/\/static.africa-press.net\/cote\/sites\/43\/2021\/08\/img-61128689d1dde.jpg","keywords":["Africa Press","Africa Press-C\u00f4te d'Ivoire","C\u00d4TE D'IVOIRE"],"articleSection":["homepage-french","Politique","Top Nouvelles","Toutes les actualit\u00e9s"],"inLanguage":"fr-FR","potentialAction":[{"@type":"CommentAction","name":"Comment","target":["https:\/\/www.africa-press.net\/cotedivoire\/politique\/cote-divoire-pourquoi-laurent-gbagbo-abandonne-le-fpi-a-pascal-affi-nguessan#respond"]}]},{"@type":"WebPage","@id":"https:\/\/www.africa-press.net\/cotedivoire\/politique\/cote-divoire-pourquoi-laurent-gbagbo-abandonne-le-fpi-a-pascal-affi-nguessan","url":"https:\/\/www.africa-press.net\/cotedivoire\/politique\/cote-divoire-pourquoi-laurent-gbagbo-abandonne-le-fpi-a-pascal-affi-nguessan","name":"pourquoi Laurent Gbagbo abandonne le FPI \u00e0 Pascal Affi N\u2019Guessan - C\u00f4te d&#039;Ivoire","isPartOf":{"@id":"https:\/\/www.africa-press.net\/cotedivoire\/#website"},"primaryImageOfPage":{"@id":"https:\/\/www.africa-press.net\/cotedivoire\/politique\/cote-divoire-pourquoi-laurent-gbagbo-abandonne-le-fpi-a-pascal-affi-nguessan#primaryimage"},"image":{"@id":"https:\/\/www.africa-press.net\/cotedivoire\/politique\/cote-divoire-pourquoi-laurent-gbagbo-abandonne-le-fpi-a-pascal-affi-nguessan#primaryimage"},"thumbnailUrl":"https:\/\/static.africa-press.net\/cote\/sites\/43\/2021\/08\/img-61128689d1dde.jpg","datePublished":"2021-08-10T14:09:53+00:00","dateModified":"2021-08-11T21:09:46+00:00","author":{"@id":"https:\/\/www.africa-press.net\/cotedivoire\/#\/schema\/person\/2b1cf3cd81a31e3cd26889ca66d677f1"},"description":"L\u2019ancien chef de l\u2019Etat et fondateur du Front populaire ivoirien (FPI) a rendu publique lundi son intention de cr\u00e9er un ...","breadcrumb":{"@id":"https:\/\/www.africa-press.net\/cotedivoire\/politique\/cote-divoire-pourquoi-laurent-gbagbo-abandonne-le-fpi-a-pascal-affi-nguessan#breadcrumb"},"inLanguage":"fr-FR","potentialAction":[{"@type":"ReadAction","target":["https:\/\/www.africa-press.net\/cotedivoire\/politique\/cote-divoire-pourquoi-laurent-gbagbo-abandonne-le-fpi-a-pascal-affi-nguessan"]}]},{"@type":"ImageObject","inLanguage":"fr-FR","@id":"https:\/\/www.africa-press.net\/cotedivoire\/politique\/cote-divoire-pourquoi-laurent-gbagbo-abandonne-le-fpi-a-pascal-affi-nguessan#primaryimage","url":"https:\/\/static.africa-press.net\/cote\/sites\/43\/2021\/08\/img-61128689d1dde.jpg","contentUrl":"https:\/\/static.africa-press.net\/cote\/sites\/43\/2021\/08\/img-61128689d1dde.jpg","width":720,"height":360,"caption":"C\u00f4te d\u2019Ivoire : pourquoi Laurent Gbagbo abandonne le FPI \u00e0 Pascal Affi N\u2019Guessan"},{"@type":"BreadcrumbList","@id":"https:\/\/www.africa-press.net\/cotedivoire\/politique\/cote-divoire-pourquoi-laurent-gbagbo-abandonne-le-fpi-a-pascal-affi-nguessan#breadcrumb","itemListElement":[{"@type":"ListItem","position":1,"name":"Accueil","item":"https:\/\/www.africa-press.net\/cotedivoire\/"},{"@type":"ListItem","position":2,"name":"pourquoi Laurent Gbagbo abandonne le FPI \u00e0 Pascal Affi N\u2019Guessan"}]},{"@type":"WebSite","@id":"https:\/\/www.africa-press.net\/cotedivoire\/#website","url":"https:\/\/www.africa-press.net\/cotedivoire\/","name":"C\u00f4te d&#039;Ivoire","description":"Just another Africa News Agency Sites site","potentialAction":[{"@type":"SearchAction","target":{"@type":"EntryPoint","urlTemplate":"https:\/\/www.africa-press.net\/cotedivoire\/?s={search_term_string}"},"query-input":{"@type":"PropertyValueSpecification","valueRequired":true,"valueName":"search_term_string"}}],"inLanguage":"fr-FR"},{"@type":"Person","@id":"https:\/\/www.africa-press.net\/cotedivoire\/#\/schema\/person\/2b1cf3cd81a31e3cd26889ca66d677f1","name":"cfeditorfr"}]}},"_links":{"self":[{"href":"https:\/\/www.africa-press.net\/cotedivoire\/wp-json\/wp\/v2\/posts\/11123","targetHints":{"allow":["GET"]}}],"collection":[{"href":"https:\/\/www.africa-press.net\/cotedivoire\/wp-json\/wp\/v2\/posts"}],"about":[{"href":"https:\/\/www.africa-press.net\/cotedivoire\/wp-json\/wp\/v2\/types\/post"}],"author":[{"embeddable":true,"href":"https:\/\/www.africa-press.net\/cotedivoire\/wp-json\/wp\/v2\/users\/82"}],"replies":[{"embeddable":true,"href":"https:\/\/www.africa-press.net\/cotedivoire\/wp-json\/wp\/v2\/comments?post=11123"}],"version-history":[{"count":0,"href":"https:\/\/www.africa-press.net\/cotedivoire\/wp-json\/wp\/v2\/posts\/11123\/revisions"}],"wp:featuredmedia":[{"embeddable":true,"href":"https:\/\/www.africa-press.net\/cotedivoire\/wp-json\/wp\/v2\/media\/11122"}],"wp:attachment":[{"href":"https:\/\/www.africa-press.net\/cotedivoire\/wp-json\/wp\/v2\/media?parent=11123"}],"wp:term":[{"taxonomy":"category","embeddable":true,"href":"https:\/\/www.africa-press.net\/cotedivoire\/wp-json\/wp\/v2\/categories?post=11123"},{"taxonomy":"post_tag","embeddable":true,"href":"https:\/\/www.africa-press.net\/cotedivoire\/wp-json\/wp\/v2\/tags?post=11123"}],"curies":[{"name":"wp","href":"https:\/\/api.w.org\/{rel}","templated":true}]}}