{"id":111246,"date":"2025-12-30T16:56:19","date_gmt":"2025-12-30T16:56:19","guid":{"rendered":"https:\/\/www.africa-press.net\/cotedivoire\/politique\/bilan-positif-de-la-fif-pour-can-maroc-2025"},"modified":"2025-12-30T17:36:25","modified_gmt":"2025-12-30T17:36:25","slug":"bilan-positif-de-la-fif-pour-can-maroc-2025","status":"publish","type":"post","link":"https:\/\/www.africa-press.net\/cotedivoire\/sports\/bilan-positif-de-la-fif-pour-can-maroc-2025","title":{"rendered":"Bilan Positif de la FIF pour CAN-Maroc 2025"},"content":{"rendered":"<p><span style=\"color: #ff6600\"><strong>Africa-Press &#8211; C\u00f4te d&rsquo;Ivoire. <\/strong><\/span>Apre\u0300s les deux sorties des Ele\u0301phants a\u0300 la CAN-Maroc 2025, la Fe\u0301de\u0301ration Ivoirienne de Football (FIF), dresse un premier bilan positif suite a\u0300 la victoire (1-0) contre le Mozambique et le nul contre le Cameroun (1-1) a\u0300 Marrakech.<\/p>\n<p>Le lundi 29 de\u0301cembre 202, le Pre\u0301sident de la FIF M. Yacine Idriss Diallo, entoure\u0301 des vice-pre\u0301sidents, a proce\u0301de\u0301 a\u0300 une e\u0301valuation a\u0300 mi-chemin de la participation de la Co\u0302te d\u2019Ivoire a\u0300 la Coupe d\u2019Afrique des Nations Maroc 2025, a\u0300 l\u2019issue des deux premiers matchs des E\u0301le\u0301phants, rapporte une note de l\u2019instance.<\/p>\n<p>L\u2019objectif principal e\u0301tait de dresser un premier bilan a\u0300 mi-parcours, tant sur le plan sportif que sur les aspects organisationnels et institutionnels lie\u0301s a\u0300 la CAN.<\/p>\n<p>Les dirigeants ont salue\u0301 l\u2019engagement, la discipline tactique et l\u2019e\u0301tat d\u2019esprit combatif affiche\u0301s par les E\u0301le\u0301phants, tout en soulignant les axes d\u2019ame\u0301lioration ne\u0301cessaires pour la suite du tournoi.<\/p>\n<p>Le Pre\u0301sident de la FIF a rappele\u0301 l\u2019importance de maintenir la concentration, la rigueur et l\u2019unite\u0301 autour de l\u2019e\u0301quipe nationale, afin d\u2019atteindre les objectifs fixe\u0301s pour cette CAN 2025.<\/p>\n<p>Au terme des e\u0301changes, il a e\u0301te\u0301 conclu un bilan positif, tant sur le plan sportif qu\u2019organisationnel.<\/p>\n<p>Des ajustements ont toutefois e\u0301te\u0301 recommande\u0301s pour optimiser la suite de la compe\u0301tition, avec pour priorite\u0301 la performance de l\u2019e\u0301quipe nationale et la valorisation de l\u2019image du football ivoirien sur la sce\u0300ne continentale.<\/p>\n<p>La Co\u0302te d\u2019Ivoire livrera son dernier match de poule le mercredi 31 decembre 2025 contre le Gabon de\u0301ja\u0300 e\u0301limine\u0301. Cette rencontre comptera pour la premie\u0300re place du groupe F.<\/p>\n<p><strong>Pour plus d&rsquo;informations et d&rsquo;analyses sur la <span style=\"color: #ff6600\">C\u00f4te d&rsquo;Ivoire<\/span>, suivez <span style=\"color: #ff6600\">Africa-Press<\/span><\/strong><\/p>\n","protected":false},"excerpt":{"rendered":"<p>Africa-Press &#8211; C\u00f4te d&rsquo;Ivoire. Apre\u0300s les deux sorties des Ele\u0301phants a\u0300 la CAN-Maroc 2025, la Fe\u0301de\u0301ration Ivoirienne de Football (FIF), dresse un premier bilan positif suite a\u0300 la victoire (1-0) contre le Mozambique et le nul contre le Cameroun (1-1) a\u0300 Marrakech. Le lundi 29 de\u0301cembre 202, le Pre\u0301sident de la FIF M. Yacine Idriss [&hellip;]<\/p>\n","protected":false},"author":82,"featured_media":111245,"comment_status":"open","ping_status":"closed","sticky":false,"template":"","format":"standard","meta":{"footnotes":""},"categories":[6,10],"tags":[13587,29,526,859,1356,7636],"class_list":["post-111246","post","type-post","status-publish","format-standard","has-post-thumbnail","hentry","category-sports","category-toutes-les-actualites","tag-can-2025","tag-cote-divoire","tag-elephants","tag-fif","tag-idriss-diallo","tag-marrakech"],"yoast_head":"<!-- This site is optimized with the Yoast SEO Premium plugin v26.1 (Yoast SEO v27.0) - https:\/\/yoast.com\/product\/yoast-seo-premium-wordpress\/ -->\n<title>Bilan Positif de la FIF pour CAN-Maroc 2025 - C\u00f4te d&#039;Ivoire<\/title>\n<meta name=\"description\" content=\"Apre\u0300s les deux sorties des Ele\u0301phants a\u0300 la CAN-Maroc 2025, la Fe\u0301de\u0301ration Ivoirienne de Football (FIF), dresse un pre ...\" \/>\n<meta name=\"robots\" content=\"index, follow, max-snippet:-1, max-image-preview:large, max-video-preview:-1\" \/>\n<link rel=\"canonical\" href=\"https:\/\/www.africa-press.net\/cotedivoire\/sports\/bilan-positif-de-la-fif-pour-can-maroc-2025\" \/>\n<meta property=\"og:locale\" content=\"fr_FR\" \/>\n<meta property=\"og:type\" content=\"article\" \/>\n<meta property=\"og:title\" content=\"Bilan Positif de la FIF pour CAN-Maroc 2025\" \/>\n<meta property=\"og:description\" content=\"Apre\u0300s les deux sorties des Ele\u0301phants a\u0300 la CAN-Maroc 2025, la Fe\u0301de\u0301ration Ivoirienne de Football (FIF), dresse un pre ...\" \/>\n<meta property=\"og:url\" content=\"https:\/\/www.africa-press.net\/cotedivoire\/sports\/bilan-positif-de-la-fif-pour-can-maroc-2025\" \/>\n<meta property=\"og:site_name\" content=\"C\u00f4te d&#039;Ivoire\" \/>\n<meta property=\"article:published_time\" content=\"2025-12-30T16:56:19+00:00\" \/>\n<meta property=\"article:modified_time\" content=\"2025-12-30T17:36:25+00:00\" \/>\n<meta property=\"og:image\" content=\"https:\/\/static.africa-press.net\/cote\/sites\/43\/2025\/12\/sm_1767103532.526279.jpg\" \/>\n\t<meta property=\"og:image:width\" content=\"720\" \/>\n\t<meta property=\"og:image:height\" content=\"480\" \/>\n\t<meta property=\"og:image:type\" content=\"image\/jpeg\" \/>\n<meta name=\"author\" content=\"cfeditorfr\" \/>\n<meta name=\"twitter:card\" content=\"summary_large_image\" \/>\n<meta name=\"twitter:label1\" content=\"\u00c9crit par\" \/>\n\t<meta name=\"twitter:data1\" content=\"cfeditorfr\" \/>\n\t<meta name=\"twitter:label2\" content=\"Dur\u00e9e de lecture estim\u00e9e\" \/>\n\t<meta name=\"twitter:data2\" content=\"2 minutes\" \/>\n<script type=\"application\/ld+json\" class=\"yoast-schema-graph\">{\"@context\":\"https:\/\/schema.org\",\"@graph\":[{\"@type\":\"Article\",\"@id\":\"https:\/\/www.africa-press.net\/cotedivoire\/sports\/bilan-positif-de-la-fif-pour-can-maroc-2025#article\",\"isPartOf\":{\"@id\":\"https:\/\/www.africa-press.net\/cotedivoire\/sports\/bilan-positif-de-la-fif-pour-can-maroc-2025\"},\"author\":{\"name\":\"cfeditorfr\",\"@id\":\"https:\/\/www.africa-press.net\/cotedivoire\/#\/schema\/person\/2b1cf3cd81a31e3cd26889ca66d677f1\"},\"headline\":\"Bilan Positif de la FIF pour CAN-Maroc 2025\",\"datePublished\":\"2025-12-30T16:56:19+00:00\",\"dateModified\":\"2025-12-30T17:36:25+00:00\",\"mainEntityOfPage\":{\"@id\":\"https:\/\/www.africa-press.net\/cotedivoire\/sports\/bilan-positif-de-la-fif-pour-can-maroc-2025\"},\"wordCount\":324,\"commentCount\":0,\"image\":{\"@id\":\"https:\/\/www.africa-press.net\/cotedivoire\/sports\/bilan-positif-de-la-fif-pour-can-maroc-2025#primaryimage\"},\"thumbnailUrl\":\"https:\/\/static.africa-press.net\/cote\/sites\/43\/2025\/12\/sm_1767103532.526279.jpg\",\"keywords\":[\"CAN 2025\",\"C\u00d4TE D'IVOIRE\",\"\u00e9l\u00e9phants\",\"FIF\",\"Idriss Diallo\",\"Marrakech\"],\"articleSection\":[\"Sports\",\"Toutes les actualit\u00e9s\"],\"inLanguage\":\"fr-FR\",\"potentialAction\":[{\"@type\":\"CommentAction\",\"name\":\"Comment\",\"target\":[\"https:\/\/www.africa-press.net\/cotedivoire\/sports\/bilan-positif-de-la-fif-pour-can-maroc-2025#respond\"]}]},{\"@type\":\"WebPage\",\"@id\":\"https:\/\/www.africa-press.net\/cotedivoire\/sports\/bilan-positif-de-la-fif-pour-can-maroc-2025\",\"url\":\"https:\/\/www.africa-press.net\/cotedivoire\/sports\/bilan-positif-de-la-fif-pour-can-maroc-2025\",\"name\":\"Bilan Positif de la FIF pour CAN-Maroc 2025 - C\u00f4te d&#039;Ivoire\",\"isPartOf\":{\"@id\":\"https:\/\/www.africa-press.net\/cotedivoire\/#website\"},\"primaryImageOfPage\":{\"@id\":\"https:\/\/www.africa-press.net\/cotedivoire\/sports\/bilan-positif-de-la-fif-pour-can-maroc-2025#primaryimage\"},\"image\":{\"@id\":\"https:\/\/www.africa-press.net\/cotedivoire\/sports\/bilan-positif-de-la-fif-pour-can-maroc-2025#primaryimage\"},\"thumbnailUrl\":\"https:\/\/static.africa-press.net\/cote\/sites\/43\/2025\/12\/sm_1767103532.526279.jpg\",\"datePublished\":\"2025-12-30T16:56:19+00:00\",\"dateModified\":\"2025-12-30T17:36:25+00:00\",\"author\":{\"@id\":\"https:\/\/www.africa-press.net\/cotedivoire\/#\/schema\/person\/2b1cf3cd81a31e3cd26889ca66d677f1\"},\"description\":\"Apre\u0300s les deux sorties des Ele\u0301phants a\u0300 la CAN-Maroc 2025, la Fe\u0301de\u0301ration Ivoirienne de Football (FIF), dresse un pre ...\",\"breadcrumb\":{\"@id\":\"https:\/\/www.africa-press.net\/cotedivoire\/sports\/bilan-positif-de-la-fif-pour-can-maroc-2025#breadcrumb\"},\"inLanguage\":\"fr-FR\",\"potentialAction\":[{\"@type\":\"ReadAction\",\"target\":[\"https:\/\/www.africa-press.net\/cotedivoire\/sports\/bilan-positif-de-la-fif-pour-can-maroc-2025\"]}]},{\"@type\":\"ImageObject\",\"inLanguage\":\"fr-FR\",\"@id\":\"https:\/\/www.africa-press.net\/cotedivoire\/sports\/bilan-positif-de-la-fif-pour-can-maroc-2025#primaryimage\",\"url\":\"https:\/\/static.africa-press.net\/cote\/sites\/43\/2025\/12\/sm_1767103532.526279.jpg\",\"contentUrl\":\"https:\/\/static.africa-press.net\/cote\/sites\/43\/2025\/12\/sm_1767103532.526279.jpg\",\"width\":720,\"height\":480,\"caption\":\"Bilan Positif de la FIF pour CAN-Maroc 2025\"},{\"@type\":\"BreadcrumbList\",\"@id\":\"https:\/\/www.africa-press.net\/cotedivoire\/sports\/bilan-positif-de-la-fif-pour-can-maroc-2025#breadcrumb\",\"itemListElement\":[{\"@type\":\"ListItem\",\"position\":1,\"name\":\"Accueil\",\"item\":\"https:\/\/www.africa-press.net\/cotedivoire\/\"},{\"@type\":\"ListItem\",\"position\":2,\"name\":\"Bilan Positif de la FIF pour CAN-Maroc 2025\"}]},{\"@type\":\"WebSite\",\"@id\":\"https:\/\/www.africa-press.net\/cotedivoire\/#website\",\"url\":\"https:\/\/www.africa-press.net\/cotedivoire\/\",\"name\":\"C\u00f4te d&#039;Ivoire\",\"description\":\"Just another Africa News Agency Sites site\",\"potentialAction\":[{\"@type\":\"SearchAction\",\"target\":{\"@type\":\"EntryPoint\",\"urlTemplate\":\"https:\/\/www.africa-press.net\/cotedivoire\/?s={search_term_string}\"},\"query-input\":{\"@type\":\"PropertyValueSpecification\",\"valueRequired\":true,\"valueName\":\"search_term_string\"}}],\"inLanguage\":\"fr-FR\"},{\"@type\":\"Person\",\"@id\":\"https:\/\/www.africa-press.net\/cotedivoire\/#\/schema\/person\/2b1cf3cd81a31e3cd26889ca66d677f1\",\"name\":\"cfeditorfr\"}]}<\/script>\n<!-- \/ Yoast SEO Premium plugin. -->","yoast_head_json":{"title":"Bilan Positif de la FIF pour CAN-Maroc 2025 - C\u00f4te d&#039;Ivoire","description":"Apre\u0300s les deux sorties des Ele\u0301phants a\u0300 la CAN-Maroc 2025, la Fe\u0301de\u0301ration Ivoirienne de Football (FIF), dresse un pre ...","robots":{"index":"index","follow":"follow","max-snippet":"max-snippet:-1","max-image-preview":"max-image-preview:large","max-video-preview":"max-video-preview:-1"},"canonical":"https:\/\/www.africa-press.net\/cotedivoire\/sports\/bilan-positif-de-la-fif-pour-can-maroc-2025","og_locale":"fr_FR","og_type":"article","og_title":"Bilan Positif de la FIF pour CAN-Maroc 2025","og_description":"Apre\u0300s les deux sorties des Ele\u0301phants a\u0300 la CAN-Maroc 2025, la Fe\u0301de\u0301ration Ivoirienne de Football (FIF), dresse un pre ...","og_url":"https:\/\/www.africa-press.net\/cotedivoire\/sports\/bilan-positif-de-la-fif-pour-can-maroc-2025","og_site_name":"C\u00f4te d&#039;Ivoire","article_published_time":"2025-12-30T16:56:19+00:00","article_modified_time":"2025-12-30T17:36:25+00:00","og_image":[{"width":720,"height":480,"url":"https:\/\/static.africa-press.net\/cote\/sites\/43\/2025\/12\/sm_1767103532.526279.jpg","type":"image\/jpeg"}],"author":"cfeditorfr","twitter_card":"summary_large_image","twitter_misc":{"\u00c9crit par":"cfeditorfr","Dur\u00e9e de lecture estim\u00e9e":"2 minutes"},"schema":{"@context":"https:\/\/schema.org","@graph":[{"@type":"Article","@id":"https:\/\/www.africa-press.net\/cotedivoire\/sports\/bilan-positif-de-la-fif-pour-can-maroc-2025#article","isPartOf":{"@id":"https:\/\/www.africa-press.net\/cotedivoire\/sports\/bilan-positif-de-la-fif-pour-can-maroc-2025"},"author":{"name":"cfeditorfr","@id":"https:\/\/www.africa-press.net\/cotedivoire\/#\/schema\/person\/2b1cf3cd81a31e3cd26889ca66d677f1"},"headline":"Bilan Positif de la FIF pour CAN-Maroc 2025","datePublished":"2025-12-30T16:56:19+00:00","dateModified":"2025-12-30T17:36:25+00:00","mainEntityOfPage":{"@id":"https:\/\/www.africa-press.net\/cotedivoire\/sports\/bilan-positif-de-la-fif-pour-can-maroc-2025"},"wordCount":324,"commentCount":0,"image":{"@id":"https:\/\/www.africa-press.net\/cotedivoire\/sports\/bilan-positif-de-la-fif-pour-can-maroc-2025#primaryimage"},"thumbnailUrl":"https:\/\/static.africa-press.net\/cote\/sites\/43\/2025\/12\/sm_1767103532.526279.jpg","keywords":["CAN 2025","C\u00d4TE D'IVOIRE","\u00e9l\u00e9phants","FIF","Idriss Diallo","Marrakech"],"articleSection":["Sports","Toutes les actualit\u00e9s"],"inLanguage":"fr-FR","potentialAction":[{"@type":"CommentAction","name":"Comment","target":["https:\/\/www.africa-press.net\/cotedivoire\/sports\/bilan-positif-de-la-fif-pour-can-maroc-2025#respond"]}]},{"@type":"WebPage","@id":"https:\/\/www.africa-press.net\/cotedivoire\/sports\/bilan-positif-de-la-fif-pour-can-maroc-2025","url":"https:\/\/www.africa-press.net\/cotedivoire\/sports\/bilan-positif-de-la-fif-pour-can-maroc-2025","name":"Bilan Positif de la FIF pour CAN-Maroc 2025 - C\u00f4te d&#039;Ivoire","isPartOf":{"@id":"https:\/\/www.africa-press.net\/cotedivoire\/#website"},"primaryImageOfPage":{"@id":"https:\/\/www.africa-press.net\/cotedivoire\/sports\/bilan-positif-de-la-fif-pour-can-maroc-2025#primaryimage"},"image":{"@id":"https:\/\/www.africa-press.net\/cotedivoire\/sports\/bilan-positif-de-la-fif-pour-can-maroc-2025#primaryimage"},"thumbnailUrl":"https:\/\/static.africa-press.net\/cote\/sites\/43\/2025\/12\/sm_1767103532.526279.jpg","datePublished":"2025-12-30T16:56:19+00:00","dateModified":"2025-12-30T17:36:25+00:00","author":{"@id":"https:\/\/www.africa-press.net\/cotedivoire\/#\/schema\/person\/2b1cf3cd81a31e3cd26889ca66d677f1"},"description":"Apre\u0300s les deux sorties des Ele\u0301phants a\u0300 la CAN-Maroc 2025, la Fe\u0301de\u0301ration Ivoirienne de Football (FIF), dresse un pre ...","breadcrumb":{"@id":"https:\/\/www.africa-press.net\/cotedivoire\/sports\/bilan-positif-de-la-fif-pour-can-maroc-2025#breadcrumb"},"inLanguage":"fr-FR","potentialAction":[{"@type":"ReadAction","target":["https:\/\/www.africa-press.net\/cotedivoire\/sports\/bilan-positif-de-la-fif-pour-can-maroc-2025"]}]},{"@type":"ImageObject","inLanguage":"fr-FR","@id":"https:\/\/www.africa-press.net\/cotedivoire\/sports\/bilan-positif-de-la-fif-pour-can-maroc-2025#primaryimage","url":"https:\/\/static.africa-press.net\/cote\/sites\/43\/2025\/12\/sm_1767103532.526279.jpg","contentUrl":"https:\/\/static.africa-press.net\/cote\/sites\/43\/2025\/12\/sm_1767103532.526279.jpg","width":720,"height":480,"caption":"Bilan Positif de la FIF pour CAN-Maroc 2025"},{"@type":"BreadcrumbList","@id":"https:\/\/www.africa-press.net\/cotedivoire\/sports\/bilan-positif-de-la-fif-pour-can-maroc-2025#breadcrumb","itemListElement":[{"@type":"ListItem","position":1,"name":"Accueil","item":"https:\/\/www.africa-press.net\/cotedivoire\/"},{"@type":"ListItem","position":2,"name":"Bilan Positif de la FIF pour CAN-Maroc 2025"}]},{"@type":"WebSite","@id":"https:\/\/www.africa-press.net\/cotedivoire\/#website","url":"https:\/\/www.africa-press.net\/cotedivoire\/","name":"C\u00f4te d&#039;Ivoire","description":"Just another Africa News Agency Sites site","potentialAction":[{"@type":"SearchAction","target":{"@type":"EntryPoint","urlTemplate":"https:\/\/www.africa-press.net\/cotedivoire\/?s={search_term_string}"},"query-input":{"@type":"PropertyValueSpecification","valueRequired":true,"valueName":"search_term_string"}}],"inLanguage":"fr-FR"},{"@type":"Person","@id":"https:\/\/www.africa-press.net\/cotedivoire\/#\/schema\/person\/2b1cf3cd81a31e3cd26889ca66d677f1","name":"cfeditorfr"}]}},"_links":{"self":[{"href":"https:\/\/www.africa-press.net\/cotedivoire\/wp-json\/wp\/v2\/posts\/111246","targetHints":{"allow":["GET"]}}],"collection":[{"href":"https:\/\/www.africa-press.net\/cotedivoire\/wp-json\/wp\/v2\/posts"}],"about":[{"href":"https:\/\/www.africa-press.net\/cotedivoire\/wp-json\/wp\/v2\/types\/post"}],"author":[{"embeddable":true,"href":"https:\/\/www.africa-press.net\/cotedivoire\/wp-json\/wp\/v2\/users\/82"}],"replies":[{"embeddable":true,"href":"https:\/\/www.africa-press.net\/cotedivoire\/wp-json\/wp\/v2\/comments?post=111246"}],"version-history":[{"count":0,"href":"https:\/\/www.africa-press.net\/cotedivoire\/wp-json\/wp\/v2\/posts\/111246\/revisions"}],"wp:featuredmedia":[{"embeddable":true,"href":"https:\/\/www.africa-press.net\/cotedivoire\/wp-json\/wp\/v2\/media\/111245"}],"wp:attachment":[{"href":"https:\/\/www.africa-press.net\/cotedivoire\/wp-json\/wp\/v2\/media?parent=111246"}],"wp:term":[{"taxonomy":"category","embeddable":true,"href":"https:\/\/www.africa-press.net\/cotedivoire\/wp-json\/wp\/v2\/categories?post=111246"},{"taxonomy":"post_tag","embeddable":true,"href":"https:\/\/www.africa-press.net\/cotedivoire\/wp-json\/wp\/v2\/tags?post=111246"}],"curies":[{"name":"wp","href":"https:\/\/api.w.org\/{rel}","templated":true}]}}