{"id":11126,"date":"2021-08-10T14:17:43","date_gmt":"2021-08-10T14:17:43","guid":{"rendered":"https:\/\/www.africa-press.net\/cotedivoire\/?p=11126"},"modified":"2021-08-11T21:09:56","modified_gmt":"2021-08-11T21:09:56","slug":"delestages-pourquoi-la-cote-divoire-a-manque-de-jus","status":"publish","type":"post","link":"https:\/\/www.africa-press.net\/cotedivoire\/economie\/delestages-pourquoi-la-cote-divoire-a-manque-de-jus","title":{"rendered":"D\u00e9lestages : pourquoi la C\u00f4te d\u2019Ivoire a\u00a0manqu\u00e9\u00a0de\u00a0jus"},"content":{"rendered":"<p><span style=\"color: #ff6600\"><strong><a href=\"https:\/\/www.africa-press.net\/\">Africa-Press<\/a> &#8211; <a href=\"https:\/\/www.africa-press.net\/cotedivoire\">C\u00f4te d&rsquo;Ivoire<\/a>. <\/strong><\/span>\u00c0 partir du mois d\u2019avril, le pays a \u00e9t\u00e9 soumis \u00e0 des coupures d\u2019\u00e9lectricit\u00e9. \u00ab Jeune Afrique \u00bb analyse les causes et les enjeux de cette situation qui a dur\u00e9 jusqu\u2019au d\u00e9but du mois d\u2019ao\u00fbt.<\/p>\n<p><b>dans ce dossier<\/b><\/p>\n<p><b>C\u00f4te d&rsquo;Ivoire : le monde d&rsquo;apr\u00e8s<\/b><\/p>\n<p>Produisant environ 35 % de la production d\u2019\u00e9lectricit\u00e9, les barrages sont \u00e0 sec en raison d\u2019une p\u00e9riode de s\u00e9cheresse prolong\u00e9e. La Compagnie ivoirienne d\u2019\u00e9lectricit\u00e9 (CIE), qui d\u00e9tient le contrat de distribution, est accus\u00e9e d\u2019avoir mal g\u00e9r\u00e9 le niveau des eaux des retenues dont elle a aussi la charge.<\/p>\n<p><b>Azito point\u00e9e du doigt<\/b><\/p>\n<p>Avec ses 460 MW, la centrale thermique d\u2019Azito, propri\u00e9t\u00e9 du britannique Globeleq, repr\u00e9sente environ 20 % des capacit\u00e9s de production install\u00e9es dans le pays. Elle a connu depuis novembre une s\u00e9rie de pannes. Actuellement, une de ses turbines est en r\u00e9paration, tandis que la construction d\u2019une nouvelle unit\u00e9 de production a pris du retard en raison de la crise du Covid-19.<\/p>\n<p><b>\u00a0<\/b><\/p>\n","protected":false},"excerpt":{"rendered":"<p>Africa-Press &#8211; C\u00f4te d&rsquo;Ivoire. \u00c0 partir du mois d\u2019avril, le pays a \u00e9t\u00e9 soumis \u00e0 des coupures d\u2019\u00e9lectricit\u00e9. \u00ab Jeune Afrique \u00bb analyse les causes et les enjeux de cette situation qui a dur\u00e9 jusqu\u2019au d\u00e9but du mois d\u2019ao\u00fbt. dans ce dossier C\u00f4te d&rsquo;Ivoire : le monde d&rsquo;apr\u00e8s Produisant environ 35 % de la production [&hellip;]<\/p>\n","protected":false},"author":82,"featured_media":11125,"comment_status":"open","ping_status":"closed","sticky":false,"template":"","format":"standard","meta":{"footnotes":""},"categories":[3,11,20,10],"tags":[56,63,29],"class_list":["post-11126","post","type-post","status-publish","format-standard","has-post-thumbnail","hentry","category-economie","category-homepage-french","category-top-nouvelles","category-toutes-les-actualites","tag-africa-press","tag-africa-press-cote-divoire","tag-cote-divoire"],"yoast_head":"<!-- This site is optimized with the Yoast SEO Premium plugin v26.1 (Yoast SEO v27.0) - https:\/\/yoast.com\/product\/yoast-seo-premium-wordpress\/ -->\n<title>D\u00e9lestages : pourquoi la C\u00f4te d\u2019Ivoire a\u00a0manqu\u00e9\u00a0de\u00a0jus - C\u00f4te d&#039;Ivoire<\/title>\n<meta name=\"description\" content=\"\u00c0 partir du mois d\u2019avril, le pays a \u00e9t\u00e9 soumis \u00e0 des coupures d\u2019\u00e9lectricit\u00e9. \u00ab Jeune Afrique \u00bb analyse les causes et les ...\" \/>\n<meta name=\"robots\" content=\"index, follow, max-snippet:-1, max-image-preview:large, max-video-preview:-1\" \/>\n<link rel=\"canonical\" href=\"https:\/\/www.africa-press.net\/cotedivoire\/economie\/delestages-pourquoi-la-cote-divoire-a-manque-de-jus\" \/>\n<meta property=\"og:locale\" content=\"fr_FR\" \/>\n<meta property=\"og:type\" content=\"article\" \/>\n<meta property=\"og:title\" content=\"D\u00e9lestages : pourquoi la C\u00f4te d\u2019Ivoire a\u00a0manqu\u00e9\u00a0de\u00a0jus\" \/>\n<meta property=\"og:description\" content=\"\u00c0 partir du mois d\u2019avril, le pays a \u00e9t\u00e9 soumis \u00e0 des coupures d\u2019\u00e9lectricit\u00e9. \u00ab Jeune Afrique \u00bb analyse les causes et les ...\" \/>\n<meta property=\"og:url\" content=\"https:\/\/www.africa-press.net\/cotedivoire\/economie\/delestages-pourquoi-la-cote-divoire-a-manque-de-jus\" \/>\n<meta property=\"og:site_name\" content=\"C\u00f4te d&#039;Ivoire\" \/>\n<meta property=\"article:published_time\" content=\"2021-08-10T14:17:43+00:00\" \/>\n<meta property=\"article:modified_time\" content=\"2021-08-11T21:09:56+00:00\" \/>\n<meta property=\"og:image\" content=\"https:\/\/static.africa-press.net\/cote\/sites\/43\/2021\/08\/img-611286b97198b.jpg\" \/>\n\t<meta property=\"og:image:width\" content=\"720\" \/>\n\t<meta property=\"og:image:height\" content=\"360\" \/>\n\t<meta property=\"og:image:type\" content=\"image\/jpeg\" \/>\n<meta name=\"author\" content=\"cfeditorfr\" \/>\n<meta name=\"twitter:card\" content=\"summary_large_image\" \/>\n<meta name=\"twitter:label1\" content=\"\u00c9crit par\" \/>\n\t<meta name=\"twitter:data1\" content=\"cfeditorfr\" \/>\n\t<meta name=\"twitter:label2\" content=\"Dur\u00e9e de lecture estim\u00e9e\" \/>\n\t<meta name=\"twitter:data2\" content=\"1 minute\" \/>\n<script type=\"application\/ld+json\" class=\"yoast-schema-graph\">{\"@context\":\"https:\/\/schema.org\",\"@graph\":[{\"@type\":\"Article\",\"@id\":\"https:\/\/www.africa-press.net\/cotedivoire\/economie\/delestages-pourquoi-la-cote-divoire-a-manque-de-jus#article\",\"isPartOf\":{\"@id\":\"https:\/\/www.africa-press.net\/cotedivoire\/economie\/delestages-pourquoi-la-cote-divoire-a-manque-de-jus\"},\"author\":{\"name\":\"cfeditorfr\",\"@id\":\"https:\/\/www.africa-press.net\/cotedivoire\/#\/schema\/person\/2b1cf3cd81a31e3cd26889ca66d677f1\"},\"headline\":\"D\u00e9lestages : pourquoi la C\u00f4te d\u2019Ivoire a\u00a0manqu\u00e9\u00a0de\u00a0jus\",\"datePublished\":\"2021-08-10T14:17:43+00:00\",\"dateModified\":\"2021-08-11T21:09:56+00:00\",\"mainEntityOfPage\":{\"@id\":\"https:\/\/www.africa-press.net\/cotedivoire\/economie\/delestages-pourquoi-la-cote-divoire-a-manque-de-jus\"},\"wordCount\":193,\"commentCount\":0,\"image\":{\"@id\":\"https:\/\/www.africa-press.net\/cotedivoire\/economie\/delestages-pourquoi-la-cote-divoire-a-manque-de-jus#primaryimage\"},\"thumbnailUrl\":\"https:\/\/static.africa-press.net\/cote\/sites\/43\/2021\/08\/img-611286b97198b.jpg\",\"keywords\":[\"Africa Press\",\"Africa Press-C\u00f4te d'Ivoire\",\"C\u00d4TE D'IVOIRE\"],\"articleSection\":[\"\u00c9conomie\",\"homepage-french\",\"Top Nouvelles\",\"Toutes les actualit\u00e9s\"],\"inLanguage\":\"fr-FR\",\"potentialAction\":[{\"@type\":\"CommentAction\",\"name\":\"Comment\",\"target\":[\"https:\/\/www.africa-press.net\/cotedivoire\/economie\/delestages-pourquoi-la-cote-divoire-a-manque-de-jus#respond\"]}]},{\"@type\":\"WebPage\",\"@id\":\"https:\/\/www.africa-press.net\/cotedivoire\/economie\/delestages-pourquoi-la-cote-divoire-a-manque-de-jus\",\"url\":\"https:\/\/www.africa-press.net\/cotedivoire\/economie\/delestages-pourquoi-la-cote-divoire-a-manque-de-jus\",\"name\":\"D\u00e9lestages : pourquoi la C\u00f4te d\u2019Ivoire a\u00a0manqu\u00e9\u00a0de\u00a0jus - C\u00f4te d&#039;Ivoire\",\"isPartOf\":{\"@id\":\"https:\/\/www.africa-press.net\/cotedivoire\/#website\"},\"primaryImageOfPage\":{\"@id\":\"https:\/\/www.africa-press.net\/cotedivoire\/economie\/delestages-pourquoi-la-cote-divoire-a-manque-de-jus#primaryimage\"},\"image\":{\"@id\":\"https:\/\/www.africa-press.net\/cotedivoire\/economie\/delestages-pourquoi-la-cote-divoire-a-manque-de-jus#primaryimage\"},\"thumbnailUrl\":\"https:\/\/static.africa-press.net\/cote\/sites\/43\/2021\/08\/img-611286b97198b.jpg\",\"datePublished\":\"2021-08-10T14:17:43+00:00\",\"dateModified\":\"2021-08-11T21:09:56+00:00\",\"author\":{\"@id\":\"https:\/\/www.africa-press.net\/cotedivoire\/#\/schema\/person\/2b1cf3cd81a31e3cd26889ca66d677f1\"},\"description\":\"\u00c0 partir du mois d\u2019avril, le pays a \u00e9t\u00e9 soumis \u00e0 des coupures d\u2019\u00e9lectricit\u00e9. \u00ab Jeune Afrique \u00bb analyse les causes et les ...\",\"breadcrumb\":{\"@id\":\"https:\/\/www.africa-press.net\/cotedivoire\/economie\/delestages-pourquoi-la-cote-divoire-a-manque-de-jus#breadcrumb\"},\"inLanguage\":\"fr-FR\",\"potentialAction\":[{\"@type\":\"ReadAction\",\"target\":[\"https:\/\/www.africa-press.net\/cotedivoire\/economie\/delestages-pourquoi-la-cote-divoire-a-manque-de-jus\"]}]},{\"@type\":\"ImageObject\",\"inLanguage\":\"fr-FR\",\"@id\":\"https:\/\/www.africa-press.net\/cotedivoire\/economie\/delestages-pourquoi-la-cote-divoire-a-manque-de-jus#primaryimage\",\"url\":\"https:\/\/static.africa-press.net\/cote\/sites\/43\/2021\/08\/img-611286b97198b.jpg\",\"contentUrl\":\"https:\/\/static.africa-press.net\/cote\/sites\/43\/2021\/08\/img-611286b97198b.jpg\",\"width\":720,\"height\":360,\"caption\":\"D\u00e9lestages : pourquoi la C\u00f4te d\u2019Ivoire a\u00a0manqu\u00e9\u00a0de\u00a0jus\"},{\"@type\":\"BreadcrumbList\",\"@id\":\"https:\/\/www.africa-press.net\/cotedivoire\/economie\/delestages-pourquoi-la-cote-divoire-a-manque-de-jus#breadcrumb\",\"itemListElement\":[{\"@type\":\"ListItem\",\"position\":1,\"name\":\"Accueil\",\"item\":\"https:\/\/www.africa-press.net\/cotedivoire\/\"},{\"@type\":\"ListItem\",\"position\":2,\"name\":\"D\u00e9lestages : pourquoi la C\u00f4te d\u2019Ivoire a\u00a0manqu\u00e9\u00a0de\u00a0jus\"}]},{\"@type\":\"WebSite\",\"@id\":\"https:\/\/www.africa-press.net\/cotedivoire\/#website\",\"url\":\"https:\/\/www.africa-press.net\/cotedivoire\/\",\"name\":\"C\u00f4te d&#039;Ivoire\",\"description\":\"Just another Africa News Agency Sites site\",\"potentialAction\":[{\"@type\":\"SearchAction\",\"target\":{\"@type\":\"EntryPoint\",\"urlTemplate\":\"https:\/\/www.africa-press.net\/cotedivoire\/?s={search_term_string}\"},\"query-input\":{\"@type\":\"PropertyValueSpecification\",\"valueRequired\":true,\"valueName\":\"search_term_string\"}}],\"inLanguage\":\"fr-FR\"},{\"@type\":\"Person\",\"@id\":\"https:\/\/www.africa-press.net\/cotedivoire\/#\/schema\/person\/2b1cf3cd81a31e3cd26889ca66d677f1\",\"name\":\"cfeditorfr\"}]}<\/script>\n<!-- \/ Yoast SEO Premium plugin. -->","yoast_head_json":{"title":"D\u00e9lestages : pourquoi la C\u00f4te d\u2019Ivoire a\u00a0manqu\u00e9\u00a0de\u00a0jus - C\u00f4te d&#039;Ivoire","description":"\u00c0 partir du mois d\u2019avril, le pays a \u00e9t\u00e9 soumis \u00e0 des coupures d\u2019\u00e9lectricit\u00e9. \u00ab Jeune Afrique \u00bb analyse les causes et les ...","robots":{"index":"index","follow":"follow","max-snippet":"max-snippet:-1","max-image-preview":"max-image-preview:large","max-video-preview":"max-video-preview:-1"},"canonical":"https:\/\/www.africa-press.net\/cotedivoire\/economie\/delestages-pourquoi-la-cote-divoire-a-manque-de-jus","og_locale":"fr_FR","og_type":"article","og_title":"D\u00e9lestages : pourquoi la C\u00f4te d\u2019Ivoire a\u00a0manqu\u00e9\u00a0de\u00a0jus","og_description":"\u00c0 partir du mois d\u2019avril, le pays a \u00e9t\u00e9 soumis \u00e0 des coupures d\u2019\u00e9lectricit\u00e9. \u00ab Jeune Afrique \u00bb analyse les causes et les ...","og_url":"https:\/\/www.africa-press.net\/cotedivoire\/economie\/delestages-pourquoi-la-cote-divoire-a-manque-de-jus","og_site_name":"C\u00f4te d&#039;Ivoire","article_published_time":"2021-08-10T14:17:43+00:00","article_modified_time":"2021-08-11T21:09:56+00:00","og_image":[{"width":720,"height":360,"url":"https:\/\/static.africa-press.net\/cote\/sites\/43\/2021\/08\/img-611286b97198b.jpg","type":"image\/jpeg"}],"author":"cfeditorfr","twitter_card":"summary_large_image","twitter_misc":{"\u00c9crit par":"cfeditorfr","Dur\u00e9e de lecture estim\u00e9e":"1 minute"},"schema":{"@context":"https:\/\/schema.org","@graph":[{"@type":"Article","@id":"https:\/\/www.africa-press.net\/cotedivoire\/economie\/delestages-pourquoi-la-cote-divoire-a-manque-de-jus#article","isPartOf":{"@id":"https:\/\/www.africa-press.net\/cotedivoire\/economie\/delestages-pourquoi-la-cote-divoire-a-manque-de-jus"},"author":{"name":"cfeditorfr","@id":"https:\/\/www.africa-press.net\/cotedivoire\/#\/schema\/person\/2b1cf3cd81a31e3cd26889ca66d677f1"},"headline":"D\u00e9lestages : pourquoi la C\u00f4te d\u2019Ivoire a\u00a0manqu\u00e9\u00a0de\u00a0jus","datePublished":"2021-08-10T14:17:43+00:00","dateModified":"2021-08-11T21:09:56+00:00","mainEntityOfPage":{"@id":"https:\/\/www.africa-press.net\/cotedivoire\/economie\/delestages-pourquoi-la-cote-divoire-a-manque-de-jus"},"wordCount":193,"commentCount":0,"image":{"@id":"https:\/\/www.africa-press.net\/cotedivoire\/economie\/delestages-pourquoi-la-cote-divoire-a-manque-de-jus#primaryimage"},"thumbnailUrl":"https:\/\/static.africa-press.net\/cote\/sites\/43\/2021\/08\/img-611286b97198b.jpg","keywords":["Africa Press","Africa Press-C\u00f4te d'Ivoire","C\u00d4TE D'IVOIRE"],"articleSection":["\u00c9conomie","homepage-french","Top Nouvelles","Toutes les actualit\u00e9s"],"inLanguage":"fr-FR","potentialAction":[{"@type":"CommentAction","name":"Comment","target":["https:\/\/www.africa-press.net\/cotedivoire\/economie\/delestages-pourquoi-la-cote-divoire-a-manque-de-jus#respond"]}]},{"@type":"WebPage","@id":"https:\/\/www.africa-press.net\/cotedivoire\/economie\/delestages-pourquoi-la-cote-divoire-a-manque-de-jus","url":"https:\/\/www.africa-press.net\/cotedivoire\/economie\/delestages-pourquoi-la-cote-divoire-a-manque-de-jus","name":"D\u00e9lestages : pourquoi la C\u00f4te d\u2019Ivoire a\u00a0manqu\u00e9\u00a0de\u00a0jus - C\u00f4te d&#039;Ivoire","isPartOf":{"@id":"https:\/\/www.africa-press.net\/cotedivoire\/#website"},"primaryImageOfPage":{"@id":"https:\/\/www.africa-press.net\/cotedivoire\/economie\/delestages-pourquoi-la-cote-divoire-a-manque-de-jus#primaryimage"},"image":{"@id":"https:\/\/www.africa-press.net\/cotedivoire\/economie\/delestages-pourquoi-la-cote-divoire-a-manque-de-jus#primaryimage"},"thumbnailUrl":"https:\/\/static.africa-press.net\/cote\/sites\/43\/2021\/08\/img-611286b97198b.jpg","datePublished":"2021-08-10T14:17:43+00:00","dateModified":"2021-08-11T21:09:56+00:00","author":{"@id":"https:\/\/www.africa-press.net\/cotedivoire\/#\/schema\/person\/2b1cf3cd81a31e3cd26889ca66d677f1"},"description":"\u00c0 partir du mois d\u2019avril, le pays a \u00e9t\u00e9 soumis \u00e0 des coupures d\u2019\u00e9lectricit\u00e9. \u00ab Jeune Afrique \u00bb analyse les causes et les ...","breadcrumb":{"@id":"https:\/\/www.africa-press.net\/cotedivoire\/economie\/delestages-pourquoi-la-cote-divoire-a-manque-de-jus#breadcrumb"},"inLanguage":"fr-FR","potentialAction":[{"@type":"ReadAction","target":["https:\/\/www.africa-press.net\/cotedivoire\/economie\/delestages-pourquoi-la-cote-divoire-a-manque-de-jus"]}]},{"@type":"ImageObject","inLanguage":"fr-FR","@id":"https:\/\/www.africa-press.net\/cotedivoire\/economie\/delestages-pourquoi-la-cote-divoire-a-manque-de-jus#primaryimage","url":"https:\/\/static.africa-press.net\/cote\/sites\/43\/2021\/08\/img-611286b97198b.jpg","contentUrl":"https:\/\/static.africa-press.net\/cote\/sites\/43\/2021\/08\/img-611286b97198b.jpg","width":720,"height":360,"caption":"D\u00e9lestages : pourquoi la C\u00f4te d\u2019Ivoire a\u00a0manqu\u00e9\u00a0de\u00a0jus"},{"@type":"BreadcrumbList","@id":"https:\/\/www.africa-press.net\/cotedivoire\/economie\/delestages-pourquoi-la-cote-divoire-a-manque-de-jus#breadcrumb","itemListElement":[{"@type":"ListItem","position":1,"name":"Accueil","item":"https:\/\/www.africa-press.net\/cotedivoire\/"},{"@type":"ListItem","position":2,"name":"D\u00e9lestages : pourquoi la C\u00f4te d\u2019Ivoire a\u00a0manqu\u00e9\u00a0de\u00a0jus"}]},{"@type":"WebSite","@id":"https:\/\/www.africa-press.net\/cotedivoire\/#website","url":"https:\/\/www.africa-press.net\/cotedivoire\/","name":"C\u00f4te d&#039;Ivoire","description":"Just another Africa News Agency Sites site","potentialAction":[{"@type":"SearchAction","target":{"@type":"EntryPoint","urlTemplate":"https:\/\/www.africa-press.net\/cotedivoire\/?s={search_term_string}"},"query-input":{"@type":"PropertyValueSpecification","valueRequired":true,"valueName":"search_term_string"}}],"inLanguage":"fr-FR"},{"@type":"Person","@id":"https:\/\/www.africa-press.net\/cotedivoire\/#\/schema\/person\/2b1cf3cd81a31e3cd26889ca66d677f1","name":"cfeditorfr"}]}},"_links":{"self":[{"href":"https:\/\/www.africa-press.net\/cotedivoire\/wp-json\/wp\/v2\/posts\/11126","targetHints":{"allow":["GET"]}}],"collection":[{"href":"https:\/\/www.africa-press.net\/cotedivoire\/wp-json\/wp\/v2\/posts"}],"about":[{"href":"https:\/\/www.africa-press.net\/cotedivoire\/wp-json\/wp\/v2\/types\/post"}],"author":[{"embeddable":true,"href":"https:\/\/www.africa-press.net\/cotedivoire\/wp-json\/wp\/v2\/users\/82"}],"replies":[{"embeddable":true,"href":"https:\/\/www.africa-press.net\/cotedivoire\/wp-json\/wp\/v2\/comments?post=11126"}],"version-history":[{"count":0,"href":"https:\/\/www.africa-press.net\/cotedivoire\/wp-json\/wp\/v2\/posts\/11126\/revisions"}],"wp:featuredmedia":[{"embeddable":true,"href":"https:\/\/www.africa-press.net\/cotedivoire\/wp-json\/wp\/v2\/media\/11125"}],"wp:attachment":[{"href":"https:\/\/www.africa-press.net\/cotedivoire\/wp-json\/wp\/v2\/media?parent=11126"}],"wp:term":[{"taxonomy":"category","embeddable":true,"href":"https:\/\/www.africa-press.net\/cotedivoire\/wp-json\/wp\/v2\/categories?post=11126"},{"taxonomy":"post_tag","embeddable":true,"href":"https:\/\/www.africa-press.net\/cotedivoire\/wp-json\/wp\/v2\/tags?post=11126"}],"curies":[{"name":"wp","href":"https:\/\/api.w.org\/{rel}","templated":true}]}}