{"id":111292,"date":"2025-12-31T16:44:21","date_gmt":"2025-12-31T16:44:21","guid":{"rendered":"https:\/\/www.africa-press.net\/cotedivoire\/politique\/tva-de-18-sur-le-poulet-a-partir-du-2-janvier"},"modified":"2026-01-04T12:00:27","modified_gmt":"2026-01-04T12:00:27","slug":"tva-de-18-sur-le-poulet-a-partir-du-2-janvier","status":"publish","type":"post","link":"https:\/\/www.africa-press.net\/cotedivoire\/economie\/tva-de-18-sur-le-poulet-a-partir-du-2-janvier","title":{"rendered":"TVA de 18% sur le poulet \u00e0 partir du 2 janvier"},"content":{"rendered":"<p><span style=\"color: #ff6600\"><strong>Africa-Press &#8211; C\u00f4te d&rsquo;Ivoire. <\/strong><\/span>L\u2019annexe fiscale 2026 pre\u0301voit l\u2019application d\u2019une TVA de 18% sur l\u2019aliment de volaille a\u0300 partir du 02 janvier.<\/p>\n<p>Cette de\u0301cision a e\u0301te\u0301 maintenue malgre\u0301 les ne\u0301gociations mene\u0301es contre cette mesure au sein de l\u2019interprofession de la volaille.<\/p>\n<p>Ces derniers se disent e\u0302tre dans l\u2019obligation d\u2019appliquer cette mesure conforme\u0301ment a\u0300 cette annexe en vigueur le 2 janvier 2026, en exhortant tous les membres de la filie\u0300re a\u0300 informer et sensibiliser les e\u0301leveurs sur l\u2019application de cette mesure.<\/p>\n<p>Ils informent l\u2019opinion avoir pris acte de cette de\u0301cision et rele\u0300ve son caracte\u0300re inflationniste mettant a\u0300 terme un pe\u0301ril dans les activite\u0301s de la filie\u0300re.<\/p>\n<p><strong>Pour plus d&rsquo;informations et d&rsquo;analyses sur la <span style=\"color: #ff6600\">C\u00f4te d&rsquo;Ivoire<\/span>, suivez <span style=\"color: #ff6600\">Africa-Press<\/span><\/strong><\/p>\n","protected":false},"excerpt":{"rendered":"<p>Africa-Press &#8211; C\u00f4te d&rsquo;Ivoire. L\u2019annexe fiscale 2026 pre\u0301voit l\u2019application d\u2019une TVA de 18% sur l\u2019aliment de volaille a\u0300 partir du 02 janvier. Cette de\u0301cision a e\u0301te\u0301 maintenue malgre\u0301 les ne\u0301gociations mene\u0301es contre cette mesure au sein de l\u2019interprofession de la volaille. Ces derniers se disent e\u0302tre dans l\u2019obligation d\u2019appliquer cette mesure conforme\u0301ment a\u0300 cette annexe [&hellip;]<\/p>\n","protected":false},"author":82,"featured_media":111291,"comment_status":"open","ping_status":"closed","sticky":false,"template":"","format":"standard","meta":{"footnotes":""},"categories":[3,10],"tags":[186,3203,29,1244],"class_list":["post-111292","post","type-post","status-publish","format-standard","has-post-thumbnail","hentry","category-economie","category-toutes-les-actualites","tag-aliments","tag-annexe-fiscale","tag-cote-divoire","tag-volaille"],"yoast_head":"<!-- This site is optimized with the Yoast SEO Premium plugin v26.1 (Yoast SEO v27.0) - https:\/\/yoast.com\/product\/yoast-seo-premium-wordpress\/ -->\n<title>TVA de 18% sur le poulet \u00e0 partir du 2 janvier - C\u00f4te d&#039;Ivoire<\/title>\n<meta name=\"description\" content=\"L\u2019annexe fiscale 2026 pre\u0301voit l\u2019application d\u2019une TVA de 18% sur l\u2019aliment de volaille a\u0300 partir du 02 janvier. Cette ...\" \/>\n<meta name=\"robots\" content=\"index, follow, max-snippet:-1, max-image-preview:large, max-video-preview:-1\" \/>\n<link rel=\"canonical\" href=\"https:\/\/www.africa-press.net\/cotedivoire\/economie\/tva-de-18-sur-le-poulet-a-partir-du-2-janvier\" \/>\n<meta property=\"og:locale\" content=\"fr_FR\" \/>\n<meta property=\"og:type\" content=\"article\" \/>\n<meta property=\"og:title\" content=\"TVA de 18% sur le poulet \u00e0 partir du 2 janvier\" \/>\n<meta property=\"og:description\" content=\"L\u2019annexe fiscale 2026 pre\u0301voit l\u2019application d\u2019une TVA de 18% sur l\u2019aliment de volaille a\u0300 partir du 02 janvier. Cette ...\" \/>\n<meta property=\"og:url\" content=\"https:\/\/www.africa-press.net\/cotedivoire\/economie\/tva-de-18-sur-le-poulet-a-partir-du-2-janvier\" \/>\n<meta property=\"og:site_name\" content=\"C\u00f4te d&#039;Ivoire\" \/>\n<meta property=\"article:published_time\" content=\"2025-12-31T16:44:21+00:00\" \/>\n<meta property=\"article:modified_time\" content=\"2026-01-04T12:00:27+00:00\" \/>\n<meta property=\"og:image\" content=\"https:\/\/static.africa-press.net\/cote\/sites\/43\/2025\/12\/sm_1767187037.761607.jpg\" \/>\n\t<meta property=\"og:image:width\" content=\"720\" \/>\n\t<meta property=\"og:image:height\" content=\"314\" \/>\n\t<meta property=\"og:image:type\" content=\"image\/jpeg\" \/>\n<meta name=\"author\" content=\"cfeditorfr\" \/>\n<meta name=\"twitter:card\" content=\"summary_large_image\" \/>\n<meta name=\"twitter:label1\" content=\"\u00c9crit par\" \/>\n\t<meta name=\"twitter:data1\" content=\"cfeditorfr\" \/>\n\t<meta name=\"twitter:label2\" content=\"Dur\u00e9e de lecture estim\u00e9e\" \/>\n\t<meta name=\"twitter:data2\" content=\"1 minute\" \/>\n<script type=\"application\/ld+json\" class=\"yoast-schema-graph\">{\"@context\":\"https:\/\/schema.org\",\"@graph\":[{\"@type\":\"Article\",\"@id\":\"https:\/\/www.africa-press.net\/cotedivoire\/economie\/tva-de-18-sur-le-poulet-a-partir-du-2-janvier#article\",\"isPartOf\":{\"@id\":\"https:\/\/www.africa-press.net\/cotedivoire\/economie\/tva-de-18-sur-le-poulet-a-partir-du-2-janvier\"},\"author\":{\"name\":\"cfeditorfr\",\"@id\":\"https:\/\/www.africa-press.net\/cotedivoire\/#\/schema\/person\/2b1cf3cd81a31e3cd26889ca66d677f1\"},\"headline\":\"TVA de 18% sur le poulet \u00e0 partir du 2 janvier\",\"datePublished\":\"2025-12-31T16:44:21+00:00\",\"dateModified\":\"2026-01-04T12:00:27+00:00\",\"mainEntityOfPage\":{\"@id\":\"https:\/\/www.africa-press.net\/cotedivoire\/economie\/tva-de-18-sur-le-poulet-a-partir-du-2-janvier\"},\"wordCount\":149,\"commentCount\":0,\"image\":{\"@id\":\"https:\/\/www.africa-press.net\/cotedivoire\/economie\/tva-de-18-sur-le-poulet-a-partir-du-2-janvier#primaryimage\"},\"thumbnailUrl\":\"https:\/\/static.africa-press.net\/cote\/sites\/43\/2025\/12\/sm_1767187037.761607.jpg\",\"keywords\":[\"aliments\",\"annexe fiscale\",\"C\u00d4TE D'IVOIRE\",\"volaille\"],\"articleSection\":[\"\u00c9conomie\",\"Toutes les actualit\u00e9s\"],\"inLanguage\":\"fr-FR\",\"potentialAction\":[{\"@type\":\"CommentAction\",\"name\":\"Comment\",\"target\":[\"https:\/\/www.africa-press.net\/cotedivoire\/economie\/tva-de-18-sur-le-poulet-a-partir-du-2-janvier#respond\"]}]},{\"@type\":\"WebPage\",\"@id\":\"https:\/\/www.africa-press.net\/cotedivoire\/economie\/tva-de-18-sur-le-poulet-a-partir-du-2-janvier\",\"url\":\"https:\/\/www.africa-press.net\/cotedivoire\/economie\/tva-de-18-sur-le-poulet-a-partir-du-2-janvier\",\"name\":\"TVA de 18% sur le poulet \u00e0 partir du 2 janvier - C\u00f4te d&#039;Ivoire\",\"isPartOf\":{\"@id\":\"https:\/\/www.africa-press.net\/cotedivoire\/#website\"},\"primaryImageOfPage\":{\"@id\":\"https:\/\/www.africa-press.net\/cotedivoire\/economie\/tva-de-18-sur-le-poulet-a-partir-du-2-janvier#primaryimage\"},\"image\":{\"@id\":\"https:\/\/www.africa-press.net\/cotedivoire\/economie\/tva-de-18-sur-le-poulet-a-partir-du-2-janvier#primaryimage\"},\"thumbnailUrl\":\"https:\/\/static.africa-press.net\/cote\/sites\/43\/2025\/12\/sm_1767187037.761607.jpg\",\"datePublished\":\"2025-12-31T16:44:21+00:00\",\"dateModified\":\"2026-01-04T12:00:27+00:00\",\"author\":{\"@id\":\"https:\/\/www.africa-press.net\/cotedivoire\/#\/schema\/person\/2b1cf3cd81a31e3cd26889ca66d677f1\"},\"description\":\"L\u2019annexe fiscale 2026 pre\u0301voit l\u2019application d\u2019une TVA de 18% sur l\u2019aliment de volaille a\u0300 partir du 02 janvier. Cette ...\",\"breadcrumb\":{\"@id\":\"https:\/\/www.africa-press.net\/cotedivoire\/economie\/tva-de-18-sur-le-poulet-a-partir-du-2-janvier#breadcrumb\"},\"inLanguage\":\"fr-FR\",\"potentialAction\":[{\"@type\":\"ReadAction\",\"target\":[\"https:\/\/www.africa-press.net\/cotedivoire\/economie\/tva-de-18-sur-le-poulet-a-partir-du-2-janvier\"]}]},{\"@type\":\"ImageObject\",\"inLanguage\":\"fr-FR\",\"@id\":\"https:\/\/www.africa-press.net\/cotedivoire\/economie\/tva-de-18-sur-le-poulet-a-partir-du-2-janvier#primaryimage\",\"url\":\"https:\/\/static.africa-press.net\/cote\/sites\/43\/2025\/12\/sm_1767187037.761607.jpg\",\"contentUrl\":\"https:\/\/static.africa-press.net\/cote\/sites\/43\/2025\/12\/sm_1767187037.761607.jpg\",\"width\":720,\"height\":314,\"caption\":\"TVA de 18% sur le poulet \u00e0 partir du 2 janvier\"},{\"@type\":\"BreadcrumbList\",\"@id\":\"https:\/\/www.africa-press.net\/cotedivoire\/economie\/tva-de-18-sur-le-poulet-a-partir-du-2-janvier#breadcrumb\",\"itemListElement\":[{\"@type\":\"ListItem\",\"position\":1,\"name\":\"Accueil\",\"item\":\"https:\/\/www.africa-press.net\/cotedivoire\/\"},{\"@type\":\"ListItem\",\"position\":2,\"name\":\"TVA de 18% sur le poulet \u00e0 partir du 2 janvier\"}]},{\"@type\":\"WebSite\",\"@id\":\"https:\/\/www.africa-press.net\/cotedivoire\/#website\",\"url\":\"https:\/\/www.africa-press.net\/cotedivoire\/\",\"name\":\"C\u00f4te d&#039;Ivoire\",\"description\":\"Just another Africa News Agency Sites site\",\"potentialAction\":[{\"@type\":\"SearchAction\",\"target\":{\"@type\":\"EntryPoint\",\"urlTemplate\":\"https:\/\/www.africa-press.net\/cotedivoire\/?s={search_term_string}\"},\"query-input\":{\"@type\":\"PropertyValueSpecification\",\"valueRequired\":true,\"valueName\":\"search_term_string\"}}],\"inLanguage\":\"fr-FR\"},{\"@type\":\"Person\",\"@id\":\"https:\/\/www.africa-press.net\/cotedivoire\/#\/schema\/person\/2b1cf3cd81a31e3cd26889ca66d677f1\",\"name\":\"cfeditorfr\"}]}<\/script>\n<!-- \/ Yoast SEO Premium plugin. -->","yoast_head_json":{"title":"TVA de 18% sur le poulet \u00e0 partir du 2 janvier - C\u00f4te d&#039;Ivoire","description":"L\u2019annexe fiscale 2026 pre\u0301voit l\u2019application d\u2019une TVA de 18% sur l\u2019aliment de volaille a\u0300 partir du 02 janvier. Cette ...","robots":{"index":"index","follow":"follow","max-snippet":"max-snippet:-1","max-image-preview":"max-image-preview:large","max-video-preview":"max-video-preview:-1"},"canonical":"https:\/\/www.africa-press.net\/cotedivoire\/economie\/tva-de-18-sur-le-poulet-a-partir-du-2-janvier","og_locale":"fr_FR","og_type":"article","og_title":"TVA de 18% sur le poulet \u00e0 partir du 2 janvier","og_description":"L\u2019annexe fiscale 2026 pre\u0301voit l\u2019application d\u2019une TVA de 18% sur l\u2019aliment de volaille a\u0300 partir du 02 janvier. Cette ...","og_url":"https:\/\/www.africa-press.net\/cotedivoire\/economie\/tva-de-18-sur-le-poulet-a-partir-du-2-janvier","og_site_name":"C\u00f4te d&#039;Ivoire","article_published_time":"2025-12-31T16:44:21+00:00","article_modified_time":"2026-01-04T12:00:27+00:00","og_image":[{"width":720,"height":314,"url":"https:\/\/static.africa-press.net\/cote\/sites\/43\/2025\/12\/sm_1767187037.761607.jpg","type":"image\/jpeg"}],"author":"cfeditorfr","twitter_card":"summary_large_image","twitter_misc":{"\u00c9crit par":"cfeditorfr","Dur\u00e9e de lecture estim\u00e9e":"1 minute"},"schema":{"@context":"https:\/\/schema.org","@graph":[{"@type":"Article","@id":"https:\/\/www.africa-press.net\/cotedivoire\/economie\/tva-de-18-sur-le-poulet-a-partir-du-2-janvier#article","isPartOf":{"@id":"https:\/\/www.africa-press.net\/cotedivoire\/economie\/tva-de-18-sur-le-poulet-a-partir-du-2-janvier"},"author":{"name":"cfeditorfr","@id":"https:\/\/www.africa-press.net\/cotedivoire\/#\/schema\/person\/2b1cf3cd81a31e3cd26889ca66d677f1"},"headline":"TVA de 18% sur le poulet \u00e0 partir du 2 janvier","datePublished":"2025-12-31T16:44:21+00:00","dateModified":"2026-01-04T12:00:27+00:00","mainEntityOfPage":{"@id":"https:\/\/www.africa-press.net\/cotedivoire\/economie\/tva-de-18-sur-le-poulet-a-partir-du-2-janvier"},"wordCount":149,"commentCount":0,"image":{"@id":"https:\/\/www.africa-press.net\/cotedivoire\/economie\/tva-de-18-sur-le-poulet-a-partir-du-2-janvier#primaryimage"},"thumbnailUrl":"https:\/\/static.africa-press.net\/cote\/sites\/43\/2025\/12\/sm_1767187037.761607.jpg","keywords":["aliments","annexe fiscale","C\u00d4TE D'IVOIRE","volaille"],"articleSection":["\u00c9conomie","Toutes les actualit\u00e9s"],"inLanguage":"fr-FR","potentialAction":[{"@type":"CommentAction","name":"Comment","target":["https:\/\/www.africa-press.net\/cotedivoire\/economie\/tva-de-18-sur-le-poulet-a-partir-du-2-janvier#respond"]}]},{"@type":"WebPage","@id":"https:\/\/www.africa-press.net\/cotedivoire\/economie\/tva-de-18-sur-le-poulet-a-partir-du-2-janvier","url":"https:\/\/www.africa-press.net\/cotedivoire\/economie\/tva-de-18-sur-le-poulet-a-partir-du-2-janvier","name":"TVA de 18% sur le poulet \u00e0 partir du 2 janvier - C\u00f4te d&#039;Ivoire","isPartOf":{"@id":"https:\/\/www.africa-press.net\/cotedivoire\/#website"},"primaryImageOfPage":{"@id":"https:\/\/www.africa-press.net\/cotedivoire\/economie\/tva-de-18-sur-le-poulet-a-partir-du-2-janvier#primaryimage"},"image":{"@id":"https:\/\/www.africa-press.net\/cotedivoire\/economie\/tva-de-18-sur-le-poulet-a-partir-du-2-janvier#primaryimage"},"thumbnailUrl":"https:\/\/static.africa-press.net\/cote\/sites\/43\/2025\/12\/sm_1767187037.761607.jpg","datePublished":"2025-12-31T16:44:21+00:00","dateModified":"2026-01-04T12:00:27+00:00","author":{"@id":"https:\/\/www.africa-press.net\/cotedivoire\/#\/schema\/person\/2b1cf3cd81a31e3cd26889ca66d677f1"},"description":"L\u2019annexe fiscale 2026 pre\u0301voit l\u2019application d\u2019une TVA de 18% sur l\u2019aliment de volaille a\u0300 partir du 02 janvier. Cette ...","breadcrumb":{"@id":"https:\/\/www.africa-press.net\/cotedivoire\/economie\/tva-de-18-sur-le-poulet-a-partir-du-2-janvier#breadcrumb"},"inLanguage":"fr-FR","potentialAction":[{"@type":"ReadAction","target":["https:\/\/www.africa-press.net\/cotedivoire\/economie\/tva-de-18-sur-le-poulet-a-partir-du-2-janvier"]}]},{"@type":"ImageObject","inLanguage":"fr-FR","@id":"https:\/\/www.africa-press.net\/cotedivoire\/economie\/tva-de-18-sur-le-poulet-a-partir-du-2-janvier#primaryimage","url":"https:\/\/static.africa-press.net\/cote\/sites\/43\/2025\/12\/sm_1767187037.761607.jpg","contentUrl":"https:\/\/static.africa-press.net\/cote\/sites\/43\/2025\/12\/sm_1767187037.761607.jpg","width":720,"height":314,"caption":"TVA de 18% sur le poulet \u00e0 partir du 2 janvier"},{"@type":"BreadcrumbList","@id":"https:\/\/www.africa-press.net\/cotedivoire\/economie\/tva-de-18-sur-le-poulet-a-partir-du-2-janvier#breadcrumb","itemListElement":[{"@type":"ListItem","position":1,"name":"Accueil","item":"https:\/\/www.africa-press.net\/cotedivoire\/"},{"@type":"ListItem","position":2,"name":"TVA de 18% sur le poulet \u00e0 partir du 2 janvier"}]},{"@type":"WebSite","@id":"https:\/\/www.africa-press.net\/cotedivoire\/#website","url":"https:\/\/www.africa-press.net\/cotedivoire\/","name":"C\u00f4te d&#039;Ivoire","description":"Just another Africa News Agency Sites site","potentialAction":[{"@type":"SearchAction","target":{"@type":"EntryPoint","urlTemplate":"https:\/\/www.africa-press.net\/cotedivoire\/?s={search_term_string}"},"query-input":{"@type":"PropertyValueSpecification","valueRequired":true,"valueName":"search_term_string"}}],"inLanguage":"fr-FR"},{"@type":"Person","@id":"https:\/\/www.africa-press.net\/cotedivoire\/#\/schema\/person\/2b1cf3cd81a31e3cd26889ca66d677f1","name":"cfeditorfr"}]}},"_links":{"self":[{"href":"https:\/\/www.africa-press.net\/cotedivoire\/wp-json\/wp\/v2\/posts\/111292","targetHints":{"allow":["GET"]}}],"collection":[{"href":"https:\/\/www.africa-press.net\/cotedivoire\/wp-json\/wp\/v2\/posts"}],"about":[{"href":"https:\/\/www.africa-press.net\/cotedivoire\/wp-json\/wp\/v2\/types\/post"}],"author":[{"embeddable":true,"href":"https:\/\/www.africa-press.net\/cotedivoire\/wp-json\/wp\/v2\/users\/82"}],"replies":[{"embeddable":true,"href":"https:\/\/www.africa-press.net\/cotedivoire\/wp-json\/wp\/v2\/comments?post=111292"}],"version-history":[{"count":0,"href":"https:\/\/www.africa-press.net\/cotedivoire\/wp-json\/wp\/v2\/posts\/111292\/revisions"}],"wp:featuredmedia":[{"embeddable":true,"href":"https:\/\/www.africa-press.net\/cotedivoire\/wp-json\/wp\/v2\/media\/111291"}],"wp:attachment":[{"href":"https:\/\/www.africa-press.net\/cotedivoire\/wp-json\/wp\/v2\/media?parent=111292"}],"wp:term":[{"taxonomy":"category","embeddable":true,"href":"https:\/\/www.africa-press.net\/cotedivoire\/wp-json\/wp\/v2\/categories?post=111292"},{"taxonomy":"post_tag","embeddable":true,"href":"https:\/\/www.africa-press.net\/cotedivoire\/wp-json\/wp\/v2\/tags?post=111292"}],"curies":[{"name":"wp","href":"https:\/\/api.w.org\/{rel}","templated":true}]}}