{"id":111322,"date":"2026-01-01T18:46:35","date_gmt":"2026-01-01T18:46:35","guid":{"rendered":"https:\/\/www.africa-press.net\/cotedivoire\/politique\/bredoumy-soumaila-appelle-a-lapaisement-en-prison"},"modified":"2026-01-01T19:59:12","modified_gmt":"2026-01-01T19:59:12","slug":"bredoumy-soumaila-appelle-a-lapaisement-en-prison","status":"publish","type":"post","link":"https:\/\/www.africa-press.net\/cotedivoire\/politique\/bredoumy-soumaila-appelle-a-lapaisement-en-prison","title":{"rendered":"Bredoumy Souma\u00efla Appelle \u00e0 l&rsquo;Apaisement en Prison"},"content":{"rendered":"<p><span style=\"color: #ff6600\"><strong>Africa-Press &#8211; C\u00f4te d&rsquo;Ivoire. <\/strong><\/span>L\u2019Honorable Kouassi Bredoumy Soumaila Traore, de\u0301pute\u0301 de la circonscription de Kokomian, Tankesse\u0301 et Tienkoikro, a rendu public un communique\u0301 dans lequel il revient sur les e\u0301ve\u0301nements marquants de la fin de l\u2019anne\u0301e 2025, une pe\u0301riode marque\u0301e par des enjeux politiques, judiciaires et personnels.<\/p>\n<p>De retour de France le 23 novembre 2025 apre\u0300s une intervention chirurgicale, le parlementaire indique avoir e\u0301te\u0301 convoque\u0301 le 26 novembre a\u0300 la Pre\u0301fecture de police d\u2019Abidjan, ou\u0300 il s\u2019est pre\u0301sente\u0301 en compagnie de ses avocats.<\/p>\n<p>Cette convocation s\u2019est solde\u0301e par une garde a\u0300 vue, avant qu\u2019il ne soit de\u0301fe\u0301re\u0301 le 27 novembre 2025 au Parquet d\u2019Abidjan. Il pre\u0301cise avoir e\u0301te\u0301 inculpe\u0301 par un juge d\u2019instruction puis place\u0301 sous mandat de de\u0301po\u0302t au Po\u0302le pe\u0301nitentiaire d\u2019Abidjan, ex-MACA, ou\u0300 il demeure incarce\u0301re\u0301.<\/p>\n<p>Malgre\u0301 cette situation judiciaire, le de\u0301pute\u0301 exprime sa reconnaissance a\u0300 toutes les personnes qui, de pre\u0300s ou de loin, lui apportent leur soutien depuis son incarce\u0301ration. Il adresse e\u0301galement ses remerciements a\u0300 son parti, le PDCI-RDA, ainsi qu\u2019a\u0300 son pre\u0301sident Tidjane Thiam, pour l\u2019avoir de\u0301signe\u0301 candidat aux e\u0301lections le\u0301gislatives dans la circonscription de Kokomian, Tankesse\u0301 et Tienkoikro. Il a remporte\u0301 les e\u0301lections le\u0301gislatives du 27 de\u0301cembre 2025 dans sa circonscription.<\/p>\n<p>L\u2019Honorable Kouassi Bredoumy Soumai\u0308la Traore\u0301 remercie par ailleurs les populations de ladite circonscription pour la confiance renouvele\u0301e a\u0300 son e\u0301gard a\u0300 l\u2019issue des le\u0301gislatives de de\u0301cembre 2025. Il souligne que l\u2019anne\u0301e e\u0301lectorale e\u0301coule\u0301e a e\u0301te\u0301 particulie\u0300rement difficile et stressante pour l\u2019ensemble des Ivoiriens.<\/p>\n<p>Dans une de\u0301marche de bilan personnel a\u0300 l\u2019issue de ces e\u0301lections, le de\u0301pute\u0301 affirme sa volonte\u0301 d\u2019avancer de\u0301sormais dans un esprit de paix et de de\u0301mocratie. Il a pre\u0301sente\u0301 a\u0300 cet effet ses since\u0300res excuses aux autorite\u0301s ivoiriennes ainsi qu\u2019a\u0300 toutes les personnes qu\u2019il aurait pu blesser, volontairement ou involontairement, par ses paroles, ses actes ou ses omissions.<\/p>\n<p>En conclusion, l\u2019e\u0301lu a adresse\u0301 ses v\u0153ux de fin d\u2019anne\u0301e a\u0300 l\u2019ensemble des Ivoiriens et formule le souhait que l\u2019anne\u0301e 2026 soit plus apaise\u0301e, place\u0301e sous le signe du dialogue, de la cohe\u0301sion nationale et du vivre-ensemble.<\/p>\n<p><strong>Pour plus d&rsquo;informations et d&rsquo;analyses sur la <span style=\"color: #ff6600\">C\u00f4te d&rsquo;Ivoire<\/span>, suivez <span style=\"color: #ff6600\">Africa-Press<\/span><\/strong><\/p>\n","protected":false},"excerpt":{"rendered":"<p>Africa-Press &#8211; C\u00f4te d&rsquo;Ivoire. L\u2019Honorable Kouassi Bredoumy Soumaila Traore, de\u0301pute\u0301 de la circonscription de Kokomian, Tankesse\u0301 et Tienkoikro, a rendu public un communique\u0301 dans lequel il revient sur les e\u0301ve\u0301nements marquants de la fin de l\u2019anne\u0301e 2025, une pe\u0301riode marque\u0301e par des enjeux politiques, judiciaires et personnels. De retour de France le 23 novembre 2025 [&hellip;]<\/p>\n","protected":false},"author":82,"featured_media":111321,"comment_status":"open","ping_status":"closed","sticky":false,"template":"","format":"standard","meta":{"footnotes":""},"categories":[2,10],"tags":[4111,29,423,15316,1547],"class_list":["post-111322","post","type-post","status-publish","format-standard","has-post-thumbnail","hentry","category-politique","category-toutes-les-actualites","tag-bredoumy","tag-cote-divoire","tag-pdci","tag-tankesse","tag-thiam"],"yoast_head":"<!-- This site is optimized with the Yoast SEO Premium plugin v26.1 (Yoast SEO v27.0) - https:\/\/yoast.com\/product\/yoast-seo-premium-wordpress\/ -->\n<title>Bredoumy Souma\u00efla Appelle \u00e0 l&#039;Apaisement en Prison - C\u00f4te d&#039;Ivoire<\/title>\n<meta name=\"description\" content=\"L\u2019Honorable Kouassi Bredoumy Soumaila Traore, de\u0301pute\u0301 de la circonscription de Kokomian, Tankesse\u0301 et Tienkoikro, a ren ...\" \/>\n<meta name=\"robots\" content=\"index, follow, max-snippet:-1, max-image-preview:large, max-video-preview:-1\" \/>\n<link rel=\"canonical\" href=\"https:\/\/www.africa-press.net\/cotedivoire\/politique\/bredoumy-soumaila-appelle-a-lapaisement-en-prison\" \/>\n<meta property=\"og:locale\" content=\"fr_FR\" \/>\n<meta property=\"og:type\" content=\"article\" \/>\n<meta property=\"og:title\" content=\"Bredoumy Souma\u00efla Appelle \u00e0 l&#039;Apaisement en Prison\" \/>\n<meta property=\"og:description\" content=\"L\u2019Honorable Kouassi Bredoumy Soumaila Traore, de\u0301pute\u0301 de la circonscription de Kokomian, Tankesse\u0301 et Tienkoikro, a ren ...\" \/>\n<meta property=\"og:url\" content=\"https:\/\/www.africa-press.net\/cotedivoire\/politique\/bredoumy-soumaila-appelle-a-lapaisement-en-prison\" \/>\n<meta property=\"og:site_name\" content=\"C\u00f4te d&#039;Ivoire\" \/>\n<meta property=\"article:published_time\" content=\"2026-01-01T18:46:35+00:00\" \/>\n<meta property=\"article:modified_time\" content=\"2026-01-01T19:59:12+00:00\" \/>\n<meta property=\"og:image\" content=\"https:\/\/static.africa-press.net\/cote\/sites\/43\/2026\/01\/sm_1767284792.107217.jpg\" \/>\n\t<meta property=\"og:image:width\" content=\"720\" \/>\n\t<meta property=\"og:image:height\" content=\"480\" \/>\n\t<meta property=\"og:image:type\" content=\"image\/jpeg\" \/>\n<meta name=\"author\" content=\"cfeditorfr\" \/>\n<meta name=\"twitter:card\" content=\"summary_large_image\" \/>\n<meta name=\"twitter:label1\" content=\"\u00c9crit par\" \/>\n\t<meta name=\"twitter:data1\" content=\"cfeditorfr\" \/>\n\t<meta name=\"twitter:label2\" content=\"Dur\u00e9e de lecture estim\u00e9e\" \/>\n\t<meta name=\"twitter:data2\" content=\"2 minutes\" \/>\n<script type=\"application\/ld+json\" class=\"yoast-schema-graph\">{\"@context\":\"https:\/\/schema.org\",\"@graph\":[{\"@type\":\"Article\",\"@id\":\"https:\/\/www.africa-press.net\/cotedivoire\/politique\/bredoumy-soumaila-appelle-a-lapaisement-en-prison#article\",\"isPartOf\":{\"@id\":\"https:\/\/www.africa-press.net\/cotedivoire\/politique\/bredoumy-soumaila-appelle-a-lapaisement-en-prison\"},\"author\":{\"name\":\"cfeditorfr\",\"@id\":\"https:\/\/www.africa-press.net\/cotedivoire\/#\/schema\/person\/2b1cf3cd81a31e3cd26889ca66d677f1\"},\"headline\":\"Bredoumy Souma\u00efla Appelle \u00e0 l&rsquo;Apaisement en Prison\",\"datePublished\":\"2026-01-01T18:46:35+00:00\",\"dateModified\":\"2026-01-01T19:59:12+00:00\",\"mainEntityOfPage\":{\"@id\":\"https:\/\/www.africa-press.net\/cotedivoire\/politique\/bredoumy-soumaila-appelle-a-lapaisement-en-prison\"},\"wordCount\":431,\"commentCount\":0,\"image\":{\"@id\":\"https:\/\/www.africa-press.net\/cotedivoire\/politique\/bredoumy-soumaila-appelle-a-lapaisement-en-prison#primaryimage\"},\"thumbnailUrl\":\"https:\/\/static.africa-press.net\/cote\/sites\/43\/2026\/01\/sm_1767284792.107217.jpg\",\"keywords\":[\"Bredoumy\",\"C\u00d4TE D'IVOIRE\",\"Pdci\",\"Tankess\u00e9\",\"Thiam\"],\"articleSection\":[\"Politique\",\"Toutes les actualit\u00e9s\"],\"inLanguage\":\"fr-FR\",\"potentialAction\":[{\"@type\":\"CommentAction\",\"name\":\"Comment\",\"target\":[\"https:\/\/www.africa-press.net\/cotedivoire\/politique\/bredoumy-soumaila-appelle-a-lapaisement-en-prison#respond\"]}]},{\"@type\":\"WebPage\",\"@id\":\"https:\/\/www.africa-press.net\/cotedivoire\/politique\/bredoumy-soumaila-appelle-a-lapaisement-en-prison\",\"url\":\"https:\/\/www.africa-press.net\/cotedivoire\/politique\/bredoumy-soumaila-appelle-a-lapaisement-en-prison\",\"name\":\"Bredoumy Souma\u00efla Appelle \u00e0 l'Apaisement en Prison - C\u00f4te d&#039;Ivoire\",\"isPartOf\":{\"@id\":\"https:\/\/www.africa-press.net\/cotedivoire\/#website\"},\"primaryImageOfPage\":{\"@id\":\"https:\/\/www.africa-press.net\/cotedivoire\/politique\/bredoumy-soumaila-appelle-a-lapaisement-en-prison#primaryimage\"},\"image\":{\"@id\":\"https:\/\/www.africa-press.net\/cotedivoire\/politique\/bredoumy-soumaila-appelle-a-lapaisement-en-prison#primaryimage\"},\"thumbnailUrl\":\"https:\/\/static.africa-press.net\/cote\/sites\/43\/2026\/01\/sm_1767284792.107217.jpg\",\"datePublished\":\"2026-01-01T18:46:35+00:00\",\"dateModified\":\"2026-01-01T19:59:12+00:00\",\"author\":{\"@id\":\"https:\/\/www.africa-press.net\/cotedivoire\/#\/schema\/person\/2b1cf3cd81a31e3cd26889ca66d677f1\"},\"description\":\"L\u2019Honorable Kouassi Bredoumy Soumaila Traore, de\u0301pute\u0301 de la circonscription de Kokomian, Tankesse\u0301 et Tienkoikro, a ren ...\",\"breadcrumb\":{\"@id\":\"https:\/\/www.africa-press.net\/cotedivoire\/politique\/bredoumy-soumaila-appelle-a-lapaisement-en-prison#breadcrumb\"},\"inLanguage\":\"fr-FR\",\"potentialAction\":[{\"@type\":\"ReadAction\",\"target\":[\"https:\/\/www.africa-press.net\/cotedivoire\/politique\/bredoumy-soumaila-appelle-a-lapaisement-en-prison\"]}]},{\"@type\":\"ImageObject\",\"inLanguage\":\"fr-FR\",\"@id\":\"https:\/\/www.africa-press.net\/cotedivoire\/politique\/bredoumy-soumaila-appelle-a-lapaisement-en-prison#primaryimage\",\"url\":\"https:\/\/static.africa-press.net\/cote\/sites\/43\/2026\/01\/sm_1767284792.107217.jpg\",\"contentUrl\":\"https:\/\/static.africa-press.net\/cote\/sites\/43\/2026\/01\/sm_1767284792.107217.jpg\",\"width\":720,\"height\":480,\"caption\":\"Bredoumy Souma\u00efla Appelle \u00e0 l'Apaisement en Prison\"},{\"@type\":\"BreadcrumbList\",\"@id\":\"https:\/\/www.africa-press.net\/cotedivoire\/politique\/bredoumy-soumaila-appelle-a-lapaisement-en-prison#breadcrumb\",\"itemListElement\":[{\"@type\":\"ListItem\",\"position\":1,\"name\":\"Accueil\",\"item\":\"https:\/\/www.africa-press.net\/cotedivoire\/\"},{\"@type\":\"ListItem\",\"position\":2,\"name\":\"Bredoumy Souma\u00efla Appelle \u00e0 l&#8217;Apaisement en Prison\"}]},{\"@type\":\"WebSite\",\"@id\":\"https:\/\/www.africa-press.net\/cotedivoire\/#website\",\"url\":\"https:\/\/www.africa-press.net\/cotedivoire\/\",\"name\":\"C\u00f4te d&#039;Ivoire\",\"description\":\"Just another Africa News Agency Sites site\",\"potentialAction\":[{\"@type\":\"SearchAction\",\"target\":{\"@type\":\"EntryPoint\",\"urlTemplate\":\"https:\/\/www.africa-press.net\/cotedivoire\/?s={search_term_string}\"},\"query-input\":{\"@type\":\"PropertyValueSpecification\",\"valueRequired\":true,\"valueName\":\"search_term_string\"}}],\"inLanguage\":\"fr-FR\"},{\"@type\":\"Person\",\"@id\":\"https:\/\/www.africa-press.net\/cotedivoire\/#\/schema\/person\/2b1cf3cd81a31e3cd26889ca66d677f1\",\"name\":\"cfeditorfr\"}]}<\/script>\n<!-- \/ Yoast SEO Premium plugin. -->","yoast_head_json":{"title":"Bredoumy Souma\u00efla Appelle \u00e0 l'Apaisement en Prison - C\u00f4te d&#039;Ivoire","description":"L\u2019Honorable Kouassi Bredoumy Soumaila Traore, de\u0301pute\u0301 de la circonscription de Kokomian, Tankesse\u0301 et Tienkoikro, a ren ...","robots":{"index":"index","follow":"follow","max-snippet":"max-snippet:-1","max-image-preview":"max-image-preview:large","max-video-preview":"max-video-preview:-1"},"canonical":"https:\/\/www.africa-press.net\/cotedivoire\/politique\/bredoumy-soumaila-appelle-a-lapaisement-en-prison","og_locale":"fr_FR","og_type":"article","og_title":"Bredoumy Souma\u00efla Appelle \u00e0 l'Apaisement en Prison","og_description":"L\u2019Honorable Kouassi Bredoumy Soumaila Traore, de\u0301pute\u0301 de la circonscription de Kokomian, Tankesse\u0301 et Tienkoikro, a ren ...","og_url":"https:\/\/www.africa-press.net\/cotedivoire\/politique\/bredoumy-soumaila-appelle-a-lapaisement-en-prison","og_site_name":"C\u00f4te d&#039;Ivoire","article_published_time":"2026-01-01T18:46:35+00:00","article_modified_time":"2026-01-01T19:59:12+00:00","og_image":[{"width":720,"height":480,"url":"https:\/\/static.africa-press.net\/cote\/sites\/43\/2026\/01\/sm_1767284792.107217.jpg","type":"image\/jpeg"}],"author":"cfeditorfr","twitter_card":"summary_large_image","twitter_misc":{"\u00c9crit par":"cfeditorfr","Dur\u00e9e de lecture estim\u00e9e":"2 minutes"},"schema":{"@context":"https:\/\/schema.org","@graph":[{"@type":"Article","@id":"https:\/\/www.africa-press.net\/cotedivoire\/politique\/bredoumy-soumaila-appelle-a-lapaisement-en-prison#article","isPartOf":{"@id":"https:\/\/www.africa-press.net\/cotedivoire\/politique\/bredoumy-soumaila-appelle-a-lapaisement-en-prison"},"author":{"name":"cfeditorfr","@id":"https:\/\/www.africa-press.net\/cotedivoire\/#\/schema\/person\/2b1cf3cd81a31e3cd26889ca66d677f1"},"headline":"Bredoumy Souma\u00efla Appelle \u00e0 l&rsquo;Apaisement en Prison","datePublished":"2026-01-01T18:46:35+00:00","dateModified":"2026-01-01T19:59:12+00:00","mainEntityOfPage":{"@id":"https:\/\/www.africa-press.net\/cotedivoire\/politique\/bredoumy-soumaila-appelle-a-lapaisement-en-prison"},"wordCount":431,"commentCount":0,"image":{"@id":"https:\/\/www.africa-press.net\/cotedivoire\/politique\/bredoumy-soumaila-appelle-a-lapaisement-en-prison#primaryimage"},"thumbnailUrl":"https:\/\/static.africa-press.net\/cote\/sites\/43\/2026\/01\/sm_1767284792.107217.jpg","keywords":["Bredoumy","C\u00d4TE D'IVOIRE","Pdci","Tankess\u00e9","Thiam"],"articleSection":["Politique","Toutes les actualit\u00e9s"],"inLanguage":"fr-FR","potentialAction":[{"@type":"CommentAction","name":"Comment","target":["https:\/\/www.africa-press.net\/cotedivoire\/politique\/bredoumy-soumaila-appelle-a-lapaisement-en-prison#respond"]}]},{"@type":"WebPage","@id":"https:\/\/www.africa-press.net\/cotedivoire\/politique\/bredoumy-soumaila-appelle-a-lapaisement-en-prison","url":"https:\/\/www.africa-press.net\/cotedivoire\/politique\/bredoumy-soumaila-appelle-a-lapaisement-en-prison","name":"Bredoumy Souma\u00efla Appelle \u00e0 l'Apaisement en Prison - C\u00f4te d&#039;Ivoire","isPartOf":{"@id":"https:\/\/www.africa-press.net\/cotedivoire\/#website"},"primaryImageOfPage":{"@id":"https:\/\/www.africa-press.net\/cotedivoire\/politique\/bredoumy-soumaila-appelle-a-lapaisement-en-prison#primaryimage"},"image":{"@id":"https:\/\/www.africa-press.net\/cotedivoire\/politique\/bredoumy-soumaila-appelle-a-lapaisement-en-prison#primaryimage"},"thumbnailUrl":"https:\/\/static.africa-press.net\/cote\/sites\/43\/2026\/01\/sm_1767284792.107217.jpg","datePublished":"2026-01-01T18:46:35+00:00","dateModified":"2026-01-01T19:59:12+00:00","author":{"@id":"https:\/\/www.africa-press.net\/cotedivoire\/#\/schema\/person\/2b1cf3cd81a31e3cd26889ca66d677f1"},"description":"L\u2019Honorable Kouassi Bredoumy Soumaila Traore, de\u0301pute\u0301 de la circonscription de Kokomian, Tankesse\u0301 et Tienkoikro, a ren ...","breadcrumb":{"@id":"https:\/\/www.africa-press.net\/cotedivoire\/politique\/bredoumy-soumaila-appelle-a-lapaisement-en-prison#breadcrumb"},"inLanguage":"fr-FR","potentialAction":[{"@type":"ReadAction","target":["https:\/\/www.africa-press.net\/cotedivoire\/politique\/bredoumy-soumaila-appelle-a-lapaisement-en-prison"]}]},{"@type":"ImageObject","inLanguage":"fr-FR","@id":"https:\/\/www.africa-press.net\/cotedivoire\/politique\/bredoumy-soumaila-appelle-a-lapaisement-en-prison#primaryimage","url":"https:\/\/static.africa-press.net\/cote\/sites\/43\/2026\/01\/sm_1767284792.107217.jpg","contentUrl":"https:\/\/static.africa-press.net\/cote\/sites\/43\/2026\/01\/sm_1767284792.107217.jpg","width":720,"height":480,"caption":"Bredoumy Souma\u00efla Appelle \u00e0 l'Apaisement en Prison"},{"@type":"BreadcrumbList","@id":"https:\/\/www.africa-press.net\/cotedivoire\/politique\/bredoumy-soumaila-appelle-a-lapaisement-en-prison#breadcrumb","itemListElement":[{"@type":"ListItem","position":1,"name":"Accueil","item":"https:\/\/www.africa-press.net\/cotedivoire\/"},{"@type":"ListItem","position":2,"name":"Bredoumy Souma\u00efla Appelle \u00e0 l&#8217;Apaisement en Prison"}]},{"@type":"WebSite","@id":"https:\/\/www.africa-press.net\/cotedivoire\/#website","url":"https:\/\/www.africa-press.net\/cotedivoire\/","name":"C\u00f4te d&#039;Ivoire","description":"Just another Africa News Agency Sites site","potentialAction":[{"@type":"SearchAction","target":{"@type":"EntryPoint","urlTemplate":"https:\/\/www.africa-press.net\/cotedivoire\/?s={search_term_string}"},"query-input":{"@type":"PropertyValueSpecification","valueRequired":true,"valueName":"search_term_string"}}],"inLanguage":"fr-FR"},{"@type":"Person","@id":"https:\/\/www.africa-press.net\/cotedivoire\/#\/schema\/person\/2b1cf3cd81a31e3cd26889ca66d677f1","name":"cfeditorfr"}]}},"_links":{"self":[{"href":"https:\/\/www.africa-press.net\/cotedivoire\/wp-json\/wp\/v2\/posts\/111322","targetHints":{"allow":["GET"]}}],"collection":[{"href":"https:\/\/www.africa-press.net\/cotedivoire\/wp-json\/wp\/v2\/posts"}],"about":[{"href":"https:\/\/www.africa-press.net\/cotedivoire\/wp-json\/wp\/v2\/types\/post"}],"author":[{"embeddable":true,"href":"https:\/\/www.africa-press.net\/cotedivoire\/wp-json\/wp\/v2\/users\/82"}],"replies":[{"embeddable":true,"href":"https:\/\/www.africa-press.net\/cotedivoire\/wp-json\/wp\/v2\/comments?post=111322"}],"version-history":[{"count":0,"href":"https:\/\/www.africa-press.net\/cotedivoire\/wp-json\/wp\/v2\/posts\/111322\/revisions"}],"wp:featuredmedia":[{"embeddable":true,"href":"https:\/\/www.africa-press.net\/cotedivoire\/wp-json\/wp\/v2\/media\/111321"}],"wp:attachment":[{"href":"https:\/\/www.africa-press.net\/cotedivoire\/wp-json\/wp\/v2\/media?parent=111322"}],"wp:term":[{"taxonomy":"category","embeddable":true,"href":"https:\/\/www.africa-press.net\/cotedivoire\/wp-json\/wp\/v2\/categories?post=111322"},{"taxonomy":"post_tag","embeddable":true,"href":"https:\/\/www.africa-press.net\/cotedivoire\/wp-json\/wp\/v2\/tags?post=111322"}],"curies":[{"name":"wp","href":"https:\/\/api.w.org\/{rel}","templated":true}]}}