{"id":111324,"date":"2026-01-01T18:47:01","date_gmt":"2026-01-01T18:47:01","guid":{"rendered":"https:\/\/www.africa-press.net\/cotedivoire\/politique\/adama-bictogo-encourage-espoir-aux-deputes-non-reelus"},"modified":"2026-01-01T19:59:36","modified_gmt":"2026-01-01T19:59:36","slug":"adama-bictogo-encourage-espoir-aux-deputes-non-reelus","status":"publish","type":"post","link":"https:\/\/www.africa-press.net\/cotedivoire\/politique\/adama-bictogo-encourage-espoir-aux-deputes-non-reelus","title":{"rendered":"Adama Bictogo Encourage Espoir aux D\u00e9put\u00e9s Non R\u00e9\u00e9lus"},"content":{"rendered":"<p><span style=\"color: #ff6600\"><strong>Africa-Press &#8211; C\u00f4te d&rsquo;Ivoire. <\/strong><\/span>Ce mercredi 31 de\u0301cembre 2025 s\u2019est tenue la session de clo\u0302ture de la mandature 2021-2025 de l\u2019Assemble\u0301e nationale de Co\u0302te d\u2019Ivoire, conforme\u0301ment a\u0300 l\u2019article 94, aline\u0301a 4, de la Constitution ivoirienne.<\/p>\n<p>La ce\u0301re\u0301monie, pre\u0301side\u0301e par Adama Bictogo, pre\u0301sident du Parlement ivoirien, a e\u0301te\u0301 rehausse\u0301e par la pre\u0301sence de plusieurs pre\u0301sidents d\u2019institutions, notamment Kandia Camara, pre\u0301sidente du Se\u0301nat et repre\u0301sentante du chef de l\u2019E\u0301tat, Alassane Ouattara, Euge\u0300ne Aka Aoue\u0301le\u0301, pre\u0301sident du CESEC, Adama Tounkara, Grand Me\u0301diateur de la Re\u0301publique, ainsi que des ambassadeurs et des repre\u0301sentants des missions diplomatiques accre\u0301dite\u0301es en Co\u0302te d\u2019Ivoire.<\/p>\n<p>Pour ce dernier acte de la le\u0301gislature 2021-2025, les travaux se sont de\u0301roule\u0301s dans une ambiance de\u0301tendue et conviviale. Tous les groupes parlementaires e\u0301taient bien repre\u0301sente\u0301s.<\/p>\n<p>Tandis que certains de\u0301pute\u0301s vivaient leur ultime session parlementaire en raison de leur non-re\u0301e\u0301lection a\u0300 l\u2019issue des le\u0301gislatives du 27 de\u0301cembre dernier, d\u2019autres affichaient leur fierte\u0301 de rempiler apre\u0300s leur victoire a\u0300 ce scrutin.<\/p>\n<p>Comme le veut la tradition, le pre\u0301sident Adama Bictogo a prononce\u0301, juste apre\u0300s l\u2019ouverture de la session, un discours empreint d\u2019e\u0301motion devant un he\u0301micycle quasi plein. Dans une adresse d\u2019un peu plus d\u2019une demi-heure, il est revenu sur les grands moments ayant marque\u0301 la le\u0301gislature 2021-2025. Il a notamment fe\u0301licite\u0301, au nom de l\u2019Assemble\u0301e nationale, le peuple ivoirien pour la maturite\u0301 de\u0301mocratique dont il a fait preuve lors des dernie\u0300res e\u0301lections le\u0301gislatives.<\/p>\n<p>L\u2019un des temps forts de son allocution a e\u0301te\u0301 le message adresse\u0301 aux de\u0301pute\u0301s non reconduits a\u0300 l\u2019issue du scrutin du 27 de\u0301cembre.<\/p>\n<p>\u00ab Chers colle\u0300gues de\u0301pute\u0301s, si cette le\u0301gislature a e\u0301te\u0301 riche gra\u0302ce a\u0300 l\u2019engagement et au de\u0301vouement de tous, certains d\u2019entre nous poursuivront l\u2019aventure parlementaire, tandis que d\u2019autres s\u2019appre\u0302tent a\u0300 ouvrir de nouveaux chapitres de leur vie. A\u0300 ceux qui quitteront l\u2019he\u0301micycle a\u0300 l\u2019issue des e\u0301lections du 27 de\u0301cembre dernier, je voudrais demander de garder en eux la force de l\u2019espe\u0301rance \u00bb, a-t-il exhorte\u0301.<\/p>\n<p>Sans e\u0302tre exhaustif, il a eu une pense\u0301e particulie\u0300re pour les honorables Famoussa Coulibaly, Maurice Kacou Guikahue\u0301, Fre\u0301gbo Basile, Jeanne Peuhmond, Georges Armand Oue\u0301gnin, N\u2019Dia Koffi Marie-Ange, Hubert Oulaye, Mei\u0308te\u0301 Ben Abdoulaye, Issouf Traore\u0301, E\u0301mile Guirie\u0301lou, Michel Gbagbo, Toure\u0301 Massara, ainsi que pour plusieurs autres de\u0301pute\u0301s sortants.<\/p>\n<p>\u00ab Quelle que soit la direction que chacun de vous prendra, sachez que vous aurez marque\u0301 cette le\u0301gislature par votre contribution a\u0300 la construction de notre cadre le\u0301gislatif et a\u0300 la consolidation de l\u2019E\u0301tat de droit. A\u0300 chacune et a\u0300 chacun, je souhaite plein succe\u0300s dans la suite de votre parcours. Que l\u2019avenir vous soit favorable et que demeurent entre nous ces liens de responsabilite\u0301, de solidarite\u0301 et de fraternite\u0301 au service de la Nation \u00bb, a-t-il de\u0301clare\u0301, avant de demander une standing ovation en hommage aux de\u0301pute\u0301s sortants.<\/p>\n<p>S\u2019adressant aux e\u0301lus de la future le\u0301gislature 2026-2030, Adama Bictogo les a fe\u0301licite\u0301s pour leur e\u0301lection et les a invite\u0301s a\u0300 \u00ab maintenir ensemble le rayonnement de notre institution sur le plan international, sur la base des me\u0302mes valeurs qui ont fonde\u0301 notre de\u0301marche et notre action \u00bb.<\/p>\n<p>E\u0301voquant le bilan de la mandature qui s\u2019ache\u0300ve, le pre\u0301sident de l\u2019Assemble\u0301e nationale est revenu sur la deuxie\u0300me session ordinaire, marque\u0301e notamment par l\u2019adoption du projet de loi de re\u0300glement du budget de l\u2019E\u0301tat pour l\u2019anne\u0301e 2024 et du projet de loi de finances portant budget de l\u2019E\u0301tat pour l\u2019anne\u0301e 2026.<\/p>\n<p>Il a pre\u0301cise\u0301 que le budget de l\u2019E\u0301tat pour 2026 s\u2019e\u0301quilibre en ressources et en charges a\u0300 plus de 17 350 milliards de FCFA, contre 15 339 milliards en 2025, soit une progression de 13,1 %. Adama Bictogo a salue\u0301 la vision et le leadership du chef de l\u2019E\u0301tat, Alassane Ouattara, \u00ab dont les efforts inlassables permettent a\u0300 notre pays de poursuivre sa marche re\u0301solue vers l\u2019e\u0301mergence \u00bb.<\/p>\n<p>Sur le plan le\u0301gislatif, 168 textes de loi ont e\u0301te\u0301 examine\u0301s et adopte\u0301s par le Parlement durant ce quinquennat, dont 149 sous la pre\u0301sidence d\u2019Adama Bictogo. Trois se\u0301ances de questions orales avec de\u0301bats et neuf se\u0301ances d\u2019information parlementaire ont e\u0301galement e\u0301te\u0301 tenues.<\/p>\n<p>Satisfait du travail accompli, le pre\u0301sident de l\u2019Assemble\u0301e nationale a exprime\u0301 sa fierte\u0301 a\u0300 l\u2019ensemble des de\u0301pute\u0301s. \u00ab Nous avons re\u0301alise\u0301 un travail conside\u0301rable, parfois dans la discre\u0301tion, parfois sous le regard attentif de l\u2019opinion, mais toujours avec la conviction profonde que la stabilite\u0301 institutionnelle et le progre\u0300s de\u0301mocratique sont des biens pre\u0301cieux a\u0300 pre\u0301server \u00bb, s\u2019est-il fe\u0301licite\u0301.<\/p>\n<p>Pour conclure, Adama Bictogo a exprime\u0301 sa reconnaissance a\u0300 tous les de\u0301pute\u0301s qui l\u2019ont accompagne\u0301 depuis son e\u0301lection a\u0300 la te\u0302te de l\u2019institution, le 7 juillet 2022. Un hommage appuye\u0301 a e\u0301galement e\u0301te\u0301 rendu a\u0300 Amadou Soumahoro, ancien pre\u0301sident de l\u2019Assemble\u0301e nationale, a\u0300 qui il a succe\u0301de\u0301.<\/p>\n<p>La rentre\u0301e parlementaire de la mandature 2026-2030 est pre\u0301vue pour le lundi 19 janvier.<\/p>\n<p><strong>Pour plus d&rsquo;informations et d&rsquo;analyses sur la <span style=\"color: #ff6600\">C\u00f4te d&rsquo;Ivoire<\/span>, suivez <span style=\"color: #ff6600\">Africa-Press<\/span><\/strong><\/p>\n","protected":false},"excerpt":{"rendered":"<p>Africa-Press &#8211; C\u00f4te d&rsquo;Ivoire. Ce mercredi 31 de\u0301cembre 2025 s\u2019est tenue la session de clo\u0302ture de la mandature 2021-2025 de l\u2019Assemble\u0301e nationale de Co\u0302te d\u2019Ivoire, conforme\u0301ment a\u0300 l\u2019article 94, aline\u0301a 4, de la Constitution ivoirienne. La ce\u0301re\u0301monie, pre\u0301side\u0301e par Adama Bictogo, pre\u0301sident du Parlement ivoirien, a e\u0301te\u0301 rehausse\u0301e par la pre\u0301sence de plusieurs pre\u0301sidents d\u2019institutions, [&hellip;]<\/p>\n","protected":false},"author":82,"featured_media":111323,"comment_status":"open","ping_status":"closed","sticky":false,"template":"","format":"standard","meta":{"footnotes":""},"categories":[2,10],"tags":[1265,1741,29,7509,4807,19928,7257,19356,4065,3707,60,4608],"class_list":["post-111324","post","type-post","status-publish","format-standard","has-post-thumbnail","hentry","category-politique","category-toutes-les-actualites","tag-adama-bictogo","tag-assemblee-nationale","tag-cote-divoire","tag-democratie","tag-fin","tag-institutionnelle","tag-ivoirienne","tag-legislatives-2025","tag-mandature","tag-parlement","tag-politique","tag-vie"],"yoast_head":"<!-- This site is optimized with the Yoast SEO Premium plugin v26.1 (Yoast SEO v27.0) - https:\/\/yoast.com\/product\/yoast-seo-premium-wordpress\/ -->\n<title>Adama Bictogo Encourage Espoir aux D\u00e9put\u00e9s Non R\u00e9\u00e9lus - C\u00f4te d&#039;Ivoire<\/title>\n<meta name=\"description\" content=\"Ce mercredi 31 de\u0301cembre 2025 s\u2019est tenue la session de clo\u0302ture de la mandature 2021-2025 de l\u2019Assemble\u0301e nationale de ...\" \/>\n<meta name=\"robots\" content=\"index, follow, max-snippet:-1, max-image-preview:large, max-video-preview:-1\" \/>\n<link rel=\"canonical\" href=\"https:\/\/www.africa-press.net\/cotedivoire\/politique\/adama-bictogo-encourage-espoir-aux-deputes-non-reelus\" \/>\n<meta property=\"og:locale\" content=\"fr_FR\" \/>\n<meta property=\"og:type\" content=\"article\" \/>\n<meta property=\"og:title\" content=\"Adama Bictogo Encourage Espoir aux D\u00e9put\u00e9s Non R\u00e9\u00e9lus\" \/>\n<meta property=\"og:description\" content=\"Ce mercredi 31 de\u0301cembre 2025 s\u2019est tenue la session de clo\u0302ture de la mandature 2021-2025 de l\u2019Assemble\u0301e nationale de ...\" \/>\n<meta property=\"og:url\" content=\"https:\/\/www.africa-press.net\/cotedivoire\/politique\/adama-bictogo-encourage-espoir-aux-deputes-non-reelus\" \/>\n<meta property=\"og:site_name\" content=\"C\u00f4te d&#039;Ivoire\" \/>\n<meta property=\"article:published_time\" content=\"2026-01-01T18:47:01+00:00\" \/>\n<meta property=\"article:modified_time\" content=\"2026-01-01T19:59:36+00:00\" \/>\n<meta property=\"og:image\" content=\"https:\/\/static.africa-press.net\/cote\/sites\/43\/2026\/01\/sm_1767284815.327275.jpg\" \/>\n\t<meta property=\"og:image:width\" content=\"720\" \/>\n\t<meta property=\"og:image:height\" content=\"472\" \/>\n\t<meta property=\"og:image:type\" content=\"image\/jpeg\" \/>\n<meta name=\"author\" content=\"cfeditorfr\" \/>\n<meta name=\"twitter:card\" content=\"summary_large_image\" \/>\n<meta name=\"twitter:label1\" content=\"\u00c9crit par\" \/>\n\t<meta name=\"twitter:data1\" content=\"cfeditorfr\" \/>\n\t<meta name=\"twitter:label2\" content=\"Dur\u00e9e de lecture estim\u00e9e\" \/>\n\t<meta name=\"twitter:data2\" content=\"5 minutes\" \/>\n<script type=\"application\/ld+json\" class=\"yoast-schema-graph\">{\"@context\":\"https:\/\/schema.org\",\"@graph\":[{\"@type\":\"Article\",\"@id\":\"https:\/\/www.africa-press.net\/cotedivoire\/politique\/adama-bictogo-encourage-espoir-aux-deputes-non-reelus#article\",\"isPartOf\":{\"@id\":\"https:\/\/www.africa-press.net\/cotedivoire\/politique\/adama-bictogo-encourage-espoir-aux-deputes-non-reelus\"},\"author\":{\"name\":\"cfeditorfr\",\"@id\":\"https:\/\/www.africa-press.net\/cotedivoire\/#\/schema\/person\/2b1cf3cd81a31e3cd26889ca66d677f1\"},\"headline\":\"Adama Bictogo Encourage Espoir aux D\u00e9put\u00e9s Non R\u00e9\u00e9lus\",\"datePublished\":\"2026-01-01T18:47:01+00:00\",\"dateModified\":\"2026-01-01T19:59:36+00:00\",\"mainEntityOfPage\":{\"@id\":\"https:\/\/www.africa-press.net\/cotedivoire\/politique\/adama-bictogo-encourage-espoir-aux-deputes-non-reelus\"},\"wordCount\":966,\"commentCount\":0,\"image\":{\"@id\":\"https:\/\/www.africa-press.net\/cotedivoire\/politique\/adama-bictogo-encourage-espoir-aux-deputes-non-reelus#primaryimage\"},\"thumbnailUrl\":\"https:\/\/static.africa-press.net\/cote\/sites\/43\/2026\/01\/sm_1767284815.327275.jpg\",\"keywords\":[\"Adama Bictogo\",\"Assembl\u00e9e nationale\",\"C\u00d4TE D'IVOIRE\",\"D\u00e9mocratie\",\"fin\",\"institutionnelle\",\"ivoirienne\",\"L\u00e9gislatives 2025\",\"mandature\",\"parlement\",\"Politique\",\"vie\"],\"articleSection\":[\"Politique\",\"Toutes les actualit\u00e9s\"],\"inLanguage\":\"fr-FR\",\"potentialAction\":[{\"@type\":\"CommentAction\",\"name\":\"Comment\",\"target\":[\"https:\/\/www.africa-press.net\/cotedivoire\/politique\/adama-bictogo-encourage-espoir-aux-deputes-non-reelus#respond\"]}]},{\"@type\":\"WebPage\",\"@id\":\"https:\/\/www.africa-press.net\/cotedivoire\/politique\/adama-bictogo-encourage-espoir-aux-deputes-non-reelus\",\"url\":\"https:\/\/www.africa-press.net\/cotedivoire\/politique\/adama-bictogo-encourage-espoir-aux-deputes-non-reelus\",\"name\":\"Adama Bictogo Encourage Espoir aux D\u00e9put\u00e9s Non R\u00e9\u00e9lus - C\u00f4te d&#039;Ivoire\",\"isPartOf\":{\"@id\":\"https:\/\/www.africa-press.net\/cotedivoire\/#website\"},\"primaryImageOfPage\":{\"@id\":\"https:\/\/www.africa-press.net\/cotedivoire\/politique\/adama-bictogo-encourage-espoir-aux-deputes-non-reelus#primaryimage\"},\"image\":{\"@id\":\"https:\/\/www.africa-press.net\/cotedivoire\/politique\/adama-bictogo-encourage-espoir-aux-deputes-non-reelus#primaryimage\"},\"thumbnailUrl\":\"https:\/\/static.africa-press.net\/cote\/sites\/43\/2026\/01\/sm_1767284815.327275.jpg\",\"datePublished\":\"2026-01-01T18:47:01+00:00\",\"dateModified\":\"2026-01-01T19:59:36+00:00\",\"author\":{\"@id\":\"https:\/\/www.africa-press.net\/cotedivoire\/#\/schema\/person\/2b1cf3cd81a31e3cd26889ca66d677f1\"},\"description\":\"Ce mercredi 31 de\u0301cembre 2025 s\u2019est tenue la session de clo\u0302ture de la mandature 2021-2025 de l\u2019Assemble\u0301e nationale de ...\",\"breadcrumb\":{\"@id\":\"https:\/\/www.africa-press.net\/cotedivoire\/politique\/adama-bictogo-encourage-espoir-aux-deputes-non-reelus#breadcrumb\"},\"inLanguage\":\"fr-FR\",\"potentialAction\":[{\"@type\":\"ReadAction\",\"target\":[\"https:\/\/www.africa-press.net\/cotedivoire\/politique\/adama-bictogo-encourage-espoir-aux-deputes-non-reelus\"]}]},{\"@type\":\"ImageObject\",\"inLanguage\":\"fr-FR\",\"@id\":\"https:\/\/www.africa-press.net\/cotedivoire\/politique\/adama-bictogo-encourage-espoir-aux-deputes-non-reelus#primaryimage\",\"url\":\"https:\/\/static.africa-press.net\/cote\/sites\/43\/2026\/01\/sm_1767284815.327275.jpg\",\"contentUrl\":\"https:\/\/static.africa-press.net\/cote\/sites\/43\/2026\/01\/sm_1767284815.327275.jpg\",\"width\":720,\"height\":472,\"caption\":\"Adama Bictogo Encourage Espoir aux D\u00e9put\u00e9s Non R\u00e9\u00e9lus\"},{\"@type\":\"BreadcrumbList\",\"@id\":\"https:\/\/www.africa-press.net\/cotedivoire\/politique\/adama-bictogo-encourage-espoir-aux-deputes-non-reelus#breadcrumb\",\"itemListElement\":[{\"@type\":\"ListItem\",\"position\":1,\"name\":\"Accueil\",\"item\":\"https:\/\/www.africa-press.net\/cotedivoire\/\"},{\"@type\":\"ListItem\",\"position\":2,\"name\":\"Adama Bictogo Encourage Espoir aux D\u00e9put\u00e9s Non R\u00e9\u00e9lus\"}]},{\"@type\":\"WebSite\",\"@id\":\"https:\/\/www.africa-press.net\/cotedivoire\/#website\",\"url\":\"https:\/\/www.africa-press.net\/cotedivoire\/\",\"name\":\"C\u00f4te d&#039;Ivoire\",\"description\":\"Just another Africa News Agency Sites site\",\"potentialAction\":[{\"@type\":\"SearchAction\",\"target\":{\"@type\":\"EntryPoint\",\"urlTemplate\":\"https:\/\/www.africa-press.net\/cotedivoire\/?s={search_term_string}\"},\"query-input\":{\"@type\":\"PropertyValueSpecification\",\"valueRequired\":true,\"valueName\":\"search_term_string\"}}],\"inLanguage\":\"fr-FR\"},{\"@type\":\"Person\",\"@id\":\"https:\/\/www.africa-press.net\/cotedivoire\/#\/schema\/person\/2b1cf3cd81a31e3cd26889ca66d677f1\",\"name\":\"cfeditorfr\"}]}<\/script>\n<!-- \/ Yoast SEO Premium plugin. -->","yoast_head_json":{"title":"Adama Bictogo Encourage Espoir aux D\u00e9put\u00e9s Non R\u00e9\u00e9lus - C\u00f4te d&#039;Ivoire","description":"Ce mercredi 31 de\u0301cembre 2025 s\u2019est tenue la session de clo\u0302ture de la mandature 2021-2025 de l\u2019Assemble\u0301e nationale de ...","robots":{"index":"index","follow":"follow","max-snippet":"max-snippet:-1","max-image-preview":"max-image-preview:large","max-video-preview":"max-video-preview:-1"},"canonical":"https:\/\/www.africa-press.net\/cotedivoire\/politique\/adama-bictogo-encourage-espoir-aux-deputes-non-reelus","og_locale":"fr_FR","og_type":"article","og_title":"Adama Bictogo Encourage Espoir aux D\u00e9put\u00e9s Non R\u00e9\u00e9lus","og_description":"Ce mercredi 31 de\u0301cembre 2025 s\u2019est tenue la session de clo\u0302ture de la mandature 2021-2025 de l\u2019Assemble\u0301e nationale de ...","og_url":"https:\/\/www.africa-press.net\/cotedivoire\/politique\/adama-bictogo-encourage-espoir-aux-deputes-non-reelus","og_site_name":"C\u00f4te d&#039;Ivoire","article_published_time":"2026-01-01T18:47:01+00:00","article_modified_time":"2026-01-01T19:59:36+00:00","og_image":[{"width":720,"height":472,"url":"https:\/\/static.africa-press.net\/cote\/sites\/43\/2026\/01\/sm_1767284815.327275.jpg","type":"image\/jpeg"}],"author":"cfeditorfr","twitter_card":"summary_large_image","twitter_misc":{"\u00c9crit par":"cfeditorfr","Dur\u00e9e de lecture estim\u00e9e":"5 minutes"},"schema":{"@context":"https:\/\/schema.org","@graph":[{"@type":"Article","@id":"https:\/\/www.africa-press.net\/cotedivoire\/politique\/adama-bictogo-encourage-espoir-aux-deputes-non-reelus#article","isPartOf":{"@id":"https:\/\/www.africa-press.net\/cotedivoire\/politique\/adama-bictogo-encourage-espoir-aux-deputes-non-reelus"},"author":{"name":"cfeditorfr","@id":"https:\/\/www.africa-press.net\/cotedivoire\/#\/schema\/person\/2b1cf3cd81a31e3cd26889ca66d677f1"},"headline":"Adama Bictogo Encourage Espoir aux D\u00e9put\u00e9s Non R\u00e9\u00e9lus","datePublished":"2026-01-01T18:47:01+00:00","dateModified":"2026-01-01T19:59:36+00:00","mainEntityOfPage":{"@id":"https:\/\/www.africa-press.net\/cotedivoire\/politique\/adama-bictogo-encourage-espoir-aux-deputes-non-reelus"},"wordCount":966,"commentCount":0,"image":{"@id":"https:\/\/www.africa-press.net\/cotedivoire\/politique\/adama-bictogo-encourage-espoir-aux-deputes-non-reelus#primaryimage"},"thumbnailUrl":"https:\/\/static.africa-press.net\/cote\/sites\/43\/2026\/01\/sm_1767284815.327275.jpg","keywords":["Adama Bictogo","Assembl\u00e9e nationale","C\u00d4TE D'IVOIRE","D\u00e9mocratie","fin","institutionnelle","ivoirienne","L\u00e9gislatives 2025","mandature","parlement","Politique","vie"],"articleSection":["Politique","Toutes les actualit\u00e9s"],"inLanguage":"fr-FR","potentialAction":[{"@type":"CommentAction","name":"Comment","target":["https:\/\/www.africa-press.net\/cotedivoire\/politique\/adama-bictogo-encourage-espoir-aux-deputes-non-reelus#respond"]}]},{"@type":"WebPage","@id":"https:\/\/www.africa-press.net\/cotedivoire\/politique\/adama-bictogo-encourage-espoir-aux-deputes-non-reelus","url":"https:\/\/www.africa-press.net\/cotedivoire\/politique\/adama-bictogo-encourage-espoir-aux-deputes-non-reelus","name":"Adama Bictogo Encourage Espoir aux D\u00e9put\u00e9s Non R\u00e9\u00e9lus - C\u00f4te d&#039;Ivoire","isPartOf":{"@id":"https:\/\/www.africa-press.net\/cotedivoire\/#website"},"primaryImageOfPage":{"@id":"https:\/\/www.africa-press.net\/cotedivoire\/politique\/adama-bictogo-encourage-espoir-aux-deputes-non-reelus#primaryimage"},"image":{"@id":"https:\/\/www.africa-press.net\/cotedivoire\/politique\/adama-bictogo-encourage-espoir-aux-deputes-non-reelus#primaryimage"},"thumbnailUrl":"https:\/\/static.africa-press.net\/cote\/sites\/43\/2026\/01\/sm_1767284815.327275.jpg","datePublished":"2026-01-01T18:47:01+00:00","dateModified":"2026-01-01T19:59:36+00:00","author":{"@id":"https:\/\/www.africa-press.net\/cotedivoire\/#\/schema\/person\/2b1cf3cd81a31e3cd26889ca66d677f1"},"description":"Ce mercredi 31 de\u0301cembre 2025 s\u2019est tenue la session de clo\u0302ture de la mandature 2021-2025 de l\u2019Assemble\u0301e nationale de ...","breadcrumb":{"@id":"https:\/\/www.africa-press.net\/cotedivoire\/politique\/adama-bictogo-encourage-espoir-aux-deputes-non-reelus#breadcrumb"},"inLanguage":"fr-FR","potentialAction":[{"@type":"ReadAction","target":["https:\/\/www.africa-press.net\/cotedivoire\/politique\/adama-bictogo-encourage-espoir-aux-deputes-non-reelus"]}]},{"@type":"ImageObject","inLanguage":"fr-FR","@id":"https:\/\/www.africa-press.net\/cotedivoire\/politique\/adama-bictogo-encourage-espoir-aux-deputes-non-reelus#primaryimage","url":"https:\/\/static.africa-press.net\/cote\/sites\/43\/2026\/01\/sm_1767284815.327275.jpg","contentUrl":"https:\/\/static.africa-press.net\/cote\/sites\/43\/2026\/01\/sm_1767284815.327275.jpg","width":720,"height":472,"caption":"Adama Bictogo Encourage Espoir aux D\u00e9put\u00e9s Non R\u00e9\u00e9lus"},{"@type":"BreadcrumbList","@id":"https:\/\/www.africa-press.net\/cotedivoire\/politique\/adama-bictogo-encourage-espoir-aux-deputes-non-reelus#breadcrumb","itemListElement":[{"@type":"ListItem","position":1,"name":"Accueil","item":"https:\/\/www.africa-press.net\/cotedivoire\/"},{"@type":"ListItem","position":2,"name":"Adama Bictogo Encourage Espoir aux D\u00e9put\u00e9s Non R\u00e9\u00e9lus"}]},{"@type":"WebSite","@id":"https:\/\/www.africa-press.net\/cotedivoire\/#website","url":"https:\/\/www.africa-press.net\/cotedivoire\/","name":"C\u00f4te d&#039;Ivoire","description":"Just another Africa News Agency Sites site","potentialAction":[{"@type":"SearchAction","target":{"@type":"EntryPoint","urlTemplate":"https:\/\/www.africa-press.net\/cotedivoire\/?s={search_term_string}"},"query-input":{"@type":"PropertyValueSpecification","valueRequired":true,"valueName":"search_term_string"}}],"inLanguage":"fr-FR"},{"@type":"Person","@id":"https:\/\/www.africa-press.net\/cotedivoire\/#\/schema\/person\/2b1cf3cd81a31e3cd26889ca66d677f1","name":"cfeditorfr"}]}},"_links":{"self":[{"href":"https:\/\/www.africa-press.net\/cotedivoire\/wp-json\/wp\/v2\/posts\/111324","targetHints":{"allow":["GET"]}}],"collection":[{"href":"https:\/\/www.africa-press.net\/cotedivoire\/wp-json\/wp\/v2\/posts"}],"about":[{"href":"https:\/\/www.africa-press.net\/cotedivoire\/wp-json\/wp\/v2\/types\/post"}],"author":[{"embeddable":true,"href":"https:\/\/www.africa-press.net\/cotedivoire\/wp-json\/wp\/v2\/users\/82"}],"replies":[{"embeddable":true,"href":"https:\/\/www.africa-press.net\/cotedivoire\/wp-json\/wp\/v2\/comments?post=111324"}],"version-history":[{"count":0,"href":"https:\/\/www.africa-press.net\/cotedivoire\/wp-json\/wp\/v2\/posts\/111324\/revisions"}],"wp:featuredmedia":[{"embeddable":true,"href":"https:\/\/www.africa-press.net\/cotedivoire\/wp-json\/wp\/v2\/media\/111323"}],"wp:attachment":[{"href":"https:\/\/www.africa-press.net\/cotedivoire\/wp-json\/wp\/v2\/media?parent=111324"}],"wp:term":[{"taxonomy":"category","embeddable":true,"href":"https:\/\/www.africa-press.net\/cotedivoire\/wp-json\/wp\/v2\/categories?post=111324"},{"taxonomy":"post_tag","embeddable":true,"href":"https:\/\/www.africa-press.net\/cotedivoire\/wp-json\/wp\/v2\/tags?post=111324"}],"curies":[{"name":"wp","href":"https:\/\/api.w.org\/{rel}","templated":true}]}}