{"id":11141,"date":"2021-08-10T14:58:41","date_gmt":"2021-08-10T14:58:41","guid":{"rendered":"https:\/\/www.africa-press.net\/cotedivoire\/?p=11141"},"modified":"2021-08-11T21:11:05","modified_gmt":"2021-08-11T21:11:05","slug":"affi-face-au-defi-de-faire-sortir-son-fpi-de-son-seul-moronou-natal","status":"publish","type":"post","link":"https:\/\/www.africa-press.net\/cotedivoire\/parties\/affi-face-au-defi-de-faire-sortir-son-fpi-de-son-seul-moronou-natal","title":{"rendered":"Affi face au d\u00e9fi de faire sortir son \u00ab\u00a0FPI\u00a0\u00bb de son seul Moronou natal"},"content":{"rendered":"<p><span style=\"color: #ff6600\"><strong><a href=\"https:\/\/www.africa-press.net\/\">Africa-Press<\/a> &#8211; <a href=\"https:\/\/www.africa-press.net\/cotedivoire\">C\u00f4te d&rsquo;Ivoire<\/a>.\u00a0 \u00a0<\/strong><\/span>Affi se retrouve comme un soldat solitaire. Soit il se bat pour survivre soit il \u00ab meurt \u00bb. Son destin est entre ses mains. S\u2019il arrive \u00e0 faire grandir son FPI au-del\u00e0 du Moronou, on saura ce qu\u2019il vaut lui seul. \u00c0 d\u00e9faut, il risque de s\u2019\u00e9teindre politiquement. \u00bb<\/p>\n<p>Aux \u00e9lections l\u00e9gislatives du 6 mars 2021, sur les 85 candidats pr\u00e9sent\u00e9s par le FPI du clan Affi, seulement deux candidats avaient pu se faire \u00e9lire, Affi lui-m\u00eame dans le Moronou et Sia Andr\u00e9 \u00e0 Man sous\/pr\u00e9fecture, aid\u00e9 par le PDCI\/RDA. Aux derni\u00e8res nouvelles Sia aurait d\u00e9pos\u00e9 ses bagages chez Laurent Gbagbo.<\/p>\n<p>\u00c7a ressemble un peu \u00e0 l\u2019histoire de Mabri Toikeusse qui n\u2019a pratiquement jamais pu faire sortir son UDPCI des montagnes Dan\/Toura et W\u00ea. Par contre l\u2019individu Mabri a su devenir immens\u00e9ment riche au fil de ses participations dans de nombreux gouvernements.<\/p>\n<p>&nbsp;<\/p>\n","protected":false},"excerpt":{"rendered":"<p>Africa-Press &#8211; C\u00f4te d&rsquo;Ivoire.\u00a0 \u00a0Affi se retrouve comme un soldat solitaire. Soit il se bat pour survivre soit il \u00ab meurt \u00bb. Son destin est entre ses mains. S\u2019il arrive \u00e0 faire grandir son FPI au-del\u00e0 du Moronou, on saura ce qu\u2019il vaut lui seul. \u00c0 d\u00e9faut, il risque de s\u2019\u00e9teindre politiquement. \u00bb Aux \u00e9lections [&hellip;]<\/p>\n","protected":false},"author":82,"featured_media":11140,"comment_status":"open","ping_status":"closed","sticky":false,"template":"","format":"standard","meta":{"footnotes":""},"categories":[11,4,10],"tags":[56,63,29],"class_list":["post-11141","post","type-post","status-publish","format-standard","has-post-thumbnail","hentry","category-homepage-french","category-parties","category-toutes-les-actualites","tag-africa-press","tag-africa-press-cote-divoire","tag-cote-divoire"],"yoast_head":"<!-- This site is optimized with the Yoast SEO Premium plugin v26.1 (Yoast SEO v27.0) - https:\/\/yoast.com\/product\/yoast-seo-premium-wordpress\/ -->\n<title>Affi face au d\u00e9fi de faire sortir son \u00ab\u00a0FPI\u00a0\u00bb de son seul Moronou natal - C\u00f4te d&#039;Ivoire<\/title>\n<meta name=\"description\" content=\"Lu pour vous @p_ \u00bbAffi se retrouve comme un soldat solitaire. Soit il se bat pour survivre soit il \u00ab meurt \u00bb. Son desti ...\" \/>\n<meta name=\"robots\" content=\"index, follow, max-snippet:-1, max-image-preview:large, max-video-preview:-1\" \/>\n<link rel=\"canonical\" href=\"https:\/\/www.africa-press.net\/cotedivoire\/parties\/affi-face-au-defi-de-faire-sortir-son-fpi-de-son-seul-moronou-natal\" \/>\n<meta property=\"og:locale\" content=\"fr_FR\" \/>\n<meta property=\"og:type\" content=\"article\" \/>\n<meta property=\"og:title\" content=\"Affi face au d\u00e9fi de faire sortir son \u00ab\u00a0FPI\u00a0\u00bb de son seul Moronou natal\" \/>\n<meta property=\"og:description\" content=\"Lu pour vous @p_ \u00bbAffi se retrouve comme un soldat solitaire. Soit il se bat pour survivre soit il \u00ab meurt \u00bb. Son desti ...\" \/>\n<meta property=\"og:url\" content=\"https:\/\/www.africa-press.net\/cotedivoire\/parties\/affi-face-au-defi-de-faire-sortir-son-fpi-de-son-seul-moronou-natal\" \/>\n<meta property=\"og:site_name\" content=\"C\u00f4te d&#039;Ivoire\" \/>\n<meta property=\"article:published_time\" content=\"2021-08-10T14:58:41+00:00\" \/>\n<meta property=\"article:modified_time\" content=\"2021-08-11T21:11:05+00:00\" \/>\n<meta property=\"og:image\" content=\"https:\/\/static.africa-press.net\/cote\/sites\/43\/2021\/08\/img-611287a676020.jpg\" \/>\n\t<meta property=\"og:image:width\" content=\"720\" \/>\n\t<meta property=\"og:image:height\" content=\"678\" \/>\n\t<meta property=\"og:image:type\" content=\"image\/jpeg\" \/>\n<meta name=\"author\" content=\"cfeditorfr\" \/>\n<meta name=\"twitter:card\" content=\"summary_large_image\" \/>\n<meta name=\"twitter:label1\" content=\"\u00c9crit par\" \/>\n\t<meta name=\"twitter:data1\" content=\"cfeditorfr\" \/>\n\t<meta name=\"twitter:label2\" content=\"Dur\u00e9e de lecture estim\u00e9e\" \/>\n\t<meta name=\"twitter:data2\" content=\"1 minute\" \/>\n<script type=\"application\/ld+json\" class=\"yoast-schema-graph\">{\"@context\":\"https:\/\/schema.org\",\"@graph\":[{\"@type\":\"Article\",\"@id\":\"https:\/\/www.africa-press.net\/cotedivoire\/parties\/affi-face-au-defi-de-faire-sortir-son-fpi-de-son-seul-moronou-natal#article\",\"isPartOf\":{\"@id\":\"https:\/\/www.africa-press.net\/cotedivoire\/parties\/affi-face-au-defi-de-faire-sortir-son-fpi-de-son-seul-moronou-natal\"},\"author\":{\"name\":\"cfeditorfr\",\"@id\":\"https:\/\/www.africa-press.net\/cotedivoire\/#\/schema\/person\/2b1cf3cd81a31e3cd26889ca66d677f1\"},\"headline\":\"Affi face au d\u00e9fi de faire sortir son \u00ab\u00a0FPI\u00a0\u00bb de son seul Moronou natal\",\"datePublished\":\"2021-08-10T14:58:41+00:00\",\"dateModified\":\"2021-08-11T21:11:05+00:00\",\"mainEntityOfPage\":{\"@id\":\"https:\/\/www.africa-press.net\/cotedivoire\/parties\/affi-face-au-defi-de-faire-sortir-son-fpi-de-son-seul-moronou-natal\"},\"wordCount\":172,\"commentCount\":0,\"image\":{\"@id\":\"https:\/\/www.africa-press.net\/cotedivoire\/parties\/affi-face-au-defi-de-faire-sortir-son-fpi-de-son-seul-moronou-natal#primaryimage\"},\"thumbnailUrl\":\"https:\/\/static.africa-press.net\/cote\/sites\/43\/2021\/08\/img-611287a676020.jpg\",\"keywords\":[\"Africa Press\",\"Africa Press-C\u00f4te d'Ivoire\",\"C\u00d4TE D'IVOIRE\"],\"articleSection\":[\"homepage-french\",\"Parties\",\"Toutes les actualit\u00e9s\"],\"inLanguage\":\"fr-FR\",\"potentialAction\":[{\"@type\":\"CommentAction\",\"name\":\"Comment\",\"target\":[\"https:\/\/www.africa-press.net\/cotedivoire\/parties\/affi-face-au-defi-de-faire-sortir-son-fpi-de-son-seul-moronou-natal#respond\"]}]},{\"@type\":\"WebPage\",\"@id\":\"https:\/\/www.africa-press.net\/cotedivoire\/parties\/affi-face-au-defi-de-faire-sortir-son-fpi-de-son-seul-moronou-natal\",\"url\":\"https:\/\/www.africa-press.net\/cotedivoire\/parties\/affi-face-au-defi-de-faire-sortir-son-fpi-de-son-seul-moronou-natal\",\"name\":\"Affi face au d\u00e9fi de faire sortir son \u00ab\u00a0FPI\u00a0\u00bb de son seul Moronou natal - C\u00f4te d&#039;Ivoire\",\"isPartOf\":{\"@id\":\"https:\/\/www.africa-press.net\/cotedivoire\/#website\"},\"primaryImageOfPage\":{\"@id\":\"https:\/\/www.africa-press.net\/cotedivoire\/parties\/affi-face-au-defi-de-faire-sortir-son-fpi-de-son-seul-moronou-natal#primaryimage\"},\"image\":{\"@id\":\"https:\/\/www.africa-press.net\/cotedivoire\/parties\/affi-face-au-defi-de-faire-sortir-son-fpi-de-son-seul-moronou-natal#primaryimage\"},\"thumbnailUrl\":\"https:\/\/static.africa-press.net\/cote\/sites\/43\/2021\/08\/img-611287a676020.jpg\",\"datePublished\":\"2021-08-10T14:58:41+00:00\",\"dateModified\":\"2021-08-11T21:11:05+00:00\",\"author\":{\"@id\":\"https:\/\/www.africa-press.net\/cotedivoire\/#\/schema\/person\/2b1cf3cd81a31e3cd26889ca66d677f1\"},\"description\":\"Lu pour vous @p_ \u00bbAffi se retrouve comme un soldat solitaire. Soit il se bat pour survivre soit il \u00ab meurt \u00bb. Son desti ...\",\"breadcrumb\":{\"@id\":\"https:\/\/www.africa-press.net\/cotedivoire\/parties\/affi-face-au-defi-de-faire-sortir-son-fpi-de-son-seul-moronou-natal#breadcrumb\"},\"inLanguage\":\"fr-FR\",\"potentialAction\":[{\"@type\":\"ReadAction\",\"target\":[\"https:\/\/www.africa-press.net\/cotedivoire\/parties\/affi-face-au-defi-de-faire-sortir-son-fpi-de-son-seul-moronou-natal\"]}]},{\"@type\":\"ImageObject\",\"inLanguage\":\"fr-FR\",\"@id\":\"https:\/\/www.africa-press.net\/cotedivoire\/parties\/affi-face-au-defi-de-faire-sortir-son-fpi-de-son-seul-moronou-natal#primaryimage\",\"url\":\"https:\/\/static.africa-press.net\/cote\/sites\/43\/2021\/08\/img-611287a676020.jpg\",\"contentUrl\":\"https:\/\/static.africa-press.net\/cote\/sites\/43\/2021\/08\/img-611287a676020.jpg\",\"width\":720,\"height\":678,\"caption\":\"Affi face au d\u00e9fi de faire sortir son \u00ab\u00a0FPI\u00a0\u00bb de son seul Moronou natal\"},{\"@type\":\"BreadcrumbList\",\"@id\":\"https:\/\/www.africa-press.net\/cotedivoire\/parties\/affi-face-au-defi-de-faire-sortir-son-fpi-de-son-seul-moronou-natal#breadcrumb\",\"itemListElement\":[{\"@type\":\"ListItem\",\"position\":1,\"name\":\"Accueil\",\"item\":\"https:\/\/www.africa-press.net\/cotedivoire\/\"},{\"@type\":\"ListItem\",\"position\":2,\"name\":\"Affi face au d\u00e9fi de faire sortir son \u00ab\u00a0FPI\u00a0\u00bb de son seul Moronou natal\"}]},{\"@type\":\"WebSite\",\"@id\":\"https:\/\/www.africa-press.net\/cotedivoire\/#website\",\"url\":\"https:\/\/www.africa-press.net\/cotedivoire\/\",\"name\":\"C\u00f4te d&#039;Ivoire\",\"description\":\"Just another Africa News Agency Sites site\",\"potentialAction\":[{\"@type\":\"SearchAction\",\"target\":{\"@type\":\"EntryPoint\",\"urlTemplate\":\"https:\/\/www.africa-press.net\/cotedivoire\/?s={search_term_string}\"},\"query-input\":{\"@type\":\"PropertyValueSpecification\",\"valueRequired\":true,\"valueName\":\"search_term_string\"}}],\"inLanguage\":\"fr-FR\"},{\"@type\":\"Person\",\"@id\":\"https:\/\/www.africa-press.net\/cotedivoire\/#\/schema\/person\/2b1cf3cd81a31e3cd26889ca66d677f1\",\"name\":\"cfeditorfr\"}]}<\/script>\n<!-- \/ Yoast SEO Premium plugin. -->","yoast_head_json":{"title":"Affi face au d\u00e9fi de faire sortir son \u00ab\u00a0FPI\u00a0\u00bb de son seul Moronou natal - C\u00f4te d&#039;Ivoire","description":"Lu pour vous @p_ \u00bbAffi se retrouve comme un soldat solitaire. Soit il se bat pour survivre soit il \u00ab meurt \u00bb. Son desti ...","robots":{"index":"index","follow":"follow","max-snippet":"max-snippet:-1","max-image-preview":"max-image-preview:large","max-video-preview":"max-video-preview:-1"},"canonical":"https:\/\/www.africa-press.net\/cotedivoire\/parties\/affi-face-au-defi-de-faire-sortir-son-fpi-de-son-seul-moronou-natal","og_locale":"fr_FR","og_type":"article","og_title":"Affi face au d\u00e9fi de faire sortir son \u00ab\u00a0FPI\u00a0\u00bb de son seul Moronou natal","og_description":"Lu pour vous @p_ \u00bbAffi se retrouve comme un soldat solitaire. Soit il se bat pour survivre soit il \u00ab meurt \u00bb. Son desti ...","og_url":"https:\/\/www.africa-press.net\/cotedivoire\/parties\/affi-face-au-defi-de-faire-sortir-son-fpi-de-son-seul-moronou-natal","og_site_name":"C\u00f4te d&#039;Ivoire","article_published_time":"2021-08-10T14:58:41+00:00","article_modified_time":"2021-08-11T21:11:05+00:00","og_image":[{"width":720,"height":678,"url":"https:\/\/static.africa-press.net\/cote\/sites\/43\/2021\/08\/img-611287a676020.jpg","type":"image\/jpeg"}],"author":"cfeditorfr","twitter_card":"summary_large_image","twitter_misc":{"\u00c9crit par":"cfeditorfr","Dur\u00e9e de lecture estim\u00e9e":"1 minute"},"schema":{"@context":"https:\/\/schema.org","@graph":[{"@type":"Article","@id":"https:\/\/www.africa-press.net\/cotedivoire\/parties\/affi-face-au-defi-de-faire-sortir-son-fpi-de-son-seul-moronou-natal#article","isPartOf":{"@id":"https:\/\/www.africa-press.net\/cotedivoire\/parties\/affi-face-au-defi-de-faire-sortir-son-fpi-de-son-seul-moronou-natal"},"author":{"name":"cfeditorfr","@id":"https:\/\/www.africa-press.net\/cotedivoire\/#\/schema\/person\/2b1cf3cd81a31e3cd26889ca66d677f1"},"headline":"Affi face au d\u00e9fi de faire sortir son \u00ab\u00a0FPI\u00a0\u00bb de son seul Moronou natal","datePublished":"2021-08-10T14:58:41+00:00","dateModified":"2021-08-11T21:11:05+00:00","mainEntityOfPage":{"@id":"https:\/\/www.africa-press.net\/cotedivoire\/parties\/affi-face-au-defi-de-faire-sortir-son-fpi-de-son-seul-moronou-natal"},"wordCount":172,"commentCount":0,"image":{"@id":"https:\/\/www.africa-press.net\/cotedivoire\/parties\/affi-face-au-defi-de-faire-sortir-son-fpi-de-son-seul-moronou-natal#primaryimage"},"thumbnailUrl":"https:\/\/static.africa-press.net\/cote\/sites\/43\/2021\/08\/img-611287a676020.jpg","keywords":["Africa Press","Africa Press-C\u00f4te d'Ivoire","C\u00d4TE D'IVOIRE"],"articleSection":["homepage-french","Parties","Toutes les actualit\u00e9s"],"inLanguage":"fr-FR","potentialAction":[{"@type":"CommentAction","name":"Comment","target":["https:\/\/www.africa-press.net\/cotedivoire\/parties\/affi-face-au-defi-de-faire-sortir-son-fpi-de-son-seul-moronou-natal#respond"]}]},{"@type":"WebPage","@id":"https:\/\/www.africa-press.net\/cotedivoire\/parties\/affi-face-au-defi-de-faire-sortir-son-fpi-de-son-seul-moronou-natal","url":"https:\/\/www.africa-press.net\/cotedivoire\/parties\/affi-face-au-defi-de-faire-sortir-son-fpi-de-son-seul-moronou-natal","name":"Affi face au d\u00e9fi de faire sortir son \u00ab\u00a0FPI\u00a0\u00bb de son seul Moronou natal - C\u00f4te d&#039;Ivoire","isPartOf":{"@id":"https:\/\/www.africa-press.net\/cotedivoire\/#website"},"primaryImageOfPage":{"@id":"https:\/\/www.africa-press.net\/cotedivoire\/parties\/affi-face-au-defi-de-faire-sortir-son-fpi-de-son-seul-moronou-natal#primaryimage"},"image":{"@id":"https:\/\/www.africa-press.net\/cotedivoire\/parties\/affi-face-au-defi-de-faire-sortir-son-fpi-de-son-seul-moronou-natal#primaryimage"},"thumbnailUrl":"https:\/\/static.africa-press.net\/cote\/sites\/43\/2021\/08\/img-611287a676020.jpg","datePublished":"2021-08-10T14:58:41+00:00","dateModified":"2021-08-11T21:11:05+00:00","author":{"@id":"https:\/\/www.africa-press.net\/cotedivoire\/#\/schema\/person\/2b1cf3cd81a31e3cd26889ca66d677f1"},"description":"Lu pour vous @p_ \u00bbAffi se retrouve comme un soldat solitaire. Soit il se bat pour survivre soit il \u00ab meurt \u00bb. Son desti ...","breadcrumb":{"@id":"https:\/\/www.africa-press.net\/cotedivoire\/parties\/affi-face-au-defi-de-faire-sortir-son-fpi-de-son-seul-moronou-natal#breadcrumb"},"inLanguage":"fr-FR","potentialAction":[{"@type":"ReadAction","target":["https:\/\/www.africa-press.net\/cotedivoire\/parties\/affi-face-au-defi-de-faire-sortir-son-fpi-de-son-seul-moronou-natal"]}]},{"@type":"ImageObject","inLanguage":"fr-FR","@id":"https:\/\/www.africa-press.net\/cotedivoire\/parties\/affi-face-au-defi-de-faire-sortir-son-fpi-de-son-seul-moronou-natal#primaryimage","url":"https:\/\/static.africa-press.net\/cote\/sites\/43\/2021\/08\/img-611287a676020.jpg","contentUrl":"https:\/\/static.africa-press.net\/cote\/sites\/43\/2021\/08\/img-611287a676020.jpg","width":720,"height":678,"caption":"Affi face au d\u00e9fi de faire sortir son \u00ab\u00a0FPI\u00a0\u00bb de son seul Moronou natal"},{"@type":"BreadcrumbList","@id":"https:\/\/www.africa-press.net\/cotedivoire\/parties\/affi-face-au-defi-de-faire-sortir-son-fpi-de-son-seul-moronou-natal#breadcrumb","itemListElement":[{"@type":"ListItem","position":1,"name":"Accueil","item":"https:\/\/www.africa-press.net\/cotedivoire\/"},{"@type":"ListItem","position":2,"name":"Affi face au d\u00e9fi de faire sortir son \u00ab\u00a0FPI\u00a0\u00bb de son seul Moronou natal"}]},{"@type":"WebSite","@id":"https:\/\/www.africa-press.net\/cotedivoire\/#website","url":"https:\/\/www.africa-press.net\/cotedivoire\/","name":"C\u00f4te d&#039;Ivoire","description":"Just another Africa News Agency Sites site","potentialAction":[{"@type":"SearchAction","target":{"@type":"EntryPoint","urlTemplate":"https:\/\/www.africa-press.net\/cotedivoire\/?s={search_term_string}"},"query-input":{"@type":"PropertyValueSpecification","valueRequired":true,"valueName":"search_term_string"}}],"inLanguage":"fr-FR"},{"@type":"Person","@id":"https:\/\/www.africa-press.net\/cotedivoire\/#\/schema\/person\/2b1cf3cd81a31e3cd26889ca66d677f1","name":"cfeditorfr"}]}},"_links":{"self":[{"href":"https:\/\/www.africa-press.net\/cotedivoire\/wp-json\/wp\/v2\/posts\/11141","targetHints":{"allow":["GET"]}}],"collection":[{"href":"https:\/\/www.africa-press.net\/cotedivoire\/wp-json\/wp\/v2\/posts"}],"about":[{"href":"https:\/\/www.africa-press.net\/cotedivoire\/wp-json\/wp\/v2\/types\/post"}],"author":[{"embeddable":true,"href":"https:\/\/www.africa-press.net\/cotedivoire\/wp-json\/wp\/v2\/users\/82"}],"replies":[{"embeddable":true,"href":"https:\/\/www.africa-press.net\/cotedivoire\/wp-json\/wp\/v2\/comments?post=11141"}],"version-history":[{"count":0,"href":"https:\/\/www.africa-press.net\/cotedivoire\/wp-json\/wp\/v2\/posts\/11141\/revisions"}],"wp:featuredmedia":[{"embeddable":true,"href":"https:\/\/www.africa-press.net\/cotedivoire\/wp-json\/wp\/v2\/media\/11140"}],"wp:attachment":[{"href":"https:\/\/www.africa-press.net\/cotedivoire\/wp-json\/wp\/v2\/media?parent=11141"}],"wp:term":[{"taxonomy":"category","embeddable":true,"href":"https:\/\/www.africa-press.net\/cotedivoire\/wp-json\/wp\/v2\/categories?post=11141"},{"taxonomy":"post_tag","embeddable":true,"href":"https:\/\/www.africa-press.net\/cotedivoire\/wp-json\/wp\/v2\/tags?post=11141"}],"curies":[{"name":"wp","href":"https:\/\/api.w.org\/{rel}","templated":true}]}}